{"id":23386,"date":"2025-09-12T08:53:04","date_gmt":"2025-09-12T08:53:04","guid":{"rendered":"https:\/\/www.klarairosa.com\/?p=23386"},"modified":"2025-09-12T10:43:26","modified_gmt":"2025-09-12T10:43:26","slug":"gradionica-skola-kreativnog-razvoja","status":"publish","type":"post","link":"https:\/\/www.klarairosa.com\/en\/gradionica-skola-kreativnog-razvoja\/","title":{"rendered":"Gradionica &#8211; \u0160kola kreativnog razvoja"},"content":{"rendered":"<p><span style=\"font-weight: 400;\">Od oktobra gradioni\u010dari nastavljaju sa radom.<strong> Ukoliko \u017eelite da se va\u0161e dete priklju\u010di grupi, pozivamo vas na otvoreni \u010das u subotu 27. septembra od 13.30\u00a0 \u010dasova u prostoru Klare i Rose na adresi (Petefi \u0160andora 15)<\/strong>.<\/span><\/p>\n<p><span style=\"font-weight: 400;\">.<br \/>\n<\/span><span style=\"font-weight: 400;\">Interested participants will have the opportunity to learn everything they want about the group's work, methods, goals, and processes, as well as to experience some exercises.<\/span><\/p>\n<p>.<\/p>\n<p><span style=\"font-weight: 400;\">U svetu koji je brz, povr\u0161an i takmi\u010darski, deci je potreban siguran prostor u kojem mogu polako i bez straha da istra\u017euju, misle, ose\u0107aju i stvaraju.<\/span><\/p>\n<p>.<\/p>\n<p><span style=\"font-weight: 400;\">Gradionica ve\u0107 tre\u0107u godinu okuplja osnovce uzrasta od 10 do 14 godina, spremne da kroz dramsku umetnost i igru razvijaju ma\u0161tu, samopouzdanje i kriti\u010dko mi\u0161ljenje.\u00a0<\/span><\/p>\n<p>.<\/p>\n<p><span style=\"font-weight: 400;\">Kreativnost nije samo talenat, ve\u0107 kompetencija, spoj znanja, ve\u0161tina i stavova. Ona doprinosi li\u010dnom razvoju i osna\u017euje decu da probleme re\u0161avaju na nove na\u010dine. Kreativnost pove\u0107ava zadovoljstvo, podsti\u010de dru\u0161tvenu uklju\u010denost i u\u010di ih da budu aktivni gra\u0111ani.<\/span><\/p>\n<p>.<\/p>\n<p><span style=\"font-weight: 400;\"><strong>During the workshops, we will focus on:<\/strong>:<\/span><\/p>\n<p>.<\/p>\n<p><span style=\"font-weight: 400;\">\u2013 izgradnjom grupe i poveranja u grupi,<\/span><\/p>\n<p><span style=\"font-weight: 400;\">\u2013 upoznavanjem sebe ali i drugih \u010dlanova,<\/span><\/p>\n<p><span style=\"font-weight: 400;\">\u2013 izra\u017eavanjem kroz pokret, ples, glas, govor, tekst, crte\u017e, video ili audio format<\/span><\/p>\n<p><span style=\"font-weight: 400;\">\u2013 razvojem koordinacije, imaginacije, pa\u017enje i koncentracije,<\/span><\/p>\n<p><span style=\"font-weight: 400;\">\u2013 osna\u017eivanjem deteta i razvojem kriti\u010dkog mi\u0161ljenja.<\/span><\/p>\n<p>.<\/p>\n<p><span style=\"font-weight: 400;\">U radu koristimo dramske metode, gluma\u010dke ve\u017ebe, igre, improvizaciju, kreativno pisanje, razgovor, posmatranje i analizu, pri\u010danje pri\u010da.<\/span><\/p>\n<p>.<\/p>\n<p><span style=\"font-weight: 400;\">Radionice vodi <strong>Gordana Vukov Ciganjik<\/strong>, glumica i kulturna radnica sa bogatim iskustvom u radu sa decom i mladima.<\/span><\/p>\n<p>.<\/p>\n<p><strong>\u00a0Za vi\u0161e informacija o \u010dlanarinama i programu kao i za prijave pi\u0161ite nam na adresu klarairosa@gmail.com.<\/strong><\/p>\n<p>.<\/p>\n<p>Dizajn: prvo vizuelno re\u0161enje gradioni\u010darke Hane Ciganjik.<\/p>","protected":false},"excerpt":{"rendered":"<p>Od oktobra gradioni\u010dari nastavljaju sa radom. Ukoliko \u017eelite da se va\u0161e dete priklju\u010di grupi, pozivamo&#8230;<\/p>","protected":false},"author":1,"featured_media":23387,"comment_status":"closed","ping_status":"closed","sticky":false,"template":"","format":"standard","meta":{"content-type":"","inline_featured_image":false,"footnotes":""},"categories":[109],"tags":[733,88,311,124,740,152],"class_list":["post-23386","post","type-post","status-publish","format-standard","has-post-thumbnail","hentry","category-aktuelno","tag-dramska-sekcija","tag-gordana-vukov-ciganjik","tag-gradionica","tag-klara-i-rosa","tag-skola-kreativnog-razvoja","tag-subotica"],"yoast_head":"<!-- This site is optimized with the Yoast SEO plugin v27.5 - https:\/\/yoast.com\/product\/yoast-seo-wordpress\/ -->\n<title>Gradionica - \u0160kola kreativnog razvoja - Klara i Rosa<\/title>\n<meta name=\"robots\" content=\"index, follow, max-snippet:-1, max-image-preview:large, max-video-preview:-1\" \/>\n<link rel=\"canonical\" href=\"https:\/\/www.klarairosa.com\/en\/gradionica-skola-kreativnog-razvoja\/\" \/>\n<meta property=\"og:locale\" content=\"en_GB\" \/>\n<meta property=\"og:type\" content=\"article\" \/>\n<meta property=\"og:title\" content=\"Gradionica - \u0160kola kreativnog razvoja - Klara i Rosa\" \/>\n<meta property=\"og:description\" content=\"Od oktobra gradioni\u010dari nastavljaju sa radom. Ukoliko \u017eelite da se va\u0161e dete priklju\u010di grupi, pozivamo...\" \/>\n<meta property=\"og:url\" content=\"https:\/\/www.klarairosa.com\/en\/gradionica-skola-kreativnog-razvoja\/\" \/>\n<meta property=\"og:site_name\" content=\"Klara i Rosa\" \/>\n<meta property=\"article:publisher\" content=\"https:\/\/www.facebook.com\/klarairosa\/\" \/>\n<meta property=\"article:published_time\" content=\"2025-09-12T08:53:04+00:00\" \/>\n<meta property=\"article:modified_time\" content=\"2025-09-12T10:43:26+00:00\" \/>\n<meta property=\"og:image\" content=\"https:\/\/www.klarairosa.com\/wp-content\/uploads\/2025\/09\/Press-Start-2P-1920-x-1080-px-1352-x-1005-px-1.jpg\" \/>\n\t<meta property=\"og:image:width\" content=\"1352\" \/>\n\t<meta property=\"og:image:height\" content=\"1005\" \/>\n\t<meta property=\"og:image:type\" content=\"image\/jpeg\" \/>\n<meta name=\"author\" content=\"Klara i Rosa\" \/>\n<meta name=\"twitter:card\" content=\"summary_large_image\" \/>\n<meta name=\"twitter:label1\" content=\"Written by\" \/>\n\t<meta name=\"twitter:data1\" content=\"Klara i Rosa\" \/>\n\t<meta name=\"twitter:label2\" content=\"Estimated reading time\" \/>\n\t<meta name=\"twitter:data2\" content=\"1 minute\" \/>\n<script type=\"application\/ld+json\" class=\"yoast-schema-graph\">{\"@context\":\"https:\\\/\\\/schema.org\",\"@graph\":[{\"@type\":\"Article\",\"@id\":\"https:\\\/\\\/www.klarairosa.com\\\/gradionica-skola-kreativnog-razvoja\\\/#article\",\"isPartOf\":{\"@id\":\"https:\\\/\\\/www.klarairosa.com\\\/gradionica-skola-kreativnog-razvoja\\\/\"},\"author\":{\"name\":\"Klara i Rosa\",\"@id\":\"https:\\\/\\\/www.klarairosa.com\\\/en\\\/#\\\/schema\\\/person\\\/e4e7e9e5c8eeeddccf61e4532ae8e6ed\"},\"headline\":\"Gradionica &#8211; \u0160kola kreativnog razvoja\",\"datePublished\":\"2025-09-12T08:53:04+00:00\",\"dateModified\":\"2025-09-12T10:43:26+00:00\",\"mainEntityOfPage\":{\"@id\":\"https:\\\/\\\/www.klarairosa.com\\\/gradionica-skola-kreativnog-razvoja\\\/\"},\"wordCount\":284,\"publisher\":{\"@id\":\"https:\\\/\\\/www.klarairosa.com\\\/en\\\/#organization\"},\"image\":{\"@id\":\"https:\\\/\\\/www.klarairosa.com\\\/gradionica-skola-kreativnog-razvoja\\\/#primaryimage\"},\"thumbnailUrl\":\"https:\\\/\\\/www.klarairosa.com\\\/wp-content\\\/uploads\\\/2025\\\/09\\\/Press-Start-2P-1920-x-1080-px-1352-x-1005-px-1.jpg\",\"keywords\":[\"dramska sekcija\",\"Gordana Vukov Ciganjik\",\"gradionica\",\"Klara i Rosa\",\"\u0161kola kreativnog razvoja\",\"subotica\"],\"articleSection\":[\"Aktuelno\"],\"inLanguage\":\"en-GB\"},{\"@type\":\"WebPage\",\"@id\":\"https:\\\/\\\/www.klarairosa.com\\\/gradionica-skola-kreativnog-razvoja\\\/\",\"url\":\"https:\\\/\\\/www.klarairosa.com\\\/gradionica-skola-kreativnog-razvoja\\\/\",\"name\":\"Gradionica - \u0160kola kreativnog razvoja - Klara i Rosa\",\"isPartOf\":{\"@id\":\"https:\\\/\\\/www.klarairosa.com\\\/en\\\/#website\"},\"primaryImageOfPage\":{\"@id\":\"https:\\\/\\\/www.klarairosa.com\\\/gradionica-skola-kreativnog-razvoja\\\/#primaryimage\"},\"image\":{\"@id\":\"https:\\\/\\\/www.klarairosa.com\\\/gradionica-skola-kreativnog-razvoja\\\/#primaryimage\"},\"thumbnailUrl\":\"https:\\\/\\\/www.klarairosa.com\\\/wp-content\\\/uploads\\\/2025\\\/09\\\/Press-Start-2P-1920-x-1080-px-1352-x-1005-px-1.jpg\",\"datePublished\":\"2025-09-12T08:53:04+00:00\",\"dateModified\":\"2025-09-12T10:43:26+00:00\",\"breadcrumb\":{\"@id\":\"https:\\\/\\\/www.klarairosa.com\\\/gradionica-skola-kreativnog-razvoja\\\/#breadcrumb\"},\"inLanguage\":\"en-GB\",\"potentialAction\":[{\"@type\":\"ReadAction\",\"target\":[\"https:\\\/\\\/www.klarairosa.com\\\/gradionica-skola-kreativnog-razvoja\\\/\"]}]},{\"@type\":\"ImageObject\",\"inLanguage\":\"en-GB\",\"@id\":\"https:\\\/\\\/www.klarairosa.com\\\/gradionica-skola-kreativnog-razvoja\\\/#primaryimage\",\"url\":\"https:\\\/\\\/www.klarairosa.com\\\/wp-content\\\/uploads\\\/2025\\\/09\\\/Press-Start-2P-1920-x-1080-px-1352-x-1005-px-1.jpg\",\"contentUrl\":\"https:\\\/\\\/www.klarairosa.com\\\/wp-content\\\/uploads\\\/2025\\\/09\\\/Press-Start-2P-1920-x-1080-px-1352-x-1005-px-1.jpg\",\"width\":1352,\"height\":1005},{\"@type\":\"BreadcrumbList\",\"@id\":\"https:\\\/\\\/www.klarairosa.com\\\/gradionica-skola-kreativnog-razvoja\\\/#breadcrumb\",\"itemListElement\":[{\"@type\":\"ListItem\",\"position\":1,\"name\":\"Home\",\"item\":\"https:\\\/\\\/www.klarairosa.com\\\/\"},{\"@type\":\"ListItem\",\"position\":2,\"name\":\"Gradionica &#8211; \u0160kola kreativnog razvoja\"}]},{\"@type\":\"WebSite\",\"@id\":\"https:\\\/\\\/www.klarairosa.com\\\/en\\\/#website\",\"url\":\"https:\\\/\\\/www.klarairosa.com\\\/en\\\/\",\"name\":\"Klara i Rosa\",\"description\":\"Klara i Rosa\",\"publisher\":{\"@id\":\"https:\\\/\\\/www.klarairosa.com\\\/en\\\/#organization\"},\"potentialAction\":[{\"@type\":\"SearchAction\",\"target\":{\"@type\":\"EntryPoint\",\"urlTemplate\":\"https:\\\/\\\/www.klarairosa.com\\\/en\\\/?s={search_term_string}\"},\"query-input\":{\"@type\":\"PropertyValueSpecification\",\"valueRequired\":true,\"valueName\":\"search_term_string\"}}],\"inLanguage\":\"en-GB\"},{\"@type\":\"Organization\",\"@id\":\"https:\\\/\\\/www.klarairosa.com\\\/en\\\/#organization\",\"name\":\"Klara i Rosa\",\"url\":\"https:\\\/\\\/www.klarairosa.com\\\/en\\\/\",\"logo\":{\"@type\":\"ImageObject\",\"inLanguage\":\"en-GB\",\"@id\":\"https:\\\/\\\/www.klarairosa.com\\\/en\\\/#\\\/schema\\\/logo\\\/image\\\/\",\"url\":\"https:\\\/\\\/www.klarairosa.com\\\/wp-content\\\/uploads\\\/2022\\\/01\\\/logo.svg\",\"contentUrl\":\"https:\\\/\\\/www.klarairosa.com\\\/wp-content\\\/uploads\\\/2022\\\/01\\\/logo.svg\",\"width\":110,\"height\":139,\"caption\":\"Klara i Rosa\"},\"image\":{\"@id\":\"https:\\\/\\\/www.klarairosa.com\\\/en\\\/#\\\/schema\\\/logo\\\/image\\\/\"},\"sameAs\":[\"https:\\\/\\\/www.facebook.com\\\/klarairosa\\\/\",\"https:\\\/\\\/www.instagram.com\\\/ugklarairosa\\\/\"]},{\"@type\":\"Person\",\"@id\":\"https:\\\/\\\/www.klarairosa.com\\\/en\\\/#\\\/schema\\\/person\\\/e4e7e9e5c8eeeddccf61e4532ae8e6ed\",\"name\":\"Klara i Rosa\",\"image\":{\"@type\":\"ImageObject\",\"inLanguage\":\"en-GB\",\"@id\":\"https:\\\/\\\/secure.gravatar.com\\\/avatar\\\/c83ee539a067b9f57ae5d8999ae286c4f98b5c4bd943b8cbb64f6b0fc1f29e40?s=96&d=mm&r=g\",\"url\":\"https:\\\/\\\/secure.gravatar.com\\\/avatar\\\/c83ee539a067b9f57ae5d8999ae286c4f98b5c4bd943b8cbb64f6b0fc1f29e40?s=96&d=mm&r=g\",\"contentUrl\":\"https:\\\/\\\/secure.gravatar.com\\\/avatar\\\/c83ee539a067b9f57ae5d8999ae286c4f98b5c4bd943b8cbb64f6b0fc1f29e40?s=96&d=mm&r=g\",\"caption\":\"Klara i Rosa\"},\"sameAs\":[\"https:\\\/\\\/klarairosa.com\"],\"url\":\"https:\\\/\\\/www.klarairosa.com\\\/en\\\/author\\\/rosaiklara\\\/\"}]}<\/script>\n<!-- \/ Yoast SEO plugin. -->","yoast_head_json":{"title":"Gradionica - \u0160kola kreativnog razvoja - Klara i Rosa","robots":{"index":"index","follow":"follow","max-snippet":"max-snippet:-1","max-image-preview":"max-image-preview:large","max-video-preview":"max-video-preview:-1"},"canonical":"https:\/\/www.klarairosa.com\/en\/gradionica-skola-kreativnog-razvoja\/","og_locale":"en_GB","og_type":"article","og_title":"Gradionica - \u0160kola kreativnog razvoja - Klara i Rosa","og_description":"Od oktobra gradioni\u010dari nastavljaju sa radom. Ukoliko \u017eelite da se va\u0161e dete priklju\u010di grupi, pozivamo...","og_url":"https:\/\/www.klarairosa.com\/en\/gradionica-skola-kreativnog-razvoja\/","og_site_name":"Klara i Rosa","article_publisher":"https:\/\/www.facebook.com\/klarairosa\/","article_published_time":"2025-09-12T08:53:04+00:00","article_modified_time":"2025-09-12T10:43:26+00:00","og_image":[{"width":1352,"height":1005,"url":"https:\/\/www.klarairosa.com\/wp-content\/uploads\/2025\/09\/Press-Start-2P-1920-x-1080-px-1352-x-1005-px-1.jpg","type":"image\/jpeg"}],"author":"Klara i Rosa","twitter_card":"summary_large_image","twitter_misc":{"Written by":"Klara i Rosa","Estimated reading time":"1 minute"},"schema":{"@context":"https:\/\/schema.org","@graph":[{"@type":"Article","@id":"https:\/\/www.klarairosa.com\/gradionica-skola-kreativnog-razvoja\/#article","isPartOf":{"@id":"https:\/\/www.klarairosa.com\/gradionica-skola-kreativnog-razvoja\/"},"author":{"name":"Klara i Rosa","@id":"https:\/\/www.klarairosa.com\/en\/#\/schema\/person\/e4e7e9e5c8eeeddccf61e4532ae8e6ed"},"headline":"Gradionica &#8211; \u0160kola kreativnog razvoja","datePublished":"2025-09-12T08:53:04+00:00","dateModified":"2025-09-12T10:43:26+00:00","mainEntityOfPage":{"@id":"https:\/\/www.klarairosa.com\/gradionica-skola-kreativnog-razvoja\/"},"wordCount":284,"publisher":{"@id":"https:\/\/www.klarairosa.com\/en\/#organization"},"image":{"@id":"https:\/\/www.klarairosa.com\/gradionica-skola-kreativnog-razvoja\/#primaryimage"},"thumbnailUrl":"https:\/\/www.klarairosa.com\/wp-content\/uploads\/2025\/09\/Press-Start-2P-1920-x-1080-px-1352-x-1005-px-1.jpg","keywords":["dramska sekcija","Gordana Vukov Ciganjik","gradionica","Klara i Rosa","\u0161kola kreativnog razvoja","subotica"],"articleSection":["Aktuelno"],"inLanguage":"en-GB"},{"@type":"WebPage","@id":"https:\/\/www.klarairosa.com\/gradionica-skola-kreativnog-razvoja\/","url":"https:\/\/www.klarairosa.com\/gradionica-skola-kreativnog-razvoja\/","name":"Gradionica - \u0160kola kreativnog razvoja - Klara i Rosa","isPartOf":{"@id":"https:\/\/www.klarairosa.com\/en\/#website"},"primaryImageOfPage":{"@id":"https:\/\/www.klarairosa.com\/gradionica-skola-kreativnog-razvoja\/#primaryimage"},"image":{"@id":"https:\/\/www.klarairosa.com\/gradionica-skola-kreativnog-razvoja\/#primaryimage"},"thumbnailUrl":"https:\/\/www.klarairosa.com\/wp-content\/uploads\/2025\/09\/Press-Start-2P-1920-x-1080-px-1352-x-1005-px-1.jpg","datePublished":"2025-09-12T08:53:04+00:00","dateModified":"2025-09-12T10:43:26+00:00","breadcrumb":{"@id":"https:\/\/www.klarairosa.com\/gradionica-skola-kreativnog-razvoja\/#breadcrumb"},"inLanguage":"en-GB","potentialAction":[{"@type":"ReadAction","target":["https:\/\/www.klarairosa.com\/gradionica-skola-kreativnog-razvoja\/"]}]},{"@type":"ImageObject","inLanguage":"en-GB","@id":"https:\/\/www.klarairosa.com\/gradionica-skola-kreativnog-razvoja\/#primaryimage","url":"https:\/\/www.klarairosa.com\/wp-content\/uploads\/2025\/09\/Press-Start-2P-1920-x-1080-px-1352-x-1005-px-1.jpg","contentUrl":"https:\/\/www.klarairosa.com\/wp-content\/uploads\/2025\/09\/Press-Start-2P-1920-x-1080-px-1352-x-1005-px-1.jpg","width":1352,"height":1005},{"@type":"BreadcrumbList","@id":"https:\/\/www.klarairosa.com\/gradionica-skola-kreativnog-razvoja\/#breadcrumb","itemListElement":[{"@type":"ListItem","position":1,"name":"Home","item":"https:\/\/www.klarairosa.com\/"},{"@type":"ListItem","position":2,"name":"Gradionica &#8211; \u0160kola kreativnog razvoja"}]},{"@type":"WebSite","@id":"https:\/\/www.klarairosa.com\/en\/#website","url":"https:\/\/www.klarairosa.com\/en\/","name":"Klara i Rosa","description":"Klara i Rosa","publisher":{"@id":"https:\/\/www.klarairosa.com\/en\/#organization"},"potentialAction":[{"@type":"SearchAction","target":{"@type":"EntryPoint","urlTemplate":"https:\/\/www.klarairosa.com\/en\/?s={search_term_string}"},"query-input":{"@type":"PropertyValueSpecification","valueRequired":true,"valueName":"search_term_string"}}],"inLanguage":"en-GB"},{"@type":"Organization","@id":"https:\/\/www.klarairosa.com\/en\/#organization","name":"Klara i Rosa","url":"https:\/\/www.klarairosa.com\/en\/","logo":{"@type":"ImageObject","inLanguage":"en-GB","@id":"https:\/\/www.klarairosa.com\/en\/#\/schema\/logo\/image\/","url":"https:\/\/www.klarairosa.com\/wp-content\/uploads\/2022\/01\/logo.svg","contentUrl":"https:\/\/www.klarairosa.com\/wp-content\/uploads\/2022\/01\/logo.svg","width":110,"height":139,"caption":"Klara i Rosa"},"image":{"@id":"https:\/\/www.klarairosa.com\/en\/#\/schema\/logo\/image\/"},"sameAs":["https:\/\/www.facebook.com\/klarairosa\/","https:\/\/www.instagram.com\/ugklarairosa\/"]},{"@type":"Person","@id":"https:\/\/www.klarairosa.com\/en\/#\/schema\/person\/e4e7e9e5c8eeeddccf61e4532ae8e6ed","name":"Klara i Rosa","image":{"@type":"ImageObject","inLanguage":"en-GB","@id":"https:\/\/secure.gravatar.com\/avatar\/c83ee539a067b9f57ae5d8999ae286c4f98b5c4bd943b8cbb64f6b0fc1f29e40?s=96&d=mm&r=g","url":"https:\/\/secure.gravatar.com\/avatar\/c83ee539a067b9f57ae5d8999ae286c4f98b5c4bd943b8cbb64f6b0fc1f29e40?s=96&d=mm&r=g","contentUrl":"https:\/\/secure.gravatar.com\/avatar\/c83ee539a067b9f57ae5d8999ae286c4f98b5c4bd943b8cbb64f6b0fc1f29e40?s=96&d=mm&r=g","caption":"Klara i Rosa"},"sameAs":["https:\/\/klarairosa.com"],"url":"https:\/\/www.klarairosa.com\/en\/author\/rosaiklara\/"}]}},"_links":{"self":[{"href":"https:\/\/www.klarairosa.com\/en\/wp-json\/wp\/v2\/posts\/23386","targetHints":{"allow":["GET"]}}],"collection":[{"href":"https:\/\/www.klarairosa.com\/en\/wp-json\/wp\/v2\/posts"}],"about":[{"href":"https:\/\/www.klarairosa.com\/en\/wp-json\/wp\/v2\/types\/post"}],"author":[{"embeddable":true,"href":"https:\/\/www.klarairosa.com\/en\/wp-json\/wp\/v2\/users\/1"}],"replies":[{"embeddable":true,"href":"https:\/\/www.klarairosa.com\/en\/wp-json\/wp\/v2\/comments?post=23386"}],"version-history":[{"count":2,"href":"https:\/\/www.klarairosa.com\/en\/wp-json\/wp\/v2\/posts\/23386\/revisions"}],"predecessor-version":[{"id":23389,"href":"https:\/\/www.klarairosa.com\/en\/wp-json\/wp\/v2\/posts\/23386\/revisions\/23389"}],"wp:featuredmedia":[{"embeddable":true,"href":"https:\/\/www.klarairosa.com\/en\/wp-json\/wp\/v2\/media\/23387"}],"wp:attachment":[{"href":"https:\/\/www.klarairosa.com\/en\/wp-json\/wp\/v2\/media?parent=23386"}],"wp:term":[{"taxonomy":"category","embeddable":true,"href":"https:\/\/www.klarairosa.com\/en\/wp-json\/wp\/v2\/categories?post=23386"},{"taxonomy":"post_tag","embeddable":true,"href":"https:\/\/www.klarairosa.com\/en\/wp-json\/wp\/v2\/tags?post=23386"}],"curies":[{"name":"wp","href":"https:\/\/api.w.org\/{rel}","templated":true}]}}