{"id":23158,"date":"2025-06-23T12:22:00","date_gmt":"2025-06-23T12:22:00","guid":{"rendered":"https:\/\/www.klarairosa.com\/?p=23158"},"modified":"2025-06-30T18:55:03","modified_gmt":"2025-06-30T18:55:03","slug":"aktivni-raspust-radionica-oslikavanja-murala-sa-vanjom","status":"publish","type":"post","link":"https:\/\/www.klarairosa.com\/en\/aktivni-raspust-radionica-oslikavanja-murala-sa-vanjom\/","title":{"rendered":"AKTIVNI RASPUST \u2013 RADIONICA OSLIKAVANJA MURALA SA VANJOM"},"content":{"rendered":"<div>Proces oslikavanja murala zapo\u010de\u0107emo <strong>10. jula<\/strong> kada \u0107e se u\u010desnici upoznati sa temom, zajedno sa voditeljkom osmisliti vizuelne elemente koje mogu koristiti i isplanirati slede\u0107e korake.<\/div>\n<div>.<\/div>\n<div style=\"text-align: justify;\"><b>Ne propusti najavu na insta <a href=\"https:\/\/www.instagram.com\/ugklarairosa\/?hl=en\">@ugklarairosa<\/a> \ud83d\ude42<\/b><\/div>\n<div>.<\/div>\n<p style=\"text-align: justify;\" data-start=\"802\" data-end=\"1142\" data-is-last-node=\"\" data-is-only-node=\"\"><strong>O voditeljki radionice<\/strong>:<\/p>\n<p style=\"text-align: justify;\" data-start=\"802\" data-end=\"1142\" data-is-last-node=\"\" data-is-only-node=\"\">.<\/p>\n<p data-start=\"54\" data-end=\"462\"><strong data-start=\"54\" data-end=\"71\">Vanja Suboti\u0107<\/strong> ro\u0111ena je 1986. godine u Vukovaru, a danas \u017eivi i stvara u Subotici. Srednju \u0161kolu za dizajn \u201eBogdan \u0160uput\u201c u Novom Sadu, smer likovni tehni\u010dar, zavr\u0161ila je 2005. godine. Svoje obrazovanje nastavila je na Akademiji umetnosti u Novom Sadu, gde je diplomirala slikarstvo 2010. u klasi prof. Du\u0161ana Todorovi\u0107a, a master studije zavr\u0161ila 2013. godine, pod mentorstvom prof. Gorana Despotovskog. \u010clanica je Saveza udru\u017eenja likovnih umetnika Vojvodine. Aktivno se bavi samostalnom umetni\u010dkom praksom od 2020. godine.<\/p>\n<p data-start=\"54\" data-end=\"462\">.<\/p>\n<div dir=\"auto\"><\/div>\n<div dir=\"auto\">This event is part of the \"Together for an Active Civil Society \u2013 ACT\" project, supported by the Government of Switzerland and implemented by Helvetas Serbia and Civic Initiatives. ACT aims to build an active civil society where citizens play a greater role in decision-making processes, especially at the local level.<\/div>\n<div dir=\"auto\"><img decoding=\"async\" class=\"alignnone wp-image-22741\" src=\"https:\/\/www.klarairosa.com\/wp-content\/uploads\/2025\/03\/act-300x150.png\" alt=\"\" width=\"110\" height=\"55\" srcset=\"https:\/\/www.klarairosa.com\/wp-content\/uploads\/2025\/03\/act-300x150.png 300w, https:\/\/www.klarairosa.com\/wp-content\/uploads\/2025\/03\/act-1024x512.png 1024w, https:\/\/www.klarairosa.com\/wp-content\/uploads\/2025\/03\/act-768x384.png 768w, https:\/\/www.klarairosa.com\/wp-content\/uploads\/2025\/03\/act-18x9.png 18w, https:\/\/www.klarairosa.com\/wp-content\/uploads\/2025\/03\/act-1000x500.png 1000w, https:\/\/www.klarairosa.com\/wp-content\/uploads\/2025\/03\/act-700x350.png 700w, https:\/\/www.klarairosa.com\/wp-content\/uploads\/2025\/03\/act.png 1080w\" sizes=\"(max-width: 110px) 100vw, 110px\" \/><\/div>","protected":false},"excerpt":{"rendered":"<p>Proces oslikavanja murala zapo\u010de\u0107emo 10. jula kada \u0107e se u\u010desnici upoznati sa temom, zajedno sa&#8230;<\/p>","protected":false},"author":1,"featured_media":23159,"comment_status":"closed","ping_status":"closed","sticky":false,"template":"","format":"standard","meta":{"content-type":"","inline_featured_image":false,"footnotes":""},"categories":[1],"tags":[690,124,364,499,702,691,152,653],"class_list":["post-23158","post","type-post","status-publish","format-standard","has-post-thumbnail","hentry","category-uncategorized","tag-aktivni-raspust","tag-klara-i-rosa","tag-mural","tag-radionice","tag-slikarstvo","tag-srednjoskolci","tag-subotica","tag-vanja-subotic"],"yoast_head":"<!-- This site is optimized with the Yoast SEO plugin v27.5 - https:\/\/yoast.com\/product\/yoast-seo-wordpress\/ -->\n<title>AKTIVNI RASPUST \u2013 RADIONICA OSLIKAVANJA MURALA SA VANJOM - Klara i Rosa<\/title>\n<meta name=\"robots\" content=\"index, follow, max-snippet:-1, max-image-preview:large, max-video-preview:-1\" \/>\n<link rel=\"canonical\" href=\"https:\/\/www.klarairosa.com\/en\/aktivni-raspust-radionica-oslikavanja-murala-sa-vanjom\/\" \/>\n<meta property=\"og:locale\" content=\"en_GB\" \/>\n<meta property=\"og:type\" content=\"article\" \/>\n<meta property=\"og:title\" content=\"AKTIVNI RASPUST \u2013 RADIONICA OSLIKAVANJA MURALA SA VANJOM - Klara i Rosa\" \/>\n<meta property=\"og:description\" content=\"Proces oslikavanja murala zapo\u010de\u0107emo 10. jula kada \u0107e se u\u010desnici upoznati sa temom, zajedno sa...\" \/>\n<meta property=\"og:url\" content=\"https:\/\/www.klarairosa.com\/en\/aktivni-raspust-radionica-oslikavanja-murala-sa-vanjom\/\" \/>\n<meta property=\"og:site_name\" content=\"Klara i Rosa\" \/>\n<meta property=\"article:publisher\" content=\"https:\/\/www.facebook.com\/klarairosa\/\" \/>\n<meta property=\"article:published_time\" content=\"2025-06-23T12:22:00+00:00\" \/>\n<meta property=\"article:modified_time\" content=\"2025-06-30T18:55:03+00:00\" \/>\n<meta property=\"og:image\" content=\"https:\/\/www.klarairosa.com\/wp-content\/uploads\/2025\/06\/3.jpg\" \/>\n\t<meta property=\"og:image:width\" content=\"1352\" \/>\n\t<meta property=\"og:image:height\" content=\"1005\" \/>\n\t<meta property=\"og:image:type\" content=\"image\/jpeg\" \/>\n<meta name=\"author\" content=\"Klara i Rosa\" \/>\n<meta name=\"twitter:card\" content=\"summary_large_image\" \/>\n<meta name=\"twitter:label1\" content=\"Written by\" \/>\n\t<meta name=\"twitter:data1\" content=\"Klara i Rosa\" \/>\n\t<meta name=\"twitter:label2\" content=\"Estimated reading time\" \/>\n\t<meta name=\"twitter:data2\" content=\"1 minute\" \/>\n<script type=\"application\/ld+json\" class=\"yoast-schema-graph\">{\"@context\":\"https:\\\/\\\/schema.org\",\"@graph\":[{\"@type\":\"Article\",\"@id\":\"https:\\\/\\\/www.klarairosa.com\\\/aktivni-raspust-radionica-oslikavanja-murala-sa-vanjom\\\/#article\",\"isPartOf\":{\"@id\":\"https:\\\/\\\/www.klarairosa.com\\\/aktivni-raspust-radionica-oslikavanja-murala-sa-vanjom\\\/\"},\"author\":{\"name\":\"Klara i Rosa\",\"@id\":\"https:\\\/\\\/www.klarairosa.com\\\/en\\\/#\\\/schema\\\/person\\\/e4e7e9e5c8eeeddccf61e4532ae8e6ed\"},\"headline\":\"AKTIVNI RASPUST \u2013 RADIONICA OSLIKAVANJA MURALA SA VANJOM\",\"datePublished\":\"2025-06-23T12:22:00+00:00\",\"dateModified\":\"2025-06-30T18:55:03+00:00\",\"mainEntityOfPage\":{\"@id\":\"https:\\\/\\\/www.klarairosa.com\\\/aktivni-raspust-radionica-oslikavanja-murala-sa-vanjom\\\/\"},\"wordCount\":155,\"publisher\":{\"@id\":\"https:\\\/\\\/www.klarairosa.com\\\/en\\\/#organization\"},\"image\":{\"@id\":\"https:\\\/\\\/www.klarairosa.com\\\/aktivni-raspust-radionica-oslikavanja-murala-sa-vanjom\\\/#primaryimage\"},\"thumbnailUrl\":\"https:\\\/\\\/www.klarairosa.com\\\/wp-content\\\/uploads\\\/2025\\\/06\\\/3.jpg\",\"keywords\":[\"aktivni raspust\",\"Klara i Rosa\",\"mural\",\"radionice\",\"slikarstvo\",\"srednjoskolci\",\"subotica\",\"vanja subotic\"],\"articleSection\":[\"Nekategorizovano\"],\"inLanguage\":\"en-GB\"},{\"@type\":\"WebPage\",\"@id\":\"https:\\\/\\\/www.klarairosa.com\\\/aktivni-raspust-radionica-oslikavanja-murala-sa-vanjom\\\/\",\"url\":\"https:\\\/\\\/www.klarairosa.com\\\/aktivni-raspust-radionica-oslikavanja-murala-sa-vanjom\\\/\",\"name\":\"AKTIVNI RASPUST \u2013 RADIONICA OSLIKAVANJA MURALA SA VANJOM - Klara i Rosa\",\"isPartOf\":{\"@id\":\"https:\\\/\\\/www.klarairosa.com\\\/en\\\/#website\"},\"primaryImageOfPage\":{\"@id\":\"https:\\\/\\\/www.klarairosa.com\\\/aktivni-raspust-radionica-oslikavanja-murala-sa-vanjom\\\/#primaryimage\"},\"image\":{\"@id\":\"https:\\\/\\\/www.klarairosa.com\\\/aktivni-raspust-radionica-oslikavanja-murala-sa-vanjom\\\/#primaryimage\"},\"thumbnailUrl\":\"https:\\\/\\\/www.klarairosa.com\\\/wp-content\\\/uploads\\\/2025\\\/06\\\/3.jpg\",\"datePublished\":\"2025-06-23T12:22:00+00:00\",\"dateModified\":\"2025-06-30T18:55:03+00:00\",\"breadcrumb\":{\"@id\":\"https:\\\/\\\/www.klarairosa.com\\\/aktivni-raspust-radionica-oslikavanja-murala-sa-vanjom\\\/#breadcrumb\"},\"inLanguage\":\"en-GB\",\"potentialAction\":[{\"@type\":\"ReadAction\",\"target\":[\"https:\\\/\\\/www.klarairosa.com\\\/aktivni-raspust-radionica-oslikavanja-murala-sa-vanjom\\\/\"]}]},{\"@type\":\"ImageObject\",\"inLanguage\":\"en-GB\",\"@id\":\"https:\\\/\\\/www.klarairosa.com\\\/aktivni-raspust-radionica-oslikavanja-murala-sa-vanjom\\\/#primaryimage\",\"url\":\"https:\\\/\\\/www.klarairosa.com\\\/wp-content\\\/uploads\\\/2025\\\/06\\\/3.jpg\",\"contentUrl\":\"https:\\\/\\\/www.klarairosa.com\\\/wp-content\\\/uploads\\\/2025\\\/06\\\/3.jpg\",\"width\":1352,\"height\":1005},{\"@type\":\"BreadcrumbList\",\"@id\":\"https:\\\/\\\/www.klarairosa.com\\\/aktivni-raspust-radionica-oslikavanja-murala-sa-vanjom\\\/#breadcrumb\",\"itemListElement\":[{\"@type\":\"ListItem\",\"position\":1,\"name\":\"Home\",\"item\":\"https:\\\/\\\/www.klarairosa.com\\\/\"},{\"@type\":\"ListItem\",\"position\":2,\"name\":\"AKTIVNI RASPUST \u2013 RADIONICA OSLIKAVANJA MURALA SA VANJOM\"}]},{\"@type\":\"WebSite\",\"@id\":\"https:\\\/\\\/www.klarairosa.com\\\/en\\\/#website\",\"url\":\"https:\\\/\\\/www.klarairosa.com\\\/en\\\/\",\"name\":\"Klara i Rosa\",\"description\":\"Klara i Rosa\",\"publisher\":{\"@id\":\"https:\\\/\\\/www.klarairosa.com\\\/en\\\/#organization\"},\"potentialAction\":[{\"@type\":\"SearchAction\",\"target\":{\"@type\":\"EntryPoint\",\"urlTemplate\":\"https:\\\/\\\/www.klarairosa.com\\\/en\\\/?s={search_term_string}\"},\"query-input\":{\"@type\":\"PropertyValueSpecification\",\"valueRequired\":true,\"valueName\":\"search_term_string\"}}],\"inLanguage\":\"en-GB\"},{\"@type\":\"Organization\",\"@id\":\"https:\\\/\\\/www.klarairosa.com\\\/en\\\/#organization\",\"name\":\"Klara i Rosa\",\"url\":\"https:\\\/\\\/www.klarairosa.com\\\/en\\\/\",\"logo\":{\"@type\":\"ImageObject\",\"inLanguage\":\"en-GB\",\"@id\":\"https:\\\/\\\/www.klarairosa.com\\\/en\\\/#\\\/schema\\\/logo\\\/image\\\/\",\"url\":\"https:\\\/\\\/www.klarairosa.com\\\/wp-content\\\/uploads\\\/2022\\\/01\\\/logo.svg\",\"contentUrl\":\"https:\\\/\\\/www.klarairosa.com\\\/wp-content\\\/uploads\\\/2022\\\/01\\\/logo.svg\",\"width\":110,\"height\":139,\"caption\":\"Klara i Rosa\"},\"image\":{\"@id\":\"https:\\\/\\\/www.klarairosa.com\\\/en\\\/#\\\/schema\\\/logo\\\/image\\\/\"},\"sameAs\":[\"https:\\\/\\\/www.facebook.com\\\/klarairosa\\\/\",\"https:\\\/\\\/www.instagram.com\\\/ugklarairosa\\\/\"]},{\"@type\":\"Person\",\"@id\":\"https:\\\/\\\/www.klarairosa.com\\\/en\\\/#\\\/schema\\\/person\\\/e4e7e9e5c8eeeddccf61e4532ae8e6ed\",\"name\":\"Klara i Rosa\",\"image\":{\"@type\":\"ImageObject\",\"inLanguage\":\"en-GB\",\"@id\":\"https:\\\/\\\/secure.gravatar.com\\\/avatar\\\/c83ee539a067b9f57ae5d8999ae286c4f98b5c4bd943b8cbb64f6b0fc1f29e40?s=96&d=mm&r=g\",\"url\":\"https:\\\/\\\/secure.gravatar.com\\\/avatar\\\/c83ee539a067b9f57ae5d8999ae286c4f98b5c4bd943b8cbb64f6b0fc1f29e40?s=96&d=mm&r=g\",\"contentUrl\":\"https:\\\/\\\/secure.gravatar.com\\\/avatar\\\/c83ee539a067b9f57ae5d8999ae286c4f98b5c4bd943b8cbb64f6b0fc1f29e40?s=96&d=mm&r=g\",\"caption\":\"Klara i Rosa\"},\"sameAs\":[\"https:\\\/\\\/klarairosa.com\"],\"url\":\"https:\\\/\\\/www.klarairosa.com\\\/en\\\/author\\\/rosaiklara\\\/\"}]}<\/script>\n<!-- \/ Yoast SEO plugin. -->","yoast_head_json":{"title":"AKTIVNI RASPUST \u2013 RADIONICA OSLIKAVANJA MURALA SA VANJOM - Klara i Rosa","robots":{"index":"index","follow":"follow","max-snippet":"max-snippet:-1","max-image-preview":"max-image-preview:large","max-video-preview":"max-video-preview:-1"},"canonical":"https:\/\/www.klarairosa.com\/en\/aktivni-raspust-radionica-oslikavanja-murala-sa-vanjom\/","og_locale":"en_GB","og_type":"article","og_title":"AKTIVNI RASPUST \u2013 RADIONICA OSLIKAVANJA MURALA SA VANJOM - Klara i Rosa","og_description":"Proces oslikavanja murala zapo\u010de\u0107emo 10. jula kada \u0107e se u\u010desnici upoznati sa temom, zajedno sa...","og_url":"https:\/\/www.klarairosa.com\/en\/aktivni-raspust-radionica-oslikavanja-murala-sa-vanjom\/","og_site_name":"Klara i Rosa","article_publisher":"https:\/\/www.facebook.com\/klarairosa\/","article_published_time":"2025-06-23T12:22:00+00:00","article_modified_time":"2025-06-30T18:55:03+00:00","og_image":[{"width":1352,"height":1005,"url":"https:\/\/www.klarairosa.com\/wp-content\/uploads\/2025\/06\/3.jpg","type":"image\/jpeg"}],"author":"Klara i Rosa","twitter_card":"summary_large_image","twitter_misc":{"Written by":"Klara i Rosa","Estimated reading time":"1 minute"},"schema":{"@context":"https:\/\/schema.org","@graph":[{"@type":"Article","@id":"https:\/\/www.klarairosa.com\/aktivni-raspust-radionica-oslikavanja-murala-sa-vanjom\/#article","isPartOf":{"@id":"https:\/\/www.klarairosa.com\/aktivni-raspust-radionica-oslikavanja-murala-sa-vanjom\/"},"author":{"name":"Klara i Rosa","@id":"https:\/\/www.klarairosa.com\/en\/#\/schema\/person\/e4e7e9e5c8eeeddccf61e4532ae8e6ed"},"headline":"AKTIVNI RASPUST \u2013 RADIONICA OSLIKAVANJA MURALA SA VANJOM","datePublished":"2025-06-23T12:22:00+00:00","dateModified":"2025-06-30T18:55:03+00:00","mainEntityOfPage":{"@id":"https:\/\/www.klarairosa.com\/aktivni-raspust-radionica-oslikavanja-murala-sa-vanjom\/"},"wordCount":155,"publisher":{"@id":"https:\/\/www.klarairosa.com\/en\/#organization"},"image":{"@id":"https:\/\/www.klarairosa.com\/aktivni-raspust-radionica-oslikavanja-murala-sa-vanjom\/#primaryimage"},"thumbnailUrl":"https:\/\/www.klarairosa.com\/wp-content\/uploads\/2025\/06\/3.jpg","keywords":["aktivni raspust","Klara i Rosa","mural","radionice","slikarstvo","srednjoskolci","subotica","vanja subotic"],"articleSection":["Nekategorizovano"],"inLanguage":"en-GB"},{"@type":"WebPage","@id":"https:\/\/www.klarairosa.com\/aktivni-raspust-radionica-oslikavanja-murala-sa-vanjom\/","url":"https:\/\/www.klarairosa.com\/aktivni-raspust-radionica-oslikavanja-murala-sa-vanjom\/","name":"AKTIVNI RASPUST \u2013 RADIONICA OSLIKAVANJA MURALA SA VANJOM - Klara i Rosa","isPartOf":{"@id":"https:\/\/www.klarairosa.com\/en\/#website"},"primaryImageOfPage":{"@id":"https:\/\/www.klarairosa.com\/aktivni-raspust-radionica-oslikavanja-murala-sa-vanjom\/#primaryimage"},"image":{"@id":"https:\/\/www.klarairosa.com\/aktivni-raspust-radionica-oslikavanja-murala-sa-vanjom\/#primaryimage"},"thumbnailUrl":"https:\/\/www.klarairosa.com\/wp-content\/uploads\/2025\/06\/3.jpg","datePublished":"2025-06-23T12:22:00+00:00","dateModified":"2025-06-30T18:55:03+00:00","breadcrumb":{"@id":"https:\/\/www.klarairosa.com\/aktivni-raspust-radionica-oslikavanja-murala-sa-vanjom\/#breadcrumb"},"inLanguage":"en-GB","potentialAction":[{"@type":"ReadAction","target":["https:\/\/www.klarairosa.com\/aktivni-raspust-radionica-oslikavanja-murala-sa-vanjom\/"]}]},{"@type":"ImageObject","inLanguage":"en-GB","@id":"https:\/\/www.klarairosa.com\/aktivni-raspust-radionica-oslikavanja-murala-sa-vanjom\/#primaryimage","url":"https:\/\/www.klarairosa.com\/wp-content\/uploads\/2025\/06\/3.jpg","contentUrl":"https:\/\/www.klarairosa.com\/wp-content\/uploads\/2025\/06\/3.jpg","width":1352,"height":1005},{"@type":"BreadcrumbList","@id":"https:\/\/www.klarairosa.com\/aktivni-raspust-radionica-oslikavanja-murala-sa-vanjom\/#breadcrumb","itemListElement":[{"@type":"ListItem","position":1,"name":"Home","item":"https:\/\/www.klarairosa.com\/"},{"@type":"ListItem","position":2,"name":"AKTIVNI RASPUST \u2013 RADIONICA OSLIKAVANJA MURALA SA VANJOM"}]},{"@type":"WebSite","@id":"https:\/\/www.klarairosa.com\/en\/#website","url":"https:\/\/www.klarairosa.com\/en\/","name":"Klara i Rosa","description":"Klara i Rosa","publisher":{"@id":"https:\/\/www.klarairosa.com\/en\/#organization"},"potentialAction":[{"@type":"SearchAction","target":{"@type":"EntryPoint","urlTemplate":"https:\/\/www.klarairosa.com\/en\/?s={search_term_string}"},"query-input":{"@type":"PropertyValueSpecification","valueRequired":true,"valueName":"search_term_string"}}],"inLanguage":"en-GB"},{"@type":"Organization","@id":"https:\/\/www.klarairosa.com\/en\/#organization","name":"Klara i Rosa","url":"https:\/\/www.klarairosa.com\/en\/","logo":{"@type":"ImageObject","inLanguage":"en-GB","@id":"https:\/\/www.klarairosa.com\/en\/#\/schema\/logo\/image\/","url":"https:\/\/www.klarairosa.com\/wp-content\/uploads\/2022\/01\/logo.svg","contentUrl":"https:\/\/www.klarairosa.com\/wp-content\/uploads\/2022\/01\/logo.svg","width":110,"height":139,"caption":"Klara i Rosa"},"image":{"@id":"https:\/\/www.klarairosa.com\/en\/#\/schema\/logo\/image\/"},"sameAs":["https:\/\/www.facebook.com\/klarairosa\/","https:\/\/www.instagram.com\/ugklarairosa\/"]},{"@type":"Person","@id":"https:\/\/www.klarairosa.com\/en\/#\/schema\/person\/e4e7e9e5c8eeeddccf61e4532ae8e6ed","name":"Klara i Rosa","image":{"@type":"ImageObject","inLanguage":"en-GB","@id":"https:\/\/secure.gravatar.com\/avatar\/c83ee539a067b9f57ae5d8999ae286c4f98b5c4bd943b8cbb64f6b0fc1f29e40?s=96&d=mm&r=g","url":"https:\/\/secure.gravatar.com\/avatar\/c83ee539a067b9f57ae5d8999ae286c4f98b5c4bd943b8cbb64f6b0fc1f29e40?s=96&d=mm&r=g","contentUrl":"https:\/\/secure.gravatar.com\/avatar\/c83ee539a067b9f57ae5d8999ae286c4f98b5c4bd943b8cbb64f6b0fc1f29e40?s=96&d=mm&r=g","caption":"Klara i Rosa"},"sameAs":["https:\/\/klarairosa.com"],"url":"https:\/\/www.klarairosa.com\/en\/author\/rosaiklara\/"}]}},"_links":{"self":[{"href":"https:\/\/www.klarairosa.com\/en\/wp-json\/wp\/v2\/posts\/23158","targetHints":{"allow":["GET"]}}],"collection":[{"href":"https:\/\/www.klarairosa.com\/en\/wp-json\/wp\/v2\/posts"}],"about":[{"href":"https:\/\/www.klarairosa.com\/en\/wp-json\/wp\/v2\/types\/post"}],"author":[{"embeddable":true,"href":"https:\/\/www.klarairosa.com\/en\/wp-json\/wp\/v2\/users\/1"}],"replies":[{"embeddable":true,"href":"https:\/\/www.klarairosa.com\/en\/wp-json\/wp\/v2\/comments?post=23158"}],"version-history":[{"count":3,"href":"https:\/\/www.klarairosa.com\/en\/wp-json\/wp\/v2\/posts\/23158\/revisions"}],"predecessor-version":[{"id":23185,"href":"https:\/\/www.klarairosa.com\/en\/wp-json\/wp\/v2\/posts\/23158\/revisions\/23185"}],"wp:featuredmedia":[{"embeddable":true,"href":"https:\/\/www.klarairosa.com\/en\/wp-json\/wp\/v2\/media\/23159"}],"wp:attachment":[{"href":"https:\/\/www.klarairosa.com\/en\/wp-json\/wp\/v2\/media?parent=23158"}],"wp:term":[{"taxonomy":"category","embeddable":true,"href":"https:\/\/www.klarairosa.com\/en\/wp-json\/wp\/v2\/categories?post=23158"},{"taxonomy":"post_tag","embeddable":true,"href":"https:\/\/www.klarairosa.com\/en\/wp-json\/wp\/v2\/tags?post=23158"}],"curies":[{"name":"wp","href":"https:\/\/api.w.org\/{rel}","templated":true}]}}