{"id":23007,"date":"2025-06-09T12:20:20","date_gmt":"2025-06-09T12:20:20","guid":{"rendered":"https:\/\/www.klarairosa.com\/?p=23007"},"modified":"2025-12-18T14:59:15","modified_gmt":"2025-12-18T14:59:15","slug":"o-zajednickom-ucionica-kao-laboratorija-promena","status":"publish","type":"post","link":"https:\/\/www.klarairosa.com\/en\/o-zajednickom-ucionica-kao-laboratorija-promena\/","title":{"rendered":"O zajedni\u010dkom: U\u010dionica kao laboratorija promena"},"content":{"rendered":"<p><span style=\"font-weight: 400;\">U ciklusu razgovora <\/span><strong><i>O zajedni\u010dkom<\/i><\/strong><span style=\"font-weight: 400;\">, <strong>u \u010detvrtak, 19. juna od 19 \u010dasova<\/strong>, <strong>u prostoru Klare i Rose<\/strong>, otvaramo prostor za dijalog o tome koje sve mogu\u0107nosti otvara \u0161kola kada je posmatramo druga\u010dije \u2013 ne samo kao mesto prenosa znanja, ve\u0107 kao prostor zajedni\u010dkog u\u010denja, li\u010dnog i kolektivnog rasta, osna\u017eivanja i dru\u0161tvene promene.\u00a0<\/span><\/p>\n<p>.<\/p>\n<p><span style=\"font-weight: 400;\">Pitanje koje nas vodi je: kako kreativne metode tzv. neformalnog obrazovanja mogu obogatiti formalni obrazovni sistem? \u0160ta se de\u0161ava kada savremeni kontekst, kao i de\u010dja iskustva i interesovanja, u\u0111u u u\u010dionicu? \u0160ta sve mo\u017ee biti tema, metod, pristup ili materijal u radu sa \u0161kolarcima?<\/span><\/p>\n<p>.<\/p>\n<p><span style=\"font-weight: 400;\">Razgovara\u0107emo o ulozi \u0161kole u savremenom dru\u0161tvu, o tome kako mo\u017eemo osna\u017eiti nastavnike i profesore, kakvu podr\u0161ku im mo\u017eemo pru\u017eiti i na koji na\u010din im mo\u017eemo vratiti prostor za autonomiju, kreativnost i smislen rad. Otvaramo i pitanje uzajamnog slu\u0161anja: postoji li prostor za povratnu informaciju nastavnom kadru \u2013 od strane u\u010denika, roditelja i \u0161ire zajednice? U kojoj meri se danas u obrazovnom procesu \u010dujemo i zaista slu\u0161amo?<\/span><\/p>\n<p>.<\/p>\n<p><span style=\"font-weight: 400;\">Poseban fokus bi\u0107e na razvoju kriti\u010dkog i kreativnog mi\u0161ljenja, kao i na obrazovanju mladih ljudi kao misaonih, saose\u0107ajnih i odgovornih aktera dru\u0161tva budu\u0107nosti.<\/span><\/p>\n<p>.<\/p>\n<p><span style=\"font-weight: 400;\">\u0160kola, prema Marti Nusbaum, ne treba da bude samo instrument za prenos informacija. Klju\u010dna uloga obrazovanja je da razvija sposobnost za kriti\u010dko mi\u0161ljenje, empatiju i ma\u0161tovito sagledavanje sveta \u2013 vrednosti koje se posebno gaje kroz umetnost, knji\u017eevnost i dramski rad. Zato \u0107e razgovor obuhvatiti i zna\u010daj knji\u017eevnosti i izvo\u0111a\u010dkih umetnosti u obrazovnom procesu \u2013 kao puteva ka dubljem razumevanju stvarnosti, samospoznaji i osna\u017eivanju zajednice.<\/span><\/p>\n<p>.<\/p>\n<p><span style=\"font-weight: 400;\">Ovo je prilika da se razgovor o obrazovanju izmesti izvan Beograda, uva\u017ee lokalne prakse i uklju\u010de glasovi nastavnika iz razli\u010ditih sredina. Verujemo da svako od nas mo\u017ee doprineti promeni \u2013 ne \u010dekaju\u0107i da sistem proradi, ve\u0107 preuzimaju\u0107i odgovornost kroz svakodnevno delovanje.<\/span><\/p>\n<p>.<\/p>\n<p><span style=\"font-weight: 400;\"><strong>U razgovoru u\u010destvuju<\/strong> : Dejan Ili\u0107,\u00a0 autor i kolumnista, dr Sun\u010dica Milosavljevi\u0107, pozori\u0161na rediteljka sa me\u0111unarodnim iskustvom u oblasti procesnog i primenjenog pozori\u0161ta (<\/span><i><span style=\"font-weight: 400;\">BAZAART<\/span><\/i><span style=\"font-weight: 400;\">), Borislav Stani\u0107, nastavnik srpskog jezika i knji\u017eevnosti. Razgovor moderira Gordana Vukov Ciganjik, glumica i radnica u kulturi.<\/span><\/p>\n<p>.<\/p>\n<p><span style=\"font-weight: 400;\">Program podr\u017eava Fondacija \u201eHajnrih Bel&#8220; iz Beograda.\u00a0<\/span><\/p>\n<p>.<\/p>\n<p><img decoding=\"async\" class=\"alignleft wp-image-21118\" src=\"https:\/\/www.klarairosa.com\/wp-content\/uploads\/2024\/05\/download.png\" alt=\"\" width=\"124\" height=\"124\" \/><\/p>\n<p>&nbsp;<\/p>\n<p>&nbsp;<\/p>\n<p>&nbsp;<\/p>\n<p>&nbsp;<\/p>\n<p>.<\/p>\n<p><iframe title=\"O ZAJEDNI\u010cKOM - U\u010dionica kao laboratorija promena\" width=\"1060\" height=\"596\" src=\"https:\/\/www.youtube.com\/embed\/IaR2kkHeRqE?feature=oembed\" frameborder=\"0\" allow=\"accelerometer; autoplay; clipboard-write; encrypted-media; gyroscope; picture-in-picture; web-share\" referrerpolicy=\"strict-origin-when-cross-origin\" allowfullscreen><\/iframe><\/p>\n<p>&nbsp;<\/p>","protected":false},"excerpt":{"rendered":"<p>U ciklusu razgovora O zajedni\u010dkom, u \u010detvrtak, 19. juna od 19 \u010dasova, u prostoru Klare&#8230;<\/p>","protected":false},"author":1,"featured_media":23008,"comment_status":"closed","ping_status":"closed","sticky":false,"template":"","format":"standard","meta":{"content-type":"","inline_featured_image":false,"footnotes":""},"categories":[109],"tags":[571,282,124,352,683,152,165],"class_list":["post-23007","post","type-post","status-publish","format-standard","has-post-thumbnail","hentry","category-aktuelno","tag-aktivno-drustvo","tag-community","tag-klara-i-rosa","tag-o-zajednickom","tag-obrazovanje","tag-subotica","tag-tribina"],"yoast_head":"<!-- This site is optimized with the Yoast SEO plugin v27.5 - https:\/\/yoast.com\/product\/yoast-seo-wordpress\/ -->\n<title>O zajedni\u010dkom: U\u010dionica kao laboratorija promena - Klara i Rosa<\/title>\n<meta name=\"robots\" content=\"index, follow, max-snippet:-1, max-image-preview:large, max-video-preview:-1\" \/>\n<link rel=\"canonical\" href=\"https:\/\/www.klarairosa.com\/en\/o-zajednickom-ucionica-kao-laboratorija-promena\/\" \/>\n<meta property=\"og:locale\" content=\"en_GB\" \/>\n<meta property=\"og:type\" content=\"article\" \/>\n<meta property=\"og:title\" content=\"O zajedni\u010dkom: U\u010dionica kao laboratorija promena - Klara i Rosa\" \/>\n<meta property=\"og:description\" content=\"U ciklusu razgovora O zajedni\u010dkom, u \u010detvrtak, 19. juna od 19 \u010dasova, u prostoru Klare...\" \/>\n<meta property=\"og:url\" content=\"https:\/\/www.klarairosa.com\/en\/o-zajednickom-ucionica-kao-laboratorija-promena\/\" \/>\n<meta property=\"og:site_name\" content=\"Klara i Rosa\" \/>\n<meta property=\"article:publisher\" content=\"https:\/\/www.facebook.com\/klarairosa\/\" \/>\n<meta property=\"article:published_time\" content=\"2025-06-09T12:20:20+00:00\" \/>\n<meta property=\"article:modified_time\" content=\"2025-12-18T14:59:15+00:00\" \/>\n<meta property=\"og:image\" content=\"https:\/\/www.klarairosa.com\/wp-content\/uploads\/2025\/06\/GOAT-GRAB-1352-x-1005-px-1.jpg\" \/>\n\t<meta property=\"og:image:width\" content=\"1352\" \/>\n\t<meta property=\"og:image:height\" content=\"1005\" \/>\n\t<meta property=\"og:image:type\" content=\"image\/jpeg\" \/>\n<meta name=\"author\" content=\"Klara i Rosa\" \/>\n<meta name=\"twitter:card\" content=\"summary_large_image\" \/>\n<meta name=\"twitter:label1\" content=\"Written by\" \/>\n\t<meta name=\"twitter:data1\" content=\"Klara i Rosa\" \/>\n\t<meta name=\"twitter:label2\" content=\"Estimated reading time\" \/>\n\t<meta name=\"twitter:data2\" content=\"2 minutes\" \/>\n<script type=\"application\/ld+json\" class=\"yoast-schema-graph\">{\"@context\":\"https:\\\/\\\/schema.org\",\"@graph\":[{\"@type\":\"Article\",\"@id\":\"https:\\\/\\\/www.klarairosa.com\\\/o-zajednickom-ucionica-kao-laboratorija-promena\\\/#article\",\"isPartOf\":{\"@id\":\"https:\\\/\\\/www.klarairosa.com\\\/o-zajednickom-ucionica-kao-laboratorija-promena\\\/\"},\"author\":{\"name\":\"Klara i Rosa\",\"@id\":\"https:\\\/\\\/www.klarairosa.com\\\/en\\\/#\\\/schema\\\/person\\\/e4e7e9e5c8eeeddccf61e4532ae8e6ed\"},\"headline\":\"O zajedni\u010dkom: U\u010dionica kao laboratorija promena\",\"datePublished\":\"2025-06-09T12:20:20+00:00\",\"dateModified\":\"2025-12-18T14:59:15+00:00\",\"mainEntityOfPage\":{\"@id\":\"https:\\\/\\\/www.klarairosa.com\\\/o-zajednickom-ucionica-kao-laboratorija-promena\\\/\"},\"wordCount\":408,\"publisher\":{\"@id\":\"https:\\\/\\\/www.klarairosa.com\\\/en\\\/#organization\"},\"image\":{\"@id\":\"https:\\\/\\\/www.klarairosa.com\\\/o-zajednickom-ucionica-kao-laboratorija-promena\\\/#primaryimage\"},\"thumbnailUrl\":\"https:\\\/\\\/www.klarairosa.com\\\/wp-content\\\/uploads\\\/2025\\\/06\\\/GOAT-GRAB-1352-x-1005-px-1.jpg\",\"keywords\":[\"aktivno dru\u0161tvo\",\"community\",\"Klara i Rosa\",\"o zajednickom\",\"obrazovanje\",\"subotica\",\"tribina\"],\"articleSection\":[\"Aktuelno\"],\"inLanguage\":\"en-GB\"},{\"@type\":\"WebPage\",\"@id\":\"https:\\\/\\\/www.klarairosa.com\\\/o-zajednickom-ucionica-kao-laboratorija-promena\\\/\",\"url\":\"https:\\\/\\\/www.klarairosa.com\\\/o-zajednickom-ucionica-kao-laboratorija-promena\\\/\",\"name\":\"O zajedni\u010dkom: U\u010dionica kao laboratorija promena - Klara i Rosa\",\"isPartOf\":{\"@id\":\"https:\\\/\\\/www.klarairosa.com\\\/en\\\/#website\"},\"primaryImageOfPage\":{\"@id\":\"https:\\\/\\\/www.klarairosa.com\\\/o-zajednickom-ucionica-kao-laboratorija-promena\\\/#primaryimage\"},\"image\":{\"@id\":\"https:\\\/\\\/www.klarairosa.com\\\/o-zajednickom-ucionica-kao-laboratorija-promena\\\/#primaryimage\"},\"thumbnailUrl\":\"https:\\\/\\\/www.klarairosa.com\\\/wp-content\\\/uploads\\\/2025\\\/06\\\/GOAT-GRAB-1352-x-1005-px-1.jpg\",\"datePublished\":\"2025-06-09T12:20:20+00:00\",\"dateModified\":\"2025-12-18T14:59:15+00:00\",\"breadcrumb\":{\"@id\":\"https:\\\/\\\/www.klarairosa.com\\\/o-zajednickom-ucionica-kao-laboratorija-promena\\\/#breadcrumb\"},\"inLanguage\":\"en-GB\",\"potentialAction\":[{\"@type\":\"ReadAction\",\"target\":[\"https:\\\/\\\/www.klarairosa.com\\\/o-zajednickom-ucionica-kao-laboratorija-promena\\\/\"]}]},{\"@type\":\"ImageObject\",\"inLanguage\":\"en-GB\",\"@id\":\"https:\\\/\\\/www.klarairosa.com\\\/o-zajednickom-ucionica-kao-laboratorija-promena\\\/#primaryimage\",\"url\":\"https:\\\/\\\/www.klarairosa.com\\\/wp-content\\\/uploads\\\/2025\\\/06\\\/GOAT-GRAB-1352-x-1005-px-1.jpg\",\"contentUrl\":\"https:\\\/\\\/www.klarairosa.com\\\/wp-content\\\/uploads\\\/2025\\\/06\\\/GOAT-GRAB-1352-x-1005-px-1.jpg\",\"width\":1352,\"height\":1005},{\"@type\":\"BreadcrumbList\",\"@id\":\"https:\\\/\\\/www.klarairosa.com\\\/o-zajednickom-ucionica-kao-laboratorija-promena\\\/#breadcrumb\",\"itemListElement\":[{\"@type\":\"ListItem\",\"position\":1,\"name\":\"Home\",\"item\":\"https:\\\/\\\/www.klarairosa.com\\\/\"},{\"@type\":\"ListItem\",\"position\":2,\"name\":\"O zajedni\u010dkom: U\u010dionica kao laboratorija promena\"}]},{\"@type\":\"WebSite\",\"@id\":\"https:\\\/\\\/www.klarairosa.com\\\/en\\\/#website\",\"url\":\"https:\\\/\\\/www.klarairosa.com\\\/en\\\/\",\"name\":\"Klara i Rosa\",\"description\":\"Klara i Rosa\",\"publisher\":{\"@id\":\"https:\\\/\\\/www.klarairosa.com\\\/en\\\/#organization\"},\"potentialAction\":[{\"@type\":\"SearchAction\",\"target\":{\"@type\":\"EntryPoint\",\"urlTemplate\":\"https:\\\/\\\/www.klarairosa.com\\\/en\\\/?s={search_term_string}\"},\"query-input\":{\"@type\":\"PropertyValueSpecification\",\"valueRequired\":true,\"valueName\":\"search_term_string\"}}],\"inLanguage\":\"en-GB\"},{\"@type\":\"Organization\",\"@id\":\"https:\\\/\\\/www.klarairosa.com\\\/en\\\/#organization\",\"name\":\"Klara i Rosa\",\"url\":\"https:\\\/\\\/www.klarairosa.com\\\/en\\\/\",\"logo\":{\"@type\":\"ImageObject\",\"inLanguage\":\"en-GB\",\"@id\":\"https:\\\/\\\/www.klarairosa.com\\\/en\\\/#\\\/schema\\\/logo\\\/image\\\/\",\"url\":\"https:\\\/\\\/www.klarairosa.com\\\/wp-content\\\/uploads\\\/2022\\\/01\\\/logo.svg\",\"contentUrl\":\"https:\\\/\\\/www.klarairosa.com\\\/wp-content\\\/uploads\\\/2022\\\/01\\\/logo.svg\",\"width\":110,\"height\":139,\"caption\":\"Klara i Rosa\"},\"image\":{\"@id\":\"https:\\\/\\\/www.klarairosa.com\\\/en\\\/#\\\/schema\\\/logo\\\/image\\\/\"},\"sameAs\":[\"https:\\\/\\\/www.facebook.com\\\/klarairosa\\\/\",\"https:\\\/\\\/www.instagram.com\\\/ugklarairosa\\\/\"]},{\"@type\":\"Person\",\"@id\":\"https:\\\/\\\/www.klarairosa.com\\\/en\\\/#\\\/schema\\\/person\\\/e4e7e9e5c8eeeddccf61e4532ae8e6ed\",\"name\":\"Klara i Rosa\",\"image\":{\"@type\":\"ImageObject\",\"inLanguage\":\"en-GB\",\"@id\":\"https:\\\/\\\/secure.gravatar.com\\\/avatar\\\/c83ee539a067b9f57ae5d8999ae286c4f98b5c4bd943b8cbb64f6b0fc1f29e40?s=96&d=mm&r=g\",\"url\":\"https:\\\/\\\/secure.gravatar.com\\\/avatar\\\/c83ee539a067b9f57ae5d8999ae286c4f98b5c4bd943b8cbb64f6b0fc1f29e40?s=96&d=mm&r=g\",\"contentUrl\":\"https:\\\/\\\/secure.gravatar.com\\\/avatar\\\/c83ee539a067b9f57ae5d8999ae286c4f98b5c4bd943b8cbb64f6b0fc1f29e40?s=96&d=mm&r=g\",\"caption\":\"Klara i Rosa\"},\"sameAs\":[\"https:\\\/\\\/klarairosa.com\"],\"url\":\"https:\\\/\\\/www.klarairosa.com\\\/en\\\/author\\\/rosaiklara\\\/\"}]}<\/script>\n<!-- \/ Yoast SEO plugin. -->","yoast_head_json":{"title":"O zajedni\u010dkom: U\u010dionica kao laboratorija promena - Klara i Rosa","robots":{"index":"index","follow":"follow","max-snippet":"max-snippet:-1","max-image-preview":"max-image-preview:large","max-video-preview":"max-video-preview:-1"},"canonical":"https:\/\/www.klarairosa.com\/en\/o-zajednickom-ucionica-kao-laboratorija-promena\/","og_locale":"en_GB","og_type":"article","og_title":"O zajedni\u010dkom: U\u010dionica kao laboratorija promena - Klara i Rosa","og_description":"U ciklusu razgovora O zajedni\u010dkom, u \u010detvrtak, 19. juna od 19 \u010dasova, u prostoru Klare...","og_url":"https:\/\/www.klarairosa.com\/en\/o-zajednickom-ucionica-kao-laboratorija-promena\/","og_site_name":"Klara i Rosa","article_publisher":"https:\/\/www.facebook.com\/klarairosa\/","article_published_time":"2025-06-09T12:20:20+00:00","article_modified_time":"2025-12-18T14:59:15+00:00","og_image":[{"width":1352,"height":1005,"url":"https:\/\/www.klarairosa.com\/wp-content\/uploads\/2025\/06\/GOAT-GRAB-1352-x-1005-px-1.jpg","type":"image\/jpeg"}],"author":"Klara i Rosa","twitter_card":"summary_large_image","twitter_misc":{"Written by":"Klara i Rosa","Estimated reading time":"2 minutes"},"schema":{"@context":"https:\/\/schema.org","@graph":[{"@type":"Article","@id":"https:\/\/www.klarairosa.com\/o-zajednickom-ucionica-kao-laboratorija-promena\/#article","isPartOf":{"@id":"https:\/\/www.klarairosa.com\/o-zajednickom-ucionica-kao-laboratorija-promena\/"},"author":{"name":"Klara i Rosa","@id":"https:\/\/www.klarairosa.com\/en\/#\/schema\/person\/e4e7e9e5c8eeeddccf61e4532ae8e6ed"},"headline":"O zajedni\u010dkom: U\u010dionica kao laboratorija promena","datePublished":"2025-06-09T12:20:20+00:00","dateModified":"2025-12-18T14:59:15+00:00","mainEntityOfPage":{"@id":"https:\/\/www.klarairosa.com\/o-zajednickom-ucionica-kao-laboratorija-promena\/"},"wordCount":408,"publisher":{"@id":"https:\/\/www.klarairosa.com\/en\/#organization"},"image":{"@id":"https:\/\/www.klarairosa.com\/o-zajednickom-ucionica-kao-laboratorija-promena\/#primaryimage"},"thumbnailUrl":"https:\/\/www.klarairosa.com\/wp-content\/uploads\/2025\/06\/GOAT-GRAB-1352-x-1005-px-1.jpg","keywords":["aktivno dru\u0161tvo","community","Klara i Rosa","o zajednickom","obrazovanje","subotica","tribina"],"articleSection":["Aktuelno"],"inLanguage":"en-GB"},{"@type":"WebPage","@id":"https:\/\/www.klarairosa.com\/o-zajednickom-ucionica-kao-laboratorija-promena\/","url":"https:\/\/www.klarairosa.com\/o-zajednickom-ucionica-kao-laboratorija-promena\/","name":"O zajedni\u010dkom: U\u010dionica kao laboratorija promena - Klara i Rosa","isPartOf":{"@id":"https:\/\/www.klarairosa.com\/en\/#website"},"primaryImageOfPage":{"@id":"https:\/\/www.klarairosa.com\/o-zajednickom-ucionica-kao-laboratorija-promena\/#primaryimage"},"image":{"@id":"https:\/\/www.klarairosa.com\/o-zajednickom-ucionica-kao-laboratorija-promena\/#primaryimage"},"thumbnailUrl":"https:\/\/www.klarairosa.com\/wp-content\/uploads\/2025\/06\/GOAT-GRAB-1352-x-1005-px-1.jpg","datePublished":"2025-06-09T12:20:20+00:00","dateModified":"2025-12-18T14:59:15+00:00","breadcrumb":{"@id":"https:\/\/www.klarairosa.com\/o-zajednickom-ucionica-kao-laboratorija-promena\/#breadcrumb"},"inLanguage":"en-GB","potentialAction":[{"@type":"ReadAction","target":["https:\/\/www.klarairosa.com\/o-zajednickom-ucionica-kao-laboratorija-promena\/"]}]},{"@type":"ImageObject","inLanguage":"en-GB","@id":"https:\/\/www.klarairosa.com\/o-zajednickom-ucionica-kao-laboratorija-promena\/#primaryimage","url":"https:\/\/www.klarairosa.com\/wp-content\/uploads\/2025\/06\/GOAT-GRAB-1352-x-1005-px-1.jpg","contentUrl":"https:\/\/www.klarairosa.com\/wp-content\/uploads\/2025\/06\/GOAT-GRAB-1352-x-1005-px-1.jpg","width":1352,"height":1005},{"@type":"BreadcrumbList","@id":"https:\/\/www.klarairosa.com\/o-zajednickom-ucionica-kao-laboratorija-promena\/#breadcrumb","itemListElement":[{"@type":"ListItem","position":1,"name":"Home","item":"https:\/\/www.klarairosa.com\/"},{"@type":"ListItem","position":2,"name":"O zajedni\u010dkom: U\u010dionica kao laboratorija promena"}]},{"@type":"WebSite","@id":"https:\/\/www.klarairosa.com\/en\/#website","url":"https:\/\/www.klarairosa.com\/en\/","name":"Klara i Rosa","description":"Klara i Rosa","publisher":{"@id":"https:\/\/www.klarairosa.com\/en\/#organization"},"potentialAction":[{"@type":"SearchAction","target":{"@type":"EntryPoint","urlTemplate":"https:\/\/www.klarairosa.com\/en\/?s={search_term_string}"},"query-input":{"@type":"PropertyValueSpecification","valueRequired":true,"valueName":"search_term_string"}}],"inLanguage":"en-GB"},{"@type":"Organization","@id":"https:\/\/www.klarairosa.com\/en\/#organization","name":"Klara i Rosa","url":"https:\/\/www.klarairosa.com\/en\/","logo":{"@type":"ImageObject","inLanguage":"en-GB","@id":"https:\/\/www.klarairosa.com\/en\/#\/schema\/logo\/image\/","url":"https:\/\/www.klarairosa.com\/wp-content\/uploads\/2022\/01\/logo.svg","contentUrl":"https:\/\/www.klarairosa.com\/wp-content\/uploads\/2022\/01\/logo.svg","width":110,"height":139,"caption":"Klara i Rosa"},"image":{"@id":"https:\/\/www.klarairosa.com\/en\/#\/schema\/logo\/image\/"},"sameAs":["https:\/\/www.facebook.com\/klarairosa\/","https:\/\/www.instagram.com\/ugklarairosa\/"]},{"@type":"Person","@id":"https:\/\/www.klarairosa.com\/en\/#\/schema\/person\/e4e7e9e5c8eeeddccf61e4532ae8e6ed","name":"Klara i Rosa","image":{"@type":"ImageObject","inLanguage":"en-GB","@id":"https:\/\/secure.gravatar.com\/avatar\/c83ee539a067b9f57ae5d8999ae286c4f98b5c4bd943b8cbb64f6b0fc1f29e40?s=96&d=mm&r=g","url":"https:\/\/secure.gravatar.com\/avatar\/c83ee539a067b9f57ae5d8999ae286c4f98b5c4bd943b8cbb64f6b0fc1f29e40?s=96&d=mm&r=g","contentUrl":"https:\/\/secure.gravatar.com\/avatar\/c83ee539a067b9f57ae5d8999ae286c4f98b5c4bd943b8cbb64f6b0fc1f29e40?s=96&d=mm&r=g","caption":"Klara i Rosa"},"sameAs":["https:\/\/klarairosa.com"],"url":"https:\/\/www.klarairosa.com\/en\/author\/rosaiklara\/"}]}},"_links":{"self":[{"href":"https:\/\/www.klarairosa.com\/en\/wp-json\/wp\/v2\/posts\/23007","targetHints":{"allow":["GET"]}}],"collection":[{"href":"https:\/\/www.klarairosa.com\/en\/wp-json\/wp\/v2\/posts"}],"about":[{"href":"https:\/\/www.klarairosa.com\/en\/wp-json\/wp\/v2\/types\/post"}],"author":[{"embeddable":true,"href":"https:\/\/www.klarairosa.com\/en\/wp-json\/wp\/v2\/users\/1"}],"replies":[{"embeddable":true,"href":"https:\/\/www.klarairosa.com\/en\/wp-json\/wp\/v2\/comments?post=23007"}],"version-history":[{"count":5,"href":"https:\/\/www.klarairosa.com\/en\/wp-json\/wp\/v2\/posts\/23007\/revisions"}],"predecessor-version":[{"id":24012,"href":"https:\/\/www.klarairosa.com\/en\/wp-json\/wp\/v2\/posts\/23007\/revisions\/24012"}],"wp:featuredmedia":[{"embeddable":true,"href":"https:\/\/www.klarairosa.com\/en\/wp-json\/wp\/v2\/media\/23008"}],"wp:attachment":[{"href":"https:\/\/www.klarairosa.com\/en\/wp-json\/wp\/v2\/media?parent=23007"}],"wp:term":[{"taxonomy":"category","embeddable":true,"href":"https:\/\/www.klarairosa.com\/en\/wp-json\/wp\/v2\/categories?post=23007"},{"taxonomy":"post_tag","embeddable":true,"href":"https:\/\/www.klarairosa.com\/en\/wp-json\/wp\/v2\/tags?post=23007"}],"curies":[{"name":"wp","href":"https:\/\/api.w.org\/{rel}","templated":true}]}}