{"id":23004,"date":"2025-06-10T09:27:30","date_gmt":"2025-06-10T09:27:30","guid":{"rendered":"https:\/\/www.klarairosa.com\/?p=23004"},"modified":"2025-06-11T07:31:00","modified_gmt":"2025-06-11T07:31:00","slug":"gradionica-prica-o-nama","status":"publish","type":"post","link":"https:\/\/www.klarairosa.com\/en\/gradionica-prica-o-nama\/","title":{"rendered":"GRADIONICA: THE STORY ABOUT US"},"content":{"rendered":"<p class=\" translation-block\">After a year-long creative process and a variety of experiences shared by a group of seven young primary school students, we are proud to present the public class of Gradionica titled \u201cThe Story About Us.\u201d The presentation will take place at the Klara and Rosa space (Petefi \u0160andora 15, Subotica) on Saturday, June 14 at 19:00 and on Sunday, June 15 at 18:00.<\/p>\n<p>.<\/p>\n<p><strong>Because space is limited, registration is required via email: klarairosa@gmail.com\u00a0<\/strong><\/p>\n<p>.<\/p>\n<p class=\" translation-block\"><span style=\"font-weight: 400;\">Gradionica je \u0161kola kreativnog razvoja koja ve\u0107 drugu godinu za redom okuplja osnovce spremne da istra\u017euju, razmi\u0161ljaju, izraze se i rastu kroz igru, umetnost i zajedni\u0161tvo.<\/span><span style=\"font-weight: 400;\"><br>\r\n<\/span><span style=\"font-weight: 400;\">Da,&nbsp; Gradionica je \u201e\u0161kola\u201c jer ispituje i redefini\u0161e pojam \u0161kole \u2013 da li \u0161kola mo\u017ee biti druga\u010dija? Odvija li se u\u010denje isklju\u010divo u jednom smeru? Da li su samo odrasli predava\u010di? Mo\u017eemo li u\u010diti jedni od drugih? Mo\u017eemo li kroz igru \u2013 ozbiljno da rastemo? Mora li \u0161kola biti dosadna, ograni\u010davaju\u0107a i bazirana na ocenama?<\/span><\/p>\n<p><span style=\"font-weight: 400;\">\u201cThe Story About Us\u201d is an original project created by the participants themselves. The form combines elements of fiction and documentary, digital and physical, text, music, and movement\u2014entirely shaped through their collective creative process. In this way, the participants speak boldly in their own name and in the name of their generation, without hiding behind the words of an \u201cadult\u201d author.\u00a0<\/span><\/p>\n<p>.<\/p>\n<p><span style=\"font-weight: 400;\">It is a story about school, feelings, problems and injustices, boundaries and the in-between space between childhood and adulthood\u2014the \u201cno-man\u2019s land\u201d where our primary schoolers find themselves, being neither small nor big.<\/span><\/p>\n<p><span style=\"font-weight: 400;\">It is a story about us, but also about you who are watching.<\/span><\/p>\n<p>.<\/p>\n<p><span style=\"font-weight: 400;\">The protagonists of \u201cThe Story About Us\u201d are creators, authors, and initiators\u2014and this is precisely the goal of Gradionica: to encourage, nurture, and develop thoughtful, creative, and courageous human beings.<\/span><\/p>\n<p>.<\/p>\n<p class=\" translation-block\">Performed by:\nHana Ciganjik, Petar Crnkovi\u0107, Petra Babi\u0107, Pablo Gol\u010devski, Ena Lu\u010di\u0107, Adam Ciganjik, and An\u0111ela Luka\u010devi\u0107<\/p>\n<p class=\" translation-block\">Text and songs:\nHana Ciganjik, Petar Crnkovi\u0107, Petra Babi\u0107, Pablo Gol\u010devski, Ena Lu\u010di\u0107, Adam Ciganjik, and An\u0111ela Luka\u010devi\u0107<\/p>\n<p class=\" translation-block\">Music and video: Anamarija Tumbas<\/p>\n<p class=\" translation-block\">O, how nice it would be: Gloria Lindeman<\/p>\n<p class=\" translation-block\">Creative process leader: Gordana Vukov Ciganjik<\/p>\n<p class=\" translation-block\">Prompter: Milica Vu\u010dini\u0107<\/p>\n<p class=\" translation-block\">Light and sound: Lana \u0160ar\u010devi\u0107<\/p>","protected":false},"excerpt":{"rendered":"<p>Nakon jednogodi\u0161njeg kreativnog procesa i raznolikih iskustava sedmo\u010dlane grupe mladih osnovaca, sa ponosom predstavljamo javni&#8230;<\/p>","protected":false},"author":1,"featured_media":23005,"comment_status":"closed","ping_status":"closed","sticky":false,"template":"","format":"standard","meta":{"content-type":"","inline_featured_image":false,"footnotes":""},"categories":[109],"tags":[311,682,124,456,152,313],"class_list":["post-23004","post","type-post","status-publish","format-standard","has-post-thumbnail","hentry","category-aktuelno","tag-gradionica","tag-javni-cas","tag-klara-i-rosa","tag-predstava","tag-subotica","tag-youth"],"yoast_head":"<!-- This site is optimized with the Yoast SEO plugin v27.5 - https:\/\/yoast.com\/product\/yoast-seo-wordpress\/ -->\n<title>GRADIONICA: PRI\u010cA O NAMA - Klara i Rosa<\/title>\n<meta name=\"robots\" content=\"index, follow, max-snippet:-1, max-image-preview:large, max-video-preview:-1\" \/>\n<link rel=\"canonical\" href=\"https:\/\/www.klarairosa.com\/en\/gradionica-prica-o-nama\/\" \/>\n<meta property=\"og:locale\" content=\"en_GB\" \/>\n<meta property=\"og:type\" content=\"article\" \/>\n<meta property=\"og:title\" content=\"GRADIONICA: PRI\u010cA O NAMA - Klara i Rosa\" \/>\n<meta property=\"og:description\" content=\"Nakon jednogodi\u0161njeg kreativnog procesa i raznolikih iskustava sedmo\u010dlane grupe mladih osnovaca, sa ponosom predstavljamo javni...\" \/>\n<meta property=\"og:url\" content=\"https:\/\/www.klarairosa.com\/en\/gradionica-prica-o-nama\/\" \/>\n<meta property=\"og:site_name\" content=\"Klara i Rosa\" \/>\n<meta property=\"article:publisher\" content=\"https:\/\/www.facebook.com\/klarairosa\/\" \/>\n<meta property=\"article:published_time\" content=\"2025-06-10T09:27:30+00:00\" \/>\n<meta property=\"article:modified_time\" content=\"2025-06-11T07:31:00+00:00\" \/>\n<meta property=\"og:image\" content=\"https:\/\/www.klarairosa.com\/wp-content\/uploads\/2025\/06\/GRADIONICA-1.jpg\" \/>\n\t<meta property=\"og:image:width\" content=\"1352\" \/>\n\t<meta property=\"og:image:height\" content=\"1005\" \/>\n\t<meta property=\"og:image:type\" content=\"image\/jpeg\" \/>\n<meta name=\"author\" content=\"Klara i Rosa\" \/>\n<meta name=\"twitter:card\" content=\"summary_large_image\" \/>\n<meta name=\"twitter:label1\" content=\"Written by\" \/>\n\t<meta name=\"twitter:data1\" content=\"Klara i Rosa\" \/>\n\t<meta name=\"twitter:label2\" content=\"Estimated reading time\" \/>\n\t<meta name=\"twitter:data2\" content=\"2 minutes\" \/>\n<script type=\"application\/ld+json\" class=\"yoast-schema-graph\">{\"@context\":\"https:\\\/\\\/schema.org\",\"@graph\":[{\"@type\":\"Article\",\"@id\":\"https:\\\/\\\/www.klarairosa.com\\\/gradionica-prica-o-nama\\\/#article\",\"isPartOf\":{\"@id\":\"https:\\\/\\\/www.klarairosa.com\\\/gradionica-prica-o-nama\\\/\"},\"author\":{\"name\":\"Klara i Rosa\",\"@id\":\"https:\\\/\\\/www.klarairosa.com\\\/en\\\/#\\\/schema\\\/person\\\/e4e7e9e5c8eeeddccf61e4532ae8e6ed\"},\"headline\":\"GRADIONICA: PRI\u010cA O NAMA\",\"datePublished\":\"2025-06-10T09:27:30+00:00\",\"dateModified\":\"2025-06-11T07:31:00+00:00\",\"mainEntityOfPage\":{\"@id\":\"https:\\\/\\\/www.klarairosa.com\\\/gradionica-prica-o-nama\\\/\"},\"wordCount\":367,\"publisher\":{\"@id\":\"https:\\\/\\\/www.klarairosa.com\\\/en\\\/#organization\"},\"image\":{\"@id\":\"https:\\\/\\\/www.klarairosa.com\\\/gradionica-prica-o-nama\\\/#primaryimage\"},\"thumbnailUrl\":\"https:\\\/\\\/www.klarairosa.com\\\/wp-content\\\/uploads\\\/2025\\\/06\\\/GRADIONICA-1.jpg\",\"keywords\":[\"gradionica\",\"javni \u010das\",\"Klara i Rosa\",\"predstava\",\"subotica\",\"youth\"],\"articleSection\":[\"Aktuelno\"],\"inLanguage\":\"en-GB\"},{\"@type\":\"WebPage\",\"@id\":\"https:\\\/\\\/www.klarairosa.com\\\/gradionica-prica-o-nama\\\/\",\"url\":\"https:\\\/\\\/www.klarairosa.com\\\/gradionica-prica-o-nama\\\/\",\"name\":\"GRADIONICA: PRI\u010cA O NAMA - Klara i Rosa\",\"isPartOf\":{\"@id\":\"https:\\\/\\\/www.klarairosa.com\\\/en\\\/#website\"},\"primaryImageOfPage\":{\"@id\":\"https:\\\/\\\/www.klarairosa.com\\\/gradionica-prica-o-nama\\\/#primaryimage\"},\"image\":{\"@id\":\"https:\\\/\\\/www.klarairosa.com\\\/gradionica-prica-o-nama\\\/#primaryimage\"},\"thumbnailUrl\":\"https:\\\/\\\/www.klarairosa.com\\\/wp-content\\\/uploads\\\/2025\\\/06\\\/GRADIONICA-1.jpg\",\"datePublished\":\"2025-06-10T09:27:30+00:00\",\"dateModified\":\"2025-06-11T07:31:00+00:00\",\"breadcrumb\":{\"@id\":\"https:\\\/\\\/www.klarairosa.com\\\/gradionica-prica-o-nama\\\/#breadcrumb\"},\"inLanguage\":\"en-GB\",\"potentialAction\":[{\"@type\":\"ReadAction\",\"target\":[\"https:\\\/\\\/www.klarairosa.com\\\/gradionica-prica-o-nama\\\/\"]}]},{\"@type\":\"ImageObject\",\"inLanguage\":\"en-GB\",\"@id\":\"https:\\\/\\\/www.klarairosa.com\\\/gradionica-prica-o-nama\\\/#primaryimage\",\"url\":\"https:\\\/\\\/www.klarairosa.com\\\/wp-content\\\/uploads\\\/2025\\\/06\\\/GRADIONICA-1.jpg\",\"contentUrl\":\"https:\\\/\\\/www.klarairosa.com\\\/wp-content\\\/uploads\\\/2025\\\/06\\\/GRADIONICA-1.jpg\",\"width\":1352,\"height\":1005},{\"@type\":\"BreadcrumbList\",\"@id\":\"https:\\\/\\\/www.klarairosa.com\\\/gradionica-prica-o-nama\\\/#breadcrumb\",\"itemListElement\":[{\"@type\":\"ListItem\",\"position\":1,\"name\":\"Home\",\"item\":\"https:\\\/\\\/www.klarairosa.com\\\/\"},{\"@type\":\"ListItem\",\"position\":2,\"name\":\"GRADIONICA: PRI\u010cA O NAMA\"}]},{\"@type\":\"WebSite\",\"@id\":\"https:\\\/\\\/www.klarairosa.com\\\/en\\\/#website\",\"url\":\"https:\\\/\\\/www.klarairosa.com\\\/en\\\/\",\"name\":\"Klara i Rosa\",\"description\":\"Klara i Rosa\",\"publisher\":{\"@id\":\"https:\\\/\\\/www.klarairosa.com\\\/en\\\/#organization\"},\"potentialAction\":[{\"@type\":\"SearchAction\",\"target\":{\"@type\":\"EntryPoint\",\"urlTemplate\":\"https:\\\/\\\/www.klarairosa.com\\\/en\\\/?s={search_term_string}\"},\"query-input\":{\"@type\":\"PropertyValueSpecification\",\"valueRequired\":true,\"valueName\":\"search_term_string\"}}],\"inLanguage\":\"en-GB\"},{\"@type\":\"Organization\",\"@id\":\"https:\\\/\\\/www.klarairosa.com\\\/en\\\/#organization\",\"name\":\"Klara i Rosa\",\"url\":\"https:\\\/\\\/www.klarairosa.com\\\/en\\\/\",\"logo\":{\"@type\":\"ImageObject\",\"inLanguage\":\"en-GB\",\"@id\":\"https:\\\/\\\/www.klarairosa.com\\\/en\\\/#\\\/schema\\\/logo\\\/image\\\/\",\"url\":\"https:\\\/\\\/www.klarairosa.com\\\/wp-content\\\/uploads\\\/2022\\\/01\\\/logo.svg\",\"contentUrl\":\"https:\\\/\\\/www.klarairosa.com\\\/wp-content\\\/uploads\\\/2022\\\/01\\\/logo.svg\",\"width\":110,\"height\":139,\"caption\":\"Klara i Rosa\"},\"image\":{\"@id\":\"https:\\\/\\\/www.klarairosa.com\\\/en\\\/#\\\/schema\\\/logo\\\/image\\\/\"},\"sameAs\":[\"https:\\\/\\\/www.facebook.com\\\/klarairosa\\\/\",\"https:\\\/\\\/www.instagram.com\\\/ugklarairosa\\\/\"]},{\"@type\":\"Person\",\"@id\":\"https:\\\/\\\/www.klarairosa.com\\\/en\\\/#\\\/schema\\\/person\\\/e4e7e9e5c8eeeddccf61e4532ae8e6ed\",\"name\":\"Klara i Rosa\",\"image\":{\"@type\":\"ImageObject\",\"inLanguage\":\"en-GB\",\"@id\":\"https:\\\/\\\/secure.gravatar.com\\\/avatar\\\/c83ee539a067b9f57ae5d8999ae286c4f98b5c4bd943b8cbb64f6b0fc1f29e40?s=96&d=mm&r=g\",\"url\":\"https:\\\/\\\/secure.gravatar.com\\\/avatar\\\/c83ee539a067b9f57ae5d8999ae286c4f98b5c4bd943b8cbb64f6b0fc1f29e40?s=96&d=mm&r=g\",\"contentUrl\":\"https:\\\/\\\/secure.gravatar.com\\\/avatar\\\/c83ee539a067b9f57ae5d8999ae286c4f98b5c4bd943b8cbb64f6b0fc1f29e40?s=96&d=mm&r=g\",\"caption\":\"Klara i Rosa\"},\"sameAs\":[\"https:\\\/\\\/klarairosa.com\"],\"url\":\"https:\\\/\\\/www.klarairosa.com\\\/en\\\/author\\\/rosaiklara\\\/\"}]}<\/script>\n<!-- \/ Yoast SEO plugin. -->","yoast_head_json":{"title":"GRADIONICA: PRI\u010cA O NAMA - Klara i Rosa","robots":{"index":"index","follow":"follow","max-snippet":"max-snippet:-1","max-image-preview":"max-image-preview:large","max-video-preview":"max-video-preview:-1"},"canonical":"https:\/\/www.klarairosa.com\/en\/gradionica-prica-o-nama\/","og_locale":"en_GB","og_type":"article","og_title":"GRADIONICA: PRI\u010cA O NAMA - Klara i Rosa","og_description":"Nakon jednogodi\u0161njeg kreativnog procesa i raznolikih iskustava sedmo\u010dlane grupe mladih osnovaca, sa ponosom predstavljamo javni...","og_url":"https:\/\/www.klarairosa.com\/en\/gradionica-prica-o-nama\/","og_site_name":"Klara i Rosa","article_publisher":"https:\/\/www.facebook.com\/klarairosa\/","article_published_time":"2025-06-10T09:27:30+00:00","article_modified_time":"2025-06-11T07:31:00+00:00","og_image":[{"width":1352,"height":1005,"url":"https:\/\/www.klarairosa.com\/wp-content\/uploads\/2025\/06\/GRADIONICA-1.jpg","type":"image\/jpeg"}],"author":"Klara i Rosa","twitter_card":"summary_large_image","twitter_misc":{"Written by":"Klara i Rosa","Estimated reading time":"2 minutes"},"schema":{"@context":"https:\/\/schema.org","@graph":[{"@type":"Article","@id":"https:\/\/www.klarairosa.com\/gradionica-prica-o-nama\/#article","isPartOf":{"@id":"https:\/\/www.klarairosa.com\/gradionica-prica-o-nama\/"},"author":{"name":"Klara i Rosa","@id":"https:\/\/www.klarairosa.com\/en\/#\/schema\/person\/e4e7e9e5c8eeeddccf61e4532ae8e6ed"},"headline":"GRADIONICA: PRI\u010cA O NAMA","datePublished":"2025-06-10T09:27:30+00:00","dateModified":"2025-06-11T07:31:00+00:00","mainEntityOfPage":{"@id":"https:\/\/www.klarairosa.com\/gradionica-prica-o-nama\/"},"wordCount":367,"publisher":{"@id":"https:\/\/www.klarairosa.com\/en\/#organization"},"image":{"@id":"https:\/\/www.klarairosa.com\/gradionica-prica-o-nama\/#primaryimage"},"thumbnailUrl":"https:\/\/www.klarairosa.com\/wp-content\/uploads\/2025\/06\/GRADIONICA-1.jpg","keywords":["gradionica","javni \u010das","Klara i Rosa","predstava","subotica","youth"],"articleSection":["Aktuelno"],"inLanguage":"en-GB"},{"@type":"WebPage","@id":"https:\/\/www.klarairosa.com\/gradionica-prica-o-nama\/","url":"https:\/\/www.klarairosa.com\/gradionica-prica-o-nama\/","name":"GRADIONICA: PRI\u010cA O NAMA - Klara i Rosa","isPartOf":{"@id":"https:\/\/www.klarairosa.com\/en\/#website"},"primaryImageOfPage":{"@id":"https:\/\/www.klarairosa.com\/gradionica-prica-o-nama\/#primaryimage"},"image":{"@id":"https:\/\/www.klarairosa.com\/gradionica-prica-o-nama\/#primaryimage"},"thumbnailUrl":"https:\/\/www.klarairosa.com\/wp-content\/uploads\/2025\/06\/GRADIONICA-1.jpg","datePublished":"2025-06-10T09:27:30+00:00","dateModified":"2025-06-11T07:31:00+00:00","breadcrumb":{"@id":"https:\/\/www.klarairosa.com\/gradionica-prica-o-nama\/#breadcrumb"},"inLanguage":"en-GB","potentialAction":[{"@type":"ReadAction","target":["https:\/\/www.klarairosa.com\/gradionica-prica-o-nama\/"]}]},{"@type":"ImageObject","inLanguage":"en-GB","@id":"https:\/\/www.klarairosa.com\/gradionica-prica-o-nama\/#primaryimage","url":"https:\/\/www.klarairosa.com\/wp-content\/uploads\/2025\/06\/GRADIONICA-1.jpg","contentUrl":"https:\/\/www.klarairosa.com\/wp-content\/uploads\/2025\/06\/GRADIONICA-1.jpg","width":1352,"height":1005},{"@type":"BreadcrumbList","@id":"https:\/\/www.klarairosa.com\/gradionica-prica-o-nama\/#breadcrumb","itemListElement":[{"@type":"ListItem","position":1,"name":"Home","item":"https:\/\/www.klarairosa.com\/"},{"@type":"ListItem","position":2,"name":"GRADIONICA: PRI\u010cA O NAMA"}]},{"@type":"WebSite","@id":"https:\/\/www.klarairosa.com\/en\/#website","url":"https:\/\/www.klarairosa.com\/en\/","name":"Klara i Rosa","description":"Klara i Rosa","publisher":{"@id":"https:\/\/www.klarairosa.com\/en\/#organization"},"potentialAction":[{"@type":"SearchAction","target":{"@type":"EntryPoint","urlTemplate":"https:\/\/www.klarairosa.com\/en\/?s={search_term_string}"},"query-input":{"@type":"PropertyValueSpecification","valueRequired":true,"valueName":"search_term_string"}}],"inLanguage":"en-GB"},{"@type":"Organization","@id":"https:\/\/www.klarairosa.com\/en\/#organization","name":"Klara i Rosa","url":"https:\/\/www.klarairosa.com\/en\/","logo":{"@type":"ImageObject","inLanguage":"en-GB","@id":"https:\/\/www.klarairosa.com\/en\/#\/schema\/logo\/image\/","url":"https:\/\/www.klarairosa.com\/wp-content\/uploads\/2022\/01\/logo.svg","contentUrl":"https:\/\/www.klarairosa.com\/wp-content\/uploads\/2022\/01\/logo.svg","width":110,"height":139,"caption":"Klara i Rosa"},"image":{"@id":"https:\/\/www.klarairosa.com\/en\/#\/schema\/logo\/image\/"},"sameAs":["https:\/\/www.facebook.com\/klarairosa\/","https:\/\/www.instagram.com\/ugklarairosa\/"]},{"@type":"Person","@id":"https:\/\/www.klarairosa.com\/en\/#\/schema\/person\/e4e7e9e5c8eeeddccf61e4532ae8e6ed","name":"Klara i Rosa","image":{"@type":"ImageObject","inLanguage":"en-GB","@id":"https:\/\/secure.gravatar.com\/avatar\/c83ee539a067b9f57ae5d8999ae286c4f98b5c4bd943b8cbb64f6b0fc1f29e40?s=96&d=mm&r=g","url":"https:\/\/secure.gravatar.com\/avatar\/c83ee539a067b9f57ae5d8999ae286c4f98b5c4bd943b8cbb64f6b0fc1f29e40?s=96&d=mm&r=g","contentUrl":"https:\/\/secure.gravatar.com\/avatar\/c83ee539a067b9f57ae5d8999ae286c4f98b5c4bd943b8cbb64f6b0fc1f29e40?s=96&d=mm&r=g","caption":"Klara i Rosa"},"sameAs":["https:\/\/klarairosa.com"],"url":"https:\/\/www.klarairosa.com\/en\/author\/rosaiklara\/"}]}},"_links":{"self":[{"href":"https:\/\/www.klarairosa.com\/en\/wp-json\/wp\/v2\/posts\/23004","targetHints":{"allow":["GET"]}}],"collection":[{"href":"https:\/\/www.klarairosa.com\/en\/wp-json\/wp\/v2\/posts"}],"about":[{"href":"https:\/\/www.klarairosa.com\/en\/wp-json\/wp\/v2\/types\/post"}],"author":[{"embeddable":true,"href":"https:\/\/www.klarairosa.com\/en\/wp-json\/wp\/v2\/users\/1"}],"replies":[{"embeddable":true,"href":"https:\/\/www.klarairosa.com\/en\/wp-json\/wp\/v2\/comments?post=23004"}],"version-history":[{"count":2,"href":"https:\/\/www.klarairosa.com\/en\/wp-json\/wp\/v2\/posts\/23004\/revisions"}],"predecessor-version":[{"id":23012,"href":"https:\/\/www.klarairosa.com\/en\/wp-json\/wp\/v2\/posts\/23004\/revisions\/23012"}],"wp:featuredmedia":[{"embeddable":true,"href":"https:\/\/www.klarairosa.com\/en\/wp-json\/wp\/v2\/media\/23005"}],"wp:attachment":[{"href":"https:\/\/www.klarairosa.com\/en\/wp-json\/wp\/v2\/media?parent=23004"}],"wp:term":[{"taxonomy":"category","embeddable":true,"href":"https:\/\/www.klarairosa.com\/en\/wp-json\/wp\/v2\/categories?post=23004"},{"taxonomy":"post_tag","embeddable":true,"href":"https:\/\/www.klarairosa.com\/en\/wp-json\/wp\/v2\/tags?post=23004"}],"curies":[{"name":"wp","href":"https:\/\/api.w.org\/{rel}","templated":true}]}}