{"id":22987,"date":"2025-06-05T10:46:53","date_gmt":"2025-06-05T10:46:53","guid":{"rendered":"https:\/\/www.klarairosa.com\/?p=22987"},"modified":"2025-06-05T10:46:53","modified_gmt":"2025-06-05T10:46:53","slug":"tribina-osnazivanje-lbti-zena-u-borbi-protiv-rodno-zasnovanog-nasilja","status":"publish","type":"post","link":"https:\/\/www.klarairosa.com\/en\/tribina-osnazivanje-lbti-zena-u-borbi-protiv-rodno-zasnovanog-nasilja\/","title":{"rendered":"Tribina: Osna\u017eivanje LBTI \u017eena u borbi protiv rodno zasnovanog nasilja"},"content":{"rendered":"<div class=\"xdj266r x11i5rnm xat24cr x1mh8g0r x1vvkbs x126k92a\">\n<div dir=\"auto\" style=\"text-align: justify;\">\n<div class=\"x11i5rnm xat24cr x1mh8g0r x1vvkbs xtlvy1s x126k92a\">\n<div dir=\"auto\">\n<div class=\"xdj266r x11i5rnm xat24cr x1mh8g0r x1vvkbs x126k92a\">\n<div dir=\"auto\">\n<p data-start=\"258\" data-end=\"582\">Pozivamo vas na tribinu <strong data-start=\"282\" data-end=\"349\">\u201eOsna\u017eivanje LBTI \u017eena u borbi protiv rodno zasnovanog nasilja\u201c<\/strong>, koja \u0107e se odr\u017eati <strong>u ponedeljak, 9. juna u 18 \u010dasova, u prostoru Klare i Rose (Petefi \u0160andora 15)<\/strong>. Ovaj doga\u0111aj deo je projekta koji ima za cilj da osna\u017ei LBTI \u017eene u Vojvodini i pru\u017ei im informacije, podr\u0161ku i konkretne alate za borbu protiv nasilja.<\/p>\n<p data-start=\"258\" data-end=\"582\">.<\/p>\n<p data-start=\"584\" data-end=\"821\">Na tribini \u0107e se govoriti o mehanizmima podr\u0161ke za LBTI \u017eene koje se suo\u010davaju s rodno zasnovanim nasiljem, kao i o va\u017enosti informisanja, prijavljivanja nasilja i pristupa besplatnoj psiholo\u0161koj, pravnoj i, po potrebi, fizi\u010dkoj za\u0161titi.<\/p>\n<p data-start=\"584\" data-end=\"821\">.<\/p>\n<h4 data-start=\"823\" data-end=\"841\">Govornice:<\/h4>\n<p>.<\/p>\n<ul data-start=\"842\" data-end=\"1057\">\n<li data-start=\"842\" data-end=\"926\">\n<p data-start=\"844\" data-end=\"926\"><strong data-start=\"844\" data-end=\"858\">An\u0111ela \u010ceh<\/strong> \u2013 aktivistkinja, psihodramska psihoterapeutkinja pod supervizijom<\/p>\n<\/li>\n<li data-start=\"927\" data-end=\"996\">\n<p data-start=\"929\" data-end=\"996\"><strong data-start=\"929\" data-end=\"947\">Helena Vukovi\u0107<\/strong> \u2013 aktivistkinja, izvr\u0161na direktorka L*Communio<\/p>\n<\/li>\n<li data-start=\"997\" data-end=\"1057\">\n<p data-start=\"999\" data-end=\"1057\"><strong data-start=\"999\" data-end=\"1019\">Mina Velimirovi\u0107<\/strong> \u2013 master psiholo\u0161kinja, Alma centar<\/p>\n<\/li>\n<\/ul>\n<p data-start=\"1059\" data-end=\"1096\"><strong data-start=\"1065\" data-end=\"1096\">Moderira: Dejana Pakledinac<\/strong><\/p>\n<p data-start=\"1059\" data-end=\"1096\">.<\/p>\n<p data-start=\"1098\" data-end=\"1407\">Organizacija <strong data-start=\"1136\" data-end=\"1150\">L*Communio<\/strong> iz Novog Sada se zala\u017ee za promociju i za\u0161titu prava lezbejki, biseksualnih, trans, nebinarnih i interseks \u017eena. L*Communio aktivno radi na osna\u017eivanju zajednice kroz edukaciju, kulturno-umetni\u010dke programe i pru\u017eanje direktne podr\u0161ke \u017ertvama nasilja.<\/p>\n<p data-start=\"1098\" data-end=\"1407\">.<\/p>\n<h4 data-start=\"1409\" data-end=\"1442\">Za\u0161to je va\u017eno da do\u0111ete?<\/h4>\n<p>.<\/p>\n<ul data-start=\"1443\" data-end=\"1705\">\n<li data-start=\"1443\" data-end=\"1497\">\n<p data-start=\"1445\" data-end=\"1497\">Da saznate koja prava imate i kako da ih ostvarite<\/p>\n<\/li>\n<li data-start=\"1498\" data-end=\"1578\">\n<p data-start=\"1500\" data-end=\"1578\">Da saznate kako da prijavite nasilje, bez obzira na sredinu iz koje dolazite<\/p>\n<\/li>\n<li data-start=\"1579\" data-end=\"1646\">\n<p data-start=\"1581\" data-end=\"1646\">Da upoznate mre\u017eu podr\u0161ke koja postoji za LBTI \u017eene u Vojvodini<\/p>\n<\/li>\n<li data-start=\"1647\" data-end=\"1705\">\n<p data-start=\"1649\" data-end=\"1705\">Da u\u010destvujete u otvorenom razgovoru i postavite pitanja<\/p>\n<\/li>\n<\/ul>\n<p>.<\/p>\n<p data-start=\"1707\" data-end=\"1788\"><strong data-start=\"1710\" data-end=\"1788\">Ovo je siguran prostor za razgovor, razmenu i osna\u017eivanje. Dobrodo\u0161le ste!<\/strong><\/p>\n<\/div>\n<\/div>\n<\/div>\n<\/div>\n<div class=\"x11i5rnm xat24cr x1mh8g0r x1vvkbs xtlvy1s x126k92a\">\n<div dir=\"auto\"><\/div>\n<div dir=\"auto\"><\/div>\n<div dir=\"auto\"><\/div>\n<\/div>\n<\/div>\n<\/div>","protected":false},"excerpt":{"rendered":"<p>Pozivamo vas na tribinu \u201eOsna\u017eivanje LBTI \u017eena u borbi protiv rodno zasnovanog nasilja\u201c, koja \u0107e&#8230;<\/p>","protected":false},"author":1,"featured_media":22988,"comment_status":"closed","ping_status":"closed","sticky":false,"template":"","format":"standard","meta":{"content-type":"","inline_featured_image":false,"footnotes":""},"categories":[109],"tags":[282,124,678,679,177,152,165],"class_list":["post-22987","post","type-post","status-publish","format-standard","has-post-thumbnail","hentry","category-aktuelno","tag-community","tag-klara-i-rosa","tag-lcommunio","tag-lbti","tag-novi-sad","tag-subotica","tag-tribina"],"yoast_head":"<!-- This site is optimized with the Yoast SEO plugin v27.5 - https:\/\/yoast.com\/product\/yoast-seo-wordpress\/ -->\n<title>Tribina: Osna\u017eivanje LBTI \u017eena u borbi protiv rodno zasnovanog nasilja - Klara i Rosa<\/title>\n<meta name=\"robots\" content=\"index, follow, max-snippet:-1, max-image-preview:large, max-video-preview:-1\" \/>\n<link rel=\"canonical\" href=\"https:\/\/www.klarairosa.com\/en\/tribina-osnazivanje-lbti-zena-u-borbi-protiv-rodno-zasnovanog-nasilja\/\" \/>\n<meta property=\"og:locale\" content=\"en_GB\" \/>\n<meta property=\"og:type\" content=\"article\" \/>\n<meta property=\"og:title\" content=\"Tribina: Osna\u017eivanje LBTI \u017eena u borbi protiv rodno zasnovanog nasilja - Klara i Rosa\" \/>\n<meta property=\"og:description\" content=\"Pozivamo vas na tribinu \u201eOsna\u017eivanje LBTI \u017eena u borbi protiv rodno zasnovanog nasilja\u201c, koja \u0107e...\" \/>\n<meta property=\"og:url\" content=\"https:\/\/www.klarairosa.com\/en\/tribina-osnazivanje-lbti-zena-u-borbi-protiv-rodno-zasnovanog-nasilja\/\" \/>\n<meta property=\"og:site_name\" content=\"Klara i Rosa\" \/>\n<meta property=\"article:publisher\" content=\"https:\/\/www.facebook.com\/klarairosa\/\" \/>\n<meta property=\"article:published_time\" content=\"2025-06-05T10:46:53+00:00\" \/>\n<meta property=\"og:image\" content=\"https:\/\/www.klarairosa.com\/wp-content\/uploads\/2025\/06\/Beige-Red-Refined-Scrapbook-Daily-Vlog-YouTube-Thumbnail.jpg\" \/>\n\t<meta property=\"og:image:width\" content=\"1352\" \/>\n\t<meta property=\"og:image:height\" content=\"1005\" \/>\n\t<meta property=\"og:image:type\" content=\"image\/jpeg\" \/>\n<meta name=\"author\" content=\"Klara i Rosa\" \/>\n<meta name=\"twitter:card\" content=\"summary_large_image\" \/>\n<meta name=\"twitter:label1\" content=\"Written by\" \/>\n\t<meta name=\"twitter:data1\" content=\"Klara i Rosa\" \/>\n\t<meta name=\"twitter:label2\" content=\"Estimated reading time\" \/>\n\t<meta name=\"twitter:data2\" content=\"1 minute\" \/>\n<script type=\"application\/ld+json\" class=\"yoast-schema-graph\">{\"@context\":\"https:\\\/\\\/schema.org\",\"@graph\":[{\"@type\":\"Article\",\"@id\":\"https:\\\/\\\/www.klarairosa.com\\\/tribina-osnazivanje-lbti-zena-u-borbi-protiv-rodno-zasnovanog-nasilja\\\/#article\",\"isPartOf\":{\"@id\":\"https:\\\/\\\/www.klarairosa.com\\\/tribina-osnazivanje-lbti-zena-u-borbi-protiv-rodno-zasnovanog-nasilja\\\/\"},\"author\":{\"name\":\"Klara i Rosa\",\"@id\":\"https:\\\/\\\/www.klarairosa.com\\\/en\\\/#\\\/schema\\\/person\\\/e4e7e9e5c8eeeddccf61e4532ae8e6ed\"},\"headline\":\"Tribina: Osna\u017eivanje LBTI \u017eena u borbi protiv rodno zasnovanog nasilja\",\"datePublished\":\"2025-06-05T10:46:53+00:00\",\"mainEntityOfPage\":{\"@id\":\"https:\\\/\\\/www.klarairosa.com\\\/tribina-osnazivanje-lbti-zena-u-borbi-protiv-rodno-zasnovanog-nasilja\\\/\"},\"wordCount\":250,\"publisher\":{\"@id\":\"https:\\\/\\\/www.klarairosa.com\\\/en\\\/#organization\"},\"image\":{\"@id\":\"https:\\\/\\\/www.klarairosa.com\\\/tribina-osnazivanje-lbti-zena-u-borbi-protiv-rodno-zasnovanog-nasilja\\\/#primaryimage\"},\"thumbnailUrl\":\"https:\\\/\\\/www.klarairosa.com\\\/wp-content\\\/uploads\\\/2025\\\/06\\\/Beige-Red-Refined-Scrapbook-Daily-Vlog-YouTube-Thumbnail.jpg\",\"keywords\":[\"community\",\"Klara i Rosa\",\"l'communio\",\"lbti\",\"novi sad\",\"subotica\",\"tribina\"],\"articleSection\":[\"Aktuelno\"],\"inLanguage\":\"en-GB\"},{\"@type\":\"WebPage\",\"@id\":\"https:\\\/\\\/www.klarairosa.com\\\/tribina-osnazivanje-lbti-zena-u-borbi-protiv-rodno-zasnovanog-nasilja\\\/\",\"url\":\"https:\\\/\\\/www.klarairosa.com\\\/tribina-osnazivanje-lbti-zena-u-borbi-protiv-rodno-zasnovanog-nasilja\\\/\",\"name\":\"Tribina: Osna\u017eivanje LBTI \u017eena u borbi protiv rodno zasnovanog nasilja - Klara i Rosa\",\"isPartOf\":{\"@id\":\"https:\\\/\\\/www.klarairosa.com\\\/en\\\/#website\"},\"primaryImageOfPage\":{\"@id\":\"https:\\\/\\\/www.klarairosa.com\\\/tribina-osnazivanje-lbti-zena-u-borbi-protiv-rodno-zasnovanog-nasilja\\\/#primaryimage\"},\"image\":{\"@id\":\"https:\\\/\\\/www.klarairosa.com\\\/tribina-osnazivanje-lbti-zena-u-borbi-protiv-rodno-zasnovanog-nasilja\\\/#primaryimage\"},\"thumbnailUrl\":\"https:\\\/\\\/www.klarairosa.com\\\/wp-content\\\/uploads\\\/2025\\\/06\\\/Beige-Red-Refined-Scrapbook-Daily-Vlog-YouTube-Thumbnail.jpg\",\"datePublished\":\"2025-06-05T10:46:53+00:00\",\"breadcrumb\":{\"@id\":\"https:\\\/\\\/www.klarairosa.com\\\/tribina-osnazivanje-lbti-zena-u-borbi-protiv-rodno-zasnovanog-nasilja\\\/#breadcrumb\"},\"inLanguage\":\"en-GB\",\"potentialAction\":[{\"@type\":\"ReadAction\",\"target\":[\"https:\\\/\\\/www.klarairosa.com\\\/tribina-osnazivanje-lbti-zena-u-borbi-protiv-rodno-zasnovanog-nasilja\\\/\"]}]},{\"@type\":\"ImageObject\",\"inLanguage\":\"en-GB\",\"@id\":\"https:\\\/\\\/www.klarairosa.com\\\/tribina-osnazivanje-lbti-zena-u-borbi-protiv-rodno-zasnovanog-nasilja\\\/#primaryimage\",\"url\":\"https:\\\/\\\/www.klarairosa.com\\\/wp-content\\\/uploads\\\/2025\\\/06\\\/Beige-Red-Refined-Scrapbook-Daily-Vlog-YouTube-Thumbnail.jpg\",\"contentUrl\":\"https:\\\/\\\/www.klarairosa.com\\\/wp-content\\\/uploads\\\/2025\\\/06\\\/Beige-Red-Refined-Scrapbook-Daily-Vlog-YouTube-Thumbnail.jpg\",\"width\":1352,\"height\":1005},{\"@type\":\"BreadcrumbList\",\"@id\":\"https:\\\/\\\/www.klarairosa.com\\\/tribina-osnazivanje-lbti-zena-u-borbi-protiv-rodno-zasnovanog-nasilja\\\/#breadcrumb\",\"itemListElement\":[{\"@type\":\"ListItem\",\"position\":1,\"name\":\"Home\",\"item\":\"https:\\\/\\\/www.klarairosa.com\\\/\"},{\"@type\":\"ListItem\",\"position\":2,\"name\":\"Tribina: Osna\u017eivanje LBTI \u017eena u borbi protiv rodno zasnovanog nasilja\"}]},{\"@type\":\"WebSite\",\"@id\":\"https:\\\/\\\/www.klarairosa.com\\\/en\\\/#website\",\"url\":\"https:\\\/\\\/www.klarairosa.com\\\/en\\\/\",\"name\":\"Klara i Rosa\",\"description\":\"Klara i Rosa\",\"publisher\":{\"@id\":\"https:\\\/\\\/www.klarairosa.com\\\/en\\\/#organization\"},\"potentialAction\":[{\"@type\":\"SearchAction\",\"target\":{\"@type\":\"EntryPoint\",\"urlTemplate\":\"https:\\\/\\\/www.klarairosa.com\\\/en\\\/?s={search_term_string}\"},\"query-input\":{\"@type\":\"PropertyValueSpecification\",\"valueRequired\":true,\"valueName\":\"search_term_string\"}}],\"inLanguage\":\"en-GB\"},{\"@type\":\"Organization\",\"@id\":\"https:\\\/\\\/www.klarairosa.com\\\/en\\\/#organization\",\"name\":\"Klara i Rosa\",\"url\":\"https:\\\/\\\/www.klarairosa.com\\\/en\\\/\",\"logo\":{\"@type\":\"ImageObject\",\"inLanguage\":\"en-GB\",\"@id\":\"https:\\\/\\\/www.klarairosa.com\\\/en\\\/#\\\/schema\\\/logo\\\/image\\\/\",\"url\":\"https:\\\/\\\/www.klarairosa.com\\\/wp-content\\\/uploads\\\/2022\\\/01\\\/logo.svg\",\"contentUrl\":\"https:\\\/\\\/www.klarairosa.com\\\/wp-content\\\/uploads\\\/2022\\\/01\\\/logo.svg\",\"width\":110,\"height\":139,\"caption\":\"Klara i Rosa\"},\"image\":{\"@id\":\"https:\\\/\\\/www.klarairosa.com\\\/en\\\/#\\\/schema\\\/logo\\\/image\\\/\"},\"sameAs\":[\"https:\\\/\\\/www.facebook.com\\\/klarairosa\\\/\",\"https:\\\/\\\/www.instagram.com\\\/ugklarairosa\\\/\"]},{\"@type\":\"Person\",\"@id\":\"https:\\\/\\\/www.klarairosa.com\\\/en\\\/#\\\/schema\\\/person\\\/e4e7e9e5c8eeeddccf61e4532ae8e6ed\",\"name\":\"Klara i Rosa\",\"image\":{\"@type\":\"ImageObject\",\"inLanguage\":\"en-GB\",\"@id\":\"https:\\\/\\\/secure.gravatar.com\\\/avatar\\\/c83ee539a067b9f57ae5d8999ae286c4f98b5c4bd943b8cbb64f6b0fc1f29e40?s=96&d=mm&r=g\",\"url\":\"https:\\\/\\\/secure.gravatar.com\\\/avatar\\\/c83ee539a067b9f57ae5d8999ae286c4f98b5c4bd943b8cbb64f6b0fc1f29e40?s=96&d=mm&r=g\",\"contentUrl\":\"https:\\\/\\\/secure.gravatar.com\\\/avatar\\\/c83ee539a067b9f57ae5d8999ae286c4f98b5c4bd943b8cbb64f6b0fc1f29e40?s=96&d=mm&r=g\",\"caption\":\"Klara i Rosa\"},\"sameAs\":[\"https:\\\/\\\/klarairosa.com\"],\"url\":\"https:\\\/\\\/www.klarairosa.com\\\/en\\\/author\\\/rosaiklara\\\/\"}]}<\/script>\n<!-- \/ Yoast SEO plugin. -->","yoast_head_json":{"title":"Tribina: Osna\u017eivanje LBTI \u017eena u borbi protiv rodno zasnovanog nasilja - Klara i Rosa","robots":{"index":"index","follow":"follow","max-snippet":"max-snippet:-1","max-image-preview":"max-image-preview:large","max-video-preview":"max-video-preview:-1"},"canonical":"https:\/\/www.klarairosa.com\/en\/tribina-osnazivanje-lbti-zena-u-borbi-protiv-rodno-zasnovanog-nasilja\/","og_locale":"en_GB","og_type":"article","og_title":"Tribina: Osna\u017eivanje LBTI \u017eena u borbi protiv rodno zasnovanog nasilja - Klara i Rosa","og_description":"Pozivamo vas na tribinu \u201eOsna\u017eivanje LBTI \u017eena u borbi protiv rodno zasnovanog nasilja\u201c, koja \u0107e...","og_url":"https:\/\/www.klarairosa.com\/en\/tribina-osnazivanje-lbti-zena-u-borbi-protiv-rodno-zasnovanog-nasilja\/","og_site_name":"Klara i Rosa","article_publisher":"https:\/\/www.facebook.com\/klarairosa\/","article_published_time":"2025-06-05T10:46:53+00:00","og_image":[{"width":1352,"height":1005,"url":"https:\/\/www.klarairosa.com\/wp-content\/uploads\/2025\/06\/Beige-Red-Refined-Scrapbook-Daily-Vlog-YouTube-Thumbnail.jpg","type":"image\/jpeg"}],"author":"Klara i Rosa","twitter_card":"summary_large_image","twitter_misc":{"Written by":"Klara i Rosa","Estimated reading time":"1 minute"},"schema":{"@context":"https:\/\/schema.org","@graph":[{"@type":"Article","@id":"https:\/\/www.klarairosa.com\/tribina-osnazivanje-lbti-zena-u-borbi-protiv-rodno-zasnovanog-nasilja\/#article","isPartOf":{"@id":"https:\/\/www.klarairosa.com\/tribina-osnazivanje-lbti-zena-u-borbi-protiv-rodno-zasnovanog-nasilja\/"},"author":{"name":"Klara i Rosa","@id":"https:\/\/www.klarairosa.com\/en\/#\/schema\/person\/e4e7e9e5c8eeeddccf61e4532ae8e6ed"},"headline":"Tribina: Osna\u017eivanje LBTI \u017eena u borbi protiv rodno zasnovanog nasilja","datePublished":"2025-06-05T10:46:53+00:00","mainEntityOfPage":{"@id":"https:\/\/www.klarairosa.com\/tribina-osnazivanje-lbti-zena-u-borbi-protiv-rodno-zasnovanog-nasilja\/"},"wordCount":250,"publisher":{"@id":"https:\/\/www.klarairosa.com\/en\/#organization"},"image":{"@id":"https:\/\/www.klarairosa.com\/tribina-osnazivanje-lbti-zena-u-borbi-protiv-rodno-zasnovanog-nasilja\/#primaryimage"},"thumbnailUrl":"https:\/\/www.klarairosa.com\/wp-content\/uploads\/2025\/06\/Beige-Red-Refined-Scrapbook-Daily-Vlog-YouTube-Thumbnail.jpg","keywords":["community","Klara i Rosa","l'communio","lbti","novi sad","subotica","tribina"],"articleSection":["Aktuelno"],"inLanguage":"en-GB"},{"@type":"WebPage","@id":"https:\/\/www.klarairosa.com\/tribina-osnazivanje-lbti-zena-u-borbi-protiv-rodno-zasnovanog-nasilja\/","url":"https:\/\/www.klarairosa.com\/tribina-osnazivanje-lbti-zena-u-borbi-protiv-rodno-zasnovanog-nasilja\/","name":"Tribina: Osna\u017eivanje LBTI \u017eena u borbi protiv rodno zasnovanog nasilja - Klara i Rosa","isPartOf":{"@id":"https:\/\/www.klarairosa.com\/en\/#website"},"primaryImageOfPage":{"@id":"https:\/\/www.klarairosa.com\/tribina-osnazivanje-lbti-zena-u-borbi-protiv-rodno-zasnovanog-nasilja\/#primaryimage"},"image":{"@id":"https:\/\/www.klarairosa.com\/tribina-osnazivanje-lbti-zena-u-borbi-protiv-rodno-zasnovanog-nasilja\/#primaryimage"},"thumbnailUrl":"https:\/\/www.klarairosa.com\/wp-content\/uploads\/2025\/06\/Beige-Red-Refined-Scrapbook-Daily-Vlog-YouTube-Thumbnail.jpg","datePublished":"2025-06-05T10:46:53+00:00","breadcrumb":{"@id":"https:\/\/www.klarairosa.com\/tribina-osnazivanje-lbti-zena-u-borbi-protiv-rodno-zasnovanog-nasilja\/#breadcrumb"},"inLanguage":"en-GB","potentialAction":[{"@type":"ReadAction","target":["https:\/\/www.klarairosa.com\/tribina-osnazivanje-lbti-zena-u-borbi-protiv-rodno-zasnovanog-nasilja\/"]}]},{"@type":"ImageObject","inLanguage":"en-GB","@id":"https:\/\/www.klarairosa.com\/tribina-osnazivanje-lbti-zena-u-borbi-protiv-rodno-zasnovanog-nasilja\/#primaryimage","url":"https:\/\/www.klarairosa.com\/wp-content\/uploads\/2025\/06\/Beige-Red-Refined-Scrapbook-Daily-Vlog-YouTube-Thumbnail.jpg","contentUrl":"https:\/\/www.klarairosa.com\/wp-content\/uploads\/2025\/06\/Beige-Red-Refined-Scrapbook-Daily-Vlog-YouTube-Thumbnail.jpg","width":1352,"height":1005},{"@type":"BreadcrumbList","@id":"https:\/\/www.klarairosa.com\/tribina-osnazivanje-lbti-zena-u-borbi-protiv-rodno-zasnovanog-nasilja\/#breadcrumb","itemListElement":[{"@type":"ListItem","position":1,"name":"Home","item":"https:\/\/www.klarairosa.com\/"},{"@type":"ListItem","position":2,"name":"Tribina: Osna\u017eivanje LBTI \u017eena u borbi protiv rodno zasnovanog nasilja"}]},{"@type":"WebSite","@id":"https:\/\/www.klarairosa.com\/en\/#website","url":"https:\/\/www.klarairosa.com\/en\/","name":"Klara i Rosa","description":"Klara i Rosa","publisher":{"@id":"https:\/\/www.klarairosa.com\/en\/#organization"},"potentialAction":[{"@type":"SearchAction","target":{"@type":"EntryPoint","urlTemplate":"https:\/\/www.klarairosa.com\/en\/?s={search_term_string}"},"query-input":{"@type":"PropertyValueSpecification","valueRequired":true,"valueName":"search_term_string"}}],"inLanguage":"en-GB"},{"@type":"Organization","@id":"https:\/\/www.klarairosa.com\/en\/#organization","name":"Klara i Rosa","url":"https:\/\/www.klarairosa.com\/en\/","logo":{"@type":"ImageObject","inLanguage":"en-GB","@id":"https:\/\/www.klarairosa.com\/en\/#\/schema\/logo\/image\/","url":"https:\/\/www.klarairosa.com\/wp-content\/uploads\/2022\/01\/logo.svg","contentUrl":"https:\/\/www.klarairosa.com\/wp-content\/uploads\/2022\/01\/logo.svg","width":110,"height":139,"caption":"Klara i Rosa"},"image":{"@id":"https:\/\/www.klarairosa.com\/en\/#\/schema\/logo\/image\/"},"sameAs":["https:\/\/www.facebook.com\/klarairosa\/","https:\/\/www.instagram.com\/ugklarairosa\/"]},{"@type":"Person","@id":"https:\/\/www.klarairosa.com\/en\/#\/schema\/person\/e4e7e9e5c8eeeddccf61e4532ae8e6ed","name":"Klara i Rosa","image":{"@type":"ImageObject","inLanguage":"en-GB","@id":"https:\/\/secure.gravatar.com\/avatar\/c83ee539a067b9f57ae5d8999ae286c4f98b5c4bd943b8cbb64f6b0fc1f29e40?s=96&d=mm&r=g","url":"https:\/\/secure.gravatar.com\/avatar\/c83ee539a067b9f57ae5d8999ae286c4f98b5c4bd943b8cbb64f6b0fc1f29e40?s=96&d=mm&r=g","contentUrl":"https:\/\/secure.gravatar.com\/avatar\/c83ee539a067b9f57ae5d8999ae286c4f98b5c4bd943b8cbb64f6b0fc1f29e40?s=96&d=mm&r=g","caption":"Klara i Rosa"},"sameAs":["https:\/\/klarairosa.com"],"url":"https:\/\/www.klarairosa.com\/en\/author\/rosaiklara\/"}]}},"_links":{"self":[{"href":"https:\/\/www.klarairosa.com\/en\/wp-json\/wp\/v2\/posts\/22987","targetHints":{"allow":["GET"]}}],"collection":[{"href":"https:\/\/www.klarairosa.com\/en\/wp-json\/wp\/v2\/posts"}],"about":[{"href":"https:\/\/www.klarairosa.com\/en\/wp-json\/wp\/v2\/types\/post"}],"author":[{"embeddable":true,"href":"https:\/\/www.klarairosa.com\/en\/wp-json\/wp\/v2\/users\/1"}],"replies":[{"embeddable":true,"href":"https:\/\/www.klarairosa.com\/en\/wp-json\/wp\/v2\/comments?post=22987"}],"version-history":[{"count":1,"href":"https:\/\/www.klarairosa.com\/en\/wp-json\/wp\/v2\/posts\/22987\/revisions"}],"predecessor-version":[{"id":22989,"href":"https:\/\/www.klarairosa.com\/en\/wp-json\/wp\/v2\/posts\/22987\/revisions\/22989"}],"wp:featuredmedia":[{"embeddable":true,"href":"https:\/\/www.klarairosa.com\/en\/wp-json\/wp\/v2\/media\/22988"}],"wp:attachment":[{"href":"https:\/\/www.klarairosa.com\/en\/wp-json\/wp\/v2\/media?parent=22987"}],"wp:term":[{"taxonomy":"category","embeddable":true,"href":"https:\/\/www.klarairosa.com\/en\/wp-json\/wp\/v2\/categories?post=22987"},{"taxonomy":"post_tag","embeddable":true,"href":"https:\/\/www.klarairosa.com\/en\/wp-json\/wp\/v2\/tags?post=22987"}],"curies":[{"name":"wp","href":"https:\/\/api.w.org\/{rel}","templated":true}]}}