{"id":22972,"date":"2025-05-28T09:33:59","date_gmt":"2025-05-28T09:33:59","guid":{"rendered":"https:\/\/www.klarairosa.com\/?p=22972"},"modified":"2025-06-11T11:01:57","modified_gmt":"2025-06-11T11:01:57","slug":"festival-pogranicja-kod-klare-i-rose-price-o-suzivotu","status":"publish","type":"post","link":"https:\/\/www.klarairosa.com\/en\/festival-pogranicja-kod-klare-i-rose-price-o-suzivotu\/","title":{"rendered":"Borderland Festival at Klara and Rosa"},"content":{"rendered":"<p style=\"text-align: justify;\" data-start=\"56\" data-end=\"168\"><span class=\"relative -mx-px my-[-0.2rem] rounded px-px py-[0.2rem] transition-colors duration-100 ease-in-out\">Kulturni centar Klara i Rosa u Subotici ima \u010dast da ugosti Festival pograni\u010dja iz Poljske, koji \u0107e se odr\u017eati u nedelju i ponedeljak, 1. i 2. juna.<\/span> <span class=\"relative -mx-px my-[-0.2rem] rounded px-px py-[0.2rem] transition-colors duration-100 ease-in-out\">Ovaj doga\u0111aj donosi bogat program koji slavi multikulturalnost, umetnost i obrazovanje.<\/span><\/p>\n<hr data-start=\"170\" data-end=\"173\" \/>\n<h3 style=\"text-align: justify;\" data-start=\"175\" data-end=\"251\">\ud83c\udfbb Nedelja, 1. jun u 20:00 \u2013 Koncert Klezmer orkestra Pozori\u0161ta iz Sejna<\/h3>\n<p style=\"text-align: justify;\" data-start=\"253\" data-end=\"449\"><span class=\"relative -mx-px my-[-0.2rem] rounded px-px py-[0.2rem] transition-colors duration-100 ease-in-out\">Ve\u010de otvaramo koncertom Klezmer orkestra Pozori\u0161ta iz Sejna, ansambla koji okuplja mlade muzi\u010dare povezane sa Fondacijom Pogranicze.<\/span> <span class=\"relative -mx-px my-[-0.2rem] rounded px-px py-[0.2rem] transition-colors duration-100 ease-in-out\">Orkestar je poznat po izvo\u0111enju klezmer i hasidske muzike, \u010dime o\u017eivljava bogatu jevrejsku muzi\u010dku tradiciju Isto\u010dne Evrope.<\/span> <span class=\"relative -mx-px my-[-0.2rem] rounded px-px py-[0.2rem] transition-colors duration-100 ease-in-out\">Njihove nastupe karakteri\u0161u energi\u010dni aran\u017emani i duboka emotivna izra\u017eajnost, \u0161to ih \u010dini jedinstvenim na muzi\u010dkoj sceni.<\/span><\/p>\n<p style=\"text-align: justify;\" data-start=\"253\" data-end=\"449\">.<\/p>\n<h3 style=\"text-align: justify;\" data-start=\"456\" data-end=\"481\">\ud83e\udde9 Ponedeljak, 2. jun<\/h3>\n<ul style=\"text-align: justify;\" data-start=\"483\" data-end=\"932\">\n<li data-start=\"483\" data-end=\"629\">\n<p data-start=\"485\" data-end=\"629\"><strong data-start=\"485\" data-end=\"500\">13:00\u201314:30<\/strong> \u2013 Radionica za edukatore: <em data-start=\"527\" data-end=\"546\">Azbuka pograni\u010dja<\/em><br data-start=\"546\" data-end=\"549\" \/><span class=\"relative -mx-px my-[-0.2rem] rounded px-px py-[0.2rem] transition-colors duration-100 ease-in-out\">Radionica namenjena edukatorima fokusira se na metode interkulturnog obrazovanja, inspirisane vi\u0161egodi\u0161njim iskustvom Fondacije Pogranicze u radu sa mladima.<\/span><\/p>\n<\/li>\n<li data-start=\"759\" data-end=\"932\">\n<p data-start=\"761\" data-end=\"932\"><strong data-start=\"761\" data-end=\"770\">20:00<\/strong> \u2013 Pozori\u0161na predstava: <em data-start=\"794\" data-end=\"809\">Hronike Sejna<\/em><br data-start=\"809\" data-end=\"812\" \/><span class=\"relative -mx-px my-[-0.2rem] rounded px-px py-[0.2rem] transition-colors duration-100 ease-in-out\">Predstava <em data-start=\"10\" data-end=\"25\">Hronike Sejna<\/em> donosi na scenu pri\u010de i se\u0107anja iz Sejna, grada na severoistoku Poljske, poznatog po svojoj multikulturalnoj istoriji.<\/span> <span class=\"relative -mx-px my-[-0.2rem] rounded px-px py-[0.2rem] transition-colors duration-100 ease-in-out\">Kroz kombinaciju dokumentarnog i umetni\u010dkog izraza, predstava istra\u017euje slo\u017eene identitete i zajedni\u010dku pro\u0161lost razli\u010ditih zajednica.<\/span><\/p>\n<\/li>\n<li><strong>Projekcija animiranih filmova<\/strong><br data-start=\"674\" data-end=\"677\" \/><span class=\"relative -mx-px my-[-0.2rem] rounded px-px py-[0.2rem] transition-colors duration-100 ease-in-out\">Nakon predstave, bi\u0107e prikazani animirani filmovi nastali tokom posete, koji reflektuju teme identiteta, zajedni\u0161tva i kulturne raznolikosti.<\/span><\/li>\n<\/ul>\n<hr data-start=\"934\" data-end=\"937\" \/>\n<p style=\"text-align: justify;\" data-start=\"939\" data-end=\"1057\"><span class=\"relative -mx-px my-[-0.2rem] rounded px-px py-[0.2rem] transition-colors duration-100 ease-in-out\">Festival pograni\u010dja pru\u017ea jedinstvenu priliku da se upoznamo sa bogatom kulturnom ba\u0161tinom Sejna i da kroz umetnost i dijalog produbimo razumevanje me\u0111u zajednicama.<\/span> <span class=\"relative -mx-px my-[-0.2rem] rounded px-px py-[0.2rem] transition-colors duration-100 ease-in-out\">Ulaz na sve programe je slobodan.<\/span><\/p>\n<p data-start=\"939\" data-end=\"1057\">.<\/p>\n<p data-start=\"1059\" data-end=\"1115\">\ud83d\udccd <strong data-start=\"1062\" data-end=\"1088\">Klara i Rosa, Petefi \u0160andora 15, Subotica<\/strong><br data-start=\"1088\" data-end=\"1091\" \/>\ud83d\udcc5 <strong data-start=\"1094\" data-end=\"1115\">1. i 2. jun 2025.<\/strong><\/p>\n<p data-start=\"1059\" data-end=\"1115\">.<\/p>\n<p data-start=\"1117\" data-end=\"1128\">Dobrodo\u0161li!<\/p>\n<p data-start=\"1117\" data-end=\"1128\">.<\/p>\n<p data-start=\"1117\" data-end=\"1128\"><div  id=\"jtg-23089\" class=\"modula modula-gallery modula-columns\" data-config=\"{&quot;tabletHeight&quot;:800,&quot;mobileHeight&quot;:800,&quot;desktopHeight&quot;:800,&quot;enableTwitter&quot;:false,&quot;enableWhatsapp&quot;:false,&quot;enableFacebook&quot;:false,&quot;enablePinterest&quot;:false,&quot;enableLinkedin&quot;:false,&quot;enableEmail&quot;:false,&quot;randomFactor&quot;:0.5,&quot;type&quot;:&quot;grid&quot;,&quot;columns&quot;:12,&quot;gutter&quot;:10,&quot;mobileGutter&quot;:10,&quot;tabletGutter&quot;:10,&quot;desktopGutter&quot;:10,&quot;enableResponsive&quot;:&quot;0&quot;,&quot;tabletColumns&quot;:2,&quot;mobileColumns&quot;:1,&quot;lazyLoad&quot;:0,&quot;lightboxOpts&quot;:{&quot;animated&quot;:true,&quot;Thumbs&quot;:{&quot;type&quot;:&quot;modern&quot;,&quot;showOnStart&quot;:false},&quot;Toolbar&quot;:{&quot;display&quot;:{&quot;right&quot;:[&quot;close&quot;]},&quot;enabled&quot;:true},&quot;Carousel&quot;:{&quot;Panzoom&quot;:{&quot;touch&quot;:true},&quot;infinite&quot;:false},&quot;keyboard&quot;:{&quot;Escape&quot;:&quot;close&quot;,&quot;Delete&quot;:&quot;close&quot;,&quot;Backspace&quot;:&quot;close&quot;,&quot;PageUp&quot;:false,&quot;PageDown&quot;:false,&quot;ArrowUp&quot;:false,&quot;ArrowDown&quot;:false,&quot;ArrowRight&quot;:false,&quot;ArrowLeft&quot;:false},&quot;touch&quot;:false,&quot;backdropClick&quot;:false,&quot;l10n&quot;:{&quot;CLOSE&quot;:&quot;Close&quot;,&quot;NEXT&quot;:&quot;Next&quot;,&quot;PREV&quot;:&quot;Previous&quot;,&quot;Error&quot;:&quot;The requested content cannot be loaded. Please try again later.&quot;,&quot;PLAY_START&quot;:&quot;Start slideshow&quot;,&quot;PLAY_STOP&quot;:&quot;Pause slideshow&quot;,&quot;FULL_SCREEN&quot;:&quot;Full screen&quot;,&quot;THUMBS&quot;:&quot;Thumbnails&quot;,&quot;DOWNLOAD&quot;:&quot;Download&quot;,&quot;SHARE&quot;:&quot;Share&quot;,&quot;ZOOM&quot;:&quot;Zoom&quot;,&quot;EMAIL&quot;:&quot;Here is the link to the image : %%image_link%% and this is the link to the gallery : %%gallery_link%%&quot;,&quot;MODAL&quot;:&quot;You can close this modal content with the ESC key&quot;,&quot;ERROR&quot;:&quot;Something Went Wrong, Please Try Again Later&quot;,&quot;IMAGE_ERROR&quot;:&quot;Image Not Found&quot;,&quot;ELEMENT_NOT_FOUND&quot;:&quot;HTML Element Not Found&quot;,&quot;AJAX_NOT_FOUND&quot;:&quot;Error Loading AJAX : Not Found&quot;,&quot;AJAX_FORBIDDEN&quot;:&quot;Error Loading AJAX : Forbidden&quot;,&quot;IFRAME_ERROR&quot;:&quot;Error Loading Page&quot;,&quot;TOGGLE_ZOOM&quot;:&quot;Toggle zoom level&quot;,&quot;TOGGLE_THUMBS&quot;:&quot;Toggle thumbnails&quot;,&quot;TOGGLE_SLIDESHOW&quot;:&quot;Toggle slideshow&quot;,&quot;TOGGLE_FULLSCREEN&quot;:&quot;Toggle full-screen mode&quot;},&quot;Images&quot;:{&quot;Panzoom&quot;:{&quot;maxScale&quot;:2}},&quot;mainClass&quot;:&quot;modula-fancybox-container modula-lightbox-jtg-23089&quot;,&quot;Html&quot;:{&quot;videoAutoplay&quot;:0,&quot;videoTpl&quot;:&quot;&lt;video class=\\&quot;fancybox__html5video\\&quot; controls muted playsinline controlsList controlsList=\\&quot;nodownload\\&quot; poster=\\&quot;{{poster}}\\&quot; src=\\&quot;{{src}}\\&quot; type=\\&quot;{{format}}\\&quot; &gt;  Sorry, your browser doesn&#039;t support embedded videos, &lt;a href=\\&quot;{{src}}\\&quot;&gt; download &lt;\\\/a&gt; and watch with your favorite video player! &lt;\\\/video&gt;&quot;}},&quot;inView&quot;:false,&quot;email_subject&quot;:&quot;Check out this awesome image !!&quot;,&quot;email_message&quot;:&quot;Here is the link to the image : %%image_link%% and this is the link to the gallery : %%gallery_link%%&quot;,&quot;grid_type&quot;:&quot;automatic&quot;,&quot;rowHeight&quot;:250,&quot;lastRow&quot;:&quot;justify&quot;,&quot;lightbox&quot;:&quot;fancybox&quot;}\">\n\n\t\n\t<div  class=\"modula-items grid-gallery\">\n\t\t<div class=\"modula-item effect-pufrobo\" >\n\t<div class=\"modula-item-overlay\"><\/div>\n\n\t<div class=\"modula-item-content\">\n\n\t\t<a data-image-id=\"23090\" role=\"button\" data-elementor-open-lightbox=\"no\" tabindex=\"0\" rel=\"jtg-23089\" data-caption=\"\" aria-label=\"Open image in lightbox\" class=\"tile-inner modula-item-link\"><\/a><img fetchpriority=\"high\" decoding=\"async\" class=\"pic wp-image-23090\"  data-valign=\"middle\" data-halign=\"center\" alt=\"\" data-full=\"https:\/\/www.klarairosa.com\/wp-content\/uploads\/2025\/06\/smanjeno_13-2.jpg\" title=\"smanjeno_13\" crop=\"\" width=\"300\" height=\"225\" src=\"https:\/\/www.klarairosa.com\/wp-content\/uploads\/2025\/06\/smanjeno_13-2-300x225.jpg\" data-src=\"https:\/\/www.klarairosa.com\/wp-content\/uploads\/2025\/06\/smanjeno_13-2-300x225.jpg\" data-caption=\"\" srcset=\"https:\/\/www.klarairosa.com\/wp-content\/uploads\/2025\/06\/smanjeno_13-2.jpg 1024w, https:\/\/www.klarairosa.com\/wp-content\/uploads\/2025\/06\/smanjeno_13-2-300x225.jpg 300w, https:\/\/www.klarairosa.com\/wp-content\/uploads\/2025\/06\/smanjeno_13-2-768x576.jpg 768w, https:\/\/www.klarairosa.com\/wp-content\/uploads\/2025\/06\/smanjeno_13-2-16x12.jpg 16w, https:\/\/www.klarairosa.com\/wp-content\/uploads\/2025\/06\/smanjeno_13-2-800x600.jpg 800w, https:\/\/www.klarairosa.com\/wp-content\/uploads\/2025\/06\/smanjeno_13-2-700x525.jpg 700w\" sizes=\"(max-width: 300px) 100vw, 300px\" \/>\n\t\t<div class=\"figc no-description\">\n\t\t\t<div class=\"figc-inner\">\n\t\t\t\t\t\t\t\t\t\t\t\t\t\t\t<\/div>\n\t\t<\/div>\n\n\t<\/div>\n\n<\/div><div class=\"modula-item effect-pufrobo\" >\n\t<div class=\"modula-item-overlay\"><\/div>\n\n\t<div class=\"modula-item-content\">\n\n\t\t<a data-image-id=\"23091\" role=\"button\" data-elementor-open-lightbox=\"no\" tabindex=\"0\" rel=\"jtg-23089\" data-caption=\"\" aria-label=\"Open image in lightbox\" class=\"tile-inner modula-item-link\"><\/a><img decoding=\"async\" class=\"pic wp-image-23091\"  data-valign=\"middle\" data-halign=\"center\" alt=\"\" data-full=\"https:\/\/www.klarairosa.com\/wp-content\/uploads\/2025\/06\/smanjeno_14-1.jpg\" title=\"smanjeno_14\" crop=\"\" width=\"300\" height=\"225\" src=\"https:\/\/www.klarairosa.com\/wp-content\/uploads\/2025\/06\/smanjeno_14-1-300x225.jpg\" data-src=\"https:\/\/www.klarairosa.com\/wp-content\/uploads\/2025\/06\/smanjeno_14-1-300x225.jpg\" data-caption=\"\" srcset=\"https:\/\/www.klarairosa.com\/wp-content\/uploads\/2025\/06\/smanjeno_14-1.jpg 1024w, https:\/\/www.klarairosa.com\/wp-content\/uploads\/2025\/06\/smanjeno_14-1-300x225.jpg 300w, https:\/\/www.klarairosa.com\/wp-content\/uploads\/2025\/06\/smanjeno_14-1-768x576.jpg 768w, https:\/\/www.klarairosa.com\/wp-content\/uploads\/2025\/06\/smanjeno_14-1-16x12.jpg 16w, https:\/\/www.klarairosa.com\/wp-content\/uploads\/2025\/06\/smanjeno_14-1-800x600.jpg 800w, https:\/\/www.klarairosa.com\/wp-content\/uploads\/2025\/06\/smanjeno_14-1-700x525.jpg 700w\" sizes=\"(max-width: 300px) 100vw, 300px\" \/>\n\t\t<div class=\"figc no-description\">\n\t\t\t<div class=\"figc-inner\">\n\t\t\t\t\t\t\t\t\t\t\t\t\t\t\t<\/div>\n\t\t<\/div>\n\n\t<\/div>\n\n<\/div><div class=\"modula-item effect-pufrobo\" >\n\t<div class=\"modula-item-overlay\"><\/div>\n\n\t<div class=\"modula-item-content\">\n\n\t\t<a data-image-id=\"23092\" role=\"button\" data-elementor-open-lightbox=\"no\" tabindex=\"0\" rel=\"jtg-23089\" data-caption=\"\" aria-label=\"Open image in lightbox\" class=\"tile-inner modula-item-link\"><\/a><img decoding=\"async\" class=\"pic wp-image-23092\"  data-valign=\"middle\" data-halign=\"center\" alt=\"\" data-full=\"https:\/\/www.klarairosa.com\/wp-content\/uploads\/2025\/06\/smanjeno_15.jpg\" title=\"smanjeno_15\" crop=\"\" width=\"300\" height=\"225\" src=\"https:\/\/www.klarairosa.com\/wp-content\/uploads\/2025\/06\/smanjeno_15-300x225.jpg\" data-src=\"https:\/\/www.klarairosa.com\/wp-content\/uploads\/2025\/06\/smanjeno_15-300x225.jpg\" data-caption=\"\" srcset=\"https:\/\/www.klarairosa.com\/wp-content\/uploads\/2025\/06\/smanjeno_15.jpg 1024w, https:\/\/www.klarairosa.com\/wp-content\/uploads\/2025\/06\/smanjeno_15-300x225.jpg 300w, https:\/\/www.klarairosa.com\/wp-content\/uploads\/2025\/06\/smanjeno_15-768x576.jpg 768w, https:\/\/www.klarairosa.com\/wp-content\/uploads\/2025\/06\/smanjeno_15-16x12.jpg 16w, https:\/\/www.klarairosa.com\/wp-content\/uploads\/2025\/06\/smanjeno_15-800x600.jpg 800w, https:\/\/www.klarairosa.com\/wp-content\/uploads\/2025\/06\/smanjeno_15-700x525.jpg 700w\" sizes=\"(max-width: 300px) 100vw, 300px\" \/>\n\t\t<div class=\"figc no-description\">\n\t\t\t<div class=\"figc-inner\">\n\t\t\t\t\t\t\t\t\t\t\t\t\t\t\t<\/div>\n\t\t<\/div>\n\n\t<\/div>\n\n<\/div><div class=\"modula-item effect-pufrobo\" >\n\t<div class=\"modula-item-overlay\"><\/div>\n\n\t<div class=\"modula-item-content\">\n\n\t\t<a data-image-id=\"23093\" role=\"button\" data-elementor-open-lightbox=\"no\" tabindex=\"0\" rel=\"jtg-23089\" data-caption=\"\" aria-label=\"Open image in lightbox\" class=\"tile-inner modula-item-link\"><\/a><img loading=\"lazy\" decoding=\"async\" class=\"pic wp-image-23093\"  data-valign=\"middle\" data-halign=\"center\" alt=\"\" data-full=\"https:\/\/www.klarairosa.com\/wp-content\/uploads\/2025\/06\/smanjeno_16.jpg\" title=\"smanjeno_16\" crop=\"\" width=\"300\" height=\"225\" src=\"https:\/\/www.klarairosa.com\/wp-content\/uploads\/2025\/06\/smanjeno_16-300x225.jpg\" data-src=\"https:\/\/www.klarairosa.com\/wp-content\/uploads\/2025\/06\/smanjeno_16-300x225.jpg\" data-caption=\"\" srcset=\"https:\/\/www.klarairosa.com\/wp-content\/uploads\/2025\/06\/smanjeno_16.jpg 1024w, https:\/\/www.klarairosa.com\/wp-content\/uploads\/2025\/06\/smanjeno_16-300x225.jpg 300w, https:\/\/www.klarairosa.com\/wp-content\/uploads\/2025\/06\/smanjeno_16-768x576.jpg 768w, https:\/\/www.klarairosa.com\/wp-content\/uploads\/2025\/06\/smanjeno_16-16x12.jpg 16w, https:\/\/www.klarairosa.com\/wp-content\/uploads\/2025\/06\/smanjeno_16-800x600.jpg 800w, https:\/\/www.klarairosa.com\/wp-content\/uploads\/2025\/06\/smanjeno_16-700x525.jpg 700w\" sizes=\"(max-width: 300px) 100vw, 300px\" \/>\n\t\t<div class=\"figc no-description\">\n\t\t\t<div class=\"figc-inner\">\n\t\t\t\t\t\t\t\t\t\t\t\t\t\t\t<\/div>\n\t\t<\/div>\n\n\t<\/div>\n\n<\/div><div class=\"modula-item effect-pufrobo\" >\n\t<div class=\"modula-item-overlay\"><\/div>\n\n\t<div class=\"modula-item-content\">\n\n\t\t<a data-image-id=\"23094\" role=\"button\" data-elementor-open-lightbox=\"no\" tabindex=\"0\" rel=\"jtg-23089\" data-caption=\"\" aria-label=\"Open image in lightbox\" class=\"tile-inner modula-item-link\"><\/a><img loading=\"lazy\" decoding=\"async\" class=\"pic wp-image-23094\"  data-valign=\"middle\" data-halign=\"center\" alt=\"\" data-full=\"https:\/\/www.klarairosa.com\/wp-content\/uploads\/2025\/06\/smanjeno_17.jpg\" title=\"smanjeno_17\" crop=\"\" width=\"300\" height=\"225\" src=\"https:\/\/www.klarairosa.com\/wp-content\/uploads\/2025\/06\/smanjeno_17-300x225.jpg\" data-src=\"https:\/\/www.klarairosa.com\/wp-content\/uploads\/2025\/06\/smanjeno_17-300x225.jpg\" data-caption=\"\" srcset=\"https:\/\/www.klarairosa.com\/wp-content\/uploads\/2025\/06\/smanjeno_17.jpg 1024w, https:\/\/www.klarairosa.com\/wp-content\/uploads\/2025\/06\/smanjeno_17-300x225.jpg 300w, https:\/\/www.klarairosa.com\/wp-content\/uploads\/2025\/06\/smanjeno_17-768x576.jpg 768w, https:\/\/www.klarairosa.com\/wp-content\/uploads\/2025\/06\/smanjeno_17-16x12.jpg 16w, https:\/\/www.klarairosa.com\/wp-content\/uploads\/2025\/06\/smanjeno_17-800x600.jpg 800w, https:\/\/www.klarairosa.com\/wp-content\/uploads\/2025\/06\/smanjeno_17-700x525.jpg 700w\" sizes=\"(max-width: 300px) 100vw, 300px\" \/>\n\t\t<div class=\"figc no-description\">\n\t\t\t<div class=\"figc-inner\">\n\t\t\t\t\t\t\t\t\t\t\t\t\t\t\t<\/div>\n\t\t<\/div>\n\n\t<\/div>\n\n<\/div><div class=\"modula-item effect-pufrobo\" >\n\t<div class=\"modula-item-overlay\"><\/div>\n\n\t<div class=\"modula-item-content\">\n\n\t\t<a data-image-id=\"23095\" role=\"button\" data-elementor-open-lightbox=\"no\" tabindex=\"0\" rel=\"jtg-23089\" data-caption=\"\" aria-label=\"Open image in lightbox\" class=\"tile-inner modula-item-link\"><\/a><img loading=\"lazy\" decoding=\"async\" class=\"pic wp-image-23095\"  data-valign=\"middle\" data-halign=\"center\" alt=\"\" data-full=\"https:\/\/www.klarairosa.com\/wp-content\/uploads\/2025\/06\/smanjeno_18.jpg\" title=\"smanjeno_18\" crop=\"\" width=\"300\" height=\"225\" src=\"https:\/\/www.klarairosa.com\/wp-content\/uploads\/2025\/06\/smanjeno_18-300x225.jpg\" data-src=\"https:\/\/www.klarairosa.com\/wp-content\/uploads\/2025\/06\/smanjeno_18-300x225.jpg\" data-caption=\"\" srcset=\"https:\/\/www.klarairosa.com\/wp-content\/uploads\/2025\/06\/smanjeno_18.jpg 1024w, https:\/\/www.klarairosa.com\/wp-content\/uploads\/2025\/06\/smanjeno_18-300x225.jpg 300w, https:\/\/www.klarairosa.com\/wp-content\/uploads\/2025\/06\/smanjeno_18-768x576.jpg 768w, https:\/\/www.klarairosa.com\/wp-content\/uploads\/2025\/06\/smanjeno_18-16x12.jpg 16w, https:\/\/www.klarairosa.com\/wp-content\/uploads\/2025\/06\/smanjeno_18-800x600.jpg 800w, https:\/\/www.klarairosa.com\/wp-content\/uploads\/2025\/06\/smanjeno_18-700x525.jpg 700w\" sizes=\"(max-width: 300px) 100vw, 300px\" \/>\n\t\t<div class=\"figc no-description\">\n\t\t\t<div class=\"figc-inner\">\n\t\t\t\t\t\t\t\t\t\t\t\t\t\t\t<\/div>\n\t\t<\/div>\n\n\t<\/div>\n\n<\/div><div class=\"modula-item effect-pufrobo\" >\n\t<div class=\"modula-item-overlay\"><\/div>\n\n\t<div class=\"modula-item-content\">\n\n\t\t<a data-image-id=\"23096\" role=\"button\" data-elementor-open-lightbox=\"no\" tabindex=\"0\" rel=\"jtg-23089\" data-caption=\"\" aria-label=\"Open image in lightbox\" class=\"tile-inner modula-item-link\"><\/a><img loading=\"lazy\" decoding=\"async\" class=\"pic wp-image-23096\"  data-valign=\"middle\" data-halign=\"center\" alt=\"\" data-full=\"https:\/\/www.klarairosa.com\/wp-content\/uploads\/2025\/06\/smanjeno-5.jpg\" title=\"smanjeno\" crop=\"\" width=\"300\" height=\"225\" src=\"https:\/\/www.klarairosa.com\/wp-content\/uploads\/2025\/06\/smanjeno-5-300x225.jpg\" data-src=\"https:\/\/www.klarairosa.com\/wp-content\/uploads\/2025\/06\/smanjeno-5-300x225.jpg\" data-caption=\"\" srcset=\"https:\/\/www.klarairosa.com\/wp-content\/uploads\/2025\/06\/smanjeno-5.jpg 1024w, https:\/\/www.klarairosa.com\/wp-content\/uploads\/2025\/06\/smanjeno-5-300x225.jpg 300w, https:\/\/www.klarairosa.com\/wp-content\/uploads\/2025\/06\/smanjeno-5-768x576.jpg 768w, https:\/\/www.klarairosa.com\/wp-content\/uploads\/2025\/06\/smanjeno-5-16x12.jpg 16w, https:\/\/www.klarairosa.com\/wp-content\/uploads\/2025\/06\/smanjeno-5-800x600.jpg 800w, https:\/\/www.klarairosa.com\/wp-content\/uploads\/2025\/06\/smanjeno-5-700x525.jpg 700w\" sizes=\"(max-width: 300px) 100vw, 300px\" \/>\n\t\t<div class=\"figc no-description\">\n\t\t\t<div class=\"figc-inner\">\n\t\t\t\t\t\t\t\t\t\t\t\t\t\t\t<\/div>\n\t\t<\/div>\n\n\t<\/div>\n\n<\/div><div class=\"modula-item effect-pufrobo\" >\n\t<div class=\"modula-item-overlay\"><\/div>\n\n\t<div class=\"modula-item-content\">\n\n\t\t<a data-image-id=\"23097\" role=\"button\" data-elementor-open-lightbox=\"no\" tabindex=\"0\" rel=\"jtg-23089\" data-caption=\"\" aria-label=\"Open image in lightbox\" class=\"tile-inner modula-item-link\"><\/a><img loading=\"lazy\" decoding=\"async\" class=\"pic wp-image-23097\"  data-valign=\"middle\" data-halign=\"center\" alt=\"\" data-full=\"https:\/\/www.klarairosa.com\/wp-content\/uploads\/2025\/06\/smanjeno_2-5.jpg\" title=\"smanjeno_2\" crop=\"\" width=\"300\" height=\"225\" src=\"https:\/\/www.klarairosa.com\/wp-content\/uploads\/2025\/06\/smanjeno_2-5-300x225.jpg\" data-src=\"https:\/\/www.klarairosa.com\/wp-content\/uploads\/2025\/06\/smanjeno_2-5-300x225.jpg\" data-caption=\"\" srcset=\"https:\/\/www.klarairosa.com\/wp-content\/uploads\/2025\/06\/smanjeno_2-5.jpg 1024w, https:\/\/www.klarairosa.com\/wp-content\/uploads\/2025\/06\/smanjeno_2-5-300x225.jpg 300w, https:\/\/www.klarairosa.com\/wp-content\/uploads\/2025\/06\/smanjeno_2-5-768x576.jpg 768w, https:\/\/www.klarairosa.com\/wp-content\/uploads\/2025\/06\/smanjeno_2-5-16x12.jpg 16w, https:\/\/www.klarairosa.com\/wp-content\/uploads\/2025\/06\/smanjeno_2-5-800x600.jpg 800w, https:\/\/www.klarairosa.com\/wp-content\/uploads\/2025\/06\/smanjeno_2-5-700x525.jpg 700w\" sizes=\"(max-width: 300px) 100vw, 300px\" \/>\n\t\t<div class=\"figc no-description\">\n\t\t\t<div class=\"figc-inner\">\n\t\t\t\t\t\t\t\t\t\t\t\t\t\t\t<\/div>\n\t\t<\/div>\n\n\t<\/div>\n\n<\/div><div class=\"modula-item effect-pufrobo\" >\n\t<div class=\"modula-item-overlay\"><\/div>\n\n\t<div class=\"modula-item-content\">\n\n\t\t<a data-image-id=\"23098\" role=\"button\" data-elementor-open-lightbox=\"no\" tabindex=\"0\" rel=\"jtg-23089\" data-caption=\"\" aria-label=\"Open image in lightbox\" class=\"tile-inner modula-item-link\"><\/a><img loading=\"lazy\" decoding=\"async\" class=\"pic wp-image-23098\"  data-valign=\"middle\" data-halign=\"center\" alt=\"\" data-full=\"https:\/\/www.klarairosa.com\/wp-content\/uploads\/2025\/06\/smanjeno_3-5.jpg\" title=\"smanjeno_3\" crop=\"\" width=\"300\" height=\"225\" src=\"https:\/\/www.klarairosa.com\/wp-content\/uploads\/2025\/06\/smanjeno_3-5-300x225.jpg\" data-src=\"https:\/\/www.klarairosa.com\/wp-content\/uploads\/2025\/06\/smanjeno_3-5-300x225.jpg\" data-caption=\"\" srcset=\"https:\/\/www.klarairosa.com\/wp-content\/uploads\/2025\/06\/smanjeno_3-5.jpg 1024w, https:\/\/www.klarairosa.com\/wp-content\/uploads\/2025\/06\/smanjeno_3-5-300x225.jpg 300w, https:\/\/www.klarairosa.com\/wp-content\/uploads\/2025\/06\/smanjeno_3-5-768x576.jpg 768w, https:\/\/www.klarairosa.com\/wp-content\/uploads\/2025\/06\/smanjeno_3-5-16x12.jpg 16w, https:\/\/www.klarairosa.com\/wp-content\/uploads\/2025\/06\/smanjeno_3-5-800x600.jpg 800w, https:\/\/www.klarairosa.com\/wp-content\/uploads\/2025\/06\/smanjeno_3-5-700x525.jpg 700w\" sizes=\"(max-width: 300px) 100vw, 300px\" \/>\n\t\t<div class=\"figc no-description\">\n\t\t\t<div class=\"figc-inner\">\n\t\t\t\t\t\t\t\t\t\t\t\t\t\t\t<\/div>\n\t\t<\/div>\n\n\t<\/div>\n\n<\/div><div class=\"modula-item effect-pufrobo\" >\n\t<div class=\"modula-item-overlay\"><\/div>\n\n\t<div class=\"modula-item-content\">\n\n\t\t<a data-image-id=\"23099\" role=\"button\" data-elementor-open-lightbox=\"no\" tabindex=\"0\" rel=\"jtg-23089\" data-caption=\"\" aria-label=\"Open image in lightbox\" class=\"tile-inner modula-item-link\"><\/a><img loading=\"lazy\" decoding=\"async\" class=\"pic wp-image-23099\"  data-valign=\"middle\" data-halign=\"center\" alt=\"\" data-full=\"https:\/\/www.klarairosa.com\/wp-content\/uploads\/2025\/06\/smanjeno_4-5.jpg\" title=\"smanjeno_4\" crop=\"\" width=\"300\" height=\"225\" src=\"https:\/\/www.klarairosa.com\/wp-content\/uploads\/2025\/06\/smanjeno_4-5-300x225.jpg\" data-src=\"https:\/\/www.klarairosa.com\/wp-content\/uploads\/2025\/06\/smanjeno_4-5-300x225.jpg\" data-caption=\"\" srcset=\"https:\/\/www.klarairosa.com\/wp-content\/uploads\/2025\/06\/smanjeno_4-5.jpg 1024w, https:\/\/www.klarairosa.com\/wp-content\/uploads\/2025\/06\/smanjeno_4-5-300x225.jpg 300w, https:\/\/www.klarairosa.com\/wp-content\/uploads\/2025\/06\/smanjeno_4-5-768x576.jpg 768w, https:\/\/www.klarairosa.com\/wp-content\/uploads\/2025\/06\/smanjeno_4-5-16x12.jpg 16w, https:\/\/www.klarairosa.com\/wp-content\/uploads\/2025\/06\/smanjeno_4-5-800x600.jpg 800w, https:\/\/www.klarairosa.com\/wp-content\/uploads\/2025\/06\/smanjeno_4-5-700x525.jpg 700w\" sizes=\"(max-width: 300px) 100vw, 300px\" \/>\n\t\t<div class=\"figc no-description\">\n\t\t\t<div class=\"figc-inner\">\n\t\t\t\t\t\t\t\t\t\t\t\t\t\t\t<\/div>\n\t\t<\/div>\n\n\t<\/div>\n\n<\/div><div class=\"modula-item effect-pufrobo\" >\n\t<div class=\"modula-item-overlay\"><\/div>\n\n\t<div class=\"modula-item-content\">\n\n\t\t<a data-image-id=\"23100\" role=\"button\" data-elementor-open-lightbox=\"no\" tabindex=\"0\" rel=\"jtg-23089\" data-caption=\"\" aria-label=\"Open image in lightbox\" class=\"tile-inner modula-item-link\"><\/a><img loading=\"lazy\" decoding=\"async\" class=\"pic wp-image-23100\"  data-valign=\"middle\" data-halign=\"center\" alt=\"\" data-full=\"https:\/\/www.klarairosa.com\/wp-content\/uploads\/2025\/06\/smanjeno_5-5.jpg\" title=\"smanjeno_5\" crop=\"\" width=\"300\" height=\"225\" src=\"https:\/\/www.klarairosa.com\/wp-content\/uploads\/2025\/06\/smanjeno_5-5-300x225.jpg\" data-src=\"https:\/\/www.klarairosa.com\/wp-content\/uploads\/2025\/06\/smanjeno_5-5-300x225.jpg\" data-caption=\"\" srcset=\"https:\/\/www.klarairosa.com\/wp-content\/uploads\/2025\/06\/smanjeno_5-5.jpg 1024w, https:\/\/www.klarairosa.com\/wp-content\/uploads\/2025\/06\/smanjeno_5-5-300x225.jpg 300w, https:\/\/www.klarairosa.com\/wp-content\/uploads\/2025\/06\/smanjeno_5-5-768x576.jpg 768w, https:\/\/www.klarairosa.com\/wp-content\/uploads\/2025\/06\/smanjeno_5-5-16x12.jpg 16w, https:\/\/www.klarairosa.com\/wp-content\/uploads\/2025\/06\/smanjeno_5-5-800x600.jpg 800w, https:\/\/www.klarairosa.com\/wp-content\/uploads\/2025\/06\/smanjeno_5-5-700x525.jpg 700w\" sizes=\"(max-width: 300px) 100vw, 300px\" \/>\n\t\t<div class=\"figc no-description\">\n\t\t\t<div class=\"figc-inner\">\n\t\t\t\t\t\t\t\t\t\t\t\t\t\t\t<\/div>\n\t\t<\/div>\n\n\t<\/div>\n\n<\/div><div class=\"modula-item effect-pufrobo\" >\n\t<div class=\"modula-item-overlay\"><\/div>\n\n\t<div class=\"modula-item-content\">\n\n\t\t<a data-image-id=\"23101\" role=\"button\" data-elementor-open-lightbox=\"no\" tabindex=\"0\" rel=\"jtg-23089\" data-caption=\"\" aria-label=\"Open image in lightbox\" class=\"tile-inner modula-item-link\"><\/a><img loading=\"lazy\" decoding=\"async\" class=\"pic wp-image-23101\"  data-valign=\"middle\" data-halign=\"center\" alt=\"\" data-full=\"https:\/\/www.klarairosa.com\/wp-content\/uploads\/2025\/06\/smanjeno_6-5.jpg\" title=\"smanjeno_6\" crop=\"\" width=\"300\" height=\"225\" src=\"https:\/\/www.klarairosa.com\/wp-content\/uploads\/2025\/06\/smanjeno_6-5-300x225.jpg\" data-src=\"https:\/\/www.klarairosa.com\/wp-content\/uploads\/2025\/06\/smanjeno_6-5-300x225.jpg\" data-caption=\"\" srcset=\"https:\/\/www.klarairosa.com\/wp-content\/uploads\/2025\/06\/smanjeno_6-5.jpg 1024w, https:\/\/www.klarairosa.com\/wp-content\/uploads\/2025\/06\/smanjeno_6-5-300x225.jpg 300w, https:\/\/www.klarairosa.com\/wp-content\/uploads\/2025\/06\/smanjeno_6-5-768x576.jpg 768w, https:\/\/www.klarairosa.com\/wp-content\/uploads\/2025\/06\/smanjeno_6-5-16x12.jpg 16w, https:\/\/www.klarairosa.com\/wp-content\/uploads\/2025\/06\/smanjeno_6-5-800x600.jpg 800w, https:\/\/www.klarairosa.com\/wp-content\/uploads\/2025\/06\/smanjeno_6-5-700x525.jpg 700w\" sizes=\"(max-width: 300px) 100vw, 300px\" \/>\n\t\t<div class=\"figc no-description\">\n\t\t\t<div class=\"figc-inner\">\n\t\t\t\t\t\t\t\t\t\t\t\t\t\t\t<\/div>\n\t\t<\/div>\n\n\t<\/div>\n\n<\/div><div class=\"modula-item effect-pufrobo\" >\n\t<div class=\"modula-item-overlay\"><\/div>\n\n\t<div class=\"modula-item-content\">\n\n\t\t<a data-image-id=\"23102\" role=\"button\" data-elementor-open-lightbox=\"no\" tabindex=\"0\" rel=\"jtg-23089\" data-caption=\"\" aria-label=\"Open image in lightbox\" class=\"tile-inner modula-item-link\"><\/a><img loading=\"lazy\" decoding=\"async\" class=\"pic wp-image-23102\"  data-valign=\"middle\" data-halign=\"center\" alt=\"\" data-full=\"https:\/\/www.klarairosa.com\/wp-content\/uploads\/2025\/06\/smanjeno_7-5.jpg\" title=\"smanjeno_7\" crop=\"\" width=\"300\" height=\"225\" src=\"https:\/\/www.klarairosa.com\/wp-content\/uploads\/2025\/06\/smanjeno_7-5-300x225.jpg\" data-src=\"https:\/\/www.klarairosa.com\/wp-content\/uploads\/2025\/06\/smanjeno_7-5-300x225.jpg\" data-caption=\"\" srcset=\"https:\/\/www.klarairosa.com\/wp-content\/uploads\/2025\/06\/smanjeno_7-5.jpg 1024w, https:\/\/www.klarairosa.com\/wp-content\/uploads\/2025\/06\/smanjeno_7-5-300x225.jpg 300w, https:\/\/www.klarairosa.com\/wp-content\/uploads\/2025\/06\/smanjeno_7-5-768x576.jpg 768w, https:\/\/www.klarairosa.com\/wp-content\/uploads\/2025\/06\/smanjeno_7-5-16x12.jpg 16w, https:\/\/www.klarairosa.com\/wp-content\/uploads\/2025\/06\/smanjeno_7-5-800x600.jpg 800w, https:\/\/www.klarairosa.com\/wp-content\/uploads\/2025\/06\/smanjeno_7-5-700x525.jpg 700w\" sizes=\"(max-width: 300px) 100vw, 300px\" \/>\n\t\t<div class=\"figc no-description\">\n\t\t\t<div class=\"figc-inner\">\n\t\t\t\t\t\t\t\t\t\t\t\t\t\t\t<\/div>\n\t\t<\/div>\n\n\t<\/div>\n\n<\/div><div class=\"modula-item effect-pufrobo\" >\n\t<div class=\"modula-item-overlay\"><\/div>\n\n\t<div class=\"modula-item-content\">\n\n\t\t<a data-image-id=\"23103\" role=\"button\" data-elementor-open-lightbox=\"no\" tabindex=\"0\" rel=\"jtg-23089\" data-caption=\"\" aria-label=\"Open image in lightbox\" class=\"tile-inner modula-item-link\"><\/a><img loading=\"lazy\" decoding=\"async\" class=\"pic wp-image-23103\"  data-valign=\"middle\" data-halign=\"center\" alt=\"\" data-full=\"https:\/\/www.klarairosa.com\/wp-content\/uploads\/2025\/06\/smanjeno_8-5.jpg\" title=\"smanjeno_8\" crop=\"\" width=\"300\" height=\"225\" src=\"https:\/\/www.klarairosa.com\/wp-content\/uploads\/2025\/06\/smanjeno_8-5-300x225.jpg\" data-src=\"https:\/\/www.klarairosa.com\/wp-content\/uploads\/2025\/06\/smanjeno_8-5-300x225.jpg\" data-caption=\"\" srcset=\"https:\/\/www.klarairosa.com\/wp-content\/uploads\/2025\/06\/smanjeno_8-5.jpg 1024w, https:\/\/www.klarairosa.com\/wp-content\/uploads\/2025\/06\/smanjeno_8-5-300x225.jpg 300w, https:\/\/www.klarairosa.com\/wp-content\/uploads\/2025\/06\/smanjeno_8-5-768x576.jpg 768w, https:\/\/www.klarairosa.com\/wp-content\/uploads\/2025\/06\/smanjeno_8-5-16x12.jpg 16w, https:\/\/www.klarairosa.com\/wp-content\/uploads\/2025\/06\/smanjeno_8-5-800x600.jpg 800w, https:\/\/www.klarairosa.com\/wp-content\/uploads\/2025\/06\/smanjeno_8-5-700x525.jpg 700w\" sizes=\"(max-width: 300px) 100vw, 300px\" \/>\n\t\t<div class=\"figc no-description\">\n\t\t\t<div class=\"figc-inner\">\n\t\t\t\t\t\t\t\t\t\t\t\t\t\t\t<\/div>\n\t\t<\/div>\n\n\t<\/div>\n\n<\/div><div class=\"modula-item effect-pufrobo\" >\n\t<div class=\"modula-item-overlay\"><\/div>\n\n\t<div class=\"modula-item-content\">\n\n\t\t<a data-image-id=\"23104\" role=\"button\" data-elementor-open-lightbox=\"no\" tabindex=\"0\" rel=\"jtg-23089\" data-caption=\"\" aria-label=\"Open image in lightbox\" class=\"tile-inner modula-item-link\"><\/a><img loading=\"lazy\" decoding=\"async\" class=\"pic wp-image-23104\"  data-valign=\"middle\" data-halign=\"center\" alt=\"\" data-full=\"https:\/\/www.klarairosa.com\/wp-content\/uploads\/2025\/06\/smanjeno_9-4.jpg\" title=\"smanjeno_9\" crop=\"\" width=\"300\" height=\"225\" src=\"https:\/\/www.klarairosa.com\/wp-content\/uploads\/2025\/06\/smanjeno_9-4-300x225.jpg\" data-src=\"https:\/\/www.klarairosa.com\/wp-content\/uploads\/2025\/06\/smanjeno_9-4-300x225.jpg\" data-caption=\"\" srcset=\"https:\/\/www.klarairosa.com\/wp-content\/uploads\/2025\/06\/smanjeno_9-4.jpg 1024w, https:\/\/www.klarairosa.com\/wp-content\/uploads\/2025\/06\/smanjeno_9-4-300x225.jpg 300w, https:\/\/www.klarairosa.com\/wp-content\/uploads\/2025\/06\/smanjeno_9-4-768x576.jpg 768w, https:\/\/www.klarairosa.com\/wp-content\/uploads\/2025\/06\/smanjeno_9-4-16x12.jpg 16w, https:\/\/www.klarairosa.com\/wp-content\/uploads\/2025\/06\/smanjeno_9-4-800x600.jpg 800w, https:\/\/www.klarairosa.com\/wp-content\/uploads\/2025\/06\/smanjeno_9-4-700x525.jpg 700w\" sizes=\"(max-width: 300px) 100vw, 300px\" \/>\n\t\t<div class=\"figc no-description\">\n\t\t\t<div class=\"figc-inner\">\n\t\t\t\t\t\t\t\t\t\t\t\t\t\t\t<\/div>\n\t\t<\/div>\n\n\t<\/div>\n\n<\/div><div class=\"modula-item effect-pufrobo\" >\n\t<div class=\"modula-item-overlay\"><\/div>\n\n\t<div class=\"modula-item-content\">\n\n\t\t<a data-image-id=\"23105\" role=\"button\" data-elementor-open-lightbox=\"no\" tabindex=\"0\" rel=\"jtg-23089\" data-caption=\"\" aria-label=\"Open image in lightbox\" class=\"tile-inner modula-item-link\"><\/a><img loading=\"lazy\" decoding=\"async\" class=\"pic wp-image-23105\"  data-valign=\"middle\" data-halign=\"center\" alt=\"\" data-full=\"https:\/\/www.klarairosa.com\/wp-content\/uploads\/2025\/06\/smanjeno_10-4.jpg\" title=\"smanjeno_10\" crop=\"\" width=\"300\" height=\"225\" src=\"https:\/\/www.klarairosa.com\/wp-content\/uploads\/2025\/06\/smanjeno_10-4-300x225.jpg\" data-src=\"https:\/\/www.klarairosa.com\/wp-content\/uploads\/2025\/06\/smanjeno_10-4-300x225.jpg\" data-caption=\"\" srcset=\"https:\/\/www.klarairosa.com\/wp-content\/uploads\/2025\/06\/smanjeno_10-4.jpg 1024w, https:\/\/www.klarairosa.com\/wp-content\/uploads\/2025\/06\/smanjeno_10-4-300x225.jpg 300w, https:\/\/www.klarairosa.com\/wp-content\/uploads\/2025\/06\/smanjeno_10-4-768x576.jpg 768w, https:\/\/www.klarairosa.com\/wp-content\/uploads\/2025\/06\/smanjeno_10-4-16x12.jpg 16w, https:\/\/www.klarairosa.com\/wp-content\/uploads\/2025\/06\/smanjeno_10-4-800x600.jpg 800w, https:\/\/www.klarairosa.com\/wp-content\/uploads\/2025\/06\/smanjeno_10-4-700x525.jpg 700w\" sizes=\"(max-width: 300px) 100vw, 300px\" \/>\n\t\t<div class=\"figc no-description\">\n\t\t\t<div class=\"figc-inner\">\n\t\t\t\t\t\t\t\t\t\t\t\t\t\t\t<\/div>\n\t\t<\/div>\n\n\t<\/div>\n\n<\/div><div class=\"modula-item effect-pufrobo\" >\n\t<div class=\"modula-item-overlay\"><\/div>\n\n\t<div class=\"modula-item-content\">\n\n\t\t<a data-image-id=\"23106\" role=\"button\" data-elementor-open-lightbox=\"no\" tabindex=\"0\" rel=\"jtg-23089\" data-caption=\"\" aria-label=\"Open image in lightbox\" class=\"tile-inner modula-item-link\"><\/a><img loading=\"lazy\" decoding=\"async\" class=\"pic wp-image-23106\"  data-valign=\"middle\" data-halign=\"center\" alt=\"\" data-full=\"https:\/\/www.klarairosa.com\/wp-content\/uploads\/2025\/06\/smanjeno_11-3.jpg\" title=\"smanjeno_11\" crop=\"\" width=\"300\" height=\"225\" src=\"https:\/\/www.klarairosa.com\/wp-content\/uploads\/2025\/06\/smanjeno_11-3-300x225.jpg\" data-src=\"https:\/\/www.klarairosa.com\/wp-content\/uploads\/2025\/06\/smanjeno_11-3-300x225.jpg\" data-caption=\"\" srcset=\"https:\/\/www.klarairosa.com\/wp-content\/uploads\/2025\/06\/smanjeno_11-3.jpg 1024w, https:\/\/www.klarairosa.com\/wp-content\/uploads\/2025\/06\/smanjeno_11-3-300x225.jpg 300w, https:\/\/www.klarairosa.com\/wp-content\/uploads\/2025\/06\/smanjeno_11-3-768x576.jpg 768w, https:\/\/www.klarairosa.com\/wp-content\/uploads\/2025\/06\/smanjeno_11-3-16x12.jpg 16w, https:\/\/www.klarairosa.com\/wp-content\/uploads\/2025\/06\/smanjeno_11-3-800x600.jpg 800w, https:\/\/www.klarairosa.com\/wp-content\/uploads\/2025\/06\/smanjeno_11-3-700x525.jpg 700w\" sizes=\"(max-width: 300px) 100vw, 300px\" \/>\n\t\t<div class=\"figc no-description\">\n\t\t\t<div class=\"figc-inner\">\n\t\t\t\t\t\t\t\t\t\t\t\t\t\t\t<\/div>\n\t\t<\/div>\n\n\t<\/div>\n\n<\/div><div class=\"modula-item effect-pufrobo\" >\n\t<div class=\"modula-item-overlay\"><\/div>\n\n\t<div class=\"modula-item-content\">\n\n\t\t<a data-image-id=\"23107\" role=\"button\" data-elementor-open-lightbox=\"no\" tabindex=\"0\" rel=\"jtg-23089\" data-caption=\"\" aria-label=\"Open image in lightbox\" class=\"tile-inner modula-item-link\"><\/a><img loading=\"lazy\" decoding=\"async\" class=\"pic wp-image-23107\"  data-valign=\"middle\" data-halign=\"center\" alt=\"\" data-full=\"https:\/\/www.klarairosa.com\/wp-content\/uploads\/2025\/06\/smanjeno_12-3.jpg\" title=\"smanjeno_12\" crop=\"\" width=\"300\" height=\"225\" src=\"https:\/\/www.klarairosa.com\/wp-content\/uploads\/2025\/06\/smanjeno_12-3-300x225.jpg\" data-src=\"https:\/\/www.klarairosa.com\/wp-content\/uploads\/2025\/06\/smanjeno_12-3-300x225.jpg\" data-caption=\"\" srcset=\"https:\/\/www.klarairosa.com\/wp-content\/uploads\/2025\/06\/smanjeno_12-3.jpg 1024w, https:\/\/www.klarairosa.com\/wp-content\/uploads\/2025\/06\/smanjeno_12-3-300x225.jpg 300w, https:\/\/www.klarairosa.com\/wp-content\/uploads\/2025\/06\/smanjeno_12-3-768x576.jpg 768w, https:\/\/www.klarairosa.com\/wp-content\/uploads\/2025\/06\/smanjeno_12-3-16x12.jpg 16w, https:\/\/www.klarairosa.com\/wp-content\/uploads\/2025\/06\/smanjeno_12-3-800x600.jpg 800w, https:\/\/www.klarairosa.com\/wp-content\/uploads\/2025\/06\/smanjeno_12-3-700x525.jpg 700w\" sizes=\"(max-width: 300px) 100vw, 300px\" \/>\n\t\t<div class=\"figc no-description\">\n\t\t\t<div class=\"figc-inner\">\n\t\t\t\t\t\t\t\t\t\t\t\t\t\t\t<\/div>\n\t\t<\/div>\n\n\t<\/div>\n\n<\/div>\t\t\n\t<\/div>\n\n\t\n\t\n\t<script type=\"application\/ld+json\">\n\t{\n\t\t\"@context\": \"http:\/\/schema.org\",\n\t\t\"@type\"   : \"ImageGallery\",\n\t\t\"id\"      : \"https:\/\/www.klarairosa.com\/en\/festival-pogranicja-kod-klare-i-rose-price-o-suzivotu\/\",\n\t\t\"url\"     : \"https:\/\/www.klarairosa.com\/en\/festival-pogranicja-kod-klare-i-rose-price-o-suzivotu\/\"\n\t}\n\n\t<\/script>\n\n\t\n<\/div>\n","protected":false},"excerpt":{"rendered":"<p>Kulturni centar Klara i Rosa u Subotici ima \u010dast da ugosti Festival pograni\u010dja iz Poljske,&#8230;<\/p>","protected":false},"author":1,"featured_media":22974,"comment_status":"closed","ping_status":"closed","sticky":false,"template":"","format":"standard","meta":{"content-type":"","inline_featured_image":false,"footnotes":""},"categories":[109,104],"tags":[675,677,124,676,487,152],"class_list":["post-22972","post","type-post","status-publish","format-standard","has-post-thumbnail","hentry","category-aktuelno","category-dvorisna-galerija","tag-festival-pogranicje","tag-hronike-sejna","tag-klara-i-rosa","tag-klecmer-orkestar","tag-pozoriste","tag-subotica"],"yoast_head":"<!-- This site is optimized with the Yoast SEO plugin v27.5 - https:\/\/yoast.com\/product\/yoast-seo-wordpress\/ -->\n<title>Festival Pograni\u010dja kod Klare i Rose - Pri\u010de o su\u017eivotu - Klara i Rosa<\/title>\n<meta name=\"robots\" content=\"index, follow, max-snippet:-1, max-image-preview:large, max-video-preview:-1\" \/>\n<link rel=\"canonical\" href=\"https:\/\/www.klarairosa.com\/en\/festival-pogranicja-kod-klare-i-rose-price-o-suzivotu\/\" \/>\n<meta property=\"og:locale\" content=\"en_GB\" \/>\n<meta property=\"og:type\" content=\"article\" \/>\n<meta property=\"og:title\" content=\"Festival Pograni\u010dja kod Klare i Rose - Pri\u010de o su\u017eivotu - Klara i Rosa\" \/>\n<meta property=\"og:description\" content=\"Kulturni centar Klara i Rosa u Subotici ima \u010dast da ugosti Festival pograni\u010dja iz Poljske,...\" \/>\n<meta property=\"og:url\" content=\"https:\/\/www.klarairosa.com\/en\/festival-pogranicja-kod-klare-i-rose-price-o-suzivotu\/\" \/>\n<meta property=\"og:site_name\" content=\"Klara i Rosa\" \/>\n<meta property=\"article:publisher\" content=\"https:\/\/www.facebook.com\/klarairosa\/\" \/>\n<meta property=\"article:published_time\" content=\"2025-05-28T09:33:59+00:00\" \/>\n<meta property=\"article:modified_time\" content=\"2025-06-11T11:01:57+00:00\" \/>\n<meta property=\"og:image\" content=\"https:\/\/www.klarairosa.com\/wp-content\/uploads\/2025\/05\/Beige-Red-Refined-Scrapbook-Daily-Vlog-YouTube-Thumbnail-1.png\" \/>\n\t<meta property=\"og:image:width\" content=\"1352\" \/>\n\t<meta property=\"og:image:height\" content=\"1005\" \/>\n\t<meta property=\"og:image:type\" content=\"image\/png\" \/>\n<meta name=\"author\" content=\"Klara i Rosa\" \/>\n<meta name=\"twitter:card\" content=\"summary_large_image\" \/>\n<meta name=\"twitter:label1\" content=\"Written by\" \/>\n\t<meta name=\"twitter:data1\" content=\"Klara i Rosa\" \/>\n\t<meta name=\"twitter:label2\" content=\"Estimated reading time\" \/>\n\t<meta name=\"twitter:data2\" content=\"1 minute\" \/>\n<script type=\"application\/ld+json\" class=\"yoast-schema-graph\">{\"@context\":\"https:\\\/\\\/schema.org\",\"@graph\":[{\"@type\":\"Article\",\"@id\":\"https:\\\/\\\/www.klarairosa.com\\\/festival-pogranicja-kod-klare-i-rose-price-o-suzivotu\\\/#article\",\"isPartOf\":{\"@id\":\"https:\\\/\\\/www.klarairosa.com\\\/festival-pogranicja-kod-klare-i-rose-price-o-suzivotu\\\/\"},\"author\":{\"name\":\"Klara i Rosa\",\"@id\":\"https:\\\/\\\/www.klarairosa.com\\\/en\\\/#\\\/schema\\\/person\\\/e4e7e9e5c8eeeddccf61e4532ae8e6ed\"},\"headline\":\"Festival Pograni\u010dja kod Klare i Rose &#8211; Pri\u010de o su\u017eivotu\",\"datePublished\":\"2025-05-28T09:33:59+00:00\",\"dateModified\":\"2025-06-11T11:01:57+00:00\",\"mainEntityOfPage\":{\"@id\":\"https:\\\/\\\/www.klarairosa.com\\\/festival-pogranicja-kod-klare-i-rose-price-o-suzivotu\\\/\"},\"wordCount\":267,\"publisher\":{\"@id\":\"https:\\\/\\\/www.klarairosa.com\\\/en\\\/#organization\"},\"image\":{\"@id\":\"https:\\\/\\\/www.klarairosa.com\\\/festival-pogranicja-kod-klare-i-rose-price-o-suzivotu\\\/#primaryimage\"},\"thumbnailUrl\":\"https:\\\/\\\/www.klarairosa.com\\\/wp-content\\\/uploads\\\/2025\\\/05\\\/Beige-Red-Refined-Scrapbook-Daily-Vlog-YouTube-Thumbnail-1.png\",\"keywords\":[\"festival pograni\u010dje\",\"hronike sejna\",\"Klara i Rosa\",\"klecmer orkestar\",\"pozori\u0161te\",\"subotica\"],\"articleSection\":[\"Aktuelno\",\"Dvori\u0161na galerija\"],\"inLanguage\":\"en-GB\"},{\"@type\":\"WebPage\",\"@id\":\"https:\\\/\\\/www.klarairosa.com\\\/festival-pogranicja-kod-klare-i-rose-price-o-suzivotu\\\/\",\"url\":\"https:\\\/\\\/www.klarairosa.com\\\/festival-pogranicja-kod-klare-i-rose-price-o-suzivotu\\\/\",\"name\":\"Festival Pograni\u010dja kod Klare i Rose - Pri\u010de o su\u017eivotu - Klara i Rosa\",\"isPartOf\":{\"@id\":\"https:\\\/\\\/www.klarairosa.com\\\/en\\\/#website\"},\"primaryImageOfPage\":{\"@id\":\"https:\\\/\\\/www.klarairosa.com\\\/festival-pogranicja-kod-klare-i-rose-price-o-suzivotu\\\/#primaryimage\"},\"image\":{\"@id\":\"https:\\\/\\\/www.klarairosa.com\\\/festival-pogranicja-kod-klare-i-rose-price-o-suzivotu\\\/#primaryimage\"},\"thumbnailUrl\":\"https:\\\/\\\/www.klarairosa.com\\\/wp-content\\\/uploads\\\/2025\\\/05\\\/Beige-Red-Refined-Scrapbook-Daily-Vlog-YouTube-Thumbnail-1.png\",\"datePublished\":\"2025-05-28T09:33:59+00:00\",\"dateModified\":\"2025-06-11T11:01:57+00:00\",\"breadcrumb\":{\"@id\":\"https:\\\/\\\/www.klarairosa.com\\\/festival-pogranicja-kod-klare-i-rose-price-o-suzivotu\\\/#breadcrumb\"},\"inLanguage\":\"en-GB\",\"potentialAction\":[{\"@type\":\"ReadAction\",\"target\":[\"https:\\\/\\\/www.klarairosa.com\\\/festival-pogranicja-kod-klare-i-rose-price-o-suzivotu\\\/\"]}]},{\"@type\":\"ImageObject\",\"inLanguage\":\"en-GB\",\"@id\":\"https:\\\/\\\/www.klarairosa.com\\\/festival-pogranicja-kod-klare-i-rose-price-o-suzivotu\\\/#primaryimage\",\"url\":\"https:\\\/\\\/www.klarairosa.com\\\/wp-content\\\/uploads\\\/2025\\\/05\\\/Beige-Red-Refined-Scrapbook-Daily-Vlog-YouTube-Thumbnail-1.png\",\"contentUrl\":\"https:\\\/\\\/www.klarairosa.com\\\/wp-content\\\/uploads\\\/2025\\\/05\\\/Beige-Red-Refined-Scrapbook-Daily-Vlog-YouTube-Thumbnail-1.png\",\"width\":1352,\"height\":1005},{\"@type\":\"BreadcrumbList\",\"@id\":\"https:\\\/\\\/www.klarairosa.com\\\/festival-pogranicja-kod-klare-i-rose-price-o-suzivotu\\\/#breadcrumb\",\"itemListElement\":[{\"@type\":\"ListItem\",\"position\":1,\"name\":\"Home\",\"item\":\"https:\\\/\\\/www.klarairosa.com\\\/\"},{\"@type\":\"ListItem\",\"position\":2,\"name\":\"Festival Pograni\u010dja kod Klare i Rose &#8211; Pri\u010de o su\u017eivotu\"}]},{\"@type\":\"WebSite\",\"@id\":\"https:\\\/\\\/www.klarairosa.com\\\/en\\\/#website\",\"url\":\"https:\\\/\\\/www.klarairosa.com\\\/en\\\/\",\"name\":\"Klara i Rosa\",\"description\":\"Klara i Rosa\",\"publisher\":{\"@id\":\"https:\\\/\\\/www.klarairosa.com\\\/en\\\/#organization\"},\"potentialAction\":[{\"@type\":\"SearchAction\",\"target\":{\"@type\":\"EntryPoint\",\"urlTemplate\":\"https:\\\/\\\/www.klarairosa.com\\\/en\\\/?s={search_term_string}\"},\"query-input\":{\"@type\":\"PropertyValueSpecification\",\"valueRequired\":true,\"valueName\":\"search_term_string\"}}],\"inLanguage\":\"en-GB\"},{\"@type\":\"Organization\",\"@id\":\"https:\\\/\\\/www.klarairosa.com\\\/en\\\/#organization\",\"name\":\"Klara i Rosa\",\"url\":\"https:\\\/\\\/www.klarairosa.com\\\/en\\\/\",\"logo\":{\"@type\":\"ImageObject\",\"inLanguage\":\"en-GB\",\"@id\":\"https:\\\/\\\/www.klarairosa.com\\\/en\\\/#\\\/schema\\\/logo\\\/image\\\/\",\"url\":\"https:\\\/\\\/www.klarairosa.com\\\/wp-content\\\/uploads\\\/2022\\\/01\\\/logo.svg\",\"contentUrl\":\"https:\\\/\\\/www.klarairosa.com\\\/wp-content\\\/uploads\\\/2022\\\/01\\\/logo.svg\",\"width\":110,\"height\":139,\"caption\":\"Klara i Rosa\"},\"image\":{\"@id\":\"https:\\\/\\\/www.klarairosa.com\\\/en\\\/#\\\/schema\\\/logo\\\/image\\\/\"},\"sameAs\":[\"https:\\\/\\\/www.facebook.com\\\/klarairosa\\\/\",\"https:\\\/\\\/www.instagram.com\\\/ugklarairosa\\\/\"]},{\"@type\":\"Person\",\"@id\":\"https:\\\/\\\/www.klarairosa.com\\\/en\\\/#\\\/schema\\\/person\\\/e4e7e9e5c8eeeddccf61e4532ae8e6ed\",\"name\":\"Klara i Rosa\",\"image\":{\"@type\":\"ImageObject\",\"inLanguage\":\"en-GB\",\"@id\":\"https:\\\/\\\/secure.gravatar.com\\\/avatar\\\/c83ee539a067b9f57ae5d8999ae286c4f98b5c4bd943b8cbb64f6b0fc1f29e40?s=96&d=mm&r=g\",\"url\":\"https:\\\/\\\/secure.gravatar.com\\\/avatar\\\/c83ee539a067b9f57ae5d8999ae286c4f98b5c4bd943b8cbb64f6b0fc1f29e40?s=96&d=mm&r=g\",\"contentUrl\":\"https:\\\/\\\/secure.gravatar.com\\\/avatar\\\/c83ee539a067b9f57ae5d8999ae286c4f98b5c4bd943b8cbb64f6b0fc1f29e40?s=96&d=mm&r=g\",\"caption\":\"Klara i Rosa\"},\"sameAs\":[\"https:\\\/\\\/klarairosa.com\"],\"url\":\"https:\\\/\\\/www.klarairosa.com\\\/en\\\/author\\\/rosaiklara\\\/\"}]}<\/script>\n<!-- \/ Yoast SEO plugin. -->","yoast_head_json":{"title":"Festival Pograni\u010dja kod Klare i Rose - Pri\u010de o su\u017eivotu - Klara i Rosa","robots":{"index":"index","follow":"follow","max-snippet":"max-snippet:-1","max-image-preview":"max-image-preview:large","max-video-preview":"max-video-preview:-1"},"canonical":"https:\/\/www.klarairosa.com\/en\/festival-pogranicja-kod-klare-i-rose-price-o-suzivotu\/","og_locale":"en_GB","og_type":"article","og_title":"Festival Pograni\u010dja kod Klare i Rose - Pri\u010de o su\u017eivotu - Klara i Rosa","og_description":"Kulturni centar Klara i Rosa u Subotici ima \u010dast da ugosti Festival pograni\u010dja iz Poljske,...","og_url":"https:\/\/www.klarairosa.com\/en\/festival-pogranicja-kod-klare-i-rose-price-o-suzivotu\/","og_site_name":"Klara i Rosa","article_publisher":"https:\/\/www.facebook.com\/klarairosa\/","article_published_time":"2025-05-28T09:33:59+00:00","article_modified_time":"2025-06-11T11:01:57+00:00","og_image":[{"width":1352,"height":1005,"url":"https:\/\/www.klarairosa.com\/wp-content\/uploads\/2025\/05\/Beige-Red-Refined-Scrapbook-Daily-Vlog-YouTube-Thumbnail-1.png","type":"image\/png"}],"author":"Klara i Rosa","twitter_card":"summary_large_image","twitter_misc":{"Written by":"Klara i Rosa","Estimated reading time":"1 minute"},"schema":{"@context":"https:\/\/schema.org","@graph":[{"@type":"Article","@id":"https:\/\/www.klarairosa.com\/festival-pogranicja-kod-klare-i-rose-price-o-suzivotu\/#article","isPartOf":{"@id":"https:\/\/www.klarairosa.com\/festival-pogranicja-kod-klare-i-rose-price-o-suzivotu\/"},"author":{"name":"Klara i Rosa","@id":"https:\/\/www.klarairosa.com\/en\/#\/schema\/person\/e4e7e9e5c8eeeddccf61e4532ae8e6ed"},"headline":"Festival Pograni\u010dja kod Klare i Rose &#8211; Pri\u010de o su\u017eivotu","datePublished":"2025-05-28T09:33:59+00:00","dateModified":"2025-06-11T11:01:57+00:00","mainEntityOfPage":{"@id":"https:\/\/www.klarairosa.com\/festival-pogranicja-kod-klare-i-rose-price-o-suzivotu\/"},"wordCount":267,"publisher":{"@id":"https:\/\/www.klarairosa.com\/en\/#organization"},"image":{"@id":"https:\/\/www.klarairosa.com\/festival-pogranicja-kod-klare-i-rose-price-o-suzivotu\/#primaryimage"},"thumbnailUrl":"https:\/\/www.klarairosa.com\/wp-content\/uploads\/2025\/05\/Beige-Red-Refined-Scrapbook-Daily-Vlog-YouTube-Thumbnail-1.png","keywords":["festival pograni\u010dje","hronike sejna","Klara i Rosa","klecmer orkestar","pozori\u0161te","subotica"],"articleSection":["Aktuelno","Dvori\u0161na galerija"],"inLanguage":"en-GB"},{"@type":"WebPage","@id":"https:\/\/www.klarairosa.com\/festival-pogranicja-kod-klare-i-rose-price-o-suzivotu\/","url":"https:\/\/www.klarairosa.com\/festival-pogranicja-kod-klare-i-rose-price-o-suzivotu\/","name":"Festival Pograni\u010dja kod Klare i Rose - Pri\u010de o su\u017eivotu - Klara i Rosa","isPartOf":{"@id":"https:\/\/www.klarairosa.com\/en\/#website"},"primaryImageOfPage":{"@id":"https:\/\/www.klarairosa.com\/festival-pogranicja-kod-klare-i-rose-price-o-suzivotu\/#primaryimage"},"image":{"@id":"https:\/\/www.klarairosa.com\/festival-pogranicja-kod-klare-i-rose-price-o-suzivotu\/#primaryimage"},"thumbnailUrl":"https:\/\/www.klarairosa.com\/wp-content\/uploads\/2025\/05\/Beige-Red-Refined-Scrapbook-Daily-Vlog-YouTube-Thumbnail-1.png","datePublished":"2025-05-28T09:33:59+00:00","dateModified":"2025-06-11T11:01:57+00:00","breadcrumb":{"@id":"https:\/\/www.klarairosa.com\/festival-pogranicja-kod-klare-i-rose-price-o-suzivotu\/#breadcrumb"},"inLanguage":"en-GB","potentialAction":[{"@type":"ReadAction","target":["https:\/\/www.klarairosa.com\/festival-pogranicja-kod-klare-i-rose-price-o-suzivotu\/"]}]},{"@type":"ImageObject","inLanguage":"en-GB","@id":"https:\/\/www.klarairosa.com\/festival-pogranicja-kod-klare-i-rose-price-o-suzivotu\/#primaryimage","url":"https:\/\/www.klarairosa.com\/wp-content\/uploads\/2025\/05\/Beige-Red-Refined-Scrapbook-Daily-Vlog-YouTube-Thumbnail-1.png","contentUrl":"https:\/\/www.klarairosa.com\/wp-content\/uploads\/2025\/05\/Beige-Red-Refined-Scrapbook-Daily-Vlog-YouTube-Thumbnail-1.png","width":1352,"height":1005},{"@type":"BreadcrumbList","@id":"https:\/\/www.klarairosa.com\/festival-pogranicja-kod-klare-i-rose-price-o-suzivotu\/#breadcrumb","itemListElement":[{"@type":"ListItem","position":1,"name":"Home","item":"https:\/\/www.klarairosa.com\/"},{"@type":"ListItem","position":2,"name":"Festival Pograni\u010dja kod Klare i Rose &#8211; Pri\u010de o su\u017eivotu"}]},{"@type":"WebSite","@id":"https:\/\/www.klarairosa.com\/en\/#website","url":"https:\/\/www.klarairosa.com\/en\/","name":"Klara i Rosa","description":"Klara i Rosa","publisher":{"@id":"https:\/\/www.klarairosa.com\/en\/#organization"},"potentialAction":[{"@type":"SearchAction","target":{"@type":"EntryPoint","urlTemplate":"https:\/\/www.klarairosa.com\/en\/?s={search_term_string}"},"query-input":{"@type":"PropertyValueSpecification","valueRequired":true,"valueName":"search_term_string"}}],"inLanguage":"en-GB"},{"@type":"Organization","@id":"https:\/\/www.klarairosa.com\/en\/#organization","name":"Klara i Rosa","url":"https:\/\/www.klarairosa.com\/en\/","logo":{"@type":"ImageObject","inLanguage":"en-GB","@id":"https:\/\/www.klarairosa.com\/en\/#\/schema\/logo\/image\/","url":"https:\/\/www.klarairosa.com\/wp-content\/uploads\/2022\/01\/logo.svg","contentUrl":"https:\/\/www.klarairosa.com\/wp-content\/uploads\/2022\/01\/logo.svg","width":110,"height":139,"caption":"Klara i Rosa"},"image":{"@id":"https:\/\/www.klarairosa.com\/en\/#\/schema\/logo\/image\/"},"sameAs":["https:\/\/www.facebook.com\/klarairosa\/","https:\/\/www.instagram.com\/ugklarairosa\/"]},{"@type":"Person","@id":"https:\/\/www.klarairosa.com\/en\/#\/schema\/person\/e4e7e9e5c8eeeddccf61e4532ae8e6ed","name":"Klara i Rosa","image":{"@type":"ImageObject","inLanguage":"en-GB","@id":"https:\/\/secure.gravatar.com\/avatar\/c83ee539a067b9f57ae5d8999ae286c4f98b5c4bd943b8cbb64f6b0fc1f29e40?s=96&d=mm&r=g","url":"https:\/\/secure.gravatar.com\/avatar\/c83ee539a067b9f57ae5d8999ae286c4f98b5c4bd943b8cbb64f6b0fc1f29e40?s=96&d=mm&r=g","contentUrl":"https:\/\/secure.gravatar.com\/avatar\/c83ee539a067b9f57ae5d8999ae286c4f98b5c4bd943b8cbb64f6b0fc1f29e40?s=96&d=mm&r=g","caption":"Klara i Rosa"},"sameAs":["https:\/\/klarairosa.com"],"url":"https:\/\/www.klarairosa.com\/en\/author\/rosaiklara\/"}]}},"_links":{"self":[{"href":"https:\/\/www.klarairosa.com\/en\/wp-json\/wp\/v2\/posts\/22972","targetHints":{"allow":["GET"]}}],"collection":[{"href":"https:\/\/www.klarairosa.com\/en\/wp-json\/wp\/v2\/posts"}],"about":[{"href":"https:\/\/www.klarairosa.com\/en\/wp-json\/wp\/v2\/types\/post"}],"author":[{"embeddable":true,"href":"https:\/\/www.klarairosa.com\/en\/wp-json\/wp\/v2\/users\/1"}],"replies":[{"embeddable":true,"href":"https:\/\/www.klarairosa.com\/en\/wp-json\/wp\/v2\/comments?post=22972"}],"version-history":[{"count":5,"href":"https:\/\/www.klarairosa.com\/en\/wp-json\/wp\/v2\/posts\/22972\/revisions"}],"predecessor-version":[{"id":23108,"href":"https:\/\/www.klarairosa.com\/en\/wp-json\/wp\/v2\/posts\/22972\/revisions\/23108"}],"wp:featuredmedia":[{"embeddable":true,"href":"https:\/\/www.klarairosa.com\/en\/wp-json\/wp\/v2\/media\/22974"}],"wp:attachment":[{"href":"https:\/\/www.klarairosa.com\/en\/wp-json\/wp\/v2\/media?parent=22972"}],"wp:term":[{"taxonomy":"category","embeddable":true,"href":"https:\/\/www.klarairosa.com\/en\/wp-json\/wp\/v2\/categories?post=22972"},{"taxonomy":"post_tag","embeddable":true,"href":"https:\/\/www.klarairosa.com\/en\/wp-json\/wp\/v2\/tags?post=22972"}],"curies":[{"name":"wp","href":"https:\/\/api.w.org\/{rel}","templated":true}]}}