{"id":22969,"date":"2025-05-28T09:18:45","date_gmt":"2025-05-28T09:18:45","guid":{"rendered":"https:\/\/www.klarairosa.com\/?p=22969"},"modified":"2025-09-10T16:18:38","modified_gmt":"2025-09-10T16:18:38","slug":"okrugli-sto-od-zajednica-ka-drustvu","status":"publish","type":"post","link":"https:\/\/www.klarairosa.com\/en\/okrugli-sto-od-zajednica-ka-drustvu\/","title":{"rendered":"How do we build a society that works for everyone?"},"content":{"rendered":"<div class=\"xdj266r x11i5rnm xat24cr x1mh8g0r x1vvkbs x126k92a\">\n<div dir=\"auto\" style=\"text-align: justify;\">\n<div class=\"x11i5rnm xat24cr x1mh8g0r x1vvkbs xtlvy1s x126k92a\">\n<div dir=\"auto\">\n<div class=\"xdj266r x11i5rnm xat24cr x1mh8g0r x1vvkbs x126k92a\">\n<div dir=\"auto\">\n<p data-start=\"57\" data-end=\"169\">\ud83d\uddd3 <strong data-start=\"106\" data-end=\"124\">Friday, May 30<\/strong><br data-start=\"124\" data-end=\"127\" \/>\ud83d\udd52 <strong data-start=\"130\" data-end=\"137\">3 PM<\/strong><br data-start=\"137\" data-end=\"140\" data-is-only-node=\"\" \/>\ud83d\udccd <strong data-start=\"143\" data-end=\"169\">Klara i Rosa, Petefi \u0160andora 15, Subotica<\/strong><\/p>\n<p data-start=\"57\" data-end=\"169\">.<\/p>\n<p data-start=\"171\" data-end=\"456\" class=\" translation-block\">We invite you to an open conversation on coexistence, solidarity, and the social integration of diverse communities in Vojvodina.\n\nThrough examples from education, culture, language, and media, we\u2019ll discuss ways to create a fairer and more inclusive society.<\/p>\n<p data-start=\"171\" data-end=\"456\">.<\/p>\n<p data-start=\"458\" data-end=\"554\">\ud83d\udcac The roundtable will feature representatives of various national communities and youth from both Vojvodina and southern Serbia.<\/p>\n<p data-start=\"458\" data-end=\"554\">.<\/p>\n<p data-start=\"556\" data-end=\"636\">Come share your ideas and help us strengthen the bridges of understanding \u2013 together!<br data-start=\"620\" data-end=\"623\" \/>Welcome!<\/p>\n<p data-start=\"556\" data-end=\"636\">.<\/p>\n<p data-start=\"556\" data-end=\"636\"><em>Ovu aktivnost sprovodimo u okviru projekta \u201cJa\u010danje odgovora Srbije na izazove migracija i inkluzije\u201d koji finansira Evropska unija, a koji zajedni\u010dki sprovode Centar za za\u0161titu i pomo\u0107 tra\u017eiocima azila, Klara i Rosa, Volonterski centar Vojvodine i Dituria. Za sadr\u017eaj ove objave isklju\u010divo su odgovorni partneri i ona nu\u017eno ne odra\u017eava stavove Evropske unije.<\/em><\/p>\n<\/div>\n<\/div>\n<\/div>\n<\/div>\n<div class=\"x11i5rnm xat24cr x1mh8g0r x1vvkbs xtlvy1s x126k92a\">\n<div dir=\"auto\"><img decoding=\"async\" class=\"alignnone size-medium wp-image-23377\" src=\"https:\/\/www.klarairosa.com\/wp-content\/uploads\/2025\/09\/APC-LOGO-ZA-SVE-300x43.jpg\" alt=\"\" width=\"300\" height=\"43\" srcset=\"https:\/\/www.klarairosa.com\/wp-content\/uploads\/2025\/09\/APC-LOGO-ZA-SVE-300x43.jpg 300w, https:\/\/www.klarairosa.com\/wp-content\/uploads\/2025\/09\/APC-LOGO-ZA-SVE-18x3.jpg 18w, https:\/\/www.klarairosa.com\/wp-content\/uploads\/2025\/09\/APC-LOGO-ZA-SVE-700x101.jpg 700w, https:\/\/www.klarairosa.com\/wp-content\/uploads\/2025\/09\/APC-LOGO-ZA-SVE.jpg 749w\" sizes=\"(max-width: 300px) 100vw, 300px\" \/><\/div>\n<div dir=\"auto\"><\/div>\n<div dir=\"auto\"><\/div>\n<\/div>\n<\/div>\n<\/div>","protected":false},"excerpt":{"rendered":"<p>\ud83d\uddd3 Petak, 30. maj\ud83d\udd52 15h\ud83d\udccd Klara i Rosa, Petefi \u0160andora 15, Subotica . Kako gradimo&#8230;<\/p>","protected":false},"author":1,"featured_media":22970,"comment_status":"closed","ping_status":"closed","sticky":false,"template":"","format":"standard","meta":{"content-type":"","inline_featured_image":false,"footnotes":""},"categories":[109],"tags":[282,124,674,209,152],"class_list":["post-22969","post","type-post","status-publish","format-standard","has-post-thumbnail","hentry","category-aktuelno","tag-community","tag-klara-i-rosa","tag-od-zajednica-ka-drustvu","tag-okrugli-sto","tag-subotica"],"yoast_head":"<!-- This site is optimized with the Yoast SEO plugin v27.5 - https:\/\/yoast.com\/product\/yoast-seo-wordpress\/ -->\n<title>Okrugli sto: Od zajednica ka dru\u0161tvu - Klara i Rosa<\/title>\n<meta name=\"robots\" content=\"index, follow, max-snippet:-1, max-image-preview:large, max-video-preview:-1\" \/>\n<link rel=\"canonical\" href=\"https:\/\/www.klarairosa.com\/en\/okrugli-sto-od-zajednica-ka-drustvu\/\" \/>\n<meta property=\"og:locale\" content=\"en_GB\" \/>\n<meta property=\"og:type\" content=\"article\" \/>\n<meta property=\"og:title\" content=\"Okrugli sto: Od zajednica ka dru\u0161tvu - Klara i Rosa\" \/>\n<meta property=\"og:description\" content=\"\ud83d\uddd3 Petak, 30. maj\ud83d\udd52 15h\ud83d\udccd Klara i Rosa, Petefi \u0160andora 15, Subotica . Kako gradimo...\" \/>\n<meta property=\"og:url\" content=\"https:\/\/www.klarairosa.com\/en\/okrugli-sto-od-zajednica-ka-drustvu\/\" \/>\n<meta property=\"og:site_name\" content=\"Klara i Rosa\" \/>\n<meta property=\"article:publisher\" content=\"https:\/\/www.facebook.com\/klarairosa\/\" \/>\n<meta property=\"article:published_time\" content=\"2025-05-28T09:18:45+00:00\" \/>\n<meta property=\"article:modified_time\" content=\"2025-09-10T16:18:38+00:00\" \/>\n<meta property=\"og:image\" content=\"https:\/\/www.klarairosa.com\/wp-content\/uploads\/2025\/05\/Beige-Red-Refined-Scrapbook-Daily-Vlog-YouTube-Thumbnail-1024x761.png\" \/>\n\t<meta property=\"og:image:width\" content=\"1024\" \/>\n\t<meta property=\"og:image:height\" content=\"761\" \/>\n\t<meta property=\"og:image:type\" content=\"image\/png\" \/>\n<meta name=\"author\" content=\"Klara i Rosa\" \/>\n<meta name=\"twitter:card\" content=\"summary_large_image\" \/>\n<meta name=\"twitter:label1\" content=\"Written by\" \/>\n\t<meta name=\"twitter:data1\" content=\"Klara i Rosa\" \/>\n\t<meta name=\"twitter:label2\" content=\"Estimated reading time\" \/>\n\t<meta name=\"twitter:data2\" content=\"1 minute\" \/>\n<script type=\"application\/ld+json\" class=\"yoast-schema-graph\">{\"@context\":\"https:\\\/\\\/schema.org\",\"@graph\":[{\"@type\":\"Article\",\"@id\":\"https:\\\/\\\/www.klarairosa.com\\\/okrugli-sto-od-zajednica-ka-drustvu\\\/#article\",\"isPartOf\":{\"@id\":\"https:\\\/\\\/www.klarairosa.com\\\/okrugli-sto-od-zajednica-ka-drustvu\\\/\"},\"author\":{\"name\":\"Klara i Rosa\",\"@id\":\"https:\\\/\\\/www.klarairosa.com\\\/en\\\/#\\\/schema\\\/person\\\/e4e7e9e5c8eeeddccf61e4532ae8e6ed\"},\"headline\":\"Okrugli sto: Od zajednica ka dru\u0161tvu\",\"datePublished\":\"2025-05-28T09:18:45+00:00\",\"dateModified\":\"2025-09-10T16:18:38+00:00\",\"mainEntityOfPage\":{\"@id\":\"https:\\\/\\\/www.klarairosa.com\\\/okrugli-sto-od-zajednica-ka-drustvu\\\/\"},\"wordCount\":148,\"publisher\":{\"@id\":\"https:\\\/\\\/www.klarairosa.com\\\/en\\\/#organization\"},\"image\":{\"@id\":\"https:\\\/\\\/www.klarairosa.com\\\/okrugli-sto-od-zajednica-ka-drustvu\\\/#primaryimage\"},\"thumbnailUrl\":\"https:\\\/\\\/www.klarairosa.com\\\/wp-content\\\/uploads\\\/2025\\\/05\\\/Beige-Red-Refined-Scrapbook-Daily-Vlog-YouTube-Thumbnail.png\",\"keywords\":[\"community\",\"Klara i Rosa\",\"Od zajednica ka drustvu\",\"okrugli sto\",\"subotica\"],\"articleSection\":[\"Aktuelno\"],\"inLanguage\":\"en-GB\"},{\"@type\":\"WebPage\",\"@id\":\"https:\\\/\\\/www.klarairosa.com\\\/okrugli-sto-od-zajednica-ka-drustvu\\\/\",\"url\":\"https:\\\/\\\/www.klarairosa.com\\\/okrugli-sto-od-zajednica-ka-drustvu\\\/\",\"name\":\"Okrugli sto: Od zajednica ka dru\u0161tvu - Klara i Rosa\",\"isPartOf\":{\"@id\":\"https:\\\/\\\/www.klarairosa.com\\\/en\\\/#website\"},\"primaryImageOfPage\":{\"@id\":\"https:\\\/\\\/www.klarairosa.com\\\/okrugli-sto-od-zajednica-ka-drustvu\\\/#primaryimage\"},\"image\":{\"@id\":\"https:\\\/\\\/www.klarairosa.com\\\/okrugli-sto-od-zajednica-ka-drustvu\\\/#primaryimage\"},\"thumbnailUrl\":\"https:\\\/\\\/www.klarairosa.com\\\/wp-content\\\/uploads\\\/2025\\\/05\\\/Beige-Red-Refined-Scrapbook-Daily-Vlog-YouTube-Thumbnail.png\",\"datePublished\":\"2025-05-28T09:18:45+00:00\",\"dateModified\":\"2025-09-10T16:18:38+00:00\",\"breadcrumb\":{\"@id\":\"https:\\\/\\\/www.klarairosa.com\\\/okrugli-sto-od-zajednica-ka-drustvu\\\/#breadcrumb\"},\"inLanguage\":\"en-GB\",\"potentialAction\":[{\"@type\":\"ReadAction\",\"target\":[\"https:\\\/\\\/www.klarairosa.com\\\/okrugli-sto-od-zajednica-ka-drustvu\\\/\"]}]},{\"@type\":\"ImageObject\",\"inLanguage\":\"en-GB\",\"@id\":\"https:\\\/\\\/www.klarairosa.com\\\/okrugli-sto-od-zajednica-ka-drustvu\\\/#primaryimage\",\"url\":\"https:\\\/\\\/www.klarairosa.com\\\/wp-content\\\/uploads\\\/2025\\\/05\\\/Beige-Red-Refined-Scrapbook-Daily-Vlog-YouTube-Thumbnail.png\",\"contentUrl\":\"https:\\\/\\\/www.klarairosa.com\\\/wp-content\\\/uploads\\\/2025\\\/05\\\/Beige-Red-Refined-Scrapbook-Daily-Vlog-YouTube-Thumbnail.png\",\"width\":1352,\"height\":1005},{\"@type\":\"BreadcrumbList\",\"@id\":\"https:\\\/\\\/www.klarairosa.com\\\/okrugli-sto-od-zajednica-ka-drustvu\\\/#breadcrumb\",\"itemListElement\":[{\"@type\":\"ListItem\",\"position\":1,\"name\":\"Home\",\"item\":\"https:\\\/\\\/www.klarairosa.com\\\/\"},{\"@type\":\"ListItem\",\"position\":2,\"name\":\"Okrugli sto: Od zajednica ka dru\u0161tvu\"}]},{\"@type\":\"WebSite\",\"@id\":\"https:\\\/\\\/www.klarairosa.com\\\/en\\\/#website\",\"url\":\"https:\\\/\\\/www.klarairosa.com\\\/en\\\/\",\"name\":\"Klara i Rosa\",\"description\":\"Klara i Rosa\",\"publisher\":{\"@id\":\"https:\\\/\\\/www.klarairosa.com\\\/en\\\/#organization\"},\"potentialAction\":[{\"@type\":\"SearchAction\",\"target\":{\"@type\":\"EntryPoint\",\"urlTemplate\":\"https:\\\/\\\/www.klarairosa.com\\\/en\\\/?s={search_term_string}\"},\"query-input\":{\"@type\":\"PropertyValueSpecification\",\"valueRequired\":true,\"valueName\":\"search_term_string\"}}],\"inLanguage\":\"en-GB\"},{\"@type\":\"Organization\",\"@id\":\"https:\\\/\\\/www.klarairosa.com\\\/en\\\/#organization\",\"name\":\"Klara i Rosa\",\"url\":\"https:\\\/\\\/www.klarairosa.com\\\/en\\\/\",\"logo\":{\"@type\":\"ImageObject\",\"inLanguage\":\"en-GB\",\"@id\":\"https:\\\/\\\/www.klarairosa.com\\\/en\\\/#\\\/schema\\\/logo\\\/image\\\/\",\"url\":\"https:\\\/\\\/www.klarairosa.com\\\/wp-content\\\/uploads\\\/2022\\\/01\\\/logo.svg\",\"contentUrl\":\"https:\\\/\\\/www.klarairosa.com\\\/wp-content\\\/uploads\\\/2022\\\/01\\\/logo.svg\",\"width\":110,\"height\":139,\"caption\":\"Klara i Rosa\"},\"image\":{\"@id\":\"https:\\\/\\\/www.klarairosa.com\\\/en\\\/#\\\/schema\\\/logo\\\/image\\\/\"},\"sameAs\":[\"https:\\\/\\\/www.facebook.com\\\/klarairosa\\\/\",\"https:\\\/\\\/www.instagram.com\\\/ugklarairosa\\\/\"]},{\"@type\":\"Person\",\"@id\":\"https:\\\/\\\/www.klarairosa.com\\\/en\\\/#\\\/schema\\\/person\\\/e4e7e9e5c8eeeddccf61e4532ae8e6ed\",\"name\":\"Klara i Rosa\",\"image\":{\"@type\":\"ImageObject\",\"inLanguage\":\"en-GB\",\"@id\":\"https:\\\/\\\/secure.gravatar.com\\\/avatar\\\/c83ee539a067b9f57ae5d8999ae286c4f98b5c4bd943b8cbb64f6b0fc1f29e40?s=96&d=mm&r=g\",\"url\":\"https:\\\/\\\/secure.gravatar.com\\\/avatar\\\/c83ee539a067b9f57ae5d8999ae286c4f98b5c4bd943b8cbb64f6b0fc1f29e40?s=96&d=mm&r=g\",\"contentUrl\":\"https:\\\/\\\/secure.gravatar.com\\\/avatar\\\/c83ee539a067b9f57ae5d8999ae286c4f98b5c4bd943b8cbb64f6b0fc1f29e40?s=96&d=mm&r=g\",\"caption\":\"Klara i Rosa\"},\"sameAs\":[\"https:\\\/\\\/klarairosa.com\"],\"url\":\"https:\\\/\\\/www.klarairosa.com\\\/en\\\/author\\\/rosaiklara\\\/\"}]}<\/script>\n<!-- \/ Yoast SEO plugin. -->","yoast_head_json":{"title":"Okrugli sto: Od zajednica ka dru\u0161tvu - Klara i Rosa","robots":{"index":"index","follow":"follow","max-snippet":"max-snippet:-1","max-image-preview":"max-image-preview:large","max-video-preview":"max-video-preview:-1"},"canonical":"https:\/\/www.klarairosa.com\/en\/okrugli-sto-od-zajednica-ka-drustvu\/","og_locale":"en_GB","og_type":"article","og_title":"Okrugli sto: Od zajednica ka dru\u0161tvu - Klara i Rosa","og_description":"\ud83d\uddd3 Petak, 30. maj\ud83d\udd52 15h\ud83d\udccd Klara i Rosa, Petefi \u0160andora 15, Subotica . Kako gradimo...","og_url":"https:\/\/www.klarairosa.com\/en\/okrugli-sto-od-zajednica-ka-drustvu\/","og_site_name":"Klara i Rosa","article_publisher":"https:\/\/www.facebook.com\/klarairosa\/","article_published_time":"2025-05-28T09:18:45+00:00","article_modified_time":"2025-09-10T16:18:38+00:00","og_image":[{"width":1024,"height":761,"url":"https:\/\/www.klarairosa.com\/wp-content\/uploads\/2025\/05\/Beige-Red-Refined-Scrapbook-Daily-Vlog-YouTube-Thumbnail-1024x761.png","type":"image\/png"}],"author":"Klara i Rosa","twitter_card":"summary_large_image","twitter_misc":{"Written by":"Klara i Rosa","Estimated reading time":"1 minute"},"schema":{"@context":"https:\/\/schema.org","@graph":[{"@type":"Article","@id":"https:\/\/www.klarairosa.com\/okrugli-sto-od-zajednica-ka-drustvu\/#article","isPartOf":{"@id":"https:\/\/www.klarairosa.com\/okrugli-sto-od-zajednica-ka-drustvu\/"},"author":{"name":"Klara i Rosa","@id":"https:\/\/www.klarairosa.com\/en\/#\/schema\/person\/e4e7e9e5c8eeeddccf61e4532ae8e6ed"},"headline":"Okrugli sto: Od zajednica ka dru\u0161tvu","datePublished":"2025-05-28T09:18:45+00:00","dateModified":"2025-09-10T16:18:38+00:00","mainEntityOfPage":{"@id":"https:\/\/www.klarairosa.com\/okrugli-sto-od-zajednica-ka-drustvu\/"},"wordCount":148,"publisher":{"@id":"https:\/\/www.klarairosa.com\/en\/#organization"},"image":{"@id":"https:\/\/www.klarairosa.com\/okrugli-sto-od-zajednica-ka-drustvu\/#primaryimage"},"thumbnailUrl":"https:\/\/www.klarairosa.com\/wp-content\/uploads\/2025\/05\/Beige-Red-Refined-Scrapbook-Daily-Vlog-YouTube-Thumbnail.png","keywords":["community","Klara i Rosa","Od zajednica ka drustvu","okrugli sto","subotica"],"articleSection":["Aktuelno"],"inLanguage":"en-GB"},{"@type":"WebPage","@id":"https:\/\/www.klarairosa.com\/okrugli-sto-od-zajednica-ka-drustvu\/","url":"https:\/\/www.klarairosa.com\/okrugli-sto-od-zajednica-ka-drustvu\/","name":"Okrugli sto: Od zajednica ka dru\u0161tvu - Klara i Rosa","isPartOf":{"@id":"https:\/\/www.klarairosa.com\/en\/#website"},"primaryImageOfPage":{"@id":"https:\/\/www.klarairosa.com\/okrugli-sto-od-zajednica-ka-drustvu\/#primaryimage"},"image":{"@id":"https:\/\/www.klarairosa.com\/okrugli-sto-od-zajednica-ka-drustvu\/#primaryimage"},"thumbnailUrl":"https:\/\/www.klarairosa.com\/wp-content\/uploads\/2025\/05\/Beige-Red-Refined-Scrapbook-Daily-Vlog-YouTube-Thumbnail.png","datePublished":"2025-05-28T09:18:45+00:00","dateModified":"2025-09-10T16:18:38+00:00","breadcrumb":{"@id":"https:\/\/www.klarairosa.com\/okrugli-sto-od-zajednica-ka-drustvu\/#breadcrumb"},"inLanguage":"en-GB","potentialAction":[{"@type":"ReadAction","target":["https:\/\/www.klarairosa.com\/okrugli-sto-od-zajednica-ka-drustvu\/"]}]},{"@type":"ImageObject","inLanguage":"en-GB","@id":"https:\/\/www.klarairosa.com\/okrugli-sto-od-zajednica-ka-drustvu\/#primaryimage","url":"https:\/\/www.klarairosa.com\/wp-content\/uploads\/2025\/05\/Beige-Red-Refined-Scrapbook-Daily-Vlog-YouTube-Thumbnail.png","contentUrl":"https:\/\/www.klarairosa.com\/wp-content\/uploads\/2025\/05\/Beige-Red-Refined-Scrapbook-Daily-Vlog-YouTube-Thumbnail.png","width":1352,"height":1005},{"@type":"BreadcrumbList","@id":"https:\/\/www.klarairosa.com\/okrugli-sto-od-zajednica-ka-drustvu\/#breadcrumb","itemListElement":[{"@type":"ListItem","position":1,"name":"Home","item":"https:\/\/www.klarairosa.com\/"},{"@type":"ListItem","position":2,"name":"Okrugli sto: Od zajednica ka dru\u0161tvu"}]},{"@type":"WebSite","@id":"https:\/\/www.klarairosa.com\/en\/#website","url":"https:\/\/www.klarairosa.com\/en\/","name":"Klara i Rosa","description":"Klara i Rosa","publisher":{"@id":"https:\/\/www.klarairosa.com\/en\/#organization"},"potentialAction":[{"@type":"SearchAction","target":{"@type":"EntryPoint","urlTemplate":"https:\/\/www.klarairosa.com\/en\/?s={search_term_string}"},"query-input":{"@type":"PropertyValueSpecification","valueRequired":true,"valueName":"search_term_string"}}],"inLanguage":"en-GB"},{"@type":"Organization","@id":"https:\/\/www.klarairosa.com\/en\/#organization","name":"Klara i Rosa","url":"https:\/\/www.klarairosa.com\/en\/","logo":{"@type":"ImageObject","inLanguage":"en-GB","@id":"https:\/\/www.klarairosa.com\/en\/#\/schema\/logo\/image\/","url":"https:\/\/www.klarairosa.com\/wp-content\/uploads\/2022\/01\/logo.svg","contentUrl":"https:\/\/www.klarairosa.com\/wp-content\/uploads\/2022\/01\/logo.svg","width":110,"height":139,"caption":"Klara i Rosa"},"image":{"@id":"https:\/\/www.klarairosa.com\/en\/#\/schema\/logo\/image\/"},"sameAs":["https:\/\/www.facebook.com\/klarairosa\/","https:\/\/www.instagram.com\/ugklarairosa\/"]},{"@type":"Person","@id":"https:\/\/www.klarairosa.com\/en\/#\/schema\/person\/e4e7e9e5c8eeeddccf61e4532ae8e6ed","name":"Klara i Rosa","image":{"@type":"ImageObject","inLanguage":"en-GB","@id":"https:\/\/secure.gravatar.com\/avatar\/c83ee539a067b9f57ae5d8999ae286c4f98b5c4bd943b8cbb64f6b0fc1f29e40?s=96&d=mm&r=g","url":"https:\/\/secure.gravatar.com\/avatar\/c83ee539a067b9f57ae5d8999ae286c4f98b5c4bd943b8cbb64f6b0fc1f29e40?s=96&d=mm&r=g","contentUrl":"https:\/\/secure.gravatar.com\/avatar\/c83ee539a067b9f57ae5d8999ae286c4f98b5c4bd943b8cbb64f6b0fc1f29e40?s=96&d=mm&r=g","caption":"Klara i Rosa"},"sameAs":["https:\/\/klarairosa.com"],"url":"https:\/\/www.klarairosa.com\/en\/author\/rosaiklara\/"}]}},"_links":{"self":[{"href":"https:\/\/www.klarairosa.com\/en\/wp-json\/wp\/v2\/posts\/22969","targetHints":{"allow":["GET"]}}],"collection":[{"href":"https:\/\/www.klarairosa.com\/en\/wp-json\/wp\/v2\/posts"}],"about":[{"href":"https:\/\/www.klarairosa.com\/en\/wp-json\/wp\/v2\/types\/post"}],"author":[{"embeddable":true,"href":"https:\/\/www.klarairosa.com\/en\/wp-json\/wp\/v2\/users\/1"}],"replies":[{"embeddable":true,"href":"https:\/\/www.klarairosa.com\/en\/wp-json\/wp\/v2\/comments?post=22969"}],"version-history":[{"count":2,"href":"https:\/\/www.klarairosa.com\/en\/wp-json\/wp\/v2\/posts\/22969\/revisions"}],"predecessor-version":[{"id":23385,"href":"https:\/\/www.klarairosa.com\/en\/wp-json\/wp\/v2\/posts\/22969\/revisions\/23385"}],"wp:featuredmedia":[{"embeddable":true,"href":"https:\/\/www.klarairosa.com\/en\/wp-json\/wp\/v2\/media\/22970"}],"wp:attachment":[{"href":"https:\/\/www.klarairosa.com\/en\/wp-json\/wp\/v2\/media?parent=22969"}],"wp:term":[{"taxonomy":"category","embeddable":true,"href":"https:\/\/www.klarairosa.com\/en\/wp-json\/wp\/v2\/categories?post=22969"},{"taxonomy":"post_tag","embeddable":true,"href":"https:\/\/www.klarairosa.com\/en\/wp-json\/wp\/v2\/tags?post=22969"}],"curies":[{"name":"wp","href":"https:\/\/api.w.org\/{rel}","templated":true}]}}