{"id":22938,"date":"2025-05-04T10:31:55","date_gmt":"2025-05-04T10:31:55","guid":{"rendered":"https:\/\/www.klarairosa.com\/?p=22938"},"modified":"2025-05-09T10:33:46","modified_gmt":"2025-05-09T10:33:46","slug":"omladinski-citalacki-klub","status":"publish","type":"post","link":"https:\/\/www.klarairosa.com\/en\/omladinski-citalacki-klub\/","title":{"rendered":"OMLADINSKI \u010cITALA\u010cKI KLUB"},"content":{"rendered":"<div class=\"xdj266r x11i5rnm xat24cr x1mh8g0r x1vvkbs x126k92a\">\n<div dir=\"auto\" style=\"text-align: justify;\">\n<div class=\"x11i5rnm xat24cr x1mh8g0r x1vvkbs xtlvy1s x126k92a\">\n<div dir=\"auto\">\n<div dir=\"auto\">\n<p>Ljubitelji knjiga, ovo je va\u0161e mesto!<\/p>\n<p>.<\/p>\n<p>Svakog meseca biramo jednu knjigu i zajedno je komentari\u0161emo,razmenjujemo utiske i povezujemo je sa temama koje su nam bitne. Bilo da su to krimi\u0107i, sci-fi, klasici,beletristika, savremena dela ili \u010dak stripovi, va\u017eno je da podstaknemodiskusiju. Klub nije samo za knji\u0161ke moljce, jer mo\u017ee\u0161 do\u0107i i ako nisipro\u010ditao\/la knjigu do kraja, ali \u017eeli\u0161 da \u010duje\u0161 druge. Ovo je mesto gde knjigepostaju vi\u0161e od pri\u010de \u2013 postaju alat za razumevanje sveta.<\/p>\n<p>.<\/p>\n<p>Kroz svet knjiga, ili tematskih serija i filmova. vodi\u0107e vas maturant u gimnaziji, Stefan Kova\u010d Vujanovi\u0107, va\u0161 vr\u0161njak i budu\u0107i student komunikologije na Filozofskom fakultetu.<\/p>\n<p>.<\/p>\n<p>Time se dr\u017eimo obe\u0107anja da u kreiranju sadr\u017eaja za mlade i u radu sa mladima, budu anga\u017eovani upravo mladi!Uz \u010daj i kafu pri\u010da\u0107emoo onome \u0161to nas pokre\u0107e. Prvo pravilo omladinskog \u0107itala\u010dkog kluba? Pravila odre\u0111ujete vi mladi!\u00a0 Samo do\u0111i i u\u017eivaj.<\/p>\n<\/div>\n<\/div>\n<\/div>\n<div class=\"x11i5rnm xat24cr x1mh8g0r x1vvkbs xtlvy1s x126k92a\">\n<div dir=\"auto\">.<\/div>\n<div dir=\"auto\">This event is part of the \"Together for an Active Civil Society \u2013 ACT\" project, supported by the Government of Switzerland and implemented by Helvetas Serbia and Civic Initiatives. ACT aims to build an active civil society where citizens play a greater role in decision-making processes, especially at the local level.<\/div>\n<div dir=\"auto\"><img decoding=\"async\" class=\"alignnone wp-image-22741\" src=\"https:\/\/www.klarairosa.com\/wp-content\/uploads\/2025\/03\/act-300x150.png\" alt=\"\" width=\"110\" height=\"55\" srcset=\"https:\/\/www.klarairosa.com\/wp-content\/uploads\/2025\/03\/act-300x150.png 300w, https:\/\/www.klarairosa.com\/wp-content\/uploads\/2025\/03\/act-1024x512.png 1024w, https:\/\/www.klarairosa.com\/wp-content\/uploads\/2025\/03\/act-768x384.png 768w, https:\/\/www.klarairosa.com\/wp-content\/uploads\/2025\/03\/act-18x9.png 18w, https:\/\/www.klarairosa.com\/wp-content\/uploads\/2025\/03\/act-1000x500.png 1000w, https:\/\/www.klarairosa.com\/wp-content\/uploads\/2025\/03\/act-700x350.png 700w, https:\/\/www.klarairosa.com\/wp-content\/uploads\/2025\/03\/act.png 1080w\" sizes=\"(max-width: 110px) 100vw, 110px\" \/><\/div>\n<\/div>\n<\/div>\n<\/div>","protected":false},"excerpt":{"rendered":"<p>Ljubitelji knjiga, ovo je va\u0161e mesto! . Svakog meseca biramo jednu knjigu i zajedno je&#8230;<\/p>","protected":false},"author":1,"featured_media":22939,"comment_status":"closed","ping_status":"closed","sticky":false,"template":"","format":"standard","meta":{"content-type":"","inline_featured_image":false,"footnotes":""},"categories":[109],"tags":[572,666,124,221,628,627,152,601],"class_list":["post-22938","post","type-post","status-publish","format-standard","has-post-thumbnail","hentry","category-aktuelno","tag-aktivne-zajednice","tag-citalacki-klub","tag-klara-i-rosa","tag-mladi","tag-omladina","tag-omladinsko-volonterski-klub","tag-subotica","tag-volonteri"],"yoast_head":"<!-- This site is optimized with the Yoast SEO plugin v27.5 - https:\/\/yoast.com\/product\/yoast-seo-wordpress\/ -->\n<title>OMLADINSKI \u010cITALA\u010cKI KLUB - Klara i Rosa<\/title>\n<meta name=\"robots\" content=\"index, follow, max-snippet:-1, max-image-preview:large, max-video-preview:-1\" \/>\n<link rel=\"canonical\" href=\"https:\/\/www.klarairosa.com\/en\/omladinski-citalacki-klub\/\" \/>\n<meta property=\"og:locale\" content=\"en_GB\" \/>\n<meta property=\"og:type\" content=\"article\" \/>\n<meta property=\"og:title\" content=\"OMLADINSKI \u010cITALA\u010cKI KLUB - Klara i Rosa\" \/>\n<meta property=\"og:description\" content=\"Ljubitelji knjiga, ovo je va\u0161e mesto! . Svakog meseca biramo jednu knjigu i zajedno je...\" \/>\n<meta property=\"og:url\" content=\"https:\/\/www.klarairosa.com\/en\/omladinski-citalacki-klub\/\" \/>\n<meta property=\"og:site_name\" content=\"Klara i Rosa\" \/>\n<meta property=\"article:publisher\" content=\"https:\/\/www.facebook.com\/klarairosa\/\" \/>\n<meta property=\"article:published_time\" content=\"2025-05-04T10:31:55+00:00\" \/>\n<meta property=\"article:modified_time\" content=\"2025-05-09T10:33:46+00:00\" \/>\n<meta property=\"og:image\" content=\"https:\/\/www.klarairosa.com\/wp-content\/uploads\/2025\/05\/Blue-Bold-Minimalist-Book-Club-Logo-Facebook-Post-1.jpg\" \/>\n\t<meta property=\"og:image:width\" content=\"1352\" \/>\n\t<meta property=\"og:image:height\" content=\"1005\" \/>\n\t<meta property=\"og:image:type\" content=\"image\/jpeg\" \/>\n<meta name=\"author\" content=\"Klara i Rosa\" \/>\n<meta name=\"twitter:card\" content=\"summary_large_image\" \/>\n<meta name=\"twitter:label1\" content=\"Written by\" \/>\n\t<meta name=\"twitter:data1\" content=\"Klara i Rosa\" \/>\n\t<meta name=\"twitter:label2\" content=\"Estimated reading time\" \/>\n\t<meta name=\"twitter:data2\" content=\"1 minute\" \/>\n<script type=\"application\/ld+json\" class=\"yoast-schema-graph\">{\"@context\":\"https:\\\/\\\/schema.org\",\"@graph\":[{\"@type\":\"Article\",\"@id\":\"https:\\\/\\\/www.klarairosa.com\\\/omladinski-citalacki-klub\\\/#article\",\"isPartOf\":{\"@id\":\"https:\\\/\\\/www.klarairosa.com\\\/omladinski-citalacki-klub\\\/\"},\"author\":{\"name\":\"Klara i Rosa\",\"@id\":\"https:\\\/\\\/www.klarairosa.com\\\/en\\\/#\\\/schema\\\/person\\\/e4e7e9e5c8eeeddccf61e4532ae8e6ed\"},\"headline\":\"OMLADINSKI \u010cITALA\u010cKI KLUB\",\"datePublished\":\"2025-05-04T10:31:55+00:00\",\"dateModified\":\"2025-05-09T10:33:46+00:00\",\"mainEntityOfPage\":{\"@id\":\"https:\\\/\\\/www.klarairosa.com\\\/omladinski-citalacki-klub\\\/\"},\"wordCount\":200,\"publisher\":{\"@id\":\"https:\\\/\\\/www.klarairosa.com\\\/en\\\/#organization\"},\"image\":{\"@id\":\"https:\\\/\\\/www.klarairosa.com\\\/omladinski-citalacki-klub\\\/#primaryimage\"},\"thumbnailUrl\":\"https:\\\/\\\/www.klarairosa.com\\\/wp-content\\\/uploads\\\/2025\\\/05\\\/Blue-Bold-Minimalist-Book-Club-Logo-Facebook-Post-1.jpg\",\"keywords\":[\"aktivne zajednice\",\"\u010ditala\u010dki klub\",\"Klara i Rosa\",\"mladi\",\"omladina\",\"omladinsko-volonterski klub\",\"subotica\",\"volonteri\"],\"articleSection\":[\"Aktuelno\"],\"inLanguage\":\"en-GB\"},{\"@type\":\"WebPage\",\"@id\":\"https:\\\/\\\/www.klarairosa.com\\\/omladinski-citalacki-klub\\\/\",\"url\":\"https:\\\/\\\/www.klarairosa.com\\\/omladinski-citalacki-klub\\\/\",\"name\":\"OMLADINSKI \u010cITALA\u010cKI KLUB - Klara i Rosa\",\"isPartOf\":{\"@id\":\"https:\\\/\\\/www.klarairosa.com\\\/en\\\/#website\"},\"primaryImageOfPage\":{\"@id\":\"https:\\\/\\\/www.klarairosa.com\\\/omladinski-citalacki-klub\\\/#primaryimage\"},\"image\":{\"@id\":\"https:\\\/\\\/www.klarairosa.com\\\/omladinski-citalacki-klub\\\/#primaryimage\"},\"thumbnailUrl\":\"https:\\\/\\\/www.klarairosa.com\\\/wp-content\\\/uploads\\\/2025\\\/05\\\/Blue-Bold-Minimalist-Book-Club-Logo-Facebook-Post-1.jpg\",\"datePublished\":\"2025-05-04T10:31:55+00:00\",\"dateModified\":\"2025-05-09T10:33:46+00:00\",\"breadcrumb\":{\"@id\":\"https:\\\/\\\/www.klarairosa.com\\\/omladinski-citalacki-klub\\\/#breadcrumb\"},\"inLanguage\":\"en-GB\",\"potentialAction\":[{\"@type\":\"ReadAction\",\"target\":[\"https:\\\/\\\/www.klarairosa.com\\\/omladinski-citalacki-klub\\\/\"]}]},{\"@type\":\"ImageObject\",\"inLanguage\":\"en-GB\",\"@id\":\"https:\\\/\\\/www.klarairosa.com\\\/omladinski-citalacki-klub\\\/#primaryimage\",\"url\":\"https:\\\/\\\/www.klarairosa.com\\\/wp-content\\\/uploads\\\/2025\\\/05\\\/Blue-Bold-Minimalist-Book-Club-Logo-Facebook-Post-1.jpg\",\"contentUrl\":\"https:\\\/\\\/www.klarairosa.com\\\/wp-content\\\/uploads\\\/2025\\\/05\\\/Blue-Bold-Minimalist-Book-Club-Logo-Facebook-Post-1.jpg\",\"width\":1352,\"height\":1005},{\"@type\":\"BreadcrumbList\",\"@id\":\"https:\\\/\\\/www.klarairosa.com\\\/omladinski-citalacki-klub\\\/#breadcrumb\",\"itemListElement\":[{\"@type\":\"ListItem\",\"position\":1,\"name\":\"Home\",\"item\":\"https:\\\/\\\/www.klarairosa.com\\\/\"},{\"@type\":\"ListItem\",\"position\":2,\"name\":\"OMLADINSKI \u010cITALA\u010cKI KLUB\"}]},{\"@type\":\"WebSite\",\"@id\":\"https:\\\/\\\/www.klarairosa.com\\\/en\\\/#website\",\"url\":\"https:\\\/\\\/www.klarairosa.com\\\/en\\\/\",\"name\":\"Klara i Rosa\",\"description\":\"Klara i Rosa\",\"publisher\":{\"@id\":\"https:\\\/\\\/www.klarairosa.com\\\/en\\\/#organization\"},\"potentialAction\":[{\"@type\":\"SearchAction\",\"target\":{\"@type\":\"EntryPoint\",\"urlTemplate\":\"https:\\\/\\\/www.klarairosa.com\\\/en\\\/?s={search_term_string}\"},\"query-input\":{\"@type\":\"PropertyValueSpecification\",\"valueRequired\":true,\"valueName\":\"search_term_string\"}}],\"inLanguage\":\"en-GB\"},{\"@type\":\"Organization\",\"@id\":\"https:\\\/\\\/www.klarairosa.com\\\/en\\\/#organization\",\"name\":\"Klara i Rosa\",\"url\":\"https:\\\/\\\/www.klarairosa.com\\\/en\\\/\",\"logo\":{\"@type\":\"ImageObject\",\"inLanguage\":\"en-GB\",\"@id\":\"https:\\\/\\\/www.klarairosa.com\\\/en\\\/#\\\/schema\\\/logo\\\/image\\\/\",\"url\":\"https:\\\/\\\/www.klarairosa.com\\\/wp-content\\\/uploads\\\/2022\\\/01\\\/logo.svg\",\"contentUrl\":\"https:\\\/\\\/www.klarairosa.com\\\/wp-content\\\/uploads\\\/2022\\\/01\\\/logo.svg\",\"width\":110,\"height\":139,\"caption\":\"Klara i Rosa\"},\"image\":{\"@id\":\"https:\\\/\\\/www.klarairosa.com\\\/en\\\/#\\\/schema\\\/logo\\\/image\\\/\"},\"sameAs\":[\"https:\\\/\\\/www.facebook.com\\\/klarairosa\\\/\",\"https:\\\/\\\/www.instagram.com\\\/ugklarairosa\\\/\"]},{\"@type\":\"Person\",\"@id\":\"https:\\\/\\\/www.klarairosa.com\\\/en\\\/#\\\/schema\\\/person\\\/e4e7e9e5c8eeeddccf61e4532ae8e6ed\",\"name\":\"Klara i Rosa\",\"image\":{\"@type\":\"ImageObject\",\"inLanguage\":\"en-GB\",\"@id\":\"https:\\\/\\\/secure.gravatar.com\\\/avatar\\\/c83ee539a067b9f57ae5d8999ae286c4f98b5c4bd943b8cbb64f6b0fc1f29e40?s=96&d=mm&r=g\",\"url\":\"https:\\\/\\\/secure.gravatar.com\\\/avatar\\\/c83ee539a067b9f57ae5d8999ae286c4f98b5c4bd943b8cbb64f6b0fc1f29e40?s=96&d=mm&r=g\",\"contentUrl\":\"https:\\\/\\\/secure.gravatar.com\\\/avatar\\\/c83ee539a067b9f57ae5d8999ae286c4f98b5c4bd943b8cbb64f6b0fc1f29e40?s=96&d=mm&r=g\",\"caption\":\"Klara i Rosa\"},\"sameAs\":[\"https:\\\/\\\/klarairosa.com\"],\"url\":\"https:\\\/\\\/www.klarairosa.com\\\/en\\\/author\\\/rosaiklara\\\/\"}]}<\/script>\n<!-- \/ Yoast SEO plugin. -->","yoast_head_json":{"title":"OMLADINSKI \u010cITALA\u010cKI KLUB - Klara i Rosa","robots":{"index":"index","follow":"follow","max-snippet":"max-snippet:-1","max-image-preview":"max-image-preview:large","max-video-preview":"max-video-preview:-1"},"canonical":"https:\/\/www.klarairosa.com\/en\/omladinski-citalacki-klub\/","og_locale":"en_GB","og_type":"article","og_title":"OMLADINSKI \u010cITALA\u010cKI KLUB - Klara i Rosa","og_description":"Ljubitelji knjiga, ovo je va\u0161e mesto! . Svakog meseca biramo jednu knjigu i zajedno je...","og_url":"https:\/\/www.klarairosa.com\/en\/omladinski-citalacki-klub\/","og_site_name":"Klara i Rosa","article_publisher":"https:\/\/www.facebook.com\/klarairosa\/","article_published_time":"2025-05-04T10:31:55+00:00","article_modified_time":"2025-05-09T10:33:46+00:00","og_image":[{"width":1352,"height":1005,"url":"https:\/\/www.klarairosa.com\/wp-content\/uploads\/2025\/05\/Blue-Bold-Minimalist-Book-Club-Logo-Facebook-Post-1.jpg","type":"image\/jpeg"}],"author":"Klara i Rosa","twitter_card":"summary_large_image","twitter_misc":{"Written by":"Klara i Rosa","Estimated reading time":"1 minute"},"schema":{"@context":"https:\/\/schema.org","@graph":[{"@type":"Article","@id":"https:\/\/www.klarairosa.com\/omladinski-citalacki-klub\/#article","isPartOf":{"@id":"https:\/\/www.klarairosa.com\/omladinski-citalacki-klub\/"},"author":{"name":"Klara i Rosa","@id":"https:\/\/www.klarairosa.com\/en\/#\/schema\/person\/e4e7e9e5c8eeeddccf61e4532ae8e6ed"},"headline":"OMLADINSKI \u010cITALA\u010cKI KLUB","datePublished":"2025-05-04T10:31:55+00:00","dateModified":"2025-05-09T10:33:46+00:00","mainEntityOfPage":{"@id":"https:\/\/www.klarairosa.com\/omladinski-citalacki-klub\/"},"wordCount":200,"publisher":{"@id":"https:\/\/www.klarairosa.com\/en\/#organization"},"image":{"@id":"https:\/\/www.klarairosa.com\/omladinski-citalacki-klub\/#primaryimage"},"thumbnailUrl":"https:\/\/www.klarairosa.com\/wp-content\/uploads\/2025\/05\/Blue-Bold-Minimalist-Book-Club-Logo-Facebook-Post-1.jpg","keywords":["aktivne zajednice","\u010ditala\u010dki klub","Klara i Rosa","mladi","omladina","omladinsko-volonterski klub","subotica","volonteri"],"articleSection":["Aktuelno"],"inLanguage":"en-GB"},{"@type":"WebPage","@id":"https:\/\/www.klarairosa.com\/omladinski-citalacki-klub\/","url":"https:\/\/www.klarairosa.com\/omladinski-citalacki-klub\/","name":"OMLADINSKI \u010cITALA\u010cKI KLUB - Klara i Rosa","isPartOf":{"@id":"https:\/\/www.klarairosa.com\/en\/#website"},"primaryImageOfPage":{"@id":"https:\/\/www.klarairosa.com\/omladinski-citalacki-klub\/#primaryimage"},"image":{"@id":"https:\/\/www.klarairosa.com\/omladinski-citalacki-klub\/#primaryimage"},"thumbnailUrl":"https:\/\/www.klarairosa.com\/wp-content\/uploads\/2025\/05\/Blue-Bold-Minimalist-Book-Club-Logo-Facebook-Post-1.jpg","datePublished":"2025-05-04T10:31:55+00:00","dateModified":"2025-05-09T10:33:46+00:00","breadcrumb":{"@id":"https:\/\/www.klarairosa.com\/omladinski-citalacki-klub\/#breadcrumb"},"inLanguage":"en-GB","potentialAction":[{"@type":"ReadAction","target":["https:\/\/www.klarairosa.com\/omladinski-citalacki-klub\/"]}]},{"@type":"ImageObject","inLanguage":"en-GB","@id":"https:\/\/www.klarairosa.com\/omladinski-citalacki-klub\/#primaryimage","url":"https:\/\/www.klarairosa.com\/wp-content\/uploads\/2025\/05\/Blue-Bold-Minimalist-Book-Club-Logo-Facebook-Post-1.jpg","contentUrl":"https:\/\/www.klarairosa.com\/wp-content\/uploads\/2025\/05\/Blue-Bold-Minimalist-Book-Club-Logo-Facebook-Post-1.jpg","width":1352,"height":1005},{"@type":"BreadcrumbList","@id":"https:\/\/www.klarairosa.com\/omladinski-citalacki-klub\/#breadcrumb","itemListElement":[{"@type":"ListItem","position":1,"name":"Home","item":"https:\/\/www.klarairosa.com\/"},{"@type":"ListItem","position":2,"name":"OMLADINSKI \u010cITALA\u010cKI KLUB"}]},{"@type":"WebSite","@id":"https:\/\/www.klarairosa.com\/en\/#website","url":"https:\/\/www.klarairosa.com\/en\/","name":"Klara i Rosa","description":"Klara i Rosa","publisher":{"@id":"https:\/\/www.klarairosa.com\/en\/#organization"},"potentialAction":[{"@type":"SearchAction","target":{"@type":"EntryPoint","urlTemplate":"https:\/\/www.klarairosa.com\/en\/?s={search_term_string}"},"query-input":{"@type":"PropertyValueSpecification","valueRequired":true,"valueName":"search_term_string"}}],"inLanguage":"en-GB"},{"@type":"Organization","@id":"https:\/\/www.klarairosa.com\/en\/#organization","name":"Klara i Rosa","url":"https:\/\/www.klarairosa.com\/en\/","logo":{"@type":"ImageObject","inLanguage":"en-GB","@id":"https:\/\/www.klarairosa.com\/en\/#\/schema\/logo\/image\/","url":"https:\/\/www.klarairosa.com\/wp-content\/uploads\/2022\/01\/logo.svg","contentUrl":"https:\/\/www.klarairosa.com\/wp-content\/uploads\/2022\/01\/logo.svg","width":110,"height":139,"caption":"Klara i Rosa"},"image":{"@id":"https:\/\/www.klarairosa.com\/en\/#\/schema\/logo\/image\/"},"sameAs":["https:\/\/www.facebook.com\/klarairosa\/","https:\/\/www.instagram.com\/ugklarairosa\/"]},{"@type":"Person","@id":"https:\/\/www.klarairosa.com\/en\/#\/schema\/person\/e4e7e9e5c8eeeddccf61e4532ae8e6ed","name":"Klara i Rosa","image":{"@type":"ImageObject","inLanguage":"en-GB","@id":"https:\/\/secure.gravatar.com\/avatar\/c83ee539a067b9f57ae5d8999ae286c4f98b5c4bd943b8cbb64f6b0fc1f29e40?s=96&d=mm&r=g","url":"https:\/\/secure.gravatar.com\/avatar\/c83ee539a067b9f57ae5d8999ae286c4f98b5c4bd943b8cbb64f6b0fc1f29e40?s=96&d=mm&r=g","contentUrl":"https:\/\/secure.gravatar.com\/avatar\/c83ee539a067b9f57ae5d8999ae286c4f98b5c4bd943b8cbb64f6b0fc1f29e40?s=96&d=mm&r=g","caption":"Klara i Rosa"},"sameAs":["https:\/\/klarairosa.com"],"url":"https:\/\/www.klarairosa.com\/en\/author\/rosaiklara\/"}]}},"_links":{"self":[{"href":"https:\/\/www.klarairosa.com\/en\/wp-json\/wp\/v2\/posts\/22938","targetHints":{"allow":["GET"]}}],"collection":[{"href":"https:\/\/www.klarairosa.com\/en\/wp-json\/wp\/v2\/posts"}],"about":[{"href":"https:\/\/www.klarairosa.com\/en\/wp-json\/wp\/v2\/types\/post"}],"author":[{"embeddable":true,"href":"https:\/\/www.klarairosa.com\/en\/wp-json\/wp\/v2\/users\/1"}],"replies":[{"embeddable":true,"href":"https:\/\/www.klarairosa.com\/en\/wp-json\/wp\/v2\/comments?post=22938"}],"version-history":[{"count":1,"href":"https:\/\/www.klarairosa.com\/en\/wp-json\/wp\/v2\/posts\/22938\/revisions"}],"predecessor-version":[{"id":22940,"href":"https:\/\/www.klarairosa.com\/en\/wp-json\/wp\/v2\/posts\/22938\/revisions\/22940"}],"wp:featuredmedia":[{"embeddable":true,"href":"https:\/\/www.klarairosa.com\/en\/wp-json\/wp\/v2\/media\/22939"}],"wp:attachment":[{"href":"https:\/\/www.klarairosa.com\/en\/wp-json\/wp\/v2\/media?parent=22938"}],"wp:term":[{"taxonomy":"category","embeddable":true,"href":"https:\/\/www.klarairosa.com\/en\/wp-json\/wp\/v2\/categories?post=22938"},{"taxonomy":"post_tag","embeddable":true,"href":"https:\/\/www.klarairosa.com\/en\/wp-json\/wp\/v2\/tags?post=22938"}],"curies":[{"name":"wp","href":"https:\/\/api.w.org\/{rel}","templated":true}]}}