{"id":22934,"date":"2025-04-29T07:25:55","date_gmt":"2025-04-29T07:25:55","guid":{"rendered":"https:\/\/www.klarairosa.com\/?p=22934"},"modified":"2025-04-29T07:26:26","modified_gmt":"2025-04-29T07:26:26","slug":"agora-palanacka-filozofija-malogradjanstina-u-svojoj-najvisoj-potenciji","status":"publish","type":"post","link":"https:\/\/www.klarairosa.com\/en\/agora-palanacka-filozofija-malogradjanstina-u-svojoj-najvisoj-potenciji\/","title":{"rendered":"AGORA: Palana\u010dka filozofija &#8211; malogra\u0111an\u0161tina u svojoj najvi\u0161oj potenciji"},"content":{"rendered":"<div class=\"xdj266r x11i5rnm xat24cr x1mh8g0r x1vvkbs x126k92a\">\n<div dir=\"auto\">Slede\u0107a <strong>AGORA<\/strong> \u0107e se odr\u017eati <strong>u sredu, 30. aprila od 18 \u010dasova <\/strong><b>u dvori\u0161tu Klare i Rose\u00a0<\/b>(Petefi \u0160andora 15).<\/div>\n<div dir=\"auto\" style=\"text-align: justify;\">.<\/div>\n<\/div>\n<div class=\"x11i5rnm xat24cr x1mh8g0r x1vvkbs xtlvy1s x126k92a\">\n<div dir=\"auto\" style=\"text-align: justify;\">\n<p>&#8222;Izme\u0111u sela i grada, ovako zaboravljen, svet palanke nije ni selo ni grad. Duh njegov, me\u0111utim, jeste duh izme\u0111u plemenskog, kao idealno-jedinstvenog, i svetskog duha, kao idealno-otvorenog. Kada ovaj duh ovako govori o svojoj zloj sudbini, on govori o svojoj izuzetosti iz istorije. Ali, i kada je ogla\u0161ava za prokletstvo, on ho\u0107e tu izuzetost. Osnovna pretpostavka duha palanke negde je u tome: da je to duh koji, zaboravljen od istorije, poku\u0161ava sada ovaj udes da preobrazi u svoju privilegiju, time \u0161to \u0107e i sam (onako kao \u0161to se klin klinom vadi) da zaboravi istoriju, ovim zaboravom da se ovekove\u010di u samom sebi&#8230;&#8220; &#8211; R. Konstantinovi\u0107 &#8211; Filosofija palanke.<\/p>\n<p>.<\/p>\n<p>Ovaj odlomak neka nam poslu\u017ei kao poku\u0161aj oslikavanja duhovnog predela na kome je na\u0161a savremenost izrasla. Poslednja de\u0161avanja \u010dine se kao poku\u0161aj na\u0161eg iskoraka iz takve slike sveta. No da li je to mogu\u0107e? Nije li palanka \u0107orsokak u kome ostajemo zaglavljeni jer ga nismo svesni? Da li nam u tom slu\u010daju ostaje palana\u010dko filozofiranje kao najvi\u0161i domet malogra\u0111ana?<\/p>\n<\/div>\n<div dir=\"auto\">.<\/div>\n<\/div>\n<div class=\"x11i5rnm xat24cr x1mh8g0r x1vvkbs xtlvy1s x126k92a\">\n<div dir=\"auto\" class=\" translation-block\">The conversation will be led by Boris \u010cegar, professor of philosophy.<\/div>\n<div dir=\"auto\">.<\/div>\n<div dir=\"auto\">This program is supported by the Guerrilla Foundation.<\/div>\n<div dir=\"auto\"><\/div>\n<\/div>","protected":false},"excerpt":{"rendered":"<p>Slede\u0107a AGORA \u0107e se odr\u017eati u sredu, 30. aprila od 18 \u010dasova u dvori\u0161tu Klare&#8230;<\/p>","protected":false},"author":1,"featured_media":22532,"comment_status":"closed","ping_status":"closed","sticky":false,"template":"","format":"standard","meta":{"content-type":"","inline_featured_image":false,"footnotes":""},"categories":[109],"tags":[396,351,282,307,395,124,152],"class_list":["post-22934","post","type-post","status-publish","format-standard","has-post-thumbnail","hentry","category-aktuelno","tag-agora","tag-boris-cegar","tag-community","tag-filozofija","tag-guerrilla","tag-klara-i-rosa","tag-subotica"],"yoast_head":"<!-- This site is optimized with the Yoast SEO plugin v27.5 - https:\/\/yoast.com\/product\/yoast-seo-wordpress\/ -->\n<title>AGORA: Palana\u010dka filozofija - malogra\u0111an\u0161tina u svojoj najvi\u0161oj potenciji - Klara i Rosa<\/title>\n<meta name=\"robots\" content=\"index, follow, max-snippet:-1, max-image-preview:large, max-video-preview:-1\" \/>\n<link rel=\"canonical\" href=\"https:\/\/www.klarairosa.com\/en\/agora-palanacka-filozofija-malogradjanstina-u-svojoj-najvisoj-potenciji\/\" \/>\n<meta property=\"og:locale\" content=\"en_GB\" \/>\n<meta property=\"og:type\" content=\"article\" \/>\n<meta property=\"og:title\" content=\"AGORA: Palana\u010dka filozofija - malogra\u0111an\u0161tina u svojoj najvi\u0161oj potenciji - Klara i Rosa\" \/>\n<meta property=\"og:description\" content=\"Slede\u0107a AGORA \u0107e se odr\u017eati u sredu, 30. aprila od 18 \u010dasova u dvori\u0161tu Klare...\" \/>\n<meta property=\"og:url\" content=\"https:\/\/www.klarairosa.com\/en\/agora-palanacka-filozofija-malogradjanstina-u-svojoj-najvisoj-potenciji\/\" \/>\n<meta property=\"og:site_name\" content=\"Klara i Rosa\" \/>\n<meta property=\"article:publisher\" content=\"https:\/\/www.facebook.com\/klarairosa\/\" \/>\n<meta property=\"article:published_time\" content=\"2025-04-29T07:25:55+00:00\" \/>\n<meta property=\"article:modified_time\" content=\"2025-04-29T07:26:26+00:00\" \/>\n<meta property=\"og:image\" content=\"https:\/\/www.klarairosa.com\/wp-content\/uploads\/2024\/12\/Agora-sajt-jesen.jpg\" \/>\n\t<meta property=\"og:image:width\" content=\"1352\" \/>\n\t<meta property=\"og:image:height\" content=\"1005\" \/>\n\t<meta property=\"og:image:type\" content=\"image\/jpeg\" \/>\n<meta name=\"author\" content=\"Klara i Rosa\" \/>\n<meta name=\"twitter:card\" content=\"summary_large_image\" \/>\n<meta name=\"twitter:label1\" content=\"Written by\" \/>\n\t<meta name=\"twitter:data1\" content=\"Klara i Rosa\" \/>\n\t<meta name=\"twitter:label2\" content=\"Estimated reading time\" \/>\n\t<meta name=\"twitter:data2\" content=\"1 minute\" \/>\n<script type=\"application\/ld+json\" class=\"yoast-schema-graph\">{\"@context\":\"https:\\\/\\\/schema.org\",\"@graph\":[{\"@type\":\"Article\",\"@id\":\"https:\\\/\\\/www.klarairosa.com\\\/agora-palanacka-filozofija-malogradjanstina-u-svojoj-najvisoj-potenciji\\\/#article\",\"isPartOf\":{\"@id\":\"https:\\\/\\\/www.klarairosa.com\\\/agora-palanacka-filozofija-malogradjanstina-u-svojoj-najvisoj-potenciji\\\/\"},\"author\":{\"name\":\"Klara i Rosa\",\"@id\":\"https:\\\/\\\/www.klarairosa.com\\\/en\\\/#\\\/schema\\\/person\\\/e4e7e9e5c8eeeddccf61e4532ae8e6ed\"},\"headline\":\"AGORA: Palana\u010dka filozofija &#8211; malogra\u0111an\u0161tina u svojoj najvi\u0161oj potenciji\",\"datePublished\":\"2025-04-29T07:25:55+00:00\",\"dateModified\":\"2025-04-29T07:26:26+00:00\",\"mainEntityOfPage\":{\"@id\":\"https:\\\/\\\/www.klarairosa.com\\\/agora-palanacka-filozofija-malogradjanstina-u-svojoj-najvisoj-potenciji\\\/\"},\"wordCount\":233,\"publisher\":{\"@id\":\"https:\\\/\\\/www.klarairosa.com\\\/en\\\/#organization\"},\"image\":{\"@id\":\"https:\\\/\\\/www.klarairosa.com\\\/agora-palanacka-filozofija-malogradjanstina-u-svojoj-najvisoj-potenciji\\\/#primaryimage\"},\"thumbnailUrl\":\"https:\\\/\\\/www.klarairosa.com\\\/wp-content\\\/uploads\\\/2024\\\/12\\\/Agora-sajt-jesen.jpg\",\"keywords\":[\"agora\",\"boris cegar\",\"community\",\"filozofija\",\"guerrilla\",\"Klara i Rosa\",\"subotica\"],\"articleSection\":[\"Aktuelno\"],\"inLanguage\":\"en-GB\"},{\"@type\":\"WebPage\",\"@id\":\"https:\\\/\\\/www.klarairosa.com\\\/agora-palanacka-filozofija-malogradjanstina-u-svojoj-najvisoj-potenciji\\\/\",\"url\":\"https:\\\/\\\/www.klarairosa.com\\\/agora-palanacka-filozofija-malogradjanstina-u-svojoj-najvisoj-potenciji\\\/\",\"name\":\"AGORA: Palana\u010dka filozofija - malogra\u0111an\u0161tina u svojoj najvi\u0161oj potenciji - Klara i Rosa\",\"isPartOf\":{\"@id\":\"https:\\\/\\\/www.klarairosa.com\\\/en\\\/#website\"},\"primaryImageOfPage\":{\"@id\":\"https:\\\/\\\/www.klarairosa.com\\\/agora-palanacka-filozofija-malogradjanstina-u-svojoj-najvisoj-potenciji\\\/#primaryimage\"},\"image\":{\"@id\":\"https:\\\/\\\/www.klarairosa.com\\\/agora-palanacka-filozofija-malogradjanstina-u-svojoj-najvisoj-potenciji\\\/#primaryimage\"},\"thumbnailUrl\":\"https:\\\/\\\/www.klarairosa.com\\\/wp-content\\\/uploads\\\/2024\\\/12\\\/Agora-sajt-jesen.jpg\",\"datePublished\":\"2025-04-29T07:25:55+00:00\",\"dateModified\":\"2025-04-29T07:26:26+00:00\",\"breadcrumb\":{\"@id\":\"https:\\\/\\\/www.klarairosa.com\\\/agora-palanacka-filozofija-malogradjanstina-u-svojoj-najvisoj-potenciji\\\/#breadcrumb\"},\"inLanguage\":\"en-GB\",\"potentialAction\":[{\"@type\":\"ReadAction\",\"target\":[\"https:\\\/\\\/www.klarairosa.com\\\/agora-palanacka-filozofija-malogradjanstina-u-svojoj-najvisoj-potenciji\\\/\"]}]},{\"@type\":\"ImageObject\",\"inLanguage\":\"en-GB\",\"@id\":\"https:\\\/\\\/www.klarairosa.com\\\/agora-palanacka-filozofija-malogradjanstina-u-svojoj-najvisoj-potenciji\\\/#primaryimage\",\"url\":\"https:\\\/\\\/www.klarairosa.com\\\/wp-content\\\/uploads\\\/2024\\\/12\\\/Agora-sajt-jesen.jpg\",\"contentUrl\":\"https:\\\/\\\/www.klarairosa.com\\\/wp-content\\\/uploads\\\/2024\\\/12\\\/Agora-sajt-jesen.jpg\",\"width\":1352,\"height\":1005},{\"@type\":\"BreadcrumbList\",\"@id\":\"https:\\\/\\\/www.klarairosa.com\\\/agora-palanacka-filozofija-malogradjanstina-u-svojoj-najvisoj-potenciji\\\/#breadcrumb\",\"itemListElement\":[{\"@type\":\"ListItem\",\"position\":1,\"name\":\"Home\",\"item\":\"https:\\\/\\\/www.klarairosa.com\\\/\"},{\"@type\":\"ListItem\",\"position\":2,\"name\":\"AGORA: Palana\u010dka filozofija &#8211; malogra\u0111an\u0161tina u svojoj najvi\u0161oj potenciji\"}]},{\"@type\":\"WebSite\",\"@id\":\"https:\\\/\\\/www.klarairosa.com\\\/en\\\/#website\",\"url\":\"https:\\\/\\\/www.klarairosa.com\\\/en\\\/\",\"name\":\"Klara i Rosa\",\"description\":\"Klara i Rosa\",\"publisher\":{\"@id\":\"https:\\\/\\\/www.klarairosa.com\\\/en\\\/#organization\"},\"potentialAction\":[{\"@type\":\"SearchAction\",\"target\":{\"@type\":\"EntryPoint\",\"urlTemplate\":\"https:\\\/\\\/www.klarairosa.com\\\/en\\\/?s={search_term_string}\"},\"query-input\":{\"@type\":\"PropertyValueSpecification\",\"valueRequired\":true,\"valueName\":\"search_term_string\"}}],\"inLanguage\":\"en-GB\"},{\"@type\":\"Organization\",\"@id\":\"https:\\\/\\\/www.klarairosa.com\\\/en\\\/#organization\",\"name\":\"Klara i Rosa\",\"url\":\"https:\\\/\\\/www.klarairosa.com\\\/en\\\/\",\"logo\":{\"@type\":\"ImageObject\",\"inLanguage\":\"en-GB\",\"@id\":\"https:\\\/\\\/www.klarairosa.com\\\/en\\\/#\\\/schema\\\/logo\\\/image\\\/\",\"url\":\"https:\\\/\\\/www.klarairosa.com\\\/wp-content\\\/uploads\\\/2022\\\/01\\\/logo.svg\",\"contentUrl\":\"https:\\\/\\\/www.klarairosa.com\\\/wp-content\\\/uploads\\\/2022\\\/01\\\/logo.svg\",\"width\":110,\"height\":139,\"caption\":\"Klara i Rosa\"},\"image\":{\"@id\":\"https:\\\/\\\/www.klarairosa.com\\\/en\\\/#\\\/schema\\\/logo\\\/image\\\/\"},\"sameAs\":[\"https:\\\/\\\/www.facebook.com\\\/klarairosa\\\/\",\"https:\\\/\\\/www.instagram.com\\\/ugklarairosa\\\/\"]},{\"@type\":\"Person\",\"@id\":\"https:\\\/\\\/www.klarairosa.com\\\/en\\\/#\\\/schema\\\/person\\\/e4e7e9e5c8eeeddccf61e4532ae8e6ed\",\"name\":\"Klara i Rosa\",\"image\":{\"@type\":\"ImageObject\",\"inLanguage\":\"en-GB\",\"@id\":\"https:\\\/\\\/secure.gravatar.com\\\/avatar\\\/c83ee539a067b9f57ae5d8999ae286c4f98b5c4bd943b8cbb64f6b0fc1f29e40?s=96&d=mm&r=g\",\"url\":\"https:\\\/\\\/secure.gravatar.com\\\/avatar\\\/c83ee539a067b9f57ae5d8999ae286c4f98b5c4bd943b8cbb64f6b0fc1f29e40?s=96&d=mm&r=g\",\"contentUrl\":\"https:\\\/\\\/secure.gravatar.com\\\/avatar\\\/c83ee539a067b9f57ae5d8999ae286c4f98b5c4bd943b8cbb64f6b0fc1f29e40?s=96&d=mm&r=g\",\"caption\":\"Klara i Rosa\"},\"sameAs\":[\"https:\\\/\\\/klarairosa.com\"],\"url\":\"https:\\\/\\\/www.klarairosa.com\\\/en\\\/author\\\/rosaiklara\\\/\"}]}<\/script>\n<!-- \/ Yoast SEO plugin. -->","yoast_head_json":{"title":"AGORA: Palana\u010dka filozofija - malogra\u0111an\u0161tina u svojoj najvi\u0161oj potenciji - Klara i Rosa","robots":{"index":"index","follow":"follow","max-snippet":"max-snippet:-1","max-image-preview":"max-image-preview:large","max-video-preview":"max-video-preview:-1"},"canonical":"https:\/\/www.klarairosa.com\/en\/agora-palanacka-filozofija-malogradjanstina-u-svojoj-najvisoj-potenciji\/","og_locale":"en_GB","og_type":"article","og_title":"AGORA: Palana\u010dka filozofija - malogra\u0111an\u0161tina u svojoj najvi\u0161oj potenciji - Klara i Rosa","og_description":"Slede\u0107a AGORA \u0107e se odr\u017eati u sredu, 30. aprila od 18 \u010dasova u dvori\u0161tu Klare...","og_url":"https:\/\/www.klarairosa.com\/en\/agora-palanacka-filozofija-malogradjanstina-u-svojoj-najvisoj-potenciji\/","og_site_name":"Klara i Rosa","article_publisher":"https:\/\/www.facebook.com\/klarairosa\/","article_published_time":"2025-04-29T07:25:55+00:00","article_modified_time":"2025-04-29T07:26:26+00:00","og_image":[{"width":1352,"height":1005,"url":"https:\/\/www.klarairosa.com\/wp-content\/uploads\/2024\/12\/Agora-sajt-jesen.jpg","type":"image\/jpeg"}],"author":"Klara i Rosa","twitter_card":"summary_large_image","twitter_misc":{"Written by":"Klara i Rosa","Estimated reading time":"1 minute"},"schema":{"@context":"https:\/\/schema.org","@graph":[{"@type":"Article","@id":"https:\/\/www.klarairosa.com\/agora-palanacka-filozofija-malogradjanstina-u-svojoj-najvisoj-potenciji\/#article","isPartOf":{"@id":"https:\/\/www.klarairosa.com\/agora-palanacka-filozofija-malogradjanstina-u-svojoj-najvisoj-potenciji\/"},"author":{"name":"Klara i Rosa","@id":"https:\/\/www.klarairosa.com\/en\/#\/schema\/person\/e4e7e9e5c8eeeddccf61e4532ae8e6ed"},"headline":"AGORA: Palana\u010dka filozofija &#8211; malogra\u0111an\u0161tina u svojoj najvi\u0161oj potenciji","datePublished":"2025-04-29T07:25:55+00:00","dateModified":"2025-04-29T07:26:26+00:00","mainEntityOfPage":{"@id":"https:\/\/www.klarairosa.com\/agora-palanacka-filozofija-malogradjanstina-u-svojoj-najvisoj-potenciji\/"},"wordCount":233,"publisher":{"@id":"https:\/\/www.klarairosa.com\/en\/#organization"},"image":{"@id":"https:\/\/www.klarairosa.com\/agora-palanacka-filozofija-malogradjanstina-u-svojoj-najvisoj-potenciji\/#primaryimage"},"thumbnailUrl":"https:\/\/www.klarairosa.com\/wp-content\/uploads\/2024\/12\/Agora-sajt-jesen.jpg","keywords":["agora","boris cegar","community","filozofija","guerrilla","Klara i Rosa","subotica"],"articleSection":["Aktuelno"],"inLanguage":"en-GB"},{"@type":"WebPage","@id":"https:\/\/www.klarairosa.com\/agora-palanacka-filozofija-malogradjanstina-u-svojoj-najvisoj-potenciji\/","url":"https:\/\/www.klarairosa.com\/agora-palanacka-filozofija-malogradjanstina-u-svojoj-najvisoj-potenciji\/","name":"AGORA: Palana\u010dka filozofija - malogra\u0111an\u0161tina u svojoj najvi\u0161oj potenciji - Klara i Rosa","isPartOf":{"@id":"https:\/\/www.klarairosa.com\/en\/#website"},"primaryImageOfPage":{"@id":"https:\/\/www.klarairosa.com\/agora-palanacka-filozofija-malogradjanstina-u-svojoj-najvisoj-potenciji\/#primaryimage"},"image":{"@id":"https:\/\/www.klarairosa.com\/agora-palanacka-filozofija-malogradjanstina-u-svojoj-najvisoj-potenciji\/#primaryimage"},"thumbnailUrl":"https:\/\/www.klarairosa.com\/wp-content\/uploads\/2024\/12\/Agora-sajt-jesen.jpg","datePublished":"2025-04-29T07:25:55+00:00","dateModified":"2025-04-29T07:26:26+00:00","breadcrumb":{"@id":"https:\/\/www.klarairosa.com\/agora-palanacka-filozofija-malogradjanstina-u-svojoj-najvisoj-potenciji\/#breadcrumb"},"inLanguage":"en-GB","potentialAction":[{"@type":"ReadAction","target":["https:\/\/www.klarairosa.com\/agora-palanacka-filozofija-malogradjanstina-u-svojoj-najvisoj-potenciji\/"]}]},{"@type":"ImageObject","inLanguage":"en-GB","@id":"https:\/\/www.klarairosa.com\/agora-palanacka-filozofija-malogradjanstina-u-svojoj-najvisoj-potenciji\/#primaryimage","url":"https:\/\/www.klarairosa.com\/wp-content\/uploads\/2024\/12\/Agora-sajt-jesen.jpg","contentUrl":"https:\/\/www.klarairosa.com\/wp-content\/uploads\/2024\/12\/Agora-sajt-jesen.jpg","width":1352,"height":1005},{"@type":"BreadcrumbList","@id":"https:\/\/www.klarairosa.com\/agora-palanacka-filozofija-malogradjanstina-u-svojoj-najvisoj-potenciji\/#breadcrumb","itemListElement":[{"@type":"ListItem","position":1,"name":"Home","item":"https:\/\/www.klarairosa.com\/"},{"@type":"ListItem","position":2,"name":"AGORA: Palana\u010dka filozofija &#8211; malogra\u0111an\u0161tina u svojoj najvi\u0161oj potenciji"}]},{"@type":"WebSite","@id":"https:\/\/www.klarairosa.com\/en\/#website","url":"https:\/\/www.klarairosa.com\/en\/","name":"Klara i Rosa","description":"Klara i Rosa","publisher":{"@id":"https:\/\/www.klarairosa.com\/en\/#organization"},"potentialAction":[{"@type":"SearchAction","target":{"@type":"EntryPoint","urlTemplate":"https:\/\/www.klarairosa.com\/en\/?s={search_term_string}"},"query-input":{"@type":"PropertyValueSpecification","valueRequired":true,"valueName":"search_term_string"}}],"inLanguage":"en-GB"},{"@type":"Organization","@id":"https:\/\/www.klarairosa.com\/en\/#organization","name":"Klara i Rosa","url":"https:\/\/www.klarairosa.com\/en\/","logo":{"@type":"ImageObject","inLanguage":"en-GB","@id":"https:\/\/www.klarairosa.com\/en\/#\/schema\/logo\/image\/","url":"https:\/\/www.klarairosa.com\/wp-content\/uploads\/2022\/01\/logo.svg","contentUrl":"https:\/\/www.klarairosa.com\/wp-content\/uploads\/2022\/01\/logo.svg","width":110,"height":139,"caption":"Klara i Rosa"},"image":{"@id":"https:\/\/www.klarairosa.com\/en\/#\/schema\/logo\/image\/"},"sameAs":["https:\/\/www.facebook.com\/klarairosa\/","https:\/\/www.instagram.com\/ugklarairosa\/"]},{"@type":"Person","@id":"https:\/\/www.klarairosa.com\/en\/#\/schema\/person\/e4e7e9e5c8eeeddccf61e4532ae8e6ed","name":"Klara i Rosa","image":{"@type":"ImageObject","inLanguage":"en-GB","@id":"https:\/\/secure.gravatar.com\/avatar\/c83ee539a067b9f57ae5d8999ae286c4f98b5c4bd943b8cbb64f6b0fc1f29e40?s=96&d=mm&r=g","url":"https:\/\/secure.gravatar.com\/avatar\/c83ee539a067b9f57ae5d8999ae286c4f98b5c4bd943b8cbb64f6b0fc1f29e40?s=96&d=mm&r=g","contentUrl":"https:\/\/secure.gravatar.com\/avatar\/c83ee539a067b9f57ae5d8999ae286c4f98b5c4bd943b8cbb64f6b0fc1f29e40?s=96&d=mm&r=g","caption":"Klara i Rosa"},"sameAs":["https:\/\/klarairosa.com"],"url":"https:\/\/www.klarairosa.com\/en\/author\/rosaiklara\/"}]}},"_links":{"self":[{"href":"https:\/\/www.klarairosa.com\/en\/wp-json\/wp\/v2\/posts\/22934","targetHints":{"allow":["GET"]}}],"collection":[{"href":"https:\/\/www.klarairosa.com\/en\/wp-json\/wp\/v2\/posts"}],"about":[{"href":"https:\/\/www.klarairosa.com\/en\/wp-json\/wp\/v2\/types\/post"}],"author":[{"embeddable":true,"href":"https:\/\/www.klarairosa.com\/en\/wp-json\/wp\/v2\/users\/1"}],"replies":[{"embeddable":true,"href":"https:\/\/www.klarairosa.com\/en\/wp-json\/wp\/v2\/comments?post=22934"}],"version-history":[{"count":2,"href":"https:\/\/www.klarairosa.com\/en\/wp-json\/wp\/v2\/posts\/22934\/revisions"}],"predecessor-version":[{"id":22936,"href":"https:\/\/www.klarairosa.com\/en\/wp-json\/wp\/v2\/posts\/22934\/revisions\/22936"}],"wp:featuredmedia":[{"embeddable":true,"href":"https:\/\/www.klarairosa.com\/en\/wp-json\/wp\/v2\/media\/22532"}],"wp:attachment":[{"href":"https:\/\/www.klarairosa.com\/en\/wp-json\/wp\/v2\/media?parent=22934"}],"wp:term":[{"taxonomy":"category","embeddable":true,"href":"https:\/\/www.klarairosa.com\/en\/wp-json\/wp\/v2\/categories?post=22934"},{"taxonomy":"post_tag","embeddable":true,"href":"https:\/\/www.klarairosa.com\/en\/wp-json\/wp\/v2\/tags?post=22934"}],"curies":[{"name":"wp","href":"https:\/\/api.w.org\/{rel}","templated":true}]}}