{"id":22784,"date":"2025-04-01T19:05:16","date_gmt":"2025-04-01T19:05:16","guid":{"rendered":"https:\/\/www.klarairosa.com\/?p=22784"},"modified":"2025-04-01T19:08:26","modified_gmt":"2025-04-01T19:08:26","slug":"postani-deo-omladinsko-volonterskog-kluba","status":"publish","type":"post","link":"https:\/\/www.klarairosa.com\/en\/postani-deo-omladinsko-volonterskog-kluba\/","title":{"rendered":"Postani deo Omladinsko-volonterskog kluba!"},"content":{"rendered":"<div class=\"xdj266r x11i5rnm xat24cr x1mh8g0r x1vvkbs x126k92a\">\n<div dir=\"auto\" style=\"text-align: justify;\">\n<div class=\"x11i5rnm xat24cr x1mh8g0r x1vvkbs xtlvy1s x126k92a\">\n<div dir=\"auto\">\n<div class=\"xdj266r x11i5rnm xat24cr x1mh8g0r x1vvkbs x126k92a\"><\/div>\n<div dir=\"auto\">\n<p>Tra\u017ei\u0161 mesto gde mo\u017ee\u0161 da radi\u0161 ne\u0161to zanimljivo, upozna\u0161 ekipu sli\u010dnih interesovanja i nau\u010di\u0161 korisne stvari kroz praksu? Omladinsko-volonterski klub je pravo mesto za tebe!<\/p>\n<p>.<br \/>\nOvo nije jo\u0161 jedna obaveza, ve\u0107 prilika da se dru\u017ei\u0161, razvija\u0161 nove ve\u0161tine i bude\u0161 deo pozitivnih promena u zajednici.<\/p>\n<p>.<br \/>\nKreirali smo klub oslu\u0161kuju\u0107i \u0161ta mladi \u017eele \u2013 pitali smo vas o tome kako bi trebao da izgleda prvi susret, a to \u0107emo raditi i ubudu\u0107e. Nema dosadnih predavanja, samo interaktivne i korisne radionice, zanimljivi gosti i kreativni formati koji ti daju prostor da se izrazi\u0161. Klub \u0107e biti prostor \u010diji \u0107e \u010dlanovi i anga\u017eovani oko njega biti <strong>SAMO mladi<\/strong> (od 15 do 30 godina).<\/p>\n<p>.<br \/>\nNa prvom susretu \u0107emo ti otkriti \u0161ta nas sve \u010deka u okviru kluba \u2013 book club, ve\u010deri dru\u0161tvenih igara, mentalne higijene, malo boje-malo drame, radionica sa stru\u010dnim mentorima iz oblasti koje te zanimaju\u2026<\/p>\n<p>.<br \/>\nOvo je prilika da bude\u0161 deo ne\u010dega \u0161to raste i razvija se zajedno s tobom! Do\u0111i da vidimo \u0161ta sve mo\u017eemo zajedno da napravimo. Ovo je klub gde se glasovi i potrebe mladih \u010duju \u2013 klub kreiran od mladih za mlade!<\/p>\n<p>.<br \/>\n<strong>\u010cekamo te u prostoru udru\u017eenja Klara i Rosa (Petefi \u0160andora 15), u \u010detvrtak 10. aprila, od 17h<\/strong>.<br \/>\nPovedi dru\u0161tvo, prosledi info onima za koje misli\u0161 da bi voleli da se priklju\u010d i vidimo se!<\/p>\n<\/div>\n<\/div>\n<\/div>\n<div class=\"x11i5rnm xat24cr x1mh8g0r x1vvkbs xtlvy1s x126k92a\">\n<div dir=\"auto\">.<\/div>\n<div dir=\"auto\">This event is part of the \"Together for an Active Civil Society \u2013 ACT\" project, supported by the Government of Switzerland and implemented by Helvetas Serbia and Civic Initiatives. ACT aims to build an active civil society where citizens play a greater role in decision-making processes, especially at the local level.<\/div>\n<div dir=\"auto\"><img decoding=\"async\" class=\"alignnone wp-image-22741\" src=\"https:\/\/www.klarairosa.com\/wp-content\/uploads\/2025\/03\/act-300x150.png\" alt=\"\" width=\"110\" height=\"55\" srcset=\"https:\/\/www.klarairosa.com\/wp-content\/uploads\/2025\/03\/act-300x150.png 300w, https:\/\/www.klarairosa.com\/wp-content\/uploads\/2025\/03\/act-1024x512.png 1024w, https:\/\/www.klarairosa.com\/wp-content\/uploads\/2025\/03\/act-768x384.png 768w, https:\/\/www.klarairosa.com\/wp-content\/uploads\/2025\/03\/act-18x9.png 18w, https:\/\/www.klarairosa.com\/wp-content\/uploads\/2025\/03\/act-1000x500.png 1000w, https:\/\/www.klarairosa.com\/wp-content\/uploads\/2025\/03\/act-700x350.png 700w, https:\/\/www.klarairosa.com\/wp-content\/uploads\/2025\/03\/act.png 1080w\" sizes=\"(max-width: 110px) 100vw, 110px\" \/><\/div>\n<\/div>\n<\/div>\n<\/div>","protected":false},"excerpt":{"rendered":"<p>Tra\u017ei\u0161 mesto gde mo\u017ee\u0161 da radi\u0161 ne\u0161to zanimljivo, upozna\u0161 ekipu sli\u010dnih interesovanja i nau\u010di\u0161 korisne&#8230;<\/p>","protected":false},"author":1,"featured_media":22785,"comment_status":"closed","ping_status":"closed","sticky":false,"template":"","format":"standard","meta":{"content-type":"","inline_featured_image":false,"footnotes":""},"categories":[109],"tags":[572,124,221,628,627,152,601],"class_list":["post-22784","post","type-post","status-publish","format-standard","has-post-thumbnail","hentry","category-aktuelno","tag-aktivne-zajednice","tag-klara-i-rosa","tag-mladi","tag-omladina","tag-omladinsko-volonterski-klub","tag-subotica","tag-volonteri"],"yoast_head":"<!-- This site is optimized with the Yoast SEO plugin v27.5 - https:\/\/yoast.com\/product\/yoast-seo-wordpress\/ -->\n<title>Postani deo Omladinsko-volonterskog kluba! - Klara i Rosa<\/title>\n<meta name=\"robots\" content=\"index, follow, max-snippet:-1, max-image-preview:large, max-video-preview:-1\" \/>\n<link rel=\"canonical\" href=\"https:\/\/www.klarairosa.com\/en\/postani-deo-omladinsko-volonterskog-kluba\/\" \/>\n<meta property=\"og:locale\" content=\"en_GB\" \/>\n<meta property=\"og:type\" content=\"article\" \/>\n<meta property=\"og:title\" content=\"Postani deo Omladinsko-volonterskog kluba! - Klara i Rosa\" \/>\n<meta property=\"og:description\" content=\"Tra\u017ei\u0161 mesto gde mo\u017ee\u0161 da radi\u0161 ne\u0161to zanimljivo, upozna\u0161 ekipu sli\u010dnih interesovanja i nau\u010di\u0161 korisne...\" \/>\n<meta property=\"og:url\" content=\"https:\/\/www.klarairosa.com\/en\/postani-deo-omladinsko-volonterskog-kluba\/\" \/>\n<meta property=\"og:site_name\" content=\"Klara i Rosa\" \/>\n<meta property=\"article:publisher\" content=\"https:\/\/www.facebook.com\/klarairosa\/\" \/>\n<meta property=\"article:published_time\" content=\"2025-04-01T19:05:16+00:00\" \/>\n<meta property=\"article:modified_time\" content=\"2025-04-01T19:08:26+00:00\" \/>\n<meta property=\"og:image\" content=\"https:\/\/www.klarairosa.com\/wp-content\/uploads\/2025\/04\/Untitled-1352-x-1005-px-2.jpg\" \/>\n\t<meta property=\"og:image:width\" content=\"1352\" \/>\n\t<meta property=\"og:image:height\" content=\"1005\" \/>\n\t<meta property=\"og:image:type\" content=\"image\/jpeg\" \/>\n<meta name=\"author\" content=\"Klara i Rosa\" \/>\n<meta name=\"twitter:card\" content=\"summary_large_image\" \/>\n<meta name=\"twitter:label1\" content=\"Written by\" \/>\n\t<meta name=\"twitter:data1\" content=\"Klara i Rosa\" \/>\n\t<meta name=\"twitter:label2\" content=\"Estimated reading time\" \/>\n\t<meta name=\"twitter:data2\" content=\"1 minute\" \/>\n<script type=\"application\/ld+json\" class=\"yoast-schema-graph\">{\"@context\":\"https:\\\/\\\/schema.org\",\"@graph\":[{\"@type\":\"Article\",\"@id\":\"https:\\\/\\\/www.klarairosa.com\\\/postani-deo-omladinsko-volonterskog-kluba\\\/#article\",\"isPartOf\":{\"@id\":\"https:\\\/\\\/www.klarairosa.com\\\/postani-deo-omladinsko-volonterskog-kluba\\\/\"},\"author\":{\"name\":\"Klara i Rosa\",\"@id\":\"https:\\\/\\\/www.klarairosa.com\\\/en\\\/#\\\/schema\\\/person\\\/e4e7e9e5c8eeeddccf61e4532ae8e6ed\"},\"headline\":\"Postani deo Omladinsko-volonterskog kluba!\",\"datePublished\":\"2025-04-01T19:05:16+00:00\",\"dateModified\":\"2025-04-01T19:08:26+00:00\",\"mainEntityOfPage\":{\"@id\":\"https:\\\/\\\/www.klarairosa.com\\\/postani-deo-omladinsko-volonterskog-kluba\\\/\"},\"wordCount\":263,\"publisher\":{\"@id\":\"https:\\\/\\\/www.klarairosa.com\\\/en\\\/#organization\"},\"image\":{\"@id\":\"https:\\\/\\\/www.klarairosa.com\\\/postani-deo-omladinsko-volonterskog-kluba\\\/#primaryimage\"},\"thumbnailUrl\":\"https:\\\/\\\/www.klarairosa.com\\\/wp-content\\\/uploads\\\/2025\\\/04\\\/Untitled-1352-x-1005-px-2.jpg\",\"keywords\":[\"aktivne zajednice\",\"Klara i Rosa\",\"mladi\",\"omladina\",\"omladinsko-volonterski klub\",\"subotica\",\"volonteri\"],\"articleSection\":[\"Aktuelno\"],\"inLanguage\":\"en-GB\"},{\"@type\":\"WebPage\",\"@id\":\"https:\\\/\\\/www.klarairosa.com\\\/postani-deo-omladinsko-volonterskog-kluba\\\/\",\"url\":\"https:\\\/\\\/www.klarairosa.com\\\/postani-deo-omladinsko-volonterskog-kluba\\\/\",\"name\":\"Postani deo Omladinsko-volonterskog kluba! - Klara i Rosa\",\"isPartOf\":{\"@id\":\"https:\\\/\\\/www.klarairosa.com\\\/en\\\/#website\"},\"primaryImageOfPage\":{\"@id\":\"https:\\\/\\\/www.klarairosa.com\\\/postani-deo-omladinsko-volonterskog-kluba\\\/#primaryimage\"},\"image\":{\"@id\":\"https:\\\/\\\/www.klarairosa.com\\\/postani-deo-omladinsko-volonterskog-kluba\\\/#primaryimage\"},\"thumbnailUrl\":\"https:\\\/\\\/www.klarairosa.com\\\/wp-content\\\/uploads\\\/2025\\\/04\\\/Untitled-1352-x-1005-px-2.jpg\",\"datePublished\":\"2025-04-01T19:05:16+00:00\",\"dateModified\":\"2025-04-01T19:08:26+00:00\",\"breadcrumb\":{\"@id\":\"https:\\\/\\\/www.klarairosa.com\\\/postani-deo-omladinsko-volonterskog-kluba\\\/#breadcrumb\"},\"inLanguage\":\"en-GB\",\"potentialAction\":[{\"@type\":\"ReadAction\",\"target\":[\"https:\\\/\\\/www.klarairosa.com\\\/postani-deo-omladinsko-volonterskog-kluba\\\/\"]}]},{\"@type\":\"ImageObject\",\"inLanguage\":\"en-GB\",\"@id\":\"https:\\\/\\\/www.klarairosa.com\\\/postani-deo-omladinsko-volonterskog-kluba\\\/#primaryimage\",\"url\":\"https:\\\/\\\/www.klarairosa.com\\\/wp-content\\\/uploads\\\/2025\\\/04\\\/Untitled-1352-x-1005-px-2.jpg\",\"contentUrl\":\"https:\\\/\\\/www.klarairosa.com\\\/wp-content\\\/uploads\\\/2025\\\/04\\\/Untitled-1352-x-1005-px-2.jpg\",\"width\":1352,\"height\":1005},{\"@type\":\"BreadcrumbList\",\"@id\":\"https:\\\/\\\/www.klarairosa.com\\\/postani-deo-omladinsko-volonterskog-kluba\\\/#breadcrumb\",\"itemListElement\":[{\"@type\":\"ListItem\",\"position\":1,\"name\":\"Home\",\"item\":\"https:\\\/\\\/www.klarairosa.com\\\/\"},{\"@type\":\"ListItem\",\"position\":2,\"name\":\"Postani deo Omladinsko-volonterskog kluba!\"}]},{\"@type\":\"WebSite\",\"@id\":\"https:\\\/\\\/www.klarairosa.com\\\/en\\\/#website\",\"url\":\"https:\\\/\\\/www.klarairosa.com\\\/en\\\/\",\"name\":\"Klara i Rosa\",\"description\":\"Klara i Rosa\",\"publisher\":{\"@id\":\"https:\\\/\\\/www.klarairosa.com\\\/en\\\/#organization\"},\"potentialAction\":[{\"@type\":\"SearchAction\",\"target\":{\"@type\":\"EntryPoint\",\"urlTemplate\":\"https:\\\/\\\/www.klarairosa.com\\\/en\\\/?s={search_term_string}\"},\"query-input\":{\"@type\":\"PropertyValueSpecification\",\"valueRequired\":true,\"valueName\":\"search_term_string\"}}],\"inLanguage\":\"en-GB\"},{\"@type\":\"Organization\",\"@id\":\"https:\\\/\\\/www.klarairosa.com\\\/en\\\/#organization\",\"name\":\"Klara i Rosa\",\"url\":\"https:\\\/\\\/www.klarairosa.com\\\/en\\\/\",\"logo\":{\"@type\":\"ImageObject\",\"inLanguage\":\"en-GB\",\"@id\":\"https:\\\/\\\/www.klarairosa.com\\\/en\\\/#\\\/schema\\\/logo\\\/image\\\/\",\"url\":\"https:\\\/\\\/www.klarairosa.com\\\/wp-content\\\/uploads\\\/2022\\\/01\\\/logo.svg\",\"contentUrl\":\"https:\\\/\\\/www.klarairosa.com\\\/wp-content\\\/uploads\\\/2022\\\/01\\\/logo.svg\",\"width\":110,\"height\":139,\"caption\":\"Klara i Rosa\"},\"image\":{\"@id\":\"https:\\\/\\\/www.klarairosa.com\\\/en\\\/#\\\/schema\\\/logo\\\/image\\\/\"},\"sameAs\":[\"https:\\\/\\\/www.facebook.com\\\/klarairosa\\\/\",\"https:\\\/\\\/www.instagram.com\\\/ugklarairosa\\\/\"]},{\"@type\":\"Person\",\"@id\":\"https:\\\/\\\/www.klarairosa.com\\\/en\\\/#\\\/schema\\\/person\\\/e4e7e9e5c8eeeddccf61e4532ae8e6ed\",\"name\":\"Klara i Rosa\",\"image\":{\"@type\":\"ImageObject\",\"inLanguage\":\"en-GB\",\"@id\":\"https:\\\/\\\/secure.gravatar.com\\\/avatar\\\/c83ee539a067b9f57ae5d8999ae286c4f98b5c4bd943b8cbb64f6b0fc1f29e40?s=96&d=mm&r=g\",\"url\":\"https:\\\/\\\/secure.gravatar.com\\\/avatar\\\/c83ee539a067b9f57ae5d8999ae286c4f98b5c4bd943b8cbb64f6b0fc1f29e40?s=96&d=mm&r=g\",\"contentUrl\":\"https:\\\/\\\/secure.gravatar.com\\\/avatar\\\/c83ee539a067b9f57ae5d8999ae286c4f98b5c4bd943b8cbb64f6b0fc1f29e40?s=96&d=mm&r=g\",\"caption\":\"Klara i Rosa\"},\"sameAs\":[\"https:\\\/\\\/klarairosa.com\"],\"url\":\"https:\\\/\\\/www.klarairosa.com\\\/en\\\/author\\\/rosaiklara\\\/\"}]}<\/script>\n<!-- \/ Yoast SEO plugin. -->","yoast_head_json":{"title":"Postani deo Omladinsko-volonterskog kluba! - Klara i Rosa","robots":{"index":"index","follow":"follow","max-snippet":"max-snippet:-1","max-image-preview":"max-image-preview:large","max-video-preview":"max-video-preview:-1"},"canonical":"https:\/\/www.klarairosa.com\/en\/postani-deo-omladinsko-volonterskog-kluba\/","og_locale":"en_GB","og_type":"article","og_title":"Postani deo Omladinsko-volonterskog kluba! - Klara i Rosa","og_description":"Tra\u017ei\u0161 mesto gde mo\u017ee\u0161 da radi\u0161 ne\u0161to zanimljivo, upozna\u0161 ekipu sli\u010dnih interesovanja i nau\u010di\u0161 korisne...","og_url":"https:\/\/www.klarairosa.com\/en\/postani-deo-omladinsko-volonterskog-kluba\/","og_site_name":"Klara i Rosa","article_publisher":"https:\/\/www.facebook.com\/klarairosa\/","article_published_time":"2025-04-01T19:05:16+00:00","article_modified_time":"2025-04-01T19:08:26+00:00","og_image":[{"width":1352,"height":1005,"url":"https:\/\/www.klarairosa.com\/wp-content\/uploads\/2025\/04\/Untitled-1352-x-1005-px-2.jpg","type":"image\/jpeg"}],"author":"Klara i Rosa","twitter_card":"summary_large_image","twitter_misc":{"Written by":"Klara i Rosa","Estimated reading time":"1 minute"},"schema":{"@context":"https:\/\/schema.org","@graph":[{"@type":"Article","@id":"https:\/\/www.klarairosa.com\/postani-deo-omladinsko-volonterskog-kluba\/#article","isPartOf":{"@id":"https:\/\/www.klarairosa.com\/postani-deo-omladinsko-volonterskog-kluba\/"},"author":{"name":"Klara i Rosa","@id":"https:\/\/www.klarairosa.com\/en\/#\/schema\/person\/e4e7e9e5c8eeeddccf61e4532ae8e6ed"},"headline":"Postani deo Omladinsko-volonterskog kluba!","datePublished":"2025-04-01T19:05:16+00:00","dateModified":"2025-04-01T19:08:26+00:00","mainEntityOfPage":{"@id":"https:\/\/www.klarairosa.com\/postani-deo-omladinsko-volonterskog-kluba\/"},"wordCount":263,"publisher":{"@id":"https:\/\/www.klarairosa.com\/en\/#organization"},"image":{"@id":"https:\/\/www.klarairosa.com\/postani-deo-omladinsko-volonterskog-kluba\/#primaryimage"},"thumbnailUrl":"https:\/\/www.klarairosa.com\/wp-content\/uploads\/2025\/04\/Untitled-1352-x-1005-px-2.jpg","keywords":["aktivne zajednice","Klara i Rosa","mladi","omladina","omladinsko-volonterski klub","subotica","volonteri"],"articleSection":["Aktuelno"],"inLanguage":"en-GB"},{"@type":"WebPage","@id":"https:\/\/www.klarairosa.com\/postani-deo-omladinsko-volonterskog-kluba\/","url":"https:\/\/www.klarairosa.com\/postani-deo-omladinsko-volonterskog-kluba\/","name":"Postani deo Omladinsko-volonterskog kluba! - Klara i Rosa","isPartOf":{"@id":"https:\/\/www.klarairosa.com\/en\/#website"},"primaryImageOfPage":{"@id":"https:\/\/www.klarairosa.com\/postani-deo-omladinsko-volonterskog-kluba\/#primaryimage"},"image":{"@id":"https:\/\/www.klarairosa.com\/postani-deo-omladinsko-volonterskog-kluba\/#primaryimage"},"thumbnailUrl":"https:\/\/www.klarairosa.com\/wp-content\/uploads\/2025\/04\/Untitled-1352-x-1005-px-2.jpg","datePublished":"2025-04-01T19:05:16+00:00","dateModified":"2025-04-01T19:08:26+00:00","breadcrumb":{"@id":"https:\/\/www.klarairosa.com\/postani-deo-omladinsko-volonterskog-kluba\/#breadcrumb"},"inLanguage":"en-GB","potentialAction":[{"@type":"ReadAction","target":["https:\/\/www.klarairosa.com\/postani-deo-omladinsko-volonterskog-kluba\/"]}]},{"@type":"ImageObject","inLanguage":"en-GB","@id":"https:\/\/www.klarairosa.com\/postani-deo-omladinsko-volonterskog-kluba\/#primaryimage","url":"https:\/\/www.klarairosa.com\/wp-content\/uploads\/2025\/04\/Untitled-1352-x-1005-px-2.jpg","contentUrl":"https:\/\/www.klarairosa.com\/wp-content\/uploads\/2025\/04\/Untitled-1352-x-1005-px-2.jpg","width":1352,"height":1005},{"@type":"BreadcrumbList","@id":"https:\/\/www.klarairosa.com\/postani-deo-omladinsko-volonterskog-kluba\/#breadcrumb","itemListElement":[{"@type":"ListItem","position":1,"name":"Home","item":"https:\/\/www.klarairosa.com\/"},{"@type":"ListItem","position":2,"name":"Postani deo Omladinsko-volonterskog kluba!"}]},{"@type":"WebSite","@id":"https:\/\/www.klarairosa.com\/en\/#website","url":"https:\/\/www.klarairosa.com\/en\/","name":"Klara i Rosa","description":"Klara i Rosa","publisher":{"@id":"https:\/\/www.klarairosa.com\/en\/#organization"},"potentialAction":[{"@type":"SearchAction","target":{"@type":"EntryPoint","urlTemplate":"https:\/\/www.klarairosa.com\/en\/?s={search_term_string}"},"query-input":{"@type":"PropertyValueSpecification","valueRequired":true,"valueName":"search_term_string"}}],"inLanguage":"en-GB"},{"@type":"Organization","@id":"https:\/\/www.klarairosa.com\/en\/#organization","name":"Klara i Rosa","url":"https:\/\/www.klarairosa.com\/en\/","logo":{"@type":"ImageObject","inLanguage":"en-GB","@id":"https:\/\/www.klarairosa.com\/en\/#\/schema\/logo\/image\/","url":"https:\/\/www.klarairosa.com\/wp-content\/uploads\/2022\/01\/logo.svg","contentUrl":"https:\/\/www.klarairosa.com\/wp-content\/uploads\/2022\/01\/logo.svg","width":110,"height":139,"caption":"Klara i Rosa"},"image":{"@id":"https:\/\/www.klarairosa.com\/en\/#\/schema\/logo\/image\/"},"sameAs":["https:\/\/www.facebook.com\/klarairosa\/","https:\/\/www.instagram.com\/ugklarairosa\/"]},{"@type":"Person","@id":"https:\/\/www.klarairosa.com\/en\/#\/schema\/person\/e4e7e9e5c8eeeddccf61e4532ae8e6ed","name":"Klara i Rosa","image":{"@type":"ImageObject","inLanguage":"en-GB","@id":"https:\/\/secure.gravatar.com\/avatar\/c83ee539a067b9f57ae5d8999ae286c4f98b5c4bd943b8cbb64f6b0fc1f29e40?s=96&d=mm&r=g","url":"https:\/\/secure.gravatar.com\/avatar\/c83ee539a067b9f57ae5d8999ae286c4f98b5c4bd943b8cbb64f6b0fc1f29e40?s=96&d=mm&r=g","contentUrl":"https:\/\/secure.gravatar.com\/avatar\/c83ee539a067b9f57ae5d8999ae286c4f98b5c4bd943b8cbb64f6b0fc1f29e40?s=96&d=mm&r=g","caption":"Klara i Rosa"},"sameAs":["https:\/\/klarairosa.com"],"url":"https:\/\/www.klarairosa.com\/en\/author\/rosaiklara\/"}]}},"_links":{"self":[{"href":"https:\/\/www.klarairosa.com\/en\/wp-json\/wp\/v2\/posts\/22784","targetHints":{"allow":["GET"]}}],"collection":[{"href":"https:\/\/www.klarairosa.com\/en\/wp-json\/wp\/v2\/posts"}],"about":[{"href":"https:\/\/www.klarairosa.com\/en\/wp-json\/wp\/v2\/types\/post"}],"author":[{"embeddable":true,"href":"https:\/\/www.klarairosa.com\/en\/wp-json\/wp\/v2\/users\/1"}],"replies":[{"embeddable":true,"href":"https:\/\/www.klarairosa.com\/en\/wp-json\/wp\/v2\/comments?post=22784"}],"version-history":[{"count":2,"href":"https:\/\/www.klarairosa.com\/en\/wp-json\/wp\/v2\/posts\/22784\/revisions"}],"predecessor-version":[{"id":22787,"href":"https:\/\/www.klarairosa.com\/en\/wp-json\/wp\/v2\/posts\/22784\/revisions\/22787"}],"wp:featuredmedia":[{"embeddable":true,"href":"https:\/\/www.klarairosa.com\/en\/wp-json\/wp\/v2\/media\/22785"}],"wp:attachment":[{"href":"https:\/\/www.klarairosa.com\/en\/wp-json\/wp\/v2\/media?parent=22784"}],"wp:term":[{"taxonomy":"category","embeddable":true,"href":"https:\/\/www.klarairosa.com\/en\/wp-json\/wp\/v2\/categories?post=22784"},{"taxonomy":"post_tag","embeddable":true,"href":"https:\/\/www.klarairosa.com\/en\/wp-json\/wp\/v2\/tags?post=22784"}],"curies":[{"name":"wp","href":"https:\/\/api.w.org\/{rel}","templated":true}]}}