{"id":22729,"date":"2025-03-31T06:47:18","date_gmt":"2025-03-31T06:47:18","guid":{"rendered":"https:\/\/www.klarairosa.com\/?p=22729"},"modified":"2025-03-31T06:47:18","modified_gmt":"2025-03-31T06:47:18","slug":"susret-sa-lila-inicijativom-razgovor-o-istoriji-lezbejskog-pokreta-i-zajednistvu","status":"publish","type":"post","link":"https:\/\/www.klarairosa.com\/en\/susret-sa-lila-inicijativom-razgovor-o-istoriji-lezbejskog-pokreta-i-zajednistvu\/","title":{"rendered":"A Gathering with Lila Initiative: A Conversation on Lesbian Movement History and Community"},"content":{"rendered":"<p class=\" translation-block\" style=\"text-align: justify;\" data-start=\"97\" data-end=\"364\">Members of the Lila Initiative are coming to Subotica! We invite all lesbians, queer, and gay women from Subotica to join us for this unique gathering dedicated to the history of the lesbian movement, sharing experiences, and strengthening our community. \n\n\ud83d\udccd Where? Klara i Rosa, Petefi \u0160andora 15\n\ud83d\udd5b When? Saturday, April 5, at 12 PM<\/p>\n<p style=\"text-align: justify;\" data-start=\"97\" data-end=\"364\">.<\/p>\n<p class=\"\" style=\"text-align: justify;\" data-start=\"366\" data-end=\"616\">Together, we'll discuss key moments in the fight for lesbian rights, the challenges and victories along the way, and the importance of solidarity and creating safe spaces. This is an opportunity to connect, exchange experiences, and build a supportive and welcoming community.\n\nWe look forward to seeing you!<\/p>","protected":false},"excerpt":{"rendered":"<p>\u010clanice Lila inicijative sti\u017eu u Suboticu! Pozivamo sve lezbejke, kvir i gej \u017eene iz Subotice&#8230;<\/p>","protected":false},"author":1,"featured_media":22730,"comment_status":"closed","ping_status":"closed","sticky":false,"template":"","format":"standard","meta":{"content-type":"","inline_featured_image":false,"footnotes":""},"categories":[109],"tags":[124,624,623,626,625,452,152],"class_list":["post-22729","post","type-post","status-publish","format-standard","has-post-thumbnail","hentry","category-aktuelno","tag-klara-i-rosa","tag-lezbejski-pokret","tag-lgbt","tag-lgbt-subotica","tag-lila-inicijativa","tag-razgovor","tag-subotica"],"yoast_head":"<!-- This site is optimized with the Yoast SEO plugin v27.5 - https:\/\/yoast.com\/product\/yoast-seo-wordpress\/ -->\n<title>Susret sa Lila inicijativom: Razgovor o istoriji lezbejskog pokreta i zajedni\u0161tvu - Klara i Rosa<\/title>\n<meta name=\"robots\" content=\"index, follow, max-snippet:-1, max-image-preview:large, max-video-preview:-1\" \/>\n<link rel=\"canonical\" href=\"https:\/\/www.klarairosa.com\/en\/susret-sa-lila-inicijativom-razgovor-o-istoriji-lezbejskog-pokreta-i-zajednistvu\/\" \/>\n<meta property=\"og:locale\" content=\"en_GB\" \/>\n<meta property=\"og:type\" content=\"article\" \/>\n<meta property=\"og:title\" content=\"Susret sa Lila inicijativom: Razgovor o istoriji lezbejskog pokreta i zajedni\u0161tvu - Klara i Rosa\" \/>\n<meta property=\"og:description\" content=\"\u010clanice Lila inicijative sti\u017eu u Suboticu! Pozivamo sve lezbejke, kvir i gej \u017eene iz Subotice...\" \/>\n<meta property=\"og:url\" content=\"https:\/\/www.klarairosa.com\/en\/susret-sa-lila-inicijativom-razgovor-o-istoriji-lezbejskog-pokreta-i-zajednistvu\/\" \/>\n<meta property=\"og:site_name\" content=\"Klara i Rosa\" \/>\n<meta property=\"article:publisher\" content=\"https:\/\/www.facebook.com\/klarairosa\/\" \/>\n<meta property=\"article:published_time\" content=\"2025-03-31T06:47:18+00:00\" \/>\n<meta property=\"og:image\" content=\"https:\/\/www.klarairosa.com\/wp-content\/uploads\/2025\/03\/Untitled-1352-x-1005-px.jpg\" \/>\n\t<meta property=\"og:image:width\" content=\"1352\" \/>\n\t<meta property=\"og:image:height\" content=\"1005\" \/>\n\t<meta property=\"og:image:type\" content=\"image\/jpeg\" \/>\n<meta name=\"author\" content=\"Klara i Rosa\" \/>\n<meta name=\"twitter:card\" content=\"summary_large_image\" \/>\n<meta name=\"twitter:label1\" content=\"Written by\" \/>\n\t<meta name=\"twitter:data1\" content=\"Klara i Rosa\" \/>\n<script type=\"application\/ld+json\" class=\"yoast-schema-graph\">{\"@context\":\"https:\\\/\\\/schema.org\",\"@graph\":[{\"@type\":\"Article\",\"@id\":\"https:\\\/\\\/www.klarairosa.com\\\/susret-sa-lila-inicijativom-razgovor-o-istoriji-lezbejskog-pokreta-i-zajednistvu\\\/#article\",\"isPartOf\":{\"@id\":\"https:\\\/\\\/www.klarairosa.com\\\/susret-sa-lila-inicijativom-razgovor-o-istoriji-lezbejskog-pokreta-i-zajednistvu\\\/\"},\"author\":{\"name\":\"Klara i Rosa\",\"@id\":\"https:\\\/\\\/www.klarairosa.com\\\/en\\\/#\\\/schema\\\/person\\\/e4e7e9e5c8eeeddccf61e4532ae8e6ed\"},\"headline\":\"Susret sa Lila inicijativom: Razgovor o istoriji lezbejskog pokreta i zajedni\u0161tvu\",\"datePublished\":\"2025-03-31T06:47:18+00:00\",\"mainEntityOfPage\":{\"@id\":\"https:\\\/\\\/www.klarairosa.com\\\/susret-sa-lila-inicijativom-razgovor-o-istoriji-lezbejskog-pokreta-i-zajednistvu\\\/\"},\"wordCount\":105,\"publisher\":{\"@id\":\"https:\\\/\\\/www.klarairosa.com\\\/en\\\/#organization\"},\"image\":{\"@id\":\"https:\\\/\\\/www.klarairosa.com\\\/susret-sa-lila-inicijativom-razgovor-o-istoriji-lezbejskog-pokreta-i-zajednistvu\\\/#primaryimage\"},\"thumbnailUrl\":\"https:\\\/\\\/www.klarairosa.com\\\/wp-content\\\/uploads\\\/2025\\\/03\\\/Untitled-1352-x-1005-px.jpg\",\"keywords\":[\"Klara i Rosa\",\"lezbejski pokret\",\"lgbt\",\"lgbt subotica\",\"lila inicijativa\",\"razgovor\",\"subotica\"],\"articleSection\":[\"Aktuelno\"],\"inLanguage\":\"en-GB\"},{\"@type\":\"WebPage\",\"@id\":\"https:\\\/\\\/www.klarairosa.com\\\/susret-sa-lila-inicijativom-razgovor-o-istoriji-lezbejskog-pokreta-i-zajednistvu\\\/\",\"url\":\"https:\\\/\\\/www.klarairosa.com\\\/susret-sa-lila-inicijativom-razgovor-o-istoriji-lezbejskog-pokreta-i-zajednistvu\\\/\",\"name\":\"Susret sa Lila inicijativom: Razgovor o istoriji lezbejskog pokreta i zajedni\u0161tvu - Klara i Rosa\",\"isPartOf\":{\"@id\":\"https:\\\/\\\/www.klarairosa.com\\\/en\\\/#website\"},\"primaryImageOfPage\":{\"@id\":\"https:\\\/\\\/www.klarairosa.com\\\/susret-sa-lila-inicijativom-razgovor-o-istoriji-lezbejskog-pokreta-i-zajednistvu\\\/#primaryimage\"},\"image\":{\"@id\":\"https:\\\/\\\/www.klarairosa.com\\\/susret-sa-lila-inicijativom-razgovor-o-istoriji-lezbejskog-pokreta-i-zajednistvu\\\/#primaryimage\"},\"thumbnailUrl\":\"https:\\\/\\\/www.klarairosa.com\\\/wp-content\\\/uploads\\\/2025\\\/03\\\/Untitled-1352-x-1005-px.jpg\",\"datePublished\":\"2025-03-31T06:47:18+00:00\",\"breadcrumb\":{\"@id\":\"https:\\\/\\\/www.klarairosa.com\\\/susret-sa-lila-inicijativom-razgovor-o-istoriji-lezbejskog-pokreta-i-zajednistvu\\\/#breadcrumb\"},\"inLanguage\":\"en-GB\",\"potentialAction\":[{\"@type\":\"ReadAction\",\"target\":[\"https:\\\/\\\/www.klarairosa.com\\\/susret-sa-lila-inicijativom-razgovor-o-istoriji-lezbejskog-pokreta-i-zajednistvu\\\/\"]}]},{\"@type\":\"ImageObject\",\"inLanguage\":\"en-GB\",\"@id\":\"https:\\\/\\\/www.klarairosa.com\\\/susret-sa-lila-inicijativom-razgovor-o-istoriji-lezbejskog-pokreta-i-zajednistvu\\\/#primaryimage\",\"url\":\"https:\\\/\\\/www.klarairosa.com\\\/wp-content\\\/uploads\\\/2025\\\/03\\\/Untitled-1352-x-1005-px.jpg\",\"contentUrl\":\"https:\\\/\\\/www.klarairosa.com\\\/wp-content\\\/uploads\\\/2025\\\/03\\\/Untitled-1352-x-1005-px.jpg\",\"width\":1352,\"height\":1005},{\"@type\":\"BreadcrumbList\",\"@id\":\"https:\\\/\\\/www.klarairosa.com\\\/susret-sa-lila-inicijativom-razgovor-o-istoriji-lezbejskog-pokreta-i-zajednistvu\\\/#breadcrumb\",\"itemListElement\":[{\"@type\":\"ListItem\",\"position\":1,\"name\":\"Home\",\"item\":\"https:\\\/\\\/www.klarairosa.com\\\/\"},{\"@type\":\"ListItem\",\"position\":2,\"name\":\"Susret sa Lila inicijativom: Razgovor o istoriji lezbejskog pokreta i zajedni\u0161tvu\"}]},{\"@type\":\"WebSite\",\"@id\":\"https:\\\/\\\/www.klarairosa.com\\\/en\\\/#website\",\"url\":\"https:\\\/\\\/www.klarairosa.com\\\/en\\\/\",\"name\":\"Klara i Rosa\",\"description\":\"Klara i Rosa\",\"publisher\":{\"@id\":\"https:\\\/\\\/www.klarairosa.com\\\/en\\\/#organization\"},\"potentialAction\":[{\"@type\":\"SearchAction\",\"target\":{\"@type\":\"EntryPoint\",\"urlTemplate\":\"https:\\\/\\\/www.klarairosa.com\\\/en\\\/?s={search_term_string}\"},\"query-input\":{\"@type\":\"PropertyValueSpecification\",\"valueRequired\":true,\"valueName\":\"search_term_string\"}}],\"inLanguage\":\"en-GB\"},{\"@type\":\"Organization\",\"@id\":\"https:\\\/\\\/www.klarairosa.com\\\/en\\\/#organization\",\"name\":\"Klara i Rosa\",\"url\":\"https:\\\/\\\/www.klarairosa.com\\\/en\\\/\",\"logo\":{\"@type\":\"ImageObject\",\"inLanguage\":\"en-GB\",\"@id\":\"https:\\\/\\\/www.klarairosa.com\\\/en\\\/#\\\/schema\\\/logo\\\/image\\\/\",\"url\":\"https:\\\/\\\/www.klarairosa.com\\\/wp-content\\\/uploads\\\/2022\\\/01\\\/logo.svg\",\"contentUrl\":\"https:\\\/\\\/www.klarairosa.com\\\/wp-content\\\/uploads\\\/2022\\\/01\\\/logo.svg\",\"width\":110,\"height\":139,\"caption\":\"Klara i Rosa\"},\"image\":{\"@id\":\"https:\\\/\\\/www.klarairosa.com\\\/en\\\/#\\\/schema\\\/logo\\\/image\\\/\"},\"sameAs\":[\"https:\\\/\\\/www.facebook.com\\\/klarairosa\\\/\",\"https:\\\/\\\/www.instagram.com\\\/ugklarairosa\\\/\"]},{\"@type\":\"Person\",\"@id\":\"https:\\\/\\\/www.klarairosa.com\\\/en\\\/#\\\/schema\\\/person\\\/e4e7e9e5c8eeeddccf61e4532ae8e6ed\",\"name\":\"Klara i Rosa\",\"image\":{\"@type\":\"ImageObject\",\"inLanguage\":\"en-GB\",\"@id\":\"https:\\\/\\\/secure.gravatar.com\\\/avatar\\\/c83ee539a067b9f57ae5d8999ae286c4f98b5c4bd943b8cbb64f6b0fc1f29e40?s=96&d=mm&r=g\",\"url\":\"https:\\\/\\\/secure.gravatar.com\\\/avatar\\\/c83ee539a067b9f57ae5d8999ae286c4f98b5c4bd943b8cbb64f6b0fc1f29e40?s=96&d=mm&r=g\",\"contentUrl\":\"https:\\\/\\\/secure.gravatar.com\\\/avatar\\\/c83ee539a067b9f57ae5d8999ae286c4f98b5c4bd943b8cbb64f6b0fc1f29e40?s=96&d=mm&r=g\",\"caption\":\"Klara i Rosa\"},\"sameAs\":[\"https:\\\/\\\/klarairosa.com\"],\"url\":\"https:\\\/\\\/www.klarairosa.com\\\/en\\\/author\\\/rosaiklara\\\/\"}]}<\/script>\n<!-- \/ Yoast SEO plugin. -->","yoast_head_json":{"title":"Susret sa Lila inicijativom: Razgovor o istoriji lezbejskog pokreta i zajedni\u0161tvu - Klara i Rosa","robots":{"index":"index","follow":"follow","max-snippet":"max-snippet:-1","max-image-preview":"max-image-preview:large","max-video-preview":"max-video-preview:-1"},"canonical":"https:\/\/www.klarairosa.com\/en\/susret-sa-lila-inicijativom-razgovor-o-istoriji-lezbejskog-pokreta-i-zajednistvu\/","og_locale":"en_GB","og_type":"article","og_title":"Susret sa Lila inicijativom: Razgovor o istoriji lezbejskog pokreta i zajedni\u0161tvu - Klara i Rosa","og_description":"\u010clanice Lila inicijative sti\u017eu u Suboticu! Pozivamo sve lezbejke, kvir i gej \u017eene iz Subotice...","og_url":"https:\/\/www.klarairosa.com\/en\/susret-sa-lila-inicijativom-razgovor-o-istoriji-lezbejskog-pokreta-i-zajednistvu\/","og_site_name":"Klara i Rosa","article_publisher":"https:\/\/www.facebook.com\/klarairosa\/","article_published_time":"2025-03-31T06:47:18+00:00","og_image":[{"width":1352,"height":1005,"url":"https:\/\/www.klarairosa.com\/wp-content\/uploads\/2025\/03\/Untitled-1352-x-1005-px.jpg","type":"image\/jpeg"}],"author":"Klara i Rosa","twitter_card":"summary_large_image","twitter_misc":{"Written by":"Klara i Rosa"},"schema":{"@context":"https:\/\/schema.org","@graph":[{"@type":"Article","@id":"https:\/\/www.klarairosa.com\/susret-sa-lila-inicijativom-razgovor-o-istoriji-lezbejskog-pokreta-i-zajednistvu\/#article","isPartOf":{"@id":"https:\/\/www.klarairosa.com\/susret-sa-lila-inicijativom-razgovor-o-istoriji-lezbejskog-pokreta-i-zajednistvu\/"},"author":{"name":"Klara i Rosa","@id":"https:\/\/www.klarairosa.com\/en\/#\/schema\/person\/e4e7e9e5c8eeeddccf61e4532ae8e6ed"},"headline":"Susret sa Lila inicijativom: Razgovor o istoriji lezbejskog pokreta i zajedni\u0161tvu","datePublished":"2025-03-31T06:47:18+00:00","mainEntityOfPage":{"@id":"https:\/\/www.klarairosa.com\/susret-sa-lila-inicijativom-razgovor-o-istoriji-lezbejskog-pokreta-i-zajednistvu\/"},"wordCount":105,"publisher":{"@id":"https:\/\/www.klarairosa.com\/en\/#organization"},"image":{"@id":"https:\/\/www.klarairosa.com\/susret-sa-lila-inicijativom-razgovor-o-istoriji-lezbejskog-pokreta-i-zajednistvu\/#primaryimage"},"thumbnailUrl":"https:\/\/www.klarairosa.com\/wp-content\/uploads\/2025\/03\/Untitled-1352-x-1005-px.jpg","keywords":["Klara i Rosa","lezbejski pokret","lgbt","lgbt subotica","lila inicijativa","razgovor","subotica"],"articleSection":["Aktuelno"],"inLanguage":"en-GB"},{"@type":"WebPage","@id":"https:\/\/www.klarairosa.com\/susret-sa-lila-inicijativom-razgovor-o-istoriji-lezbejskog-pokreta-i-zajednistvu\/","url":"https:\/\/www.klarairosa.com\/susret-sa-lila-inicijativom-razgovor-o-istoriji-lezbejskog-pokreta-i-zajednistvu\/","name":"Susret sa Lila inicijativom: Razgovor o istoriji lezbejskog pokreta i zajedni\u0161tvu - Klara i Rosa","isPartOf":{"@id":"https:\/\/www.klarairosa.com\/en\/#website"},"primaryImageOfPage":{"@id":"https:\/\/www.klarairosa.com\/susret-sa-lila-inicijativom-razgovor-o-istoriji-lezbejskog-pokreta-i-zajednistvu\/#primaryimage"},"image":{"@id":"https:\/\/www.klarairosa.com\/susret-sa-lila-inicijativom-razgovor-o-istoriji-lezbejskog-pokreta-i-zajednistvu\/#primaryimage"},"thumbnailUrl":"https:\/\/www.klarairosa.com\/wp-content\/uploads\/2025\/03\/Untitled-1352-x-1005-px.jpg","datePublished":"2025-03-31T06:47:18+00:00","breadcrumb":{"@id":"https:\/\/www.klarairosa.com\/susret-sa-lila-inicijativom-razgovor-o-istoriji-lezbejskog-pokreta-i-zajednistvu\/#breadcrumb"},"inLanguage":"en-GB","potentialAction":[{"@type":"ReadAction","target":["https:\/\/www.klarairosa.com\/susret-sa-lila-inicijativom-razgovor-o-istoriji-lezbejskog-pokreta-i-zajednistvu\/"]}]},{"@type":"ImageObject","inLanguage":"en-GB","@id":"https:\/\/www.klarairosa.com\/susret-sa-lila-inicijativom-razgovor-o-istoriji-lezbejskog-pokreta-i-zajednistvu\/#primaryimage","url":"https:\/\/www.klarairosa.com\/wp-content\/uploads\/2025\/03\/Untitled-1352-x-1005-px.jpg","contentUrl":"https:\/\/www.klarairosa.com\/wp-content\/uploads\/2025\/03\/Untitled-1352-x-1005-px.jpg","width":1352,"height":1005},{"@type":"BreadcrumbList","@id":"https:\/\/www.klarairosa.com\/susret-sa-lila-inicijativom-razgovor-o-istoriji-lezbejskog-pokreta-i-zajednistvu\/#breadcrumb","itemListElement":[{"@type":"ListItem","position":1,"name":"Home","item":"https:\/\/www.klarairosa.com\/"},{"@type":"ListItem","position":2,"name":"Susret sa Lila inicijativom: Razgovor o istoriji lezbejskog pokreta i zajedni\u0161tvu"}]},{"@type":"WebSite","@id":"https:\/\/www.klarairosa.com\/en\/#website","url":"https:\/\/www.klarairosa.com\/en\/","name":"Klara i Rosa","description":"Klara i Rosa","publisher":{"@id":"https:\/\/www.klarairosa.com\/en\/#organization"},"potentialAction":[{"@type":"SearchAction","target":{"@type":"EntryPoint","urlTemplate":"https:\/\/www.klarairosa.com\/en\/?s={search_term_string}"},"query-input":{"@type":"PropertyValueSpecification","valueRequired":true,"valueName":"search_term_string"}}],"inLanguage":"en-GB"},{"@type":"Organization","@id":"https:\/\/www.klarairosa.com\/en\/#organization","name":"Klara i Rosa","url":"https:\/\/www.klarairosa.com\/en\/","logo":{"@type":"ImageObject","inLanguage":"en-GB","@id":"https:\/\/www.klarairosa.com\/en\/#\/schema\/logo\/image\/","url":"https:\/\/www.klarairosa.com\/wp-content\/uploads\/2022\/01\/logo.svg","contentUrl":"https:\/\/www.klarairosa.com\/wp-content\/uploads\/2022\/01\/logo.svg","width":110,"height":139,"caption":"Klara i Rosa"},"image":{"@id":"https:\/\/www.klarairosa.com\/en\/#\/schema\/logo\/image\/"},"sameAs":["https:\/\/www.facebook.com\/klarairosa\/","https:\/\/www.instagram.com\/ugklarairosa\/"]},{"@type":"Person","@id":"https:\/\/www.klarairosa.com\/en\/#\/schema\/person\/e4e7e9e5c8eeeddccf61e4532ae8e6ed","name":"Klara i Rosa","image":{"@type":"ImageObject","inLanguage":"en-GB","@id":"https:\/\/secure.gravatar.com\/avatar\/c83ee539a067b9f57ae5d8999ae286c4f98b5c4bd943b8cbb64f6b0fc1f29e40?s=96&d=mm&r=g","url":"https:\/\/secure.gravatar.com\/avatar\/c83ee539a067b9f57ae5d8999ae286c4f98b5c4bd943b8cbb64f6b0fc1f29e40?s=96&d=mm&r=g","contentUrl":"https:\/\/secure.gravatar.com\/avatar\/c83ee539a067b9f57ae5d8999ae286c4f98b5c4bd943b8cbb64f6b0fc1f29e40?s=96&d=mm&r=g","caption":"Klara i Rosa"},"sameAs":["https:\/\/klarairosa.com"],"url":"https:\/\/www.klarairosa.com\/en\/author\/rosaiklara\/"}]}},"_links":{"self":[{"href":"https:\/\/www.klarairosa.com\/en\/wp-json\/wp\/v2\/posts\/22729","targetHints":{"allow":["GET"]}}],"collection":[{"href":"https:\/\/www.klarairosa.com\/en\/wp-json\/wp\/v2\/posts"}],"about":[{"href":"https:\/\/www.klarairosa.com\/en\/wp-json\/wp\/v2\/types\/post"}],"author":[{"embeddable":true,"href":"https:\/\/www.klarairosa.com\/en\/wp-json\/wp\/v2\/users\/1"}],"replies":[{"embeddable":true,"href":"https:\/\/www.klarairosa.com\/en\/wp-json\/wp\/v2\/comments?post=22729"}],"version-history":[{"count":1,"href":"https:\/\/www.klarairosa.com\/en\/wp-json\/wp\/v2\/posts\/22729\/revisions"}],"predecessor-version":[{"id":22731,"href":"https:\/\/www.klarairosa.com\/en\/wp-json\/wp\/v2\/posts\/22729\/revisions\/22731"}],"wp:featuredmedia":[{"embeddable":true,"href":"https:\/\/www.klarairosa.com\/en\/wp-json\/wp\/v2\/media\/22730"}],"wp:attachment":[{"href":"https:\/\/www.klarairosa.com\/en\/wp-json\/wp\/v2\/media?parent=22729"}],"wp:term":[{"taxonomy":"category","embeddable":true,"href":"https:\/\/www.klarairosa.com\/en\/wp-json\/wp\/v2\/categories?post=22729"},{"taxonomy":"post_tag","embeddable":true,"href":"https:\/\/www.klarairosa.com\/en\/wp-json\/wp\/v2\/tags?post=22729"}],"curies":[{"name":"wp","href":"https:\/\/api.w.org\/{rel}","templated":true}]}}