{"id":22722,"date":"2025-03-29T17:07:56","date_gmt":"2025-03-29T17:07:56","guid":{"rendered":"https:\/\/www.klarairosa.com\/?p=22722"},"modified":"2025-04-22T09:02:42","modified_gmt":"2025-04-22T09:02:42","slug":"agora-kada-telo-pobedjuje-bolest-kriza-kao-uslov-i-pocetak-drustvenog-oporavka","status":"publish","type":"post","link":"https:\/\/www.klarairosa.com\/en\/agora-kada-telo-pobedjuje-bolest-kriza-kao-uslov-i-pocetak-drustvenog-oporavka\/","title":{"rendered":"AGORA \u2013 WHEN THE BODY CONQUERS ILLNESS: Crisis as a Condition and Beginning of Social Recovery"},"content":{"rendered":"<div class=\"xdj266r x11i5rnm xat24cr x1mh8g0r x1vvkbs x126k92a\">\n<div dir=\"auto\" class=\" translation-block\">The next AGORA will be held on Wednesday, April 2, at 6:00 PM in Freedom Park (near the City Library).<\/div>\n<div dir=\"auto\" style=\"text-align: justify;\">.<\/div>\n<\/div>\n<div class=\"x11i5rnm xat24cr x1mh8g0r x1vvkbs xtlvy1s x126k92a\">\n<div dir=\"auto\" style=\"text-align: justify;\">\n<p><img fetchpriority=\"high\" decoding=\"async\" class=\"alignnone size-medium wp-image-22723\" src=\"https:\/\/www.klarairosa.com\/wp-content\/uploads\/2025\/03\/park-300x196.jpg\" alt=\"\" width=\"300\" height=\"196\" srcset=\"https:\/\/www.klarairosa.com\/wp-content\/uploads\/2025\/03\/park-300x196.jpg 300w, https:\/\/www.klarairosa.com\/wp-content\/uploads\/2025\/03\/park-18x12.jpg 18w, https:\/\/www.klarairosa.com\/wp-content\/uploads\/2025\/03\/park-400x260.jpg 400w, https:\/\/www.klarairosa.com\/wp-content\/uploads\/2025\/03\/park.jpg 679w\" sizes=\"(max-width: 300px) 100vw, 300px\" \/><\/p>\n<p>Societas defines bios \u2013 how a person perceives themselves and society as the framework in which the world of their life grows will determine how they relate to bios as a whole, as a unique cosmic phenomenon.<\/p>\n<p>.<\/p>\n<p>The dilemma of responsibility toward life: to be a consumer of the present or to care for future generations?<\/p>\n<p>.<\/p>\n<p>Creating a crisis makes sense if we derive the best of contemporary existence from it.<br \/>\nSocial life defines bios because it carries self-awareness, which places care for future generations as a moral imperative. A crisis is the birth of a moral imperative \u2013 a way to raise awareness. But here, a conflict arises between those who want consumption and security and those who want rights, which are a condition for the possibility of the autonomy of will\u2026<\/p>\n<p>.<\/p>\n<p>In the context of collapsed institutions and systemic corruption, student protests in Serbia represent a radical form of resistance to social pathology. Social life is inseparably connected to the biosphere \u2013 not only in an ecological but also in an ontological sense \u2013 and society's relationship with itself conditions its attitude toward bios as a unique cosmic phenomenon. Student movements are not just a reaction to institutional repression; they create a crisis as a condition for the possibility of a moral imperative \u2013 a space for diagnosing social illnesses and overcoming them.<\/p>\n<\/div>\n<div dir=\"auto\">.<\/div>\n<\/div>\n<div class=\"x11i5rnm xat24cr x1mh8g0r x1vvkbs xtlvy1s x126k92a\">\n<div dir=\"auto\" class=\" translation-block\">The conversation will be led by Boris \u010cegar, professor of philosophy.<\/div>\n<div dir=\"auto\">.<\/div>\n<div dir=\"auto\">This program is supported by the Guerrilla Foundation.<\/div>\n<div dir=\"auto\">.<\/div>\n<div dir=\"auto\"><img decoding=\"async\" class=\"alignnone size-medium wp-image-22791\" src=\"https:\/\/www.klarairosa.com\/wp-content\/uploads\/2025\/04\/488572081_1483770696003946_2039361661292758346_n-300x225.jpg\" alt=\"\" width=\"300\" height=\"225\" srcset=\"https:\/\/www.klarairosa.com\/wp-content\/uploads\/2025\/04\/488572081_1483770696003946_2039361661292758346_n-300x225.jpg 300w, https:\/\/www.klarairosa.com\/wp-content\/uploads\/2025\/04\/488572081_1483770696003946_2039361661292758346_n-16x12.jpg 16w, https:\/\/www.klarairosa.com\/wp-content\/uploads\/2025\/04\/488572081_1483770696003946_2039361661292758346_n.jpg 490w\" sizes=\"(max-width: 300px) 100vw, 300px\" \/><img decoding=\"async\" class=\"alignnone size-medium wp-image-22792\" src=\"https:\/\/www.klarairosa.com\/wp-content\/uploads\/2025\/04\/488647198_1483770699337279_6463354597325463002_n-300x225.jpg\" alt=\"\" width=\"300\" height=\"225\" srcset=\"https:\/\/www.klarairosa.com\/wp-content\/uploads\/2025\/04\/488647198_1483770699337279_6463354597325463002_n-300x225.jpg 300w, https:\/\/www.klarairosa.com\/wp-content\/uploads\/2025\/04\/488647198_1483770699337279_6463354597325463002_n-16x12.jpg 16w, https:\/\/www.klarairosa.com\/wp-content\/uploads\/2025\/04\/488647198_1483770699337279_6463354597325463002_n.jpg 490w\" sizes=\"(max-width: 300px) 100vw, 300px\" \/><img loading=\"lazy\" decoding=\"async\" class=\"alignnone size-medium wp-image-22793\" src=\"https:\/\/www.klarairosa.com\/wp-content\/uploads\/2025\/04\/488655517_1483770689337280_7549138056262210390_n-300x225.jpg\" alt=\"\" width=\"300\" height=\"225\" srcset=\"https:\/\/www.klarairosa.com\/wp-content\/uploads\/2025\/04\/488655517_1483770689337280_7549138056262210390_n-300x225.jpg 300w, https:\/\/www.klarairosa.com\/wp-content\/uploads\/2025\/04\/488655517_1483770689337280_7549138056262210390_n-16x12.jpg 16w, https:\/\/www.klarairosa.com\/wp-content\/uploads\/2025\/04\/488655517_1483770689337280_7549138056262210390_n.jpg 490w\" sizes=\"(max-width: 300px) 100vw, 300px\" \/><img loading=\"lazy\" decoding=\"async\" class=\"alignnone size-medium wp-image-22794\" src=\"https:\/\/www.klarairosa.com\/wp-content\/uploads\/2025\/04\/488657805_1483770686003947_8167785027917587483_n-300x225.jpg\" alt=\"\" width=\"300\" height=\"225\" srcset=\"https:\/\/www.klarairosa.com\/wp-content\/uploads\/2025\/04\/488657805_1483770686003947_8167785027917587483_n-300x225.jpg 300w, https:\/\/www.klarairosa.com\/wp-content\/uploads\/2025\/04\/488657805_1483770686003947_8167785027917587483_n-16x12.jpg 16w, https:\/\/www.klarairosa.com\/wp-content\/uploads\/2025\/04\/488657805_1483770686003947_8167785027917587483_n.jpg 490w\" sizes=\"(max-width: 300px) 100vw, 300px\" \/><img loading=\"lazy\" decoding=\"async\" class=\"alignnone size-medium wp-image-22795\" src=\"https:\/\/www.klarairosa.com\/wp-content\/uploads\/2025\/04\/488965690_1483770692670613_2372589323105415921_n-300x225.jpg\" alt=\"\" width=\"300\" height=\"225\" srcset=\"https:\/\/www.klarairosa.com\/wp-content\/uploads\/2025\/04\/488965690_1483770692670613_2372589323105415921_n-300x225.jpg 300w, https:\/\/www.klarairosa.com\/wp-content\/uploads\/2025\/04\/488965690_1483770692670613_2372589323105415921_n-16x12.jpg 16w, https:\/\/www.klarairosa.com\/wp-content\/uploads\/2025\/04\/488965690_1483770692670613_2372589323105415921_n.jpg 490w\" sizes=\"(max-width: 300px) 100vw, 300px\" \/><\/div>\n<\/div>","protected":false},"excerpt":{"rendered":"<p>Slede\u0107a AGORA \u0107e se odr\u017eati u sredu, 2. aprila od 18 \u010dasova u Parku slobode&#8230;<\/p>","protected":false},"author":1,"featured_media":22532,"comment_status":"closed","ping_status":"closed","sticky":false,"template":"","format":"standard","meta":{"content-type":"","inline_featured_image":false,"footnotes":""},"categories":[109],"tags":[312,494,396,573,351,282,469,307,124,577,452,152],"class_list":["post-22722","post","type-post","status-publish","format-standard","has-post-thumbnail","hentry","category-aktuelno","tag-312","tag-act","tag-agora","tag-akt-projekat","tag-boris-cegar","tag-community","tag-diskusija","tag-filozofija","tag-klara-i-rosa","tag-kriza-coveka","tag-razgovor","tag-subotica"],"yoast_head":"<!-- This site is optimized with the Yoast SEO plugin v27.5 - https:\/\/yoast.com\/product\/yoast-seo-wordpress\/ -->\n<title>AGORA - KADA TELO POBE\u0110UJE BOLEST: Kriza kao uslov i po\u010detak dru\u0161tvenog oporavka - Klara i Rosa<\/title>\n<meta name=\"robots\" content=\"index, follow, max-snippet:-1, max-image-preview:large, max-video-preview:-1\" \/>\n<link rel=\"canonical\" href=\"https:\/\/www.klarairosa.com\/en\/agora-kada-telo-pobedjuje-bolest-kriza-kao-uslov-i-pocetak-drustvenog-oporavka\/\" \/>\n<meta property=\"og:locale\" content=\"en_GB\" \/>\n<meta property=\"og:type\" content=\"article\" \/>\n<meta property=\"og:title\" content=\"AGORA - KADA TELO POBE\u0110UJE BOLEST: Kriza kao uslov i po\u010detak dru\u0161tvenog oporavka - Klara i Rosa\" \/>\n<meta property=\"og:description\" content=\"Slede\u0107a AGORA \u0107e se odr\u017eati u sredu, 2. aprila od 18 \u010dasova u Parku slobode...\" \/>\n<meta property=\"og:url\" content=\"https:\/\/www.klarairosa.com\/en\/agora-kada-telo-pobedjuje-bolest-kriza-kao-uslov-i-pocetak-drustvenog-oporavka\/\" \/>\n<meta property=\"og:site_name\" content=\"Klara i Rosa\" \/>\n<meta property=\"article:publisher\" content=\"https:\/\/www.facebook.com\/klarairosa\/\" \/>\n<meta property=\"article:published_time\" content=\"2025-03-29T17:07:56+00:00\" \/>\n<meta property=\"article:modified_time\" content=\"2025-04-22T09:02:42+00:00\" \/>\n<meta property=\"og:image\" content=\"https:\/\/www.klarairosa.com\/wp-content\/uploads\/2024\/12\/Agora-sajt-jesen.jpg\" \/>\n\t<meta property=\"og:image:width\" content=\"1352\" \/>\n\t<meta property=\"og:image:height\" content=\"1005\" \/>\n\t<meta property=\"og:image:type\" content=\"image\/jpeg\" \/>\n<meta name=\"author\" content=\"Klara i Rosa\" \/>\n<meta name=\"twitter:card\" content=\"summary_large_image\" \/>\n<meta name=\"twitter:label1\" content=\"Written by\" \/>\n\t<meta name=\"twitter:data1\" content=\"Klara i Rosa\" \/>\n\t<meta name=\"twitter:label2\" content=\"Estimated reading time\" \/>\n\t<meta name=\"twitter:data2\" content=\"1 minute\" \/>\n<script type=\"application\/ld+json\" class=\"yoast-schema-graph\">{\"@context\":\"https:\\\/\\\/schema.org\",\"@graph\":[{\"@type\":\"Article\",\"@id\":\"https:\\\/\\\/www.klarairosa.com\\\/agora-kada-telo-pobedjuje-bolest-kriza-kao-uslov-i-pocetak-drustvenog-oporavka\\\/#article\",\"isPartOf\":{\"@id\":\"https:\\\/\\\/www.klarairosa.com\\\/agora-kada-telo-pobedjuje-bolest-kriza-kao-uslov-i-pocetak-drustvenog-oporavka\\\/\"},\"author\":{\"name\":\"Klara i Rosa\",\"@id\":\"https:\\\/\\\/www.klarairosa.com\\\/en\\\/#\\\/schema\\\/person\\\/e4e7e9e5c8eeeddccf61e4532ae8e6ed\"},\"headline\":\"AGORA &#8211; KADA TELO POBE\u0110UJE BOLEST: Kriza kao uslov i po\u010detak dru\u0161tvenog oporavka\",\"datePublished\":\"2025-03-29T17:07:56+00:00\",\"dateModified\":\"2025-04-22T09:02:42+00:00\",\"mainEntityOfPage\":{\"@id\":\"https:\\\/\\\/www.klarairosa.com\\\/agora-kada-telo-pobedjuje-bolest-kriza-kao-uslov-i-pocetak-drustvenog-oporavka\\\/\"},\"wordCount\":256,\"publisher\":{\"@id\":\"https:\\\/\\\/www.klarairosa.com\\\/en\\\/#organization\"},\"image\":{\"@id\":\"https:\\\/\\\/www.klarairosa.com\\\/agora-kada-telo-pobedjuje-bolest-kriza-kao-uslov-i-pocetak-drustvenog-oporavka\\\/#primaryimage\"},\"thumbnailUrl\":\"https:\\\/\\\/www.klarairosa.com\\\/wp-content\\\/uploads\\\/2024\\\/12\\\/Agora-sajt-jesen.jpg\",\"keywords\":[\"2024\",\"act\",\"agora\",\"akt projekat\",\"boris cegar\",\"community\",\"diskusija\",\"filozofija\",\"Klara i Rosa\",\"kriza coveka\",\"razgovor\",\"subotica\"],\"articleSection\":[\"Aktuelno\"],\"inLanguage\":\"en-GB\"},{\"@type\":\"WebPage\",\"@id\":\"https:\\\/\\\/www.klarairosa.com\\\/agora-kada-telo-pobedjuje-bolest-kriza-kao-uslov-i-pocetak-drustvenog-oporavka\\\/\",\"url\":\"https:\\\/\\\/www.klarairosa.com\\\/agora-kada-telo-pobedjuje-bolest-kriza-kao-uslov-i-pocetak-drustvenog-oporavka\\\/\",\"name\":\"AGORA - KADA TELO POBE\u0110UJE BOLEST: Kriza kao uslov i po\u010detak dru\u0161tvenog oporavka - Klara i Rosa\",\"isPartOf\":{\"@id\":\"https:\\\/\\\/www.klarairosa.com\\\/en\\\/#website\"},\"primaryImageOfPage\":{\"@id\":\"https:\\\/\\\/www.klarairosa.com\\\/agora-kada-telo-pobedjuje-bolest-kriza-kao-uslov-i-pocetak-drustvenog-oporavka\\\/#primaryimage\"},\"image\":{\"@id\":\"https:\\\/\\\/www.klarairosa.com\\\/agora-kada-telo-pobedjuje-bolest-kriza-kao-uslov-i-pocetak-drustvenog-oporavka\\\/#primaryimage\"},\"thumbnailUrl\":\"https:\\\/\\\/www.klarairosa.com\\\/wp-content\\\/uploads\\\/2024\\\/12\\\/Agora-sajt-jesen.jpg\",\"datePublished\":\"2025-03-29T17:07:56+00:00\",\"dateModified\":\"2025-04-22T09:02:42+00:00\",\"breadcrumb\":{\"@id\":\"https:\\\/\\\/www.klarairosa.com\\\/agora-kada-telo-pobedjuje-bolest-kriza-kao-uslov-i-pocetak-drustvenog-oporavka\\\/#breadcrumb\"},\"inLanguage\":\"en-GB\",\"potentialAction\":[{\"@type\":\"ReadAction\",\"target\":[\"https:\\\/\\\/www.klarairosa.com\\\/agora-kada-telo-pobedjuje-bolest-kriza-kao-uslov-i-pocetak-drustvenog-oporavka\\\/\"]}]},{\"@type\":\"ImageObject\",\"inLanguage\":\"en-GB\",\"@id\":\"https:\\\/\\\/www.klarairosa.com\\\/agora-kada-telo-pobedjuje-bolest-kriza-kao-uslov-i-pocetak-drustvenog-oporavka\\\/#primaryimage\",\"url\":\"https:\\\/\\\/www.klarairosa.com\\\/wp-content\\\/uploads\\\/2024\\\/12\\\/Agora-sajt-jesen.jpg\",\"contentUrl\":\"https:\\\/\\\/www.klarairosa.com\\\/wp-content\\\/uploads\\\/2024\\\/12\\\/Agora-sajt-jesen.jpg\",\"width\":1352,\"height\":1005},{\"@type\":\"BreadcrumbList\",\"@id\":\"https:\\\/\\\/www.klarairosa.com\\\/agora-kada-telo-pobedjuje-bolest-kriza-kao-uslov-i-pocetak-drustvenog-oporavka\\\/#breadcrumb\",\"itemListElement\":[{\"@type\":\"ListItem\",\"position\":1,\"name\":\"Home\",\"item\":\"https:\\\/\\\/www.klarairosa.com\\\/\"},{\"@type\":\"ListItem\",\"position\":2,\"name\":\"AGORA &#8211; KADA TELO POBE\u0110UJE BOLEST: Kriza kao uslov i po\u010detak dru\u0161tvenog oporavka\"}]},{\"@type\":\"WebSite\",\"@id\":\"https:\\\/\\\/www.klarairosa.com\\\/en\\\/#website\",\"url\":\"https:\\\/\\\/www.klarairosa.com\\\/en\\\/\",\"name\":\"Klara i Rosa\",\"description\":\"Klara i Rosa\",\"publisher\":{\"@id\":\"https:\\\/\\\/www.klarairosa.com\\\/en\\\/#organization\"},\"potentialAction\":[{\"@type\":\"SearchAction\",\"target\":{\"@type\":\"EntryPoint\",\"urlTemplate\":\"https:\\\/\\\/www.klarairosa.com\\\/en\\\/?s={search_term_string}\"},\"query-input\":{\"@type\":\"PropertyValueSpecification\",\"valueRequired\":true,\"valueName\":\"search_term_string\"}}],\"inLanguage\":\"en-GB\"},{\"@type\":\"Organization\",\"@id\":\"https:\\\/\\\/www.klarairosa.com\\\/en\\\/#organization\",\"name\":\"Klara i Rosa\",\"url\":\"https:\\\/\\\/www.klarairosa.com\\\/en\\\/\",\"logo\":{\"@type\":\"ImageObject\",\"inLanguage\":\"en-GB\",\"@id\":\"https:\\\/\\\/www.klarairosa.com\\\/en\\\/#\\\/schema\\\/logo\\\/image\\\/\",\"url\":\"https:\\\/\\\/www.klarairosa.com\\\/wp-content\\\/uploads\\\/2022\\\/01\\\/logo.svg\",\"contentUrl\":\"https:\\\/\\\/www.klarairosa.com\\\/wp-content\\\/uploads\\\/2022\\\/01\\\/logo.svg\",\"width\":110,\"height\":139,\"caption\":\"Klara i Rosa\"},\"image\":{\"@id\":\"https:\\\/\\\/www.klarairosa.com\\\/en\\\/#\\\/schema\\\/logo\\\/image\\\/\"},\"sameAs\":[\"https:\\\/\\\/www.facebook.com\\\/klarairosa\\\/\",\"https:\\\/\\\/www.instagram.com\\\/ugklarairosa\\\/\"]},{\"@type\":\"Person\",\"@id\":\"https:\\\/\\\/www.klarairosa.com\\\/en\\\/#\\\/schema\\\/person\\\/e4e7e9e5c8eeeddccf61e4532ae8e6ed\",\"name\":\"Klara i Rosa\",\"image\":{\"@type\":\"ImageObject\",\"inLanguage\":\"en-GB\",\"@id\":\"https:\\\/\\\/secure.gravatar.com\\\/avatar\\\/c83ee539a067b9f57ae5d8999ae286c4f98b5c4bd943b8cbb64f6b0fc1f29e40?s=96&d=mm&r=g\",\"url\":\"https:\\\/\\\/secure.gravatar.com\\\/avatar\\\/c83ee539a067b9f57ae5d8999ae286c4f98b5c4bd943b8cbb64f6b0fc1f29e40?s=96&d=mm&r=g\",\"contentUrl\":\"https:\\\/\\\/secure.gravatar.com\\\/avatar\\\/c83ee539a067b9f57ae5d8999ae286c4f98b5c4bd943b8cbb64f6b0fc1f29e40?s=96&d=mm&r=g\",\"caption\":\"Klara i Rosa\"},\"sameAs\":[\"https:\\\/\\\/klarairosa.com\"],\"url\":\"https:\\\/\\\/www.klarairosa.com\\\/en\\\/author\\\/rosaiklara\\\/\"}]}<\/script>\n<!-- \/ Yoast SEO plugin. -->","yoast_head_json":{"title":"AGORA - KADA TELO POBE\u0110UJE BOLEST: Kriza kao uslov i po\u010detak dru\u0161tvenog oporavka - Klara i Rosa","robots":{"index":"index","follow":"follow","max-snippet":"max-snippet:-1","max-image-preview":"max-image-preview:large","max-video-preview":"max-video-preview:-1"},"canonical":"https:\/\/www.klarairosa.com\/en\/agora-kada-telo-pobedjuje-bolest-kriza-kao-uslov-i-pocetak-drustvenog-oporavka\/","og_locale":"en_GB","og_type":"article","og_title":"AGORA - KADA TELO POBE\u0110UJE BOLEST: Kriza kao uslov i po\u010detak dru\u0161tvenog oporavka - Klara i Rosa","og_description":"Slede\u0107a AGORA \u0107e se odr\u017eati u sredu, 2. aprila od 18 \u010dasova u Parku slobode...","og_url":"https:\/\/www.klarairosa.com\/en\/agora-kada-telo-pobedjuje-bolest-kriza-kao-uslov-i-pocetak-drustvenog-oporavka\/","og_site_name":"Klara i Rosa","article_publisher":"https:\/\/www.facebook.com\/klarairosa\/","article_published_time":"2025-03-29T17:07:56+00:00","article_modified_time":"2025-04-22T09:02:42+00:00","og_image":[{"width":1352,"height":1005,"url":"https:\/\/www.klarairosa.com\/wp-content\/uploads\/2024\/12\/Agora-sajt-jesen.jpg","type":"image\/jpeg"}],"author":"Klara i Rosa","twitter_card":"summary_large_image","twitter_misc":{"Written by":"Klara i Rosa","Estimated reading time":"1 minute"},"schema":{"@context":"https:\/\/schema.org","@graph":[{"@type":"Article","@id":"https:\/\/www.klarairosa.com\/agora-kada-telo-pobedjuje-bolest-kriza-kao-uslov-i-pocetak-drustvenog-oporavka\/#article","isPartOf":{"@id":"https:\/\/www.klarairosa.com\/agora-kada-telo-pobedjuje-bolest-kriza-kao-uslov-i-pocetak-drustvenog-oporavka\/"},"author":{"name":"Klara i Rosa","@id":"https:\/\/www.klarairosa.com\/en\/#\/schema\/person\/e4e7e9e5c8eeeddccf61e4532ae8e6ed"},"headline":"AGORA &#8211; KADA TELO POBE\u0110UJE BOLEST: Kriza kao uslov i po\u010detak dru\u0161tvenog oporavka","datePublished":"2025-03-29T17:07:56+00:00","dateModified":"2025-04-22T09:02:42+00:00","mainEntityOfPage":{"@id":"https:\/\/www.klarairosa.com\/agora-kada-telo-pobedjuje-bolest-kriza-kao-uslov-i-pocetak-drustvenog-oporavka\/"},"wordCount":256,"publisher":{"@id":"https:\/\/www.klarairosa.com\/en\/#organization"},"image":{"@id":"https:\/\/www.klarairosa.com\/agora-kada-telo-pobedjuje-bolest-kriza-kao-uslov-i-pocetak-drustvenog-oporavka\/#primaryimage"},"thumbnailUrl":"https:\/\/www.klarairosa.com\/wp-content\/uploads\/2024\/12\/Agora-sajt-jesen.jpg","keywords":["2024","act","agora","akt projekat","boris cegar","community","diskusija","filozofija","Klara i Rosa","kriza coveka","razgovor","subotica"],"articleSection":["Aktuelno"],"inLanguage":"en-GB"},{"@type":"WebPage","@id":"https:\/\/www.klarairosa.com\/agora-kada-telo-pobedjuje-bolest-kriza-kao-uslov-i-pocetak-drustvenog-oporavka\/","url":"https:\/\/www.klarairosa.com\/agora-kada-telo-pobedjuje-bolest-kriza-kao-uslov-i-pocetak-drustvenog-oporavka\/","name":"AGORA - KADA TELO POBE\u0110UJE BOLEST: Kriza kao uslov i po\u010detak dru\u0161tvenog oporavka - Klara i Rosa","isPartOf":{"@id":"https:\/\/www.klarairosa.com\/en\/#website"},"primaryImageOfPage":{"@id":"https:\/\/www.klarairosa.com\/agora-kada-telo-pobedjuje-bolest-kriza-kao-uslov-i-pocetak-drustvenog-oporavka\/#primaryimage"},"image":{"@id":"https:\/\/www.klarairosa.com\/agora-kada-telo-pobedjuje-bolest-kriza-kao-uslov-i-pocetak-drustvenog-oporavka\/#primaryimage"},"thumbnailUrl":"https:\/\/www.klarairosa.com\/wp-content\/uploads\/2024\/12\/Agora-sajt-jesen.jpg","datePublished":"2025-03-29T17:07:56+00:00","dateModified":"2025-04-22T09:02:42+00:00","breadcrumb":{"@id":"https:\/\/www.klarairosa.com\/agora-kada-telo-pobedjuje-bolest-kriza-kao-uslov-i-pocetak-drustvenog-oporavka\/#breadcrumb"},"inLanguage":"en-GB","potentialAction":[{"@type":"ReadAction","target":["https:\/\/www.klarairosa.com\/agora-kada-telo-pobedjuje-bolest-kriza-kao-uslov-i-pocetak-drustvenog-oporavka\/"]}]},{"@type":"ImageObject","inLanguage":"en-GB","@id":"https:\/\/www.klarairosa.com\/agora-kada-telo-pobedjuje-bolest-kriza-kao-uslov-i-pocetak-drustvenog-oporavka\/#primaryimage","url":"https:\/\/www.klarairosa.com\/wp-content\/uploads\/2024\/12\/Agora-sajt-jesen.jpg","contentUrl":"https:\/\/www.klarairosa.com\/wp-content\/uploads\/2024\/12\/Agora-sajt-jesen.jpg","width":1352,"height":1005},{"@type":"BreadcrumbList","@id":"https:\/\/www.klarairosa.com\/agora-kada-telo-pobedjuje-bolest-kriza-kao-uslov-i-pocetak-drustvenog-oporavka\/#breadcrumb","itemListElement":[{"@type":"ListItem","position":1,"name":"Home","item":"https:\/\/www.klarairosa.com\/"},{"@type":"ListItem","position":2,"name":"AGORA &#8211; KADA TELO POBE\u0110UJE BOLEST: Kriza kao uslov i po\u010detak dru\u0161tvenog oporavka"}]},{"@type":"WebSite","@id":"https:\/\/www.klarairosa.com\/en\/#website","url":"https:\/\/www.klarairosa.com\/en\/","name":"Klara i Rosa","description":"Klara i Rosa","publisher":{"@id":"https:\/\/www.klarairosa.com\/en\/#organization"},"potentialAction":[{"@type":"SearchAction","target":{"@type":"EntryPoint","urlTemplate":"https:\/\/www.klarairosa.com\/en\/?s={search_term_string}"},"query-input":{"@type":"PropertyValueSpecification","valueRequired":true,"valueName":"search_term_string"}}],"inLanguage":"en-GB"},{"@type":"Organization","@id":"https:\/\/www.klarairosa.com\/en\/#organization","name":"Klara i Rosa","url":"https:\/\/www.klarairosa.com\/en\/","logo":{"@type":"ImageObject","inLanguage":"en-GB","@id":"https:\/\/www.klarairosa.com\/en\/#\/schema\/logo\/image\/","url":"https:\/\/www.klarairosa.com\/wp-content\/uploads\/2022\/01\/logo.svg","contentUrl":"https:\/\/www.klarairosa.com\/wp-content\/uploads\/2022\/01\/logo.svg","width":110,"height":139,"caption":"Klara i Rosa"},"image":{"@id":"https:\/\/www.klarairosa.com\/en\/#\/schema\/logo\/image\/"},"sameAs":["https:\/\/www.facebook.com\/klarairosa\/","https:\/\/www.instagram.com\/ugklarairosa\/"]},{"@type":"Person","@id":"https:\/\/www.klarairosa.com\/en\/#\/schema\/person\/e4e7e9e5c8eeeddccf61e4532ae8e6ed","name":"Klara i Rosa","image":{"@type":"ImageObject","inLanguage":"en-GB","@id":"https:\/\/secure.gravatar.com\/avatar\/c83ee539a067b9f57ae5d8999ae286c4f98b5c4bd943b8cbb64f6b0fc1f29e40?s=96&d=mm&r=g","url":"https:\/\/secure.gravatar.com\/avatar\/c83ee539a067b9f57ae5d8999ae286c4f98b5c4bd943b8cbb64f6b0fc1f29e40?s=96&d=mm&r=g","contentUrl":"https:\/\/secure.gravatar.com\/avatar\/c83ee539a067b9f57ae5d8999ae286c4f98b5c4bd943b8cbb64f6b0fc1f29e40?s=96&d=mm&r=g","caption":"Klara i Rosa"},"sameAs":["https:\/\/klarairosa.com"],"url":"https:\/\/www.klarairosa.com\/en\/author\/rosaiklara\/"}]}},"_links":{"self":[{"href":"https:\/\/www.klarairosa.com\/en\/wp-json\/wp\/v2\/posts\/22722","targetHints":{"allow":["GET"]}}],"collection":[{"href":"https:\/\/www.klarairosa.com\/en\/wp-json\/wp\/v2\/posts"}],"about":[{"href":"https:\/\/www.klarairosa.com\/en\/wp-json\/wp\/v2\/types\/post"}],"author":[{"embeddable":true,"href":"https:\/\/www.klarairosa.com\/en\/wp-json\/wp\/v2\/users\/1"}],"replies":[{"embeddable":true,"href":"https:\/\/www.klarairosa.com\/en\/wp-json\/wp\/v2\/comments?post=22722"}],"version-history":[{"count":3,"href":"https:\/\/www.klarairosa.com\/en\/wp-json\/wp\/v2\/posts\/22722\/revisions"}],"predecessor-version":[{"id":22848,"href":"https:\/\/www.klarairosa.com\/en\/wp-json\/wp\/v2\/posts\/22722\/revisions\/22848"}],"wp:featuredmedia":[{"embeddable":true,"href":"https:\/\/www.klarairosa.com\/en\/wp-json\/wp\/v2\/media\/22532"}],"wp:attachment":[{"href":"https:\/\/www.klarairosa.com\/en\/wp-json\/wp\/v2\/media?parent=22722"}],"wp:term":[{"taxonomy":"category","embeddable":true,"href":"https:\/\/www.klarairosa.com\/en\/wp-json\/wp\/v2\/categories?post=22722"},{"taxonomy":"post_tag","embeddable":true,"href":"https:\/\/www.klarairosa.com\/en\/wp-json\/wp\/v2\/tags?post=22722"}],"curies":[{"name":"wp","href":"https:\/\/api.w.org\/{rel}","templated":true}]}}