{"id":22687,"date":"2025-03-26T10:48:22","date_gmt":"2025-03-26T10:48:22","guid":{"rendered":"https:\/\/www.klarairosa.com\/?p=22687"},"modified":"2025-03-31T19:26:40","modified_gmt":"2025-03-31T19:26:40","slug":"glas-ovi-zajednice-mona-lacko","status":"publish","type":"post","link":"https:\/\/www.klarairosa.com\/en\/glas-ovi-zajednice-mona-lacko\/","title":{"rendered":"COMMUNITY VOICE\/S: MONA LACKO"},"content":{"rendered":"<p style=\"text-align: justify;\" data-pm-slice=\"1 1 []\"><strong>U ponedeljak, 31. marta u 19 \u010dasova<\/strong> u prostoru Klare i Rose (Petefi \u0160andora 15) nastavljamo ciklus programa <strong>Glas\/ovi zajednice<\/strong>! Ovog puta \u0107emo imati priliku da upoznamo <strong>Monu Lacko<\/strong>, modnu kreatorku!<\/p>\n<p style=\"text-align: justify;\" data-pm-slice=\"1 1 []\">.<\/p>\n<p style=\"text-align: justify;\" data-pm-slice=\"1 1 []\"><strong><blockquote class='' style=''><h5 class='blockquote-text' style='color: #bababa; line-height: undefinedpx;'>Ponedeljak, 31. mart u 19 \u010dasova \/ Klara i Rosa, Petefi \u0160andora 15 \/ Go\u0161\u0107a: Mona Lacko<\/h5><\/blockquote><\/strong><\/p>\n<p data-pm-slice=\"1 1 []\">.<\/p>\n<p style=\"text-align: justify;\">Program <strong>Glas\/ovi zajednice<\/strong> osvetljava pojedince iz na\u0161eg grada i poziva sve sugra\u0111ane na interakciju kroz dijalog, razmenu interesovanja i zajedni\u010dke aktivnosti. Kroz ovaj program gradimo mostove me\u0111u ljudima, osna\u017eujemo zajedni\u0161tvo i promovi\u0161emo \u017eivot u Subotici kao prostor povezivanja, razumevanja i uzajamne podr\u0161ke.<\/p>\n<p style=\"text-align: justify;\">.<\/p>\n<p style=\"text-align: justify;\"><strong>Upoznajmo Suboticu kroz njene ljude!<\/strong><\/p>\n<p style=\"text-align: justify;\">.<\/p>\n<p style=\"text-align: justify;\">Hajde da otkrijemo ko sve \u017eivi u na\u0161em gradu, da se upoznamo, dru\u017eimo i podr\u017eavamo jedni druge. Svako od nas je deo ove zajednice.<\/p>\n<p style=\"text-align: justify;\">.<\/p>\n<p style=\"text-align: justify;\">Program \u0107e biti realizovan na jezicima zajednice: srpsko-hrvatskom, ma\u0111arskom i engleskom jeziku, kako bi svi sugra\u0111ani mogli da u\u010destvuju na jeziku koji im je najbli\u017ei.<\/p>\n<p>.<\/p>\n<p>-\u0274\u1d00s\u030c\u1d00 \u1d0f\u0280\u0262\u1d00\u0274\u026a\u1d22\u1d00\u1d04\u026a\u1d0a\u1d00 \u1d0a\u1d07 \u1d05\u1d0f\u0299\u026a\u029f\u1d00 \u1d18\u1d0f\u1d05\u0280s\u030c\u1d0b\u1d1c \u1d20\u029f\u1d00\u1d05\u1d07 s\u030c\u1d20\u1d00\u1d0a\u1d04\u1d00\u0280s\u1d0b\u1d07 \u1d0b\u0280\u1d0f\u1d22 \u1d18\u0280\u1d0f\u1d0a\u1d07\u1d0b\u1d00\u1d1b \u201e\u1d22\u1d00\u1d0a\u1d07\u1d05\u0274\u1d0f \u1d22\u1d00 \u1d00\u1d0b\u1d1b\u026a\u1d20\u0274\u1d0f \u0262\u0280\u1d00\u0111\u1d00\u0274s\u1d0b\u1d0f \u1d05\u0280\u1d1cs\u030c\u1d1b\u1d20\u1d0f \u2013 \u1d00\u1d04\u1d1b\u201d, \u1d0b\u1d0f\u1d0a\u026a s\u1d18\u0280\u1d0f\u1d20\u1d0f\u1d05\u1d07 \u029c\u1d07\u029f\u1d20\u1d07\u1d1b\u1d00s s\u0280\u0299\u026a\u1d0a\u1d00 \u026a \u0262\u0280\u1d00\u0111\u1d00\u0274s\u1d0b\u1d07 \u026a\u0274\u026a\u1d04\u026a\u1d0a\u1d00\u1d1b\u026a\u1d20\u1d07. \u201e\u1d22\u1d00\u1d0a\u1d07\u1d05\u0274\u1d0f \u1d22\u1d00 \u1d00\u1d0b\u1d1b\u026a\u1d20\u0274\u1d0f \u0262\u0280\u1d00\u0111\u1d00\u0274s\u1d0b\u1d0f \u1d05\u0280\u1d1cs\u030c\u1d1b\u1d20\u1d0f \u2013 \u1d00\u1d04\u1d1b\u201d \u1d0a\u1d07 \u1d18\u0280\u1d0f\u1d0a\u1d07\u1d0b\u1d00\u1d1b \u1d20\u029f\u1d00\u1d05\u1d07 s\u030c\u1d20\u1d00\u1d0a\u1d04\u1d00\u0280s\u1d0b\u1d07 \u1d04\u030c\u026a\u1d0a\u026a \u1d0a\u1d07 \u1d04\u026a\u029f\u1d0a \u1d00\u1d0b\u1d1b\u026a\u1d20\u0274\u1d0f \u0262\u0280\u1d00\u0111\u1d00\u0274s\u1d0b\u1d0f \u1d05\u0280\u1d1cs\u030c\u1d1b\u1d20\u1d0f \u1d1c \u1d0b\u1d0f\u1d0d\u1d07 \u0262\u0280\u1d00\u0111\u1d00\u0274\u026a \u1d20\u026as\u030c\u1d07 \u1d1c\u1d04\u030c\u1d07s\u1d1b\u1d20\u1d1c\u1d0a\u1d1c \u1d1c \u1d18\u0280\u1d0f\u1d04\u1d07s\u1d1c \u1d05\u1d0f\u0274\u1d0fs\u030c\u1d07\u0274\u1d0a\u1d00 \u1d0f\u1d05\u029f\u1d1c\u1d0b\u1d00, \u0274\u1d00\u0280\u1d0f\u1d04\u030c\u026a\u1d1b\u1d0f \u0274\u1d00 \u029f\u1d0f\u1d0b\u1d00\u029f\u0274\u1d0f\u1d0d \u0274\u026a\u1d20\u1d0f\u1d1c.-<\/p>\n<p>.<\/p>\n<div  id=\"jtg-22767\" class=\"modula modula-gallery modula-columns\" data-config=\"{&quot;tabletHeight&quot;:800,&quot;mobileHeight&quot;:800,&quot;desktopHeight&quot;:800,&quot;enableTwitter&quot;:false,&quot;enableWhatsapp&quot;:false,&quot;enableFacebook&quot;:false,&quot;enablePinterest&quot;:false,&quot;enableLinkedin&quot;:false,&quot;enableEmail&quot;:false,&quot;randomFactor&quot;:0.5,&quot;type&quot;:&quot;grid&quot;,&quot;columns&quot;:12,&quot;gutter&quot;:10,&quot;mobileGutter&quot;:10,&quot;tabletGutter&quot;:10,&quot;desktopGutter&quot;:10,&quot;enableResponsive&quot;:&quot;0&quot;,&quot;tabletColumns&quot;:2,&quot;mobileColumns&quot;:1,&quot;lazyLoad&quot;:0,&quot;lightboxOpts&quot;:{&quot;animated&quot;:true,&quot;Thumbs&quot;:{&quot;type&quot;:&quot;modern&quot;,&quot;showOnStart&quot;:false},&quot;Toolbar&quot;:{&quot;display&quot;:{&quot;right&quot;:[&quot;close&quot;]},&quot;enabled&quot;:true},&quot;Carousel&quot;:{&quot;Panzoom&quot;:{&quot;touch&quot;:true},&quot;infinite&quot;:false},&quot;keyboard&quot;:{&quot;Escape&quot;:&quot;close&quot;,&quot;Delete&quot;:&quot;close&quot;,&quot;Backspace&quot;:&quot;close&quot;,&quot;PageUp&quot;:false,&quot;PageDown&quot;:false,&quot;ArrowUp&quot;:false,&quot;ArrowDown&quot;:false,&quot;ArrowRight&quot;:false,&quot;ArrowLeft&quot;:false},&quot;touch&quot;:false,&quot;backdropClick&quot;:false,&quot;l10n&quot;:{&quot;CLOSE&quot;:&quot;Close&quot;,&quot;NEXT&quot;:&quot;Next&quot;,&quot;PREV&quot;:&quot;Previous&quot;,&quot;Error&quot;:&quot;The requested content cannot be loaded. Please try again later.&quot;,&quot;PLAY_START&quot;:&quot;Start slideshow&quot;,&quot;PLAY_STOP&quot;:&quot;Pause slideshow&quot;,&quot;FULL_SCREEN&quot;:&quot;Full screen&quot;,&quot;THUMBS&quot;:&quot;Thumbnails&quot;,&quot;DOWNLOAD&quot;:&quot;Download&quot;,&quot;SHARE&quot;:&quot;Share&quot;,&quot;ZOOM&quot;:&quot;Zoom&quot;,&quot;EMAIL&quot;:&quot;Here is the link to the image : %%image_link%% and this is the link to the gallery : %%gallery_link%%&quot;,&quot;MODAL&quot;:&quot;You can close this modal content with the ESC key&quot;,&quot;ERROR&quot;:&quot;Something Went Wrong, Please Try Again Later&quot;,&quot;IMAGE_ERROR&quot;:&quot;Image Not Found&quot;,&quot;ELEMENT_NOT_FOUND&quot;:&quot;HTML Element Not Found&quot;,&quot;AJAX_NOT_FOUND&quot;:&quot;Error Loading AJAX : Not Found&quot;,&quot;AJAX_FORBIDDEN&quot;:&quot;Error Loading AJAX : Forbidden&quot;,&quot;IFRAME_ERROR&quot;:&quot;Error Loading Page&quot;,&quot;TOGGLE_ZOOM&quot;:&quot;Toggle zoom level&quot;,&quot;TOGGLE_THUMBS&quot;:&quot;Toggle thumbnails&quot;,&quot;TOGGLE_SLIDESHOW&quot;:&quot;Toggle slideshow&quot;,&quot;TOGGLE_FULLSCREEN&quot;:&quot;Toggle full-screen mode&quot;},&quot;Images&quot;:{&quot;Panzoom&quot;:{&quot;maxScale&quot;:2}},&quot;mainClass&quot;:&quot;modula-fancybox-container modula-lightbox-jtg-22767&quot;,&quot;Html&quot;:{&quot;videoAutoplay&quot;:0,&quot;videoTpl&quot;:&quot;&lt;video class=\\&quot;fancybox__html5video\\&quot; controls muted playsinline controlsList controlsList=\\&quot;nodownload\\&quot; poster=\\&quot;{{poster}}\\&quot; src=\\&quot;{{src}}\\&quot; type=\\&quot;{{format}}\\&quot; &gt;  Sorry, your browser doesn&#039;t support embedded videos, &lt;a href=\\&quot;{{src}}\\&quot;&gt; download &lt;\\\/a&gt; and watch with your favorite video player! &lt;\\\/video&gt;&quot;}},&quot;inView&quot;:false,&quot;email_subject&quot;:&quot;Check out this awesome image !!&quot;,&quot;email_message&quot;:&quot;Here is the link to the image : %%image_link%% and this is the link to the gallery : %%gallery_link%%&quot;,&quot;grid_type&quot;:&quot;automatic&quot;,&quot;rowHeight&quot;:250,&quot;lastRow&quot;:&quot;justify&quot;,&quot;lightbox&quot;:&quot;fancybox&quot;}\">\n\n\t\n\t<div  class=\"modula-items grid-gallery\">\n\t\t<div class=\"modula-item effect-pufrobo\" >\n\t<div class=\"modula-item-overlay\"><\/div>\n\n\t<div class=\"modula-item-content\">\n\n\t\t<a data-image-id=\"22782\" role=\"button\" data-elementor-open-lightbox=\"no\" tabindex=\"0\" rel=\"jtg-22767\" data-caption=\"\" aria-label=\"Open image in lightbox\" class=\"tile-inner modula-item-link\"><\/a><img fetchpriority=\"high\" decoding=\"async\" class=\"pic wp-image-22782\"  data-valign=\"middle\" data-halign=\"center\" alt=\"\" data-full=\"https:\/\/www.klarairosa.com\/wp-content\/uploads\/2025\/03\/487766740_1481722192875463_4091439085295647419_n-1.jpg\" title=\"487766740_1481722192875463_4091439085295647419_n\" crop=\"\" width=\"300\" height=\"225\" src=\"https:\/\/www.klarairosa.com\/wp-content\/uploads\/2025\/03\/487766740_1481722192875463_4091439085295647419_n-1-300x225.jpg\" data-src=\"https:\/\/www.klarairosa.com\/wp-content\/uploads\/2025\/03\/487766740_1481722192875463_4091439085295647419_n-1-300x225.jpg\" data-caption=\"\" srcset=\"https:\/\/www.klarairosa.com\/wp-content\/uploads\/2025\/03\/487766740_1481722192875463_4091439085295647419_n-1.jpg 490w, https:\/\/www.klarairosa.com\/wp-content\/uploads\/2025\/03\/487766740_1481722192875463_4091439085295647419_n-1-300x225.jpg 300w, https:\/\/www.klarairosa.com\/wp-content\/uploads\/2025\/03\/487766740_1481722192875463_4091439085295647419_n-1-16x12.jpg 16w\" sizes=\"(max-width: 300px) 100vw, 300px\" \/>\n\t\t<div class=\"figc no-description\">\n\t\t\t<div class=\"figc-inner\">\n\t\t\t\t\t\t\t\t\t\t\t\t\t\t\t<\/div>\n\t\t<\/div>\n\n\t<\/div>\n\n<\/div><div class=\"modula-item effect-pufrobo\" >\n\t<div class=\"modula-item-overlay\"><\/div>\n\n\t<div class=\"modula-item-content\">\n\n\t\t<a data-image-id=\"22774\" role=\"button\" data-elementor-open-lightbox=\"no\" tabindex=\"0\" rel=\"jtg-22767\" data-caption=\"\" aria-label=\"Open image in lightbox\" class=\"tile-inner modula-item-link\"><\/a><img decoding=\"async\" class=\"pic wp-image-22774\"  data-valign=\"middle\" data-halign=\"center\" alt=\"\" data-full=\"https:\/\/www.klarairosa.com\/wp-content\/uploads\/2025\/03\/20250331_184646.jpg\" title=\"20250331_184646\" crop=\"\" width=\"300\" height=\"225\" src=\"https:\/\/www.klarairosa.com\/wp-content\/uploads\/2025\/03\/20250331_184646-300x225.jpg\" data-src=\"https:\/\/www.klarairosa.com\/wp-content\/uploads\/2025\/03\/20250331_184646-300x225.jpg\" data-caption=\"\" srcset=\"https:\/\/www.klarairosa.com\/wp-content\/uploads\/2025\/03\/20250331_184646.jpg 560w, https:\/\/www.klarairosa.com\/wp-content\/uploads\/2025\/03\/20250331_184646-300x225.jpg 300w, https:\/\/www.klarairosa.com\/wp-content\/uploads\/2025\/03\/20250331_184646-16x12.jpg 16w\" sizes=\"(max-width: 300px) 100vw, 300px\" \/>\n\t\t<div class=\"figc no-description\">\n\t\t\t<div class=\"figc-inner\">\n\t\t\t\t\t\t\t\t\t\t\t\t\t\t\t<\/div>\n\t\t<\/div>\n\n\t<\/div>\n\n<\/div><div class=\"modula-item effect-pufrobo\" >\n\t<div class=\"modula-item-overlay\"><\/div>\n\n\t<div class=\"modula-item-content\">\n\n\t\t<a data-image-id=\"22780\" role=\"button\" data-elementor-open-lightbox=\"no\" tabindex=\"0\" rel=\"jtg-22767\" data-caption=\"\" aria-label=\"Open image in lightbox\" class=\"tile-inner modula-item-link\"><\/a><img decoding=\"async\" class=\"pic wp-image-22780\"  data-valign=\"middle\" data-halign=\"center\" alt=\"\" data-full=\"https:\/\/www.klarairosa.com\/wp-content\/uploads\/2025\/03\/487829414_1481722182875464_571250911580459529_n-1.jpg\" title=\"487829414_1481722182875464_571250911580459529_n\" crop=\"\" width=\"300\" height=\"225\" src=\"https:\/\/www.klarairosa.com\/wp-content\/uploads\/2025\/03\/487829414_1481722182875464_571250911580459529_n-1-300x225.jpg\" data-src=\"https:\/\/www.klarairosa.com\/wp-content\/uploads\/2025\/03\/487829414_1481722182875464_571250911580459529_n-1-300x225.jpg\" data-caption=\"\" srcset=\"https:\/\/www.klarairosa.com\/wp-content\/uploads\/2025\/03\/487829414_1481722182875464_571250911580459529_n-1.jpg 490w, https:\/\/www.klarairosa.com\/wp-content\/uploads\/2025\/03\/487829414_1481722182875464_571250911580459529_n-1-300x225.jpg 300w, https:\/\/www.klarairosa.com\/wp-content\/uploads\/2025\/03\/487829414_1481722182875464_571250911580459529_n-1-16x12.jpg 16w\" sizes=\"(max-width: 300px) 100vw, 300px\" \/>\n\t\t<div class=\"figc no-description\">\n\t\t\t<div class=\"figc-inner\">\n\t\t\t\t\t\t\t\t\t\t\t\t\t\t\t<\/div>\n\t\t<\/div>\n\n\t<\/div>\n\n<\/div><div class=\"modula-item effect-pufrobo\" >\n\t<div class=\"modula-item-overlay\"><\/div>\n\n\t<div class=\"modula-item-content\">\n\n\t\t<a data-image-id=\"22781\" role=\"button\" data-elementor-open-lightbox=\"no\" tabindex=\"0\" rel=\"jtg-22767\" data-caption=\"\" aria-label=\"Open image in lightbox\" class=\"tile-inner modula-item-link\"><\/a><img loading=\"lazy\" decoding=\"async\" class=\"pic wp-image-22781\"  data-valign=\"middle\" data-halign=\"center\" alt=\"\" data-full=\"https:\/\/www.klarairosa.com\/wp-content\/uploads\/2025\/03\/487761527_1481722189542130_5803105577408642224_n-1.jpg\" title=\"487761527_1481722189542130_5803105577408642224_n\" crop=\"\" width=\"300\" height=\"225\" src=\"https:\/\/www.klarairosa.com\/wp-content\/uploads\/2025\/03\/487761527_1481722189542130_5803105577408642224_n-1-300x225.jpg\" data-src=\"https:\/\/www.klarairosa.com\/wp-content\/uploads\/2025\/03\/487761527_1481722189542130_5803105577408642224_n-1-300x225.jpg\" data-caption=\"\" srcset=\"https:\/\/www.klarairosa.com\/wp-content\/uploads\/2025\/03\/487761527_1481722189542130_5803105577408642224_n-1.jpg 490w, https:\/\/www.klarairosa.com\/wp-content\/uploads\/2025\/03\/487761527_1481722189542130_5803105577408642224_n-1-300x225.jpg 300w, https:\/\/www.klarairosa.com\/wp-content\/uploads\/2025\/03\/487761527_1481722189542130_5803105577408642224_n-1-16x12.jpg 16w\" sizes=\"(max-width: 300px) 100vw, 300px\" \/>\n\t\t<div class=\"figc no-description\">\n\t\t\t<div class=\"figc-inner\">\n\t\t\t\t\t\t\t\t\t\t\t\t\t\t\t<\/div>\n\t\t<\/div>\n\n\t<\/div>\n\n<\/div><div class=\"modula-item effect-pufrobo\" >\n\t<div class=\"modula-item-overlay\"><\/div>\n\n\t<div class=\"modula-item-content\">\n\n\t\t<a data-image-id=\"22775\" role=\"button\" data-elementor-open-lightbox=\"no\" tabindex=\"0\" rel=\"jtg-22767\" data-caption=\"\" aria-label=\"Open image in lightbox\" class=\"tile-inner modula-item-link\"><\/a><img loading=\"lazy\" decoding=\"async\" class=\"pic wp-image-22775\"  data-valign=\"middle\" data-halign=\"center\" alt=\"\" data-full=\"https:\/\/www.klarairosa.com\/wp-content\/uploads\/2025\/03\/20250331_201017.jpg\" title=\"20250331_201017\" crop=\"\" width=\"300\" height=\"225\" src=\"https:\/\/www.klarairosa.com\/wp-content\/uploads\/2025\/03\/20250331_201017-300x225.jpg\" data-src=\"https:\/\/www.klarairosa.com\/wp-content\/uploads\/2025\/03\/20250331_201017-300x225.jpg\" data-caption=\"\" srcset=\"https:\/\/www.klarairosa.com\/wp-content\/uploads\/2025\/03\/20250331_201017.jpg 560w, https:\/\/www.klarairosa.com\/wp-content\/uploads\/2025\/03\/20250331_201017-300x225.jpg 300w, https:\/\/www.klarairosa.com\/wp-content\/uploads\/2025\/03\/20250331_201017-16x12.jpg 16w\" sizes=\"(max-width: 300px) 100vw, 300px\" \/>\n\t\t<div class=\"figc no-description\">\n\t\t\t<div class=\"figc-inner\">\n\t\t\t\t\t\t\t\t\t\t\t\t\t\t\t<\/div>\n\t\t<\/div>\n\n\t<\/div>\n\n<\/div><div class=\"modula-item effect-pufrobo\" >\n\t<div class=\"modula-item-overlay\"><\/div>\n\n\t<div class=\"modula-item-content\">\n\n\t\t<a data-image-id=\"22776\" role=\"button\" data-elementor-open-lightbox=\"no\" tabindex=\"0\" rel=\"jtg-22767\" data-caption=\"\" aria-label=\"Open image in lightbox\" class=\"tile-inner modula-item-link\"><\/a><img loading=\"lazy\" decoding=\"async\" class=\"pic wp-image-22776\"  data-valign=\"middle\" data-halign=\"center\" alt=\"\" data-full=\"https:\/\/www.klarairosa.com\/wp-content\/uploads\/2025\/03\/20250331_201029.jpg\" title=\"20250331_201029\" crop=\"\" width=\"300\" height=\"225\" src=\"https:\/\/www.klarairosa.com\/wp-content\/uploads\/2025\/03\/20250331_201029-300x225.jpg\" data-src=\"https:\/\/www.klarairosa.com\/wp-content\/uploads\/2025\/03\/20250331_201029-300x225.jpg\" data-caption=\"\" srcset=\"https:\/\/www.klarairosa.com\/wp-content\/uploads\/2025\/03\/20250331_201029.jpg 560w, https:\/\/www.klarairosa.com\/wp-content\/uploads\/2025\/03\/20250331_201029-300x225.jpg 300w, https:\/\/www.klarairosa.com\/wp-content\/uploads\/2025\/03\/20250331_201029-16x12.jpg 16w\" sizes=\"(max-width: 300px) 100vw, 300px\" \/>\n\t\t<div class=\"figc no-description\">\n\t\t\t<div class=\"figc-inner\">\n\t\t\t\t\t\t\t\t\t\t\t\t\t\t\t<\/div>\n\t\t<\/div>\n\n\t<\/div>\n\n<\/div><div class=\"modula-item effect-pufrobo\" >\n\t<div class=\"modula-item-overlay\"><\/div>\n\n\t<div class=\"modula-item-content\">\n\n\t\t<a data-image-id=\"22777\" role=\"button\" data-elementor-open-lightbox=\"no\" tabindex=\"0\" rel=\"jtg-22767\" data-caption=\"\" aria-label=\"Open image in lightbox\" class=\"tile-inner modula-item-link\"><\/a><img loading=\"lazy\" decoding=\"async\" class=\"pic wp-image-22777\"  data-valign=\"middle\" data-halign=\"center\" alt=\"\" data-full=\"https:\/\/www.klarairosa.com\/wp-content\/uploads\/2025\/03\/20250331_201049.jpg\" title=\"20250331_201049\" crop=\"\" width=\"300\" height=\"225\" src=\"https:\/\/www.klarairosa.com\/wp-content\/uploads\/2025\/03\/20250331_201049-300x225.jpg\" data-src=\"https:\/\/www.klarairosa.com\/wp-content\/uploads\/2025\/03\/20250331_201049-300x225.jpg\" data-caption=\"\" srcset=\"https:\/\/www.klarairosa.com\/wp-content\/uploads\/2025\/03\/20250331_201049.jpg 560w, https:\/\/www.klarairosa.com\/wp-content\/uploads\/2025\/03\/20250331_201049-300x225.jpg 300w, https:\/\/www.klarairosa.com\/wp-content\/uploads\/2025\/03\/20250331_201049-16x12.jpg 16w\" sizes=\"(max-width: 300px) 100vw, 300px\" \/>\n\t\t<div class=\"figc no-description\">\n\t\t\t<div class=\"figc-inner\">\n\t\t\t\t\t\t\t\t\t\t\t\t\t\t\t<\/div>\n\t\t<\/div>\n\n\t<\/div>\n\n<\/div><div class=\"modula-item effect-pufrobo\" >\n\t<div class=\"modula-item-overlay\"><\/div>\n\n\t<div class=\"modula-item-content\">\n\n\t\t<a data-image-id=\"22778\" role=\"button\" data-elementor-open-lightbox=\"no\" tabindex=\"0\" rel=\"jtg-22767\" data-caption=\"\" aria-label=\"Open image in lightbox\" class=\"tile-inner modula-item-link\"><\/a><img loading=\"lazy\" decoding=\"async\" class=\"pic wp-image-22778\"  data-valign=\"middle\" data-halign=\"center\" alt=\"\" data-full=\"https:\/\/www.klarairosa.com\/wp-content\/uploads\/2025\/03\/20250331_201058.jpg\" title=\"20250331_201058\" crop=\"\" width=\"300\" height=\"225\" src=\"https:\/\/www.klarairosa.com\/wp-content\/uploads\/2025\/03\/20250331_201058-300x225.jpg\" data-src=\"https:\/\/www.klarairosa.com\/wp-content\/uploads\/2025\/03\/20250331_201058-300x225.jpg\" data-caption=\"\" srcset=\"https:\/\/www.klarairosa.com\/wp-content\/uploads\/2025\/03\/20250331_201058.jpg 560w, https:\/\/www.klarairosa.com\/wp-content\/uploads\/2025\/03\/20250331_201058-300x225.jpg 300w, https:\/\/www.klarairosa.com\/wp-content\/uploads\/2025\/03\/20250331_201058-16x12.jpg 16w\" sizes=\"(max-width: 300px) 100vw, 300px\" \/>\n\t\t<div class=\"figc no-description\">\n\t\t\t<div class=\"figc-inner\">\n\t\t\t\t\t\t\t\t\t\t\t\t\t\t\t<\/div>\n\t\t<\/div>\n\n\t<\/div>\n\n<\/div>\t\t\n\t<\/div>\n\n\t\n\t\n\t<script type=\"application\/ld+json\">\n\t{\n\t\t\"@context\": \"http:\/\/schema.org\",\n\t\t\"@type\"   : \"ImageGallery\",\n\t\t\"id\"      : \"https:\/\/www.klarairosa.com\/en\/glas-ovi-zajednice-mona-lacko\/\",\n\t\t\"url\"     : \"https:\/\/www.klarairosa.com\/en\/glas-ovi-zajednice-mona-lacko\/\"\n\t}\n\n\t<\/script>\n\n\t\n<\/div>\n\n<p>&nbsp;<\/p>\n","protected":false},"excerpt":{"rendered":"<p>U ponedeljak, 31. marta u 19 \u010dasova u prostoru Klare i Rose (Petefi \u0160andora 15)&#8230;<\/p>","protected":false},"author":1,"featured_media":22689,"comment_status":"closed","ping_status":"closed","sticky":false,"template":"","format":"standard","meta":{"content-type":"","inline_featured_image":false,"footnotes":""},"categories":[109],"tags":[312,509,556,557,558,282,555,554,129,606,607,605,608,152,516],"class_list":["post-22687","post","type-post","status-publish","format-standard","has-post-thumbnail","hentry","category-aktuelno","tag-312","tag-act-projekat","tag-aktivna-subotica","tag-aktivna-zajednica","tag-aktivni-zajedno","tag-community","tag-glas-zajednice","tag-glasovi-zajednice","tag-klarairosa","tag-moda","tag-modna-dizajnerka","tag-mona-lacko","tag-mona-lacko-fashion","tag-subotica","tag-zajednica"],"yoast_head":"<!-- This site is optimized with the Yoast SEO plugin v27.5 - https:\/\/yoast.com\/product\/yoast-seo-wordpress\/ -->\n<title>GLAS\/OVI ZAJEDNICE: MONA LACKO - Klara i Rosa<\/title>\n<meta name=\"robots\" content=\"index, follow, max-snippet:-1, max-image-preview:large, max-video-preview:-1\" \/>\n<link rel=\"canonical\" href=\"https:\/\/www.klarairosa.com\/en\/glas-ovi-zajednice-mona-lacko\/\" \/>\n<meta property=\"og:locale\" content=\"en_GB\" \/>\n<meta property=\"og:type\" content=\"article\" \/>\n<meta property=\"og:title\" content=\"GLAS\/OVI ZAJEDNICE: MONA LACKO - Klara i Rosa\" \/>\n<meta property=\"og:description\" content=\"U ponedeljak, 31. marta u 19 \u010dasova u prostoru Klare i Rose (Petefi \u0160andora 15)...\" \/>\n<meta property=\"og:url\" content=\"https:\/\/www.klarairosa.com\/en\/glas-ovi-zajednice-mona-lacko\/\" \/>\n<meta property=\"og:site_name\" content=\"Klara i Rosa\" \/>\n<meta property=\"article:publisher\" content=\"https:\/\/www.facebook.com\/klarairosa\/\" \/>\n<meta property=\"article:published_time\" content=\"2025-03-26T10:48:22+00:00\" \/>\n<meta property=\"article:modified_time\" content=\"2025-03-31T19:26:40+00:00\" \/>\n<meta property=\"og:image\" content=\"https:\/\/www.klarairosa.com\/wp-content\/uploads\/2025\/03\/Green-Black-Paper-Bold-Open-Donation-Event-Poster-1352-x-1005-px-2-1.jpg\" \/>\n\t<meta property=\"og:image:width\" content=\"1352\" \/>\n\t<meta property=\"og:image:height\" content=\"1005\" \/>\n\t<meta property=\"og:image:type\" content=\"image\/jpeg\" \/>\n<meta name=\"author\" content=\"Klara i Rosa\" \/>\n<meta name=\"twitter:card\" content=\"summary_large_image\" \/>\n<meta name=\"twitter:label1\" content=\"Written by\" \/>\n\t<meta name=\"twitter:data1\" content=\"Klara i Rosa\" \/>\n\t<meta name=\"twitter:label2\" content=\"Estimated reading time\" \/>\n\t<meta name=\"twitter:data2\" content=\"1 minute\" \/>\n<script type=\"application\/ld+json\" class=\"yoast-schema-graph\">{\"@context\":\"https:\\\/\\\/schema.org\",\"@graph\":[{\"@type\":\"Article\",\"@id\":\"https:\\\/\\\/www.klarairosa.com\\\/glas-ovi-zajednice-mona-lacko\\\/#article\",\"isPartOf\":{\"@id\":\"https:\\\/\\\/www.klarairosa.com\\\/glas-ovi-zajednice-mona-lacko\\\/\"},\"author\":{\"name\":\"Klara i Rosa\",\"@id\":\"https:\\\/\\\/www.klarairosa.com\\\/en\\\/#\\\/schema\\\/person\\\/e4e7e9e5c8eeeddccf61e4532ae8e6ed\"},\"headline\":\"GLAS\\\/OVI ZAJEDNICE: MONA LACKO\",\"datePublished\":\"2025-03-26T10:48:22+00:00\",\"dateModified\":\"2025-03-31T19:26:40+00:00\",\"mainEntityOfPage\":{\"@id\":\"https:\\\/\\\/www.klarairosa.com\\\/glas-ovi-zajednice-mona-lacko\\\/\"},\"wordCount\":205,\"publisher\":{\"@id\":\"https:\\\/\\\/www.klarairosa.com\\\/en\\\/#organization\"},\"image\":{\"@id\":\"https:\\\/\\\/www.klarairosa.com\\\/glas-ovi-zajednice-mona-lacko\\\/#primaryimage\"},\"thumbnailUrl\":\"https:\\\/\\\/www.klarairosa.com\\\/wp-content\\\/uploads\\\/2025\\\/03\\\/Green-Black-Paper-Bold-Open-Donation-Event-Poster-1352-x-1005-px-2-1.jpg\",\"keywords\":[\"2024\",\"act projekat\",\"aktivna subotica\",\"aktivna zajednica\",\"aktivni zajedno\",\"community\",\"glas zajednice\",\"glasovi zajednice\",\"klarairosa\",\"moda\",\"modna dizajnerka\",\"mona lacko\",\"mona lacko fashion\",\"subotica\",\"zajednica\"],\"articleSection\":[\"Aktuelno\"],\"inLanguage\":\"en-GB\"},{\"@type\":\"WebPage\",\"@id\":\"https:\\\/\\\/www.klarairosa.com\\\/glas-ovi-zajednice-mona-lacko\\\/\",\"url\":\"https:\\\/\\\/www.klarairosa.com\\\/glas-ovi-zajednice-mona-lacko\\\/\",\"name\":\"GLAS\\\/OVI ZAJEDNICE: MONA LACKO - Klara i Rosa\",\"isPartOf\":{\"@id\":\"https:\\\/\\\/www.klarairosa.com\\\/en\\\/#website\"},\"primaryImageOfPage\":{\"@id\":\"https:\\\/\\\/www.klarairosa.com\\\/glas-ovi-zajednice-mona-lacko\\\/#primaryimage\"},\"image\":{\"@id\":\"https:\\\/\\\/www.klarairosa.com\\\/glas-ovi-zajednice-mona-lacko\\\/#primaryimage\"},\"thumbnailUrl\":\"https:\\\/\\\/www.klarairosa.com\\\/wp-content\\\/uploads\\\/2025\\\/03\\\/Green-Black-Paper-Bold-Open-Donation-Event-Poster-1352-x-1005-px-2-1.jpg\",\"datePublished\":\"2025-03-26T10:48:22+00:00\",\"dateModified\":\"2025-03-31T19:26:40+00:00\",\"breadcrumb\":{\"@id\":\"https:\\\/\\\/www.klarairosa.com\\\/glas-ovi-zajednice-mona-lacko\\\/#breadcrumb\"},\"inLanguage\":\"en-GB\",\"potentialAction\":[{\"@type\":\"ReadAction\",\"target\":[\"https:\\\/\\\/www.klarairosa.com\\\/glas-ovi-zajednice-mona-lacko\\\/\"]}]},{\"@type\":\"ImageObject\",\"inLanguage\":\"en-GB\",\"@id\":\"https:\\\/\\\/www.klarairosa.com\\\/glas-ovi-zajednice-mona-lacko\\\/#primaryimage\",\"url\":\"https:\\\/\\\/www.klarairosa.com\\\/wp-content\\\/uploads\\\/2025\\\/03\\\/Green-Black-Paper-Bold-Open-Donation-Event-Poster-1352-x-1005-px-2-1.jpg\",\"contentUrl\":\"https:\\\/\\\/www.klarairosa.com\\\/wp-content\\\/uploads\\\/2025\\\/03\\\/Green-Black-Paper-Bold-Open-Donation-Event-Poster-1352-x-1005-px-2-1.jpg\",\"width\":1352,\"height\":1005},{\"@type\":\"BreadcrumbList\",\"@id\":\"https:\\\/\\\/www.klarairosa.com\\\/glas-ovi-zajednice-mona-lacko\\\/#breadcrumb\",\"itemListElement\":[{\"@type\":\"ListItem\",\"position\":1,\"name\":\"Home\",\"item\":\"https:\\\/\\\/www.klarairosa.com\\\/\"},{\"@type\":\"ListItem\",\"position\":2,\"name\":\"GLAS\\\/OVI ZAJEDNICE: MONA LACKO\"}]},{\"@type\":\"WebSite\",\"@id\":\"https:\\\/\\\/www.klarairosa.com\\\/en\\\/#website\",\"url\":\"https:\\\/\\\/www.klarairosa.com\\\/en\\\/\",\"name\":\"Klara i Rosa\",\"description\":\"Klara i Rosa\",\"publisher\":{\"@id\":\"https:\\\/\\\/www.klarairosa.com\\\/en\\\/#organization\"},\"potentialAction\":[{\"@type\":\"SearchAction\",\"target\":{\"@type\":\"EntryPoint\",\"urlTemplate\":\"https:\\\/\\\/www.klarairosa.com\\\/en\\\/?s={search_term_string}\"},\"query-input\":{\"@type\":\"PropertyValueSpecification\",\"valueRequired\":true,\"valueName\":\"search_term_string\"}}],\"inLanguage\":\"en-GB\"},{\"@type\":\"Organization\",\"@id\":\"https:\\\/\\\/www.klarairosa.com\\\/en\\\/#organization\",\"name\":\"Klara i Rosa\",\"url\":\"https:\\\/\\\/www.klarairosa.com\\\/en\\\/\",\"logo\":{\"@type\":\"ImageObject\",\"inLanguage\":\"en-GB\",\"@id\":\"https:\\\/\\\/www.klarairosa.com\\\/en\\\/#\\\/schema\\\/logo\\\/image\\\/\",\"url\":\"https:\\\/\\\/www.klarairosa.com\\\/wp-content\\\/uploads\\\/2022\\\/01\\\/logo.svg\",\"contentUrl\":\"https:\\\/\\\/www.klarairosa.com\\\/wp-content\\\/uploads\\\/2022\\\/01\\\/logo.svg\",\"width\":110,\"height\":139,\"caption\":\"Klara i Rosa\"},\"image\":{\"@id\":\"https:\\\/\\\/www.klarairosa.com\\\/en\\\/#\\\/schema\\\/logo\\\/image\\\/\"},\"sameAs\":[\"https:\\\/\\\/www.facebook.com\\\/klarairosa\\\/\",\"https:\\\/\\\/www.instagram.com\\\/ugklarairosa\\\/\"]},{\"@type\":\"Person\",\"@id\":\"https:\\\/\\\/www.klarairosa.com\\\/en\\\/#\\\/schema\\\/person\\\/e4e7e9e5c8eeeddccf61e4532ae8e6ed\",\"name\":\"Klara i Rosa\",\"image\":{\"@type\":\"ImageObject\",\"inLanguage\":\"en-GB\",\"@id\":\"https:\\\/\\\/secure.gravatar.com\\\/avatar\\\/c83ee539a067b9f57ae5d8999ae286c4f98b5c4bd943b8cbb64f6b0fc1f29e40?s=96&d=mm&r=g\",\"url\":\"https:\\\/\\\/secure.gravatar.com\\\/avatar\\\/c83ee539a067b9f57ae5d8999ae286c4f98b5c4bd943b8cbb64f6b0fc1f29e40?s=96&d=mm&r=g\",\"contentUrl\":\"https:\\\/\\\/secure.gravatar.com\\\/avatar\\\/c83ee539a067b9f57ae5d8999ae286c4f98b5c4bd943b8cbb64f6b0fc1f29e40?s=96&d=mm&r=g\",\"caption\":\"Klara i Rosa\"},\"sameAs\":[\"https:\\\/\\\/klarairosa.com\"],\"url\":\"https:\\\/\\\/www.klarairosa.com\\\/en\\\/author\\\/rosaiklara\\\/\"}]}<\/script>\n<!-- \/ Yoast SEO plugin. -->","yoast_head_json":{"title":"GLAS\/OVI ZAJEDNICE: MONA LACKO - Klara i Rosa","robots":{"index":"index","follow":"follow","max-snippet":"max-snippet:-1","max-image-preview":"max-image-preview:large","max-video-preview":"max-video-preview:-1"},"canonical":"https:\/\/www.klarairosa.com\/en\/glas-ovi-zajednice-mona-lacko\/","og_locale":"en_GB","og_type":"article","og_title":"GLAS\/OVI ZAJEDNICE: MONA LACKO - Klara i Rosa","og_description":"U ponedeljak, 31. marta u 19 \u010dasova u prostoru Klare i Rose (Petefi \u0160andora 15)...","og_url":"https:\/\/www.klarairosa.com\/en\/glas-ovi-zajednice-mona-lacko\/","og_site_name":"Klara i Rosa","article_publisher":"https:\/\/www.facebook.com\/klarairosa\/","article_published_time":"2025-03-26T10:48:22+00:00","article_modified_time":"2025-03-31T19:26:40+00:00","og_image":[{"width":1352,"height":1005,"url":"https:\/\/www.klarairosa.com\/wp-content\/uploads\/2025\/03\/Green-Black-Paper-Bold-Open-Donation-Event-Poster-1352-x-1005-px-2-1.jpg","type":"image\/jpeg"}],"author":"Klara i Rosa","twitter_card":"summary_large_image","twitter_misc":{"Written by":"Klara i Rosa","Estimated reading time":"1 minute"},"schema":{"@context":"https:\/\/schema.org","@graph":[{"@type":"Article","@id":"https:\/\/www.klarairosa.com\/glas-ovi-zajednice-mona-lacko\/#article","isPartOf":{"@id":"https:\/\/www.klarairosa.com\/glas-ovi-zajednice-mona-lacko\/"},"author":{"name":"Klara i Rosa","@id":"https:\/\/www.klarairosa.com\/en\/#\/schema\/person\/e4e7e9e5c8eeeddccf61e4532ae8e6ed"},"headline":"GLAS\/OVI ZAJEDNICE: MONA LACKO","datePublished":"2025-03-26T10:48:22+00:00","dateModified":"2025-03-31T19:26:40+00:00","mainEntityOfPage":{"@id":"https:\/\/www.klarairosa.com\/glas-ovi-zajednice-mona-lacko\/"},"wordCount":205,"publisher":{"@id":"https:\/\/www.klarairosa.com\/en\/#organization"},"image":{"@id":"https:\/\/www.klarairosa.com\/glas-ovi-zajednice-mona-lacko\/#primaryimage"},"thumbnailUrl":"https:\/\/www.klarairosa.com\/wp-content\/uploads\/2025\/03\/Green-Black-Paper-Bold-Open-Donation-Event-Poster-1352-x-1005-px-2-1.jpg","keywords":["2024","act projekat","aktivna subotica","aktivna zajednica","aktivni zajedno","community","glas zajednice","glasovi zajednice","klarairosa","moda","modna dizajnerka","mona lacko","mona lacko fashion","subotica","zajednica"],"articleSection":["Aktuelno"],"inLanguage":"en-GB"},{"@type":"WebPage","@id":"https:\/\/www.klarairosa.com\/glas-ovi-zajednice-mona-lacko\/","url":"https:\/\/www.klarairosa.com\/glas-ovi-zajednice-mona-lacko\/","name":"GLAS\/OVI ZAJEDNICE: MONA LACKO - Klara i Rosa","isPartOf":{"@id":"https:\/\/www.klarairosa.com\/en\/#website"},"primaryImageOfPage":{"@id":"https:\/\/www.klarairosa.com\/glas-ovi-zajednice-mona-lacko\/#primaryimage"},"image":{"@id":"https:\/\/www.klarairosa.com\/glas-ovi-zajednice-mona-lacko\/#primaryimage"},"thumbnailUrl":"https:\/\/www.klarairosa.com\/wp-content\/uploads\/2025\/03\/Green-Black-Paper-Bold-Open-Donation-Event-Poster-1352-x-1005-px-2-1.jpg","datePublished":"2025-03-26T10:48:22+00:00","dateModified":"2025-03-31T19:26:40+00:00","breadcrumb":{"@id":"https:\/\/www.klarairosa.com\/glas-ovi-zajednice-mona-lacko\/#breadcrumb"},"inLanguage":"en-GB","potentialAction":[{"@type":"ReadAction","target":["https:\/\/www.klarairosa.com\/glas-ovi-zajednice-mona-lacko\/"]}]},{"@type":"ImageObject","inLanguage":"en-GB","@id":"https:\/\/www.klarairosa.com\/glas-ovi-zajednice-mona-lacko\/#primaryimage","url":"https:\/\/www.klarairosa.com\/wp-content\/uploads\/2025\/03\/Green-Black-Paper-Bold-Open-Donation-Event-Poster-1352-x-1005-px-2-1.jpg","contentUrl":"https:\/\/www.klarairosa.com\/wp-content\/uploads\/2025\/03\/Green-Black-Paper-Bold-Open-Donation-Event-Poster-1352-x-1005-px-2-1.jpg","width":1352,"height":1005},{"@type":"BreadcrumbList","@id":"https:\/\/www.klarairosa.com\/glas-ovi-zajednice-mona-lacko\/#breadcrumb","itemListElement":[{"@type":"ListItem","position":1,"name":"Home","item":"https:\/\/www.klarairosa.com\/"},{"@type":"ListItem","position":2,"name":"GLAS\/OVI ZAJEDNICE: MONA LACKO"}]},{"@type":"WebSite","@id":"https:\/\/www.klarairosa.com\/en\/#website","url":"https:\/\/www.klarairosa.com\/en\/","name":"Klara i Rosa","description":"Klara i Rosa","publisher":{"@id":"https:\/\/www.klarairosa.com\/en\/#organization"},"potentialAction":[{"@type":"SearchAction","target":{"@type":"EntryPoint","urlTemplate":"https:\/\/www.klarairosa.com\/en\/?s={search_term_string}"},"query-input":{"@type":"PropertyValueSpecification","valueRequired":true,"valueName":"search_term_string"}}],"inLanguage":"en-GB"},{"@type":"Organization","@id":"https:\/\/www.klarairosa.com\/en\/#organization","name":"Klara i Rosa","url":"https:\/\/www.klarairosa.com\/en\/","logo":{"@type":"ImageObject","inLanguage":"en-GB","@id":"https:\/\/www.klarairosa.com\/en\/#\/schema\/logo\/image\/","url":"https:\/\/www.klarairosa.com\/wp-content\/uploads\/2022\/01\/logo.svg","contentUrl":"https:\/\/www.klarairosa.com\/wp-content\/uploads\/2022\/01\/logo.svg","width":110,"height":139,"caption":"Klara i Rosa"},"image":{"@id":"https:\/\/www.klarairosa.com\/en\/#\/schema\/logo\/image\/"},"sameAs":["https:\/\/www.facebook.com\/klarairosa\/","https:\/\/www.instagram.com\/ugklarairosa\/"]},{"@type":"Person","@id":"https:\/\/www.klarairosa.com\/en\/#\/schema\/person\/e4e7e9e5c8eeeddccf61e4532ae8e6ed","name":"Klara i Rosa","image":{"@type":"ImageObject","inLanguage":"en-GB","@id":"https:\/\/secure.gravatar.com\/avatar\/c83ee539a067b9f57ae5d8999ae286c4f98b5c4bd943b8cbb64f6b0fc1f29e40?s=96&d=mm&r=g","url":"https:\/\/secure.gravatar.com\/avatar\/c83ee539a067b9f57ae5d8999ae286c4f98b5c4bd943b8cbb64f6b0fc1f29e40?s=96&d=mm&r=g","contentUrl":"https:\/\/secure.gravatar.com\/avatar\/c83ee539a067b9f57ae5d8999ae286c4f98b5c4bd943b8cbb64f6b0fc1f29e40?s=96&d=mm&r=g","caption":"Klara i Rosa"},"sameAs":["https:\/\/klarairosa.com"],"url":"https:\/\/www.klarairosa.com\/en\/author\/rosaiklara\/"}]}},"_links":{"self":[{"href":"https:\/\/www.klarairosa.com\/en\/wp-json\/wp\/v2\/posts\/22687","targetHints":{"allow":["GET"]}}],"collection":[{"href":"https:\/\/www.klarairosa.com\/en\/wp-json\/wp\/v2\/posts"}],"about":[{"href":"https:\/\/www.klarairosa.com\/en\/wp-json\/wp\/v2\/types\/post"}],"author":[{"embeddable":true,"href":"https:\/\/www.klarairosa.com\/en\/wp-json\/wp\/v2\/users\/1"}],"replies":[{"embeddable":true,"href":"https:\/\/www.klarairosa.com\/en\/wp-json\/wp\/v2\/comments?post=22687"}],"version-history":[{"count":3,"href":"https:\/\/www.klarairosa.com\/en\/wp-json\/wp\/v2\/posts\/22687\/revisions"}],"predecessor-version":[{"id":22779,"href":"https:\/\/www.klarairosa.com\/en\/wp-json\/wp\/v2\/posts\/22687\/revisions\/22779"}],"wp:featuredmedia":[{"embeddable":true,"href":"https:\/\/www.klarairosa.com\/en\/wp-json\/wp\/v2\/media\/22689"}],"wp:attachment":[{"href":"https:\/\/www.klarairosa.com\/en\/wp-json\/wp\/v2\/media?parent=22687"}],"wp:term":[{"taxonomy":"category","embeddable":true,"href":"https:\/\/www.klarairosa.com\/en\/wp-json\/wp\/v2\/categories?post=22687"},{"taxonomy":"post_tag","embeddable":true,"href":"https:\/\/www.klarairosa.com\/en\/wp-json\/wp\/v2\/tags?post=22687"}],"curies":[{"name":"wp","href":"https:\/\/api.w.org\/{rel}","templated":true}]}}