{"id":22618,"date":"2025-02-21T14:07:20","date_gmt":"2025-02-21T14:07:20","guid":{"rendered":"https:\/\/www.klarairosa.com\/?p=22618"},"modified":"2025-02-21T17:04:58","modified_gmt":"2025-02-21T17:04:58","slug":"teen-radio-redakcija-postani-glas-svoje-generacije","status":"publish","type":"post","link":"https:\/\/www.klarairosa.com\/en\/teen-radio-redakcija-postani-glas-svoje-generacije\/","title":{"rendered":"TEEN RADIO TEAM \u2013 BE THE VOICE OF YOUR GENERATION!"},"content":{"rendered":"<p style=\"text-align: justify;\">Got something to say? Tired of no one talking about the things that actually matter to you? Want to start the conversation about school, nightlife in Subotica, bands, sports, movies, gaming, injustice, trends, travel, competitions...? Now\u2019s your chance!<\/p>\n<p style=\"text-align: justify;\">.<\/p>\n<p style=\"text-align: justify;\">Join our high school radio team and create your own content \u2013 you pick the topics, the guests, and your role! Be a journalist, host, researcher, editor\u2026 or all of the above! With the support of a podcast editor as your mentor, you'll learn how to write news, craft interviews, record reports, and edit material.<\/p>\n<p style=\"text-align: justify;\">.<\/p>\n<p style=\"text-align: justify;\" class=\" translation-block\">Where? Klara and Rosa (Petefi \u0160andor 15)\nWhen? Twice a week\nCost? Nothing \u2013 participation is free!<\/p>\n<p style=\"text-align: justify;\">.<\/p>\n<p style=\"text-align: justify;\">Our workshops are held in multiple community languages (Serbo-Croatian, Hungarian, and English). Everyone is welcome!<br \/>\nThe workshops are led by Ninoslav \u0160\u0107epanovi\u0107, a professional film director.<\/p>\n<p style=\"text-align: justify;\">.<\/p>\n<p style=\"text-align: justify;\">Sign up and be part of the team that finally talks about what really matters!<\/p>\n<p>.<\/p>\n<p><strong>Apply by March 11, 2025, via this link:<\/strong>\u00a0<a href=\"https:\/\/forms.gle\/pwdFYTXBjeqvBu5CA\">https:\/\/forms.gle\/pwdFYTXBjeqvBu5CA<\/a><\/p>\n<p>.<\/p>\n<p><img decoding=\"async\" class=\"alignnone wp-image-20658\" src=\"https:\/\/www.klarairosa.com\/wp-content\/uploads\/2024\/01\/open-door-symbol-black.jpg\" alt=\"\" width=\"48\" height=\"45\" srcset=\"https:\/\/www.klarairosa.com\/wp-content\/uploads\/2024\/01\/open-door-symbol-black.jpg 165w, https:\/\/www.klarairosa.com\/wp-content\/uploads\/2024\/01\/open-door-symbol-black-13x12.jpg 13w\" sizes=\"(max-width: 48px) 100vw, 48px\" \/><span style=\"color: #33cccc;\">\u00a0 <span style=\"color: #808080;\">Open Door (guest programs in collaboration with KiR partners)<\/span><\/span><\/p>","protected":false},"excerpt":{"rendered":"<p>Ima\u0161 \u0161ta da ka\u017ee\u0161? Smara te \u0161to niko ne pri\u010da o temama koje te stvarno&#8230;<\/p>","protected":false},"author":1,"featured_media":22623,"comment_status":"closed","ping_status":"closed","sticky":false,"template":"","format":"standard","meta":{"content-type":"","inline_featured_image":false,"footnotes":""},"categories":[109],"tags":[550,124,579,205,549,582,152,581,580,133],"class_list":["post-22618","post","type-post","status-publish","format-standard","has-post-thumbnail","hentry","category-aktuelno","tag-550","tag-klara-i-rosa","tag-ninoslav-scepanovic","tag-open-call","tag-open-call-2025","tag-radio","tag-subotica","tag-teen-radio","tag-teen-radio-redakcija","tag-workshop"],"yoast_head":"<!-- This site is optimized with the Yoast SEO plugin v27.5 - https:\/\/yoast.com\/product\/yoast-seo-wordpress\/ -->\n<title>TEEN RADIO REDAKCIJA - POSTANI GLAS SVOJE GENERACIJE! - Klara i Rosa<\/title>\n<meta name=\"robots\" content=\"index, follow, max-snippet:-1, max-image-preview:large, max-video-preview:-1\" \/>\n<link rel=\"canonical\" href=\"https:\/\/www.klarairosa.com\/en\/teen-radio-redakcija-postani-glas-svoje-generacije\/\" \/>\n<meta property=\"og:locale\" content=\"en_GB\" \/>\n<meta property=\"og:type\" content=\"article\" \/>\n<meta property=\"og:title\" content=\"TEEN RADIO REDAKCIJA - POSTANI GLAS SVOJE GENERACIJE! - Klara i Rosa\" \/>\n<meta property=\"og:description\" content=\"Ima\u0161 \u0161ta da ka\u017ee\u0161? Smara te \u0161to niko ne pri\u010da o temama koje te stvarno...\" \/>\n<meta property=\"og:url\" content=\"https:\/\/www.klarairosa.com\/en\/teen-radio-redakcija-postani-glas-svoje-generacije\/\" \/>\n<meta property=\"og:site_name\" content=\"Klara i Rosa\" \/>\n<meta property=\"article:publisher\" content=\"https:\/\/www.facebook.com\/klarairosa\/\" \/>\n<meta property=\"article:published_time\" content=\"2025-02-21T14:07:20+00:00\" \/>\n<meta property=\"article:modified_time\" content=\"2025-02-21T17:04:58+00:00\" \/>\n<meta property=\"og:image\" content=\"https:\/\/www.klarairosa.com\/wp-content\/uploads\/2025\/02\/teen-radio-1.jpg\" \/>\n\t<meta property=\"og:image:width\" content=\"1352\" \/>\n\t<meta property=\"og:image:height\" content=\"1005\" \/>\n\t<meta property=\"og:image:type\" content=\"image\/jpeg\" \/>\n<meta name=\"author\" content=\"Klara i Rosa\" \/>\n<meta name=\"twitter:card\" content=\"summary_large_image\" \/>\n<meta name=\"twitter:label1\" content=\"Written by\" \/>\n\t<meta name=\"twitter:data1\" content=\"Klara i Rosa\" \/>\n\t<meta name=\"twitter:label2\" content=\"Estimated reading time\" \/>\n\t<meta name=\"twitter:data2\" content=\"1 minute\" \/>\n<script type=\"application\/ld+json\" class=\"yoast-schema-graph\">{\"@context\":\"https:\\\/\\\/schema.org\",\"@graph\":[{\"@type\":\"Article\",\"@id\":\"https:\\\/\\\/www.klarairosa.com\\\/teen-radio-redakcija-postani-glas-svoje-generacije\\\/#article\",\"isPartOf\":{\"@id\":\"https:\\\/\\\/www.klarairosa.com\\\/teen-radio-redakcija-postani-glas-svoje-generacije\\\/\"},\"author\":{\"name\":\"Klara i Rosa\",\"@id\":\"https:\\\/\\\/www.klarairosa.com\\\/en\\\/#\\\/schema\\\/person\\\/e4e7e9e5c8eeeddccf61e4532ae8e6ed\"},\"headline\":\"TEEN RADIO REDAKCIJA &#8211; POSTANI GLAS SVOJE GENERACIJE!\",\"datePublished\":\"2025-02-21T14:07:20+00:00\",\"dateModified\":\"2025-02-21T17:04:58+00:00\",\"mainEntityOfPage\":{\"@id\":\"https:\\\/\\\/www.klarairosa.com\\\/teen-radio-redakcija-postani-glas-svoje-generacije\\\/\"},\"wordCount\":188,\"publisher\":{\"@id\":\"https:\\\/\\\/www.klarairosa.com\\\/en\\\/#organization\"},\"image\":{\"@id\":\"https:\\\/\\\/www.klarairosa.com\\\/teen-radio-redakcija-postani-glas-svoje-generacije\\\/#primaryimage\"},\"thumbnailUrl\":\"https:\\\/\\\/www.klarairosa.com\\\/wp-content\\\/uploads\\\/2025\\\/02\\\/teen-radio-1.jpg\",\"keywords\":[\"2025\",\"Klara i Rosa\",\"ninoslav scepanovic\",\"open call\",\"open call 2025\",\"radio\",\"subotica\",\"teen radio\",\"teen radio redakcija\",\"workshop\"],\"articleSection\":[\"Aktuelno\"],\"inLanguage\":\"en-GB\"},{\"@type\":\"WebPage\",\"@id\":\"https:\\\/\\\/www.klarairosa.com\\\/teen-radio-redakcija-postani-glas-svoje-generacije\\\/\",\"url\":\"https:\\\/\\\/www.klarairosa.com\\\/teen-radio-redakcija-postani-glas-svoje-generacije\\\/\",\"name\":\"TEEN RADIO REDAKCIJA - POSTANI GLAS SVOJE GENERACIJE! - Klara i Rosa\",\"isPartOf\":{\"@id\":\"https:\\\/\\\/www.klarairosa.com\\\/en\\\/#website\"},\"primaryImageOfPage\":{\"@id\":\"https:\\\/\\\/www.klarairosa.com\\\/teen-radio-redakcija-postani-glas-svoje-generacije\\\/#primaryimage\"},\"image\":{\"@id\":\"https:\\\/\\\/www.klarairosa.com\\\/teen-radio-redakcija-postani-glas-svoje-generacije\\\/#primaryimage\"},\"thumbnailUrl\":\"https:\\\/\\\/www.klarairosa.com\\\/wp-content\\\/uploads\\\/2025\\\/02\\\/teen-radio-1.jpg\",\"datePublished\":\"2025-02-21T14:07:20+00:00\",\"dateModified\":\"2025-02-21T17:04:58+00:00\",\"breadcrumb\":{\"@id\":\"https:\\\/\\\/www.klarairosa.com\\\/teen-radio-redakcija-postani-glas-svoje-generacije\\\/#breadcrumb\"},\"inLanguage\":\"en-GB\",\"potentialAction\":[{\"@type\":\"ReadAction\",\"target\":[\"https:\\\/\\\/www.klarairosa.com\\\/teen-radio-redakcija-postani-glas-svoje-generacije\\\/\"]}]},{\"@type\":\"ImageObject\",\"inLanguage\":\"en-GB\",\"@id\":\"https:\\\/\\\/www.klarairosa.com\\\/teen-radio-redakcija-postani-glas-svoje-generacije\\\/#primaryimage\",\"url\":\"https:\\\/\\\/www.klarairosa.com\\\/wp-content\\\/uploads\\\/2025\\\/02\\\/teen-radio-1.jpg\",\"contentUrl\":\"https:\\\/\\\/www.klarairosa.com\\\/wp-content\\\/uploads\\\/2025\\\/02\\\/teen-radio-1.jpg\",\"width\":1352,\"height\":1005},{\"@type\":\"BreadcrumbList\",\"@id\":\"https:\\\/\\\/www.klarairosa.com\\\/teen-radio-redakcija-postani-glas-svoje-generacije\\\/#breadcrumb\",\"itemListElement\":[{\"@type\":\"ListItem\",\"position\":1,\"name\":\"Home\",\"item\":\"https:\\\/\\\/www.klarairosa.com\\\/\"},{\"@type\":\"ListItem\",\"position\":2,\"name\":\"TEEN RADIO REDAKCIJA &#8211; POSTANI GLAS SVOJE GENERACIJE!\"}]},{\"@type\":\"WebSite\",\"@id\":\"https:\\\/\\\/www.klarairosa.com\\\/en\\\/#website\",\"url\":\"https:\\\/\\\/www.klarairosa.com\\\/en\\\/\",\"name\":\"Klara i Rosa\",\"description\":\"Klara i Rosa\",\"publisher\":{\"@id\":\"https:\\\/\\\/www.klarairosa.com\\\/en\\\/#organization\"},\"potentialAction\":[{\"@type\":\"SearchAction\",\"target\":{\"@type\":\"EntryPoint\",\"urlTemplate\":\"https:\\\/\\\/www.klarairosa.com\\\/en\\\/?s={search_term_string}\"},\"query-input\":{\"@type\":\"PropertyValueSpecification\",\"valueRequired\":true,\"valueName\":\"search_term_string\"}}],\"inLanguage\":\"en-GB\"},{\"@type\":\"Organization\",\"@id\":\"https:\\\/\\\/www.klarairosa.com\\\/en\\\/#organization\",\"name\":\"Klara i Rosa\",\"url\":\"https:\\\/\\\/www.klarairosa.com\\\/en\\\/\",\"logo\":{\"@type\":\"ImageObject\",\"inLanguage\":\"en-GB\",\"@id\":\"https:\\\/\\\/www.klarairosa.com\\\/en\\\/#\\\/schema\\\/logo\\\/image\\\/\",\"url\":\"https:\\\/\\\/www.klarairosa.com\\\/wp-content\\\/uploads\\\/2022\\\/01\\\/logo.svg\",\"contentUrl\":\"https:\\\/\\\/www.klarairosa.com\\\/wp-content\\\/uploads\\\/2022\\\/01\\\/logo.svg\",\"width\":110,\"height\":139,\"caption\":\"Klara i Rosa\"},\"image\":{\"@id\":\"https:\\\/\\\/www.klarairosa.com\\\/en\\\/#\\\/schema\\\/logo\\\/image\\\/\"},\"sameAs\":[\"https:\\\/\\\/www.facebook.com\\\/klarairosa\\\/\",\"https:\\\/\\\/www.instagram.com\\\/ugklarairosa\\\/\"]},{\"@type\":\"Person\",\"@id\":\"https:\\\/\\\/www.klarairosa.com\\\/en\\\/#\\\/schema\\\/person\\\/e4e7e9e5c8eeeddccf61e4532ae8e6ed\",\"name\":\"Klara i Rosa\",\"image\":{\"@type\":\"ImageObject\",\"inLanguage\":\"en-GB\",\"@id\":\"https:\\\/\\\/secure.gravatar.com\\\/avatar\\\/c83ee539a067b9f57ae5d8999ae286c4f98b5c4bd943b8cbb64f6b0fc1f29e40?s=96&d=mm&r=g\",\"url\":\"https:\\\/\\\/secure.gravatar.com\\\/avatar\\\/c83ee539a067b9f57ae5d8999ae286c4f98b5c4bd943b8cbb64f6b0fc1f29e40?s=96&d=mm&r=g\",\"contentUrl\":\"https:\\\/\\\/secure.gravatar.com\\\/avatar\\\/c83ee539a067b9f57ae5d8999ae286c4f98b5c4bd943b8cbb64f6b0fc1f29e40?s=96&d=mm&r=g\",\"caption\":\"Klara i Rosa\"},\"sameAs\":[\"https:\\\/\\\/klarairosa.com\"],\"url\":\"https:\\\/\\\/www.klarairosa.com\\\/en\\\/author\\\/rosaiklara\\\/\"}]}<\/script>\n<!-- \/ Yoast SEO plugin. -->","yoast_head_json":{"title":"TEEN RADIO REDAKCIJA - POSTANI GLAS SVOJE GENERACIJE! - Klara i Rosa","robots":{"index":"index","follow":"follow","max-snippet":"max-snippet:-1","max-image-preview":"max-image-preview:large","max-video-preview":"max-video-preview:-1"},"canonical":"https:\/\/www.klarairosa.com\/en\/teen-radio-redakcija-postani-glas-svoje-generacije\/","og_locale":"en_GB","og_type":"article","og_title":"TEEN RADIO REDAKCIJA - POSTANI GLAS SVOJE GENERACIJE! - Klara i Rosa","og_description":"Ima\u0161 \u0161ta da ka\u017ee\u0161? Smara te \u0161to niko ne pri\u010da o temama koje te stvarno...","og_url":"https:\/\/www.klarairosa.com\/en\/teen-radio-redakcija-postani-glas-svoje-generacije\/","og_site_name":"Klara i Rosa","article_publisher":"https:\/\/www.facebook.com\/klarairosa\/","article_published_time":"2025-02-21T14:07:20+00:00","article_modified_time":"2025-02-21T17:04:58+00:00","og_image":[{"width":1352,"height":1005,"url":"https:\/\/www.klarairosa.com\/wp-content\/uploads\/2025\/02\/teen-radio-1.jpg","type":"image\/jpeg"}],"author":"Klara i Rosa","twitter_card":"summary_large_image","twitter_misc":{"Written by":"Klara i Rosa","Estimated reading time":"1 minute"},"schema":{"@context":"https:\/\/schema.org","@graph":[{"@type":"Article","@id":"https:\/\/www.klarairosa.com\/teen-radio-redakcija-postani-glas-svoje-generacije\/#article","isPartOf":{"@id":"https:\/\/www.klarairosa.com\/teen-radio-redakcija-postani-glas-svoje-generacije\/"},"author":{"name":"Klara i Rosa","@id":"https:\/\/www.klarairosa.com\/en\/#\/schema\/person\/e4e7e9e5c8eeeddccf61e4532ae8e6ed"},"headline":"TEEN RADIO REDAKCIJA &#8211; POSTANI GLAS SVOJE GENERACIJE!","datePublished":"2025-02-21T14:07:20+00:00","dateModified":"2025-02-21T17:04:58+00:00","mainEntityOfPage":{"@id":"https:\/\/www.klarairosa.com\/teen-radio-redakcija-postani-glas-svoje-generacije\/"},"wordCount":188,"publisher":{"@id":"https:\/\/www.klarairosa.com\/en\/#organization"},"image":{"@id":"https:\/\/www.klarairosa.com\/teen-radio-redakcija-postani-glas-svoje-generacije\/#primaryimage"},"thumbnailUrl":"https:\/\/www.klarairosa.com\/wp-content\/uploads\/2025\/02\/teen-radio-1.jpg","keywords":["2025","Klara i Rosa","ninoslav scepanovic","open call","open call 2025","radio","subotica","teen radio","teen radio redakcija","workshop"],"articleSection":["Aktuelno"],"inLanguage":"en-GB"},{"@type":"WebPage","@id":"https:\/\/www.klarairosa.com\/teen-radio-redakcija-postani-glas-svoje-generacije\/","url":"https:\/\/www.klarairosa.com\/teen-radio-redakcija-postani-glas-svoje-generacije\/","name":"TEEN RADIO REDAKCIJA - POSTANI GLAS SVOJE GENERACIJE! - Klara i Rosa","isPartOf":{"@id":"https:\/\/www.klarairosa.com\/en\/#website"},"primaryImageOfPage":{"@id":"https:\/\/www.klarairosa.com\/teen-radio-redakcija-postani-glas-svoje-generacije\/#primaryimage"},"image":{"@id":"https:\/\/www.klarairosa.com\/teen-radio-redakcija-postani-glas-svoje-generacije\/#primaryimage"},"thumbnailUrl":"https:\/\/www.klarairosa.com\/wp-content\/uploads\/2025\/02\/teen-radio-1.jpg","datePublished":"2025-02-21T14:07:20+00:00","dateModified":"2025-02-21T17:04:58+00:00","breadcrumb":{"@id":"https:\/\/www.klarairosa.com\/teen-radio-redakcija-postani-glas-svoje-generacije\/#breadcrumb"},"inLanguage":"en-GB","potentialAction":[{"@type":"ReadAction","target":["https:\/\/www.klarairosa.com\/teen-radio-redakcija-postani-glas-svoje-generacije\/"]}]},{"@type":"ImageObject","inLanguage":"en-GB","@id":"https:\/\/www.klarairosa.com\/teen-radio-redakcija-postani-glas-svoje-generacije\/#primaryimage","url":"https:\/\/www.klarairosa.com\/wp-content\/uploads\/2025\/02\/teen-radio-1.jpg","contentUrl":"https:\/\/www.klarairosa.com\/wp-content\/uploads\/2025\/02\/teen-radio-1.jpg","width":1352,"height":1005},{"@type":"BreadcrumbList","@id":"https:\/\/www.klarairosa.com\/teen-radio-redakcija-postani-glas-svoje-generacije\/#breadcrumb","itemListElement":[{"@type":"ListItem","position":1,"name":"Home","item":"https:\/\/www.klarairosa.com\/"},{"@type":"ListItem","position":2,"name":"TEEN RADIO REDAKCIJA &#8211; POSTANI GLAS SVOJE GENERACIJE!"}]},{"@type":"WebSite","@id":"https:\/\/www.klarairosa.com\/en\/#website","url":"https:\/\/www.klarairosa.com\/en\/","name":"Klara i Rosa","description":"Klara i Rosa","publisher":{"@id":"https:\/\/www.klarairosa.com\/en\/#organization"},"potentialAction":[{"@type":"SearchAction","target":{"@type":"EntryPoint","urlTemplate":"https:\/\/www.klarairosa.com\/en\/?s={search_term_string}"},"query-input":{"@type":"PropertyValueSpecification","valueRequired":true,"valueName":"search_term_string"}}],"inLanguage":"en-GB"},{"@type":"Organization","@id":"https:\/\/www.klarairosa.com\/en\/#organization","name":"Klara i Rosa","url":"https:\/\/www.klarairosa.com\/en\/","logo":{"@type":"ImageObject","inLanguage":"en-GB","@id":"https:\/\/www.klarairosa.com\/en\/#\/schema\/logo\/image\/","url":"https:\/\/www.klarairosa.com\/wp-content\/uploads\/2022\/01\/logo.svg","contentUrl":"https:\/\/www.klarairosa.com\/wp-content\/uploads\/2022\/01\/logo.svg","width":110,"height":139,"caption":"Klara i Rosa"},"image":{"@id":"https:\/\/www.klarairosa.com\/en\/#\/schema\/logo\/image\/"},"sameAs":["https:\/\/www.facebook.com\/klarairosa\/","https:\/\/www.instagram.com\/ugklarairosa\/"]},{"@type":"Person","@id":"https:\/\/www.klarairosa.com\/en\/#\/schema\/person\/e4e7e9e5c8eeeddccf61e4532ae8e6ed","name":"Klara i Rosa","image":{"@type":"ImageObject","inLanguage":"en-GB","@id":"https:\/\/secure.gravatar.com\/avatar\/c83ee539a067b9f57ae5d8999ae286c4f98b5c4bd943b8cbb64f6b0fc1f29e40?s=96&d=mm&r=g","url":"https:\/\/secure.gravatar.com\/avatar\/c83ee539a067b9f57ae5d8999ae286c4f98b5c4bd943b8cbb64f6b0fc1f29e40?s=96&d=mm&r=g","contentUrl":"https:\/\/secure.gravatar.com\/avatar\/c83ee539a067b9f57ae5d8999ae286c4f98b5c4bd943b8cbb64f6b0fc1f29e40?s=96&d=mm&r=g","caption":"Klara i Rosa"},"sameAs":["https:\/\/klarairosa.com"],"url":"https:\/\/www.klarairosa.com\/en\/author\/rosaiklara\/"}]}},"_links":{"self":[{"href":"https:\/\/www.klarairosa.com\/en\/wp-json\/wp\/v2\/posts\/22618","targetHints":{"allow":["GET"]}}],"collection":[{"href":"https:\/\/www.klarairosa.com\/en\/wp-json\/wp\/v2\/posts"}],"about":[{"href":"https:\/\/www.klarairosa.com\/en\/wp-json\/wp\/v2\/types\/post"}],"author":[{"embeddable":true,"href":"https:\/\/www.klarairosa.com\/en\/wp-json\/wp\/v2\/users\/1"}],"replies":[{"embeddable":true,"href":"https:\/\/www.klarairosa.com\/en\/wp-json\/wp\/v2\/comments?post=22618"}],"version-history":[{"count":3,"href":"https:\/\/www.klarairosa.com\/en\/wp-json\/wp\/v2\/posts\/22618\/revisions"}],"predecessor-version":[{"id":22624,"href":"https:\/\/www.klarairosa.com\/en\/wp-json\/wp\/v2\/posts\/22618\/revisions\/22624"}],"wp:featuredmedia":[{"embeddable":true,"href":"https:\/\/www.klarairosa.com\/en\/wp-json\/wp\/v2\/media\/22623"}],"wp:attachment":[{"href":"https:\/\/www.klarairosa.com\/en\/wp-json\/wp\/v2\/media?parent=22618"}],"wp:term":[{"taxonomy":"category","embeddable":true,"href":"https:\/\/www.klarairosa.com\/en\/wp-json\/wp\/v2\/categories?post=22618"},{"taxonomy":"post_tag","embeddable":true,"href":"https:\/\/www.klarairosa.com\/en\/wp-json\/wp\/v2\/tags?post=22618"}],"curies":[{"name":"wp","href":"https:\/\/api.w.org\/{rel}","templated":true}]}}