{"id":22607,"date":"2025-02-10T08:49:02","date_gmt":"2025-02-10T08:49:02","guid":{"rendered":"https:\/\/www.klarairosa.com\/?p=22607"},"modified":"2025-02-10T10:30:41","modified_gmt":"2025-02-10T10:30:41","slug":"agora-kriza-coveka-ego-u-doba-revolucije","status":"publish","type":"post","link":"https:\/\/www.klarairosa.com\/en\/agora-kriza-coveka-ego-u-doba-revolucije\/","title":{"rendered":"AGORA: The Crisis of Man \u2013 The Ego in the Age of Revolution"},"content":{"rendered":"<div class=\"xdj266r x11i5rnm xat24cr x1mh8g0r x1vvkbs x126k92a\">\n<div dir=\"auto\">Slede\u0107a <strong>AGORA<\/strong> \u0107e se odr\u017eati <strong>u prostoru Klare i Rose (Petefi \u0160andora 15) u petak, 14. feruara u 18 \u010dasova<\/strong>!<\/div>\n<div dir=\"auto\" style=\"text-align: justify;\">.<\/div>\n<\/div>\n<div class=\"x11i5rnm xat24cr x1mh8g0r x1vvkbs xtlvy1s x126k92a\" style=\"text-align: justify;\"><\/div>\n<div class=\"x11i5rnm xat24cr x1mh8g0r x1vvkbs xtlvy1s x126k92a\">\n<div dir=\"auto\" style=\"text-align: justify;\">\u017divimo u herojsko vreme. Ako prihvatimo \u0161penglerovski ciklizam istorije to bi zna\u010dilo da nakon dekadencije i kona\u010dne propasti vladaju\u0107e civilizacije sledi ro\u0111enje paradigme novog sveta. Svedo\u010dimo smak starog i pojavu novog sveta. Ono su\u0161tinski novo, u odnosu na prethodne istorijske krugove, jeste svest o tome, refleksija koja nam omogu\u0107ava da ne budemo puki izvr\u0161ioci uglavnom nejasnog plana svetskog duha, ve\u0107 da stvaramo stvarnost.<\/div>\n<div dir=\"auto\" style=\"text-align: justify;\">.<\/div>\n<div dir=\"auto\" style=\"text-align: justify;\">Ovo bi zvu\u010dalo kao odavno istro\u0161ena marksisti\u010dka fraza da se \u010ditava stvar, za razliku od pro\u0161lih revolucija &#8211; kolektivisti\u010dkih drama, ne mo\u017ee odigrati na ego nivou. I tu nailazimo na krizu \u010doveka. Odre\u0111enja pro\u0161lih epoha, ciklusa ako ho\u0107ete vi\u0161e nisu primenjiva. Sama primenjivost kao koncept je upitna je smera na neko dovoljno uop\u0161teno odre\u0111enje koje mo\u017ee da traje i va\u017ei neko vreme za neku klasu ili skup pojedinaca, gde je pojedinac odre\u0111en uvek i samo kroz vladaju\u0107u formulu date klase\/kolektiva (homo faber, homo ludens, homo sapiens, zoon politikon, konzumer&#8230;)<\/div>\n<div dir=\"auto\" style=\"text-align: justify;\">.<\/div>\n<div dir=\"auto\" style=\"text-align: justify;\">Su\u0161tina krize \u010doveka, a time i rodno mesto nove paradigme sveta, je u tome \u0161to se nove vrednosti, nova mitologija, novi herojski podvizi sada de\u0161avaju na ego nivou, u egzistencijalnom obzoru, umalo ne rekoh pojedinca (jer pojedinac podrazumeva kolektivno stanje duha \u010dija je on onda jedinka), \u010doveka. Ja (ego) nije neko apstraktno Ja koje je puki derivat mno\u0161tva Ja, kao neko op\u0161te mesto. Ja koje se ra\u0111a kao kriza \u010doveka je li\u010dno Ja, koje stvaram kao konkretnu, sopstvenu stvarnost, isku\u0161avaju\u0107i se u krizi. Ja koje se osloba\u0111a tako nije kolektivno Ja nastalo iz klasnog Mi, selja\u010dke bune ili radni\u010dkog \u0161trajka na primer. Ono je li\u010dni napor, li\u010dno oslobo\u0111enje, li\u010dni podvig. U protivnom nije ni\u0161ta. Jo\u0161 jedna istorijska\/politi\u010dka fantazmagorija.<\/div>\n<div dir=\"auto\">.<\/div>\n<\/div>\n<div class=\"x11i5rnm xat24cr x1mh8g0r x1vvkbs xtlvy1s x126k92a\">\n<div dir=\"auto\">Razgovor vodi <strong>Boris \u010cegar<\/strong>, profesor filozofije.<\/div>\n<div dir=\"auto\">.<\/div>\n<div dir=\"auto\">-\u0274\u1d00s\u030c\u1d00 \u1d0f\u0280\u0262\u1d00\u0274\u026a\u1d22\u1d00\u1d04\u026a\u1d0a\u1d00 \u1d0a\u1d07 \u1d05\u1d0f\u0299\u026a\u029f\u1d00 \u1d18\u1d0f\u1d05\u0280s\u030c\u1d0b\u1d1c \u1d20\u029f\u1d00\u1d05\u1d07 s\u030c\u1d20\u1d00\u1d0a\u1d04\u1d00\u0280s\u1d0b\u1d07 \u1d0b\u0280\u1d0f\u1d22 \u1d18\u0280\u1d0f\u1d0a\u1d07\u1d0b\u1d00\u1d1b \u201e\u1d22\u1d00\u1d0a\u1d07\u1d05\u0274\u1d0f \u1d22\u1d00 \u1d00\u1d0b\u1d1b\u026a\u1d20\u0274\u1d0f \u0262\u0280\u1d00\u0111\u1d00\u0274s\u1d0b\u1d0f \u1d05\u0280\u1d1cs\u030c\u1d1b\u1d20\u1d0f \u2013 \u1d00\u1d04\u1d1b\u201d, \u1d0b\u1d0f\u1d0a\u026a s\u1d18\u0280\u1d0f\u1d20\u1d0f\u1d05\u1d07 \u029c\u1d07\u029f\u1d20\u1d07\u1d1b\u1d00s s\u0280\u0299\u026a\u1d0a\u1d00 \u026a \u0262\u0280\u1d00\u0111\u1d00\u0274s\u1d0b\u1d07 \u026a\u0274\u026a\u1d04\u026a\u1d0a\u1d00\u1d1b\u026a\u1d20\u1d07. \u201e\u1d22\u1d00\u1d0a\u1d07\u1d05\u0274\u1d0f \u1d22\u1d00 \u1d00\u1d0b\u1d1b\u026a\u1d20\u0274\u1d0f \u0262\u0280\u1d00\u0111\u1d00\u0274s\u1d0b\u1d0f \u1d05\u0280\u1d1cs\u030c\u1d1b\u1d20\u1d0f \u2013 \u1d00\u1d04\u1d1b\u201d \u1d0a\u1d07 \u1d18\u0280\u1d0f\u1d0a\u1d07\u1d0b\u1d00\u1d1b \u1d20\u029f\u1d00\u1d05\u1d07 s\u030c\u1d20\u1d00\u1d0a\u1d04\u1d00\u0280s\u1d0b\u1d07 \u1d04\u030c\u026a\u1d0a\u026a \u1d0a\u1d07 \u1d04\u026a\u029f\u1d0a \u1d00\u1d0b\u1d1b\u026a\u1d20\u0274\u1d0f \u0262\u0280\u1d00\u0111\u1d00\u0274s\u1d0b\u1d0f \u1d05\u0280\u1d1cs\u030c\u1d1b\u1d20\u1d0f \u1d1c \u1d0b\u1d0f\u1d0d\u1d07 \u0262\u0280\u1d00\u0111\u1d00\u0274\u026a \u1d20\u026as\u030c\u1d07 \u1d1c\u1d04\u030c\u1d07s\u1d1b\u1d20\u1d1c\u1d0a\u1d1c \u1d1c \u1d18\u0280\u1d0f\u1d04\u1d07s\u1d1c \u1d05\u1d0f\u0274\u1d0fs\u030c\u1d07\u0274\u1d0a\u1d00 \u1d0f\u1d05\u029f\u1d1c\u1d0b\u1d00, \u0274\u1d00\u0280\u1d0f\u1d04\u030c\u026a\u1d1b\u1d0f \u0274\u1d00 \u029f\u1d0f\u1d0b\u1d00\u029f\u0274\u1d0f\u1d0d \u0274\u026a\u1d20\u1d0f\u1d1c.- <span class=\"html-span xdj266r x11i5rnm xat24cr x1mh8g0r xexx8yu x4uap5 x18d9i69 xkhd6sd x1hl2dhg x16tdsg8 x1vvkbs\"><a class=\"x1i10hfl xjbqb8w x1ejq31n xd10rxx x1sy0etr x17r0tee x972fbf xcfux6l x1qhh985 xm0m39n x9f619 x1ypdohk xt0psk2 xe8uvvx xdj266r x11i5rnm xat24cr x1mh8g0r xexx8yu x4uap5 x18d9i69 xkhd6sd x16tdsg8 x1hl2dhg xggy1nq x1a2a7pz x1sur9pj xkrqix3 x1fey0fg x1s688f\" tabindex=\"0\" role=\"link\" href=\"https:\/\/www.facebook.com\/ACTprojekat?__cft__[0]=AZWm7j6d_YQqYWv19U64OZofnu4Zos5oRylEkIA8o94vTqatOm6Jov0jkc7ZdR9alkyYhwbKOgurKmT7tFSWEMhAFGGSJvppYjwtHnW6q8IAgG7YyWozR1trDrmp2IMAr7JK9blxHcvA9NCOK_JKEy6diQKUfcJFDAsM_DMZAdYUTBOsa5XSD2SNYjzcBHGkAHo&amp;__tn__=-]K-R\"><span class=\"xt0psk2\">Zajedno za aktivno gra\u0111ansko dru\u0161tvo &#8211; ACT<\/span><\/a><\/span><\/div>\n<\/div>\n","protected":false},"excerpt":{"rendered":"<p>Slede\u0107a AGORA \u0107e se odr\u017eati u prostoru Klare i Rose (Petefi \u0160andora 15) u petak,&#8230;<\/p>","protected":false},"author":1,"featured_media":21719,"comment_status":"closed","ping_status":"closed","sticky":false,"template":"","format":"standard","meta":{"content-type":"","inline_featured_image":false,"footnotes":""},"categories":[109],"tags":[312,494,396,573,351,282,469,307,124,577,452,152],"class_list":["post-22607","post","type-post","status-publish","format-standard","has-post-thumbnail","hentry","category-aktuelno","tag-312","tag-act","tag-agora","tag-akt-projekat","tag-boris-cegar","tag-community","tag-diskusija","tag-filozofija","tag-klara-i-rosa","tag-kriza-coveka","tag-razgovor","tag-subotica"],"yoast_head":"<!-- This site is optimized with the Yoast SEO plugin v27.5 - https:\/\/yoast.com\/product\/yoast-seo-wordpress\/ -->\n<title>Agora: Kriza \u010doveka \u2013 ego u doba revolucije - Klara i Rosa<\/title>\n<meta name=\"robots\" content=\"index, follow, max-snippet:-1, max-image-preview:large, max-video-preview:-1\" \/>\n<link rel=\"canonical\" href=\"https:\/\/www.klarairosa.com\/en\/agora-kriza-coveka-ego-u-doba-revolucije\/\" \/>\n<meta property=\"og:locale\" content=\"en_GB\" \/>\n<meta property=\"og:type\" content=\"article\" \/>\n<meta property=\"og:title\" content=\"Agora: Kriza \u010doveka \u2013 ego u doba revolucije - Klara i Rosa\" \/>\n<meta property=\"og:description\" content=\"Slede\u0107a AGORA \u0107e se odr\u017eati u prostoru Klare i Rose (Petefi \u0160andora 15) u petak,...\" \/>\n<meta property=\"og:url\" content=\"https:\/\/www.klarairosa.com\/en\/agora-kriza-coveka-ego-u-doba-revolucije\/\" \/>\n<meta property=\"og:site_name\" content=\"Klara i Rosa\" \/>\n<meta property=\"article:publisher\" content=\"https:\/\/www.facebook.com\/klarairosa\/\" \/>\n<meta property=\"article:published_time\" content=\"2025-02-10T08:49:02+00:00\" \/>\n<meta property=\"article:modified_time\" content=\"2025-02-10T10:30:41+00:00\" \/>\n<meta property=\"og:image\" content=\"https:\/\/www.klarairosa.com\/wp-content\/uploads\/2024\/07\/20240717_191134-Copy.jpg\" \/>\n\t<meta property=\"og:image:width\" content=\"520\" \/>\n\t<meta property=\"og:image:height\" content=\"390\" \/>\n\t<meta property=\"og:image:type\" content=\"image\/jpeg\" \/>\n<meta name=\"author\" content=\"Klara i Rosa\" \/>\n<meta name=\"twitter:card\" content=\"summary_large_image\" \/>\n<meta name=\"twitter:label1\" content=\"Written by\" \/>\n\t<meta name=\"twitter:data1\" content=\"Klara i Rosa\" \/>\n\t<meta name=\"twitter:label2\" content=\"Estimated reading time\" \/>\n\t<meta name=\"twitter:data2\" content=\"2 minutes\" \/>\n<script type=\"application\/ld+json\" class=\"yoast-schema-graph\">{\"@context\":\"https:\\\/\\\/schema.org\",\"@graph\":[{\"@type\":\"Article\",\"@id\":\"https:\\\/\\\/www.klarairosa.com\\\/agora-kriza-coveka-ego-u-doba-revolucije\\\/#article\",\"isPartOf\":{\"@id\":\"https:\\\/\\\/www.klarairosa.com\\\/agora-kriza-coveka-ego-u-doba-revolucije\\\/\"},\"author\":{\"name\":\"Klara i Rosa\",\"@id\":\"https:\\\/\\\/www.klarairosa.com\\\/en\\\/#\\\/schema\\\/person\\\/e4e7e9e5c8eeeddccf61e4532ae8e6ed\"},\"headline\":\"Agora: Kriza \u010doveka \u2013 ego u doba revolucije\",\"datePublished\":\"2025-02-10T08:49:02+00:00\",\"dateModified\":\"2025-02-10T10:30:41+00:00\",\"mainEntityOfPage\":{\"@id\":\"https:\\\/\\\/www.klarairosa.com\\\/agora-kriza-coveka-ego-u-doba-revolucije\\\/\"},\"wordCount\":376,\"publisher\":{\"@id\":\"https:\\\/\\\/www.klarairosa.com\\\/en\\\/#organization\"},\"image\":{\"@id\":\"https:\\\/\\\/www.klarairosa.com\\\/agora-kriza-coveka-ego-u-doba-revolucije\\\/#primaryimage\"},\"thumbnailUrl\":\"https:\\\/\\\/www.klarairosa.com\\\/wp-content\\\/uploads\\\/2024\\\/07\\\/20240717_191134-Copy.jpg\",\"keywords\":[\"2024\",\"act\",\"agora\",\"akt projekat\",\"boris cegar\",\"community\",\"diskusija\",\"filozofija\",\"Klara i Rosa\",\"kriza coveka\",\"razgovor\",\"subotica\"],\"articleSection\":[\"Aktuelno\"],\"inLanguage\":\"en-GB\"},{\"@type\":\"WebPage\",\"@id\":\"https:\\\/\\\/www.klarairosa.com\\\/agora-kriza-coveka-ego-u-doba-revolucije\\\/\",\"url\":\"https:\\\/\\\/www.klarairosa.com\\\/agora-kriza-coveka-ego-u-doba-revolucije\\\/\",\"name\":\"Agora: Kriza \u010doveka \u2013 ego u doba revolucije - Klara i Rosa\",\"isPartOf\":{\"@id\":\"https:\\\/\\\/www.klarairosa.com\\\/en\\\/#website\"},\"primaryImageOfPage\":{\"@id\":\"https:\\\/\\\/www.klarairosa.com\\\/agora-kriza-coveka-ego-u-doba-revolucije\\\/#primaryimage\"},\"image\":{\"@id\":\"https:\\\/\\\/www.klarairosa.com\\\/agora-kriza-coveka-ego-u-doba-revolucije\\\/#primaryimage\"},\"thumbnailUrl\":\"https:\\\/\\\/www.klarairosa.com\\\/wp-content\\\/uploads\\\/2024\\\/07\\\/20240717_191134-Copy.jpg\",\"datePublished\":\"2025-02-10T08:49:02+00:00\",\"dateModified\":\"2025-02-10T10:30:41+00:00\",\"breadcrumb\":{\"@id\":\"https:\\\/\\\/www.klarairosa.com\\\/agora-kriza-coveka-ego-u-doba-revolucije\\\/#breadcrumb\"},\"inLanguage\":\"en-GB\",\"potentialAction\":[{\"@type\":\"ReadAction\",\"target\":[\"https:\\\/\\\/www.klarairosa.com\\\/agora-kriza-coveka-ego-u-doba-revolucije\\\/\"]}]},{\"@type\":\"ImageObject\",\"inLanguage\":\"en-GB\",\"@id\":\"https:\\\/\\\/www.klarairosa.com\\\/agora-kriza-coveka-ego-u-doba-revolucije\\\/#primaryimage\",\"url\":\"https:\\\/\\\/www.klarairosa.com\\\/wp-content\\\/uploads\\\/2024\\\/07\\\/20240717_191134-Copy.jpg\",\"contentUrl\":\"https:\\\/\\\/www.klarairosa.com\\\/wp-content\\\/uploads\\\/2024\\\/07\\\/20240717_191134-Copy.jpg\",\"width\":520,\"height\":390},{\"@type\":\"BreadcrumbList\",\"@id\":\"https:\\\/\\\/www.klarairosa.com\\\/agora-kriza-coveka-ego-u-doba-revolucije\\\/#breadcrumb\",\"itemListElement\":[{\"@type\":\"ListItem\",\"position\":1,\"name\":\"Home\",\"item\":\"https:\\\/\\\/www.klarairosa.com\\\/\"},{\"@type\":\"ListItem\",\"position\":2,\"name\":\"Agora: Kriza \u010doveka \u2013 ego u doba revolucije\"}]},{\"@type\":\"WebSite\",\"@id\":\"https:\\\/\\\/www.klarairosa.com\\\/en\\\/#website\",\"url\":\"https:\\\/\\\/www.klarairosa.com\\\/en\\\/\",\"name\":\"Klara i Rosa\",\"description\":\"Klara i Rosa\",\"publisher\":{\"@id\":\"https:\\\/\\\/www.klarairosa.com\\\/en\\\/#organization\"},\"potentialAction\":[{\"@type\":\"SearchAction\",\"target\":{\"@type\":\"EntryPoint\",\"urlTemplate\":\"https:\\\/\\\/www.klarairosa.com\\\/en\\\/?s={search_term_string}\"},\"query-input\":{\"@type\":\"PropertyValueSpecification\",\"valueRequired\":true,\"valueName\":\"search_term_string\"}}],\"inLanguage\":\"en-GB\"},{\"@type\":\"Organization\",\"@id\":\"https:\\\/\\\/www.klarairosa.com\\\/en\\\/#organization\",\"name\":\"Klara i Rosa\",\"url\":\"https:\\\/\\\/www.klarairosa.com\\\/en\\\/\",\"logo\":{\"@type\":\"ImageObject\",\"inLanguage\":\"en-GB\",\"@id\":\"https:\\\/\\\/www.klarairosa.com\\\/en\\\/#\\\/schema\\\/logo\\\/image\\\/\",\"url\":\"https:\\\/\\\/www.klarairosa.com\\\/wp-content\\\/uploads\\\/2022\\\/01\\\/logo.svg\",\"contentUrl\":\"https:\\\/\\\/www.klarairosa.com\\\/wp-content\\\/uploads\\\/2022\\\/01\\\/logo.svg\",\"width\":110,\"height\":139,\"caption\":\"Klara i Rosa\"},\"image\":{\"@id\":\"https:\\\/\\\/www.klarairosa.com\\\/en\\\/#\\\/schema\\\/logo\\\/image\\\/\"},\"sameAs\":[\"https:\\\/\\\/www.facebook.com\\\/klarairosa\\\/\",\"https:\\\/\\\/www.instagram.com\\\/ugklarairosa\\\/\"]},{\"@type\":\"Person\",\"@id\":\"https:\\\/\\\/www.klarairosa.com\\\/en\\\/#\\\/schema\\\/person\\\/e4e7e9e5c8eeeddccf61e4532ae8e6ed\",\"name\":\"Klara i Rosa\",\"image\":{\"@type\":\"ImageObject\",\"inLanguage\":\"en-GB\",\"@id\":\"https:\\\/\\\/secure.gravatar.com\\\/avatar\\\/c83ee539a067b9f57ae5d8999ae286c4f98b5c4bd943b8cbb64f6b0fc1f29e40?s=96&d=mm&r=g\",\"url\":\"https:\\\/\\\/secure.gravatar.com\\\/avatar\\\/c83ee539a067b9f57ae5d8999ae286c4f98b5c4bd943b8cbb64f6b0fc1f29e40?s=96&d=mm&r=g\",\"contentUrl\":\"https:\\\/\\\/secure.gravatar.com\\\/avatar\\\/c83ee539a067b9f57ae5d8999ae286c4f98b5c4bd943b8cbb64f6b0fc1f29e40?s=96&d=mm&r=g\",\"caption\":\"Klara i Rosa\"},\"sameAs\":[\"https:\\\/\\\/klarairosa.com\"],\"url\":\"https:\\\/\\\/www.klarairosa.com\\\/en\\\/author\\\/rosaiklara\\\/\"}]}<\/script>\n<!-- \/ Yoast SEO plugin. -->","yoast_head_json":{"title":"Agora: Kriza \u010doveka \u2013 ego u doba revolucije - Klara i Rosa","robots":{"index":"index","follow":"follow","max-snippet":"max-snippet:-1","max-image-preview":"max-image-preview:large","max-video-preview":"max-video-preview:-1"},"canonical":"https:\/\/www.klarairosa.com\/en\/agora-kriza-coveka-ego-u-doba-revolucije\/","og_locale":"en_GB","og_type":"article","og_title":"Agora: Kriza \u010doveka \u2013 ego u doba revolucije - Klara i Rosa","og_description":"Slede\u0107a AGORA \u0107e se odr\u017eati u prostoru Klare i Rose (Petefi \u0160andora 15) u petak,...","og_url":"https:\/\/www.klarairosa.com\/en\/agora-kriza-coveka-ego-u-doba-revolucije\/","og_site_name":"Klara i Rosa","article_publisher":"https:\/\/www.facebook.com\/klarairosa\/","article_published_time":"2025-02-10T08:49:02+00:00","article_modified_time":"2025-02-10T10:30:41+00:00","og_image":[{"width":520,"height":390,"url":"https:\/\/www.klarairosa.com\/wp-content\/uploads\/2024\/07\/20240717_191134-Copy.jpg","type":"image\/jpeg"}],"author":"Klara i Rosa","twitter_card":"summary_large_image","twitter_misc":{"Written by":"Klara i Rosa","Estimated reading time":"2 minutes"},"schema":{"@context":"https:\/\/schema.org","@graph":[{"@type":"Article","@id":"https:\/\/www.klarairosa.com\/agora-kriza-coveka-ego-u-doba-revolucije\/#article","isPartOf":{"@id":"https:\/\/www.klarairosa.com\/agora-kriza-coveka-ego-u-doba-revolucije\/"},"author":{"name":"Klara i Rosa","@id":"https:\/\/www.klarairosa.com\/en\/#\/schema\/person\/e4e7e9e5c8eeeddccf61e4532ae8e6ed"},"headline":"Agora: Kriza \u010doveka \u2013 ego u doba revolucije","datePublished":"2025-02-10T08:49:02+00:00","dateModified":"2025-02-10T10:30:41+00:00","mainEntityOfPage":{"@id":"https:\/\/www.klarairosa.com\/agora-kriza-coveka-ego-u-doba-revolucije\/"},"wordCount":376,"publisher":{"@id":"https:\/\/www.klarairosa.com\/en\/#organization"},"image":{"@id":"https:\/\/www.klarairosa.com\/agora-kriza-coveka-ego-u-doba-revolucije\/#primaryimage"},"thumbnailUrl":"https:\/\/www.klarairosa.com\/wp-content\/uploads\/2024\/07\/20240717_191134-Copy.jpg","keywords":["2024","act","agora","akt projekat","boris cegar","community","diskusija","filozofija","Klara i Rosa","kriza coveka","razgovor","subotica"],"articleSection":["Aktuelno"],"inLanguage":"en-GB"},{"@type":"WebPage","@id":"https:\/\/www.klarairosa.com\/agora-kriza-coveka-ego-u-doba-revolucije\/","url":"https:\/\/www.klarairosa.com\/agora-kriza-coveka-ego-u-doba-revolucije\/","name":"Agora: Kriza \u010doveka \u2013 ego u doba revolucije - Klara i Rosa","isPartOf":{"@id":"https:\/\/www.klarairosa.com\/en\/#website"},"primaryImageOfPage":{"@id":"https:\/\/www.klarairosa.com\/agora-kriza-coveka-ego-u-doba-revolucije\/#primaryimage"},"image":{"@id":"https:\/\/www.klarairosa.com\/agora-kriza-coveka-ego-u-doba-revolucije\/#primaryimage"},"thumbnailUrl":"https:\/\/www.klarairosa.com\/wp-content\/uploads\/2024\/07\/20240717_191134-Copy.jpg","datePublished":"2025-02-10T08:49:02+00:00","dateModified":"2025-02-10T10:30:41+00:00","breadcrumb":{"@id":"https:\/\/www.klarairosa.com\/agora-kriza-coveka-ego-u-doba-revolucije\/#breadcrumb"},"inLanguage":"en-GB","potentialAction":[{"@type":"ReadAction","target":["https:\/\/www.klarairosa.com\/agora-kriza-coveka-ego-u-doba-revolucije\/"]}]},{"@type":"ImageObject","inLanguage":"en-GB","@id":"https:\/\/www.klarairosa.com\/agora-kriza-coveka-ego-u-doba-revolucije\/#primaryimage","url":"https:\/\/www.klarairosa.com\/wp-content\/uploads\/2024\/07\/20240717_191134-Copy.jpg","contentUrl":"https:\/\/www.klarairosa.com\/wp-content\/uploads\/2024\/07\/20240717_191134-Copy.jpg","width":520,"height":390},{"@type":"BreadcrumbList","@id":"https:\/\/www.klarairosa.com\/agora-kriza-coveka-ego-u-doba-revolucije\/#breadcrumb","itemListElement":[{"@type":"ListItem","position":1,"name":"Home","item":"https:\/\/www.klarairosa.com\/"},{"@type":"ListItem","position":2,"name":"Agora: Kriza \u010doveka \u2013 ego u doba revolucije"}]},{"@type":"WebSite","@id":"https:\/\/www.klarairosa.com\/en\/#website","url":"https:\/\/www.klarairosa.com\/en\/","name":"Klara i Rosa","description":"Klara i Rosa","publisher":{"@id":"https:\/\/www.klarairosa.com\/en\/#organization"},"potentialAction":[{"@type":"SearchAction","target":{"@type":"EntryPoint","urlTemplate":"https:\/\/www.klarairosa.com\/en\/?s={search_term_string}"},"query-input":{"@type":"PropertyValueSpecification","valueRequired":true,"valueName":"search_term_string"}}],"inLanguage":"en-GB"},{"@type":"Organization","@id":"https:\/\/www.klarairosa.com\/en\/#organization","name":"Klara i Rosa","url":"https:\/\/www.klarairosa.com\/en\/","logo":{"@type":"ImageObject","inLanguage":"en-GB","@id":"https:\/\/www.klarairosa.com\/en\/#\/schema\/logo\/image\/","url":"https:\/\/www.klarairosa.com\/wp-content\/uploads\/2022\/01\/logo.svg","contentUrl":"https:\/\/www.klarairosa.com\/wp-content\/uploads\/2022\/01\/logo.svg","width":110,"height":139,"caption":"Klara i Rosa"},"image":{"@id":"https:\/\/www.klarairosa.com\/en\/#\/schema\/logo\/image\/"},"sameAs":["https:\/\/www.facebook.com\/klarairosa\/","https:\/\/www.instagram.com\/ugklarairosa\/"]},{"@type":"Person","@id":"https:\/\/www.klarairosa.com\/en\/#\/schema\/person\/e4e7e9e5c8eeeddccf61e4532ae8e6ed","name":"Klara i Rosa","image":{"@type":"ImageObject","inLanguage":"en-GB","@id":"https:\/\/secure.gravatar.com\/avatar\/c83ee539a067b9f57ae5d8999ae286c4f98b5c4bd943b8cbb64f6b0fc1f29e40?s=96&d=mm&r=g","url":"https:\/\/secure.gravatar.com\/avatar\/c83ee539a067b9f57ae5d8999ae286c4f98b5c4bd943b8cbb64f6b0fc1f29e40?s=96&d=mm&r=g","contentUrl":"https:\/\/secure.gravatar.com\/avatar\/c83ee539a067b9f57ae5d8999ae286c4f98b5c4bd943b8cbb64f6b0fc1f29e40?s=96&d=mm&r=g","caption":"Klara i Rosa"},"sameAs":["https:\/\/klarairosa.com"],"url":"https:\/\/www.klarairosa.com\/en\/author\/rosaiklara\/"}]}},"_links":{"self":[{"href":"https:\/\/www.klarairosa.com\/en\/wp-json\/wp\/v2\/posts\/22607","targetHints":{"allow":["GET"]}}],"collection":[{"href":"https:\/\/www.klarairosa.com\/en\/wp-json\/wp\/v2\/posts"}],"about":[{"href":"https:\/\/www.klarairosa.com\/en\/wp-json\/wp\/v2\/types\/post"}],"author":[{"embeddable":true,"href":"https:\/\/www.klarairosa.com\/en\/wp-json\/wp\/v2\/users\/1"}],"replies":[{"embeddable":true,"href":"https:\/\/www.klarairosa.com\/en\/wp-json\/wp\/v2\/comments?post=22607"}],"version-history":[{"count":2,"href":"https:\/\/www.klarairosa.com\/en\/wp-json\/wp\/v2\/posts\/22607\/revisions"}],"predecessor-version":[{"id":22616,"href":"https:\/\/www.klarairosa.com\/en\/wp-json\/wp\/v2\/posts\/22607\/revisions\/22616"}],"wp:featuredmedia":[{"embeddable":true,"href":"https:\/\/www.klarairosa.com\/en\/wp-json\/wp\/v2\/media\/21719"}],"wp:attachment":[{"href":"https:\/\/www.klarairosa.com\/en\/wp-json\/wp\/v2\/media?parent=22607"}],"wp:term":[{"taxonomy":"category","embeddable":true,"href":"https:\/\/www.klarairosa.com\/en\/wp-json\/wp\/v2\/categories?post=22607"},{"taxonomy":"post_tag","embeddable":true,"href":"https:\/\/www.klarairosa.com\/en\/wp-json\/wp\/v2\/tags?post=22607"}],"curies":[{"name":"wp","href":"https:\/\/api.w.org\/{rel}","templated":true}]}}