{"id":22572,"date":"2025-01-31T10:21:31","date_gmt":"2025-01-31T10:21:31","guid":{"rendered":"https:\/\/www.klarairosa.com\/?p=22572"},"modified":"2025-03-31T10:45:04","modified_gmt":"2025-03-31T10:45:04","slug":"o-zajednickom-mentalno-provetravanje-kako-disati-u-podeljenom-drustvu","status":"publish","type":"post","link":"https:\/\/www.klarairosa.com\/en\/o-zajednickom-mentalno-provetravanje-kako-disati-u-podeljenom-drustvu\/","title":{"rendered":"ON COMMONALITY: MENTAL CLARIFICATION \u2013 HOW TO BREATHE IN A DIVIDED SOCIETY?"},"content":{"rendered":"<p style=\"text-align: justify;\"><span lang=\"SR-LATN-RS\">Nepredvidivost, nesigurnost, nasilje, preplavljenost informacijama, dru\u0161tvene podele, strah me\u0111u kolegama i poznanicima, nakupljeni bes i ose\u0107aj nepravde \u2013 ali i nada na ulicama. Kako pojedina\u010dno i zajedno mo\u017eemo o\u010duvati mentalno zdravlje u ovakvom trenutku? Kako se nositi sa ose\u0107ajem odgovornosti, straha, besa i potrebom da delujemo?<\/span><\/p>\n<p>.<\/p>\n<p style=\"text-align: justify;\"><span lang=\"SR-LATN-RS\">O mentalnim izazovima koje donosi trenutna dru\u0161tveno-politi\u010dka situacija, studentskim blokadama, polarizaciji dru\u0161tva, ali i o odgovornosti i gra\u0111anskoj du\u017enosti razgovaramo <strong>u sredu, 5. februara od 18 \u010dasova, u prostoru Klare i Rose (Petefi \u0160andora 15, Subotica)<\/strong>.<\/span><\/p>\n<p style=\"text-align: justify;\"><span lang=\"SR-LATN-RS\">\u00a0.<\/span><\/p>\n<p style=\"text-align: justify;\"><span lang=\"SR-LATN-RS\">U\u010desnici tribine su:\u00a0 <\/span><span lang=\"SR-LATN-RS\"><strong>mr Borjana Gavrilov Boli\u0107<\/strong>, prof. srpskog jezika i knji\u017eevnosti, <\/span><span lang=\"SR-LATN-RS\"><strong>dr Arpad Pap<\/strong>, etnolog-antropolog, <strong>Jasmina Kne\u017eevi\u0107<\/strong><\/span><span lang=\"SR-LATN-RS\">, psiholog; <strong>Sandra Vojni\u0107 Pur\u010dar<\/strong>,<\/span><span lang=\"SR-LATN-RS\">\u00a0<\/span><span lang=\"SR-LATN-RS\">studentkinja Ekonomskog fakulteta u Subotici. Razgovor moderira <strong>Elena \u010cavlin<\/strong>, saradnica na Omladinskom programu udru\u017eenja Klara i Rosa.<\/span><\/p>\n<p style=\"text-align: justify;\"><span lang=\"SR-LATN-RS\">\u00a0.<\/span><\/p>\n<p style=\"text-align: justify;\"><span lang=\"SR-LATN-RS\">Gra\u0111ansko dru\u0161tvo, demokratija, zakon i red nisu strani koncepti \u2013 oni su temelj svakog dru\u0161tva koje te\u017ei stabilnosti, pravdi i razvoju. Mogu li biti deo srpskog dru\u0161tva?<\/span><\/p>\n<p>.<\/p>\n<p style=\"text-align: justify;\"><span lang=\"SR-LATN-RS\">Uspeh studentskih blokada, kao i svake borbe za pravednije dru\u0161tvo, zavisi od upornosti, hrabrosti i anga\u017emana svih nas. Demokratija ne dolazi odozgo \u2013 ona se gradi odozdo: kroz insistiranje na odgovornosti, kroz kulturu neslaganja bez mr\u017enje, kroz male, ali dosledne promene u svakodnevnom \u017eivotu.<\/span><\/p>\n<p>.<\/p>\n<p style=\"text-align: justify;\"><span lang=\"SR-LATN-RS\">Klara i Rosa nastavljaju seriju javnih razgovora pod nazivom<strong> \u201cO zajedni\u010dkom\u201d<\/strong> koji imaju za cilj edukaciju, pokretanje dijaloga, razmenu mi\u0161ljenja, slu\u0161anje i zajedni\u010dko promi\u0161ljanje. Kroz ovaj program \u017eelimo da ja\u010damo ose\u0107aj zajedni\u0161tva, kriti\u010dki promi\u0161ljamo i delimo iskustva, ideje i prakse, iniciraju\u0107i razgovore na razli\u010dite teme i probleme koji su prisutni u na\u0161em dru\u0161tvu i gradu.<\/span><\/p>\n<p>.<\/p>\n<p>-\u0274\u1d00s\u030c\u1d00 \u1d0f\u0280\u0262\u1d00\u0274\u026a\u1d22\u1d00\u1d04\u026a\u1d0a\u1d00 \u1d0a\u1d07 \u1d05\u1d0f\u0299\u026a\u029f\u1d00 \u1d18\u1d0f\u1d05\u0280s\u030c\u1d0b\u1d1c \u1d20\u029f\u1d00\u1d05\u1d07 s\u030c\u1d20\u1d00\u1d0a\u1d04\u1d00\u0280s\u1d0b\u1d07 \u1d0b\u0280\u1d0f\u1d22 \u1d18\u0280\u1d0f\u1d0a\u1d07\u1d0b\u1d00\u1d1b \u201e\u1d22\u1d00\u1d0a\u1d07\u1d05\u0274\u1d0f \u1d22\u1d00 \u1d00\u1d0b\u1d1b\u026a\u1d20\u0274\u1d0f \u0262\u0280\u1d00\u0111\u1d00\u0274s\u1d0b\u1d0f \u1d05\u0280\u1d1cs\u030c\u1d1b\u1d20\u1d0f \u2013 \u1d00\u1d04\u1d1b\u201d, \u1d0b\u1d0f\u1d0a\u026a s\u1d18\u0280\u1d0f\u1d20\u1d0f\u1d05\u1d07 \u029c\u1d07\u029f\u1d20\u1d07\u1d1b\u1d00s s\u0280\u0299\u026a\u1d0a\u1d00 \u026a \u0262\u0280\u1d00\u0111\u1d00\u0274s\u1d0b\u1d07 \u026a\u0274\u026a\u1d04\u026a\u1d0a\u1d00\u1d1b\u026a\u1d20\u1d07. \u201e\u1d22\u1d00\u1d0a\u1d07\u1d05\u0274\u1d0f \u1d22\u1d00 \u1d00\u1d0b\u1d1b\u026a\u1d20\u0274\u1d0f \u0262\u0280\u1d00\u0111\u1d00\u0274s\u1d0b\u1d0f \u1d05\u0280\u1d1cs\u030c\u1d1b\u1d20\u1d0f \u2013 \u1d00\u1d04\u1d1b\u201d \u1d0a\u1d07 \u1d18\u0280\u1d0f\u1d0a\u1d07\u1d0b\u1d00\u1d1b \u1d20\u029f\u1d00\u1d05\u1d07 s\u030c\u1d20\u1d00\u1d0a\u1d04\u1d00\u0280s\u1d0b\u1d07 \u1d04\u030c\u026a\u1d0a\u026a \u1d0a\u1d07 \u1d04\u026a\u029f\u1d0a \u1d00\u1d0b\u1d1b\u026a\u1d20\u0274\u1d0f \u0262\u0280\u1d00\u0111\u1d00\u0274s\u1d0b\u1d0f \u1d05\u0280\u1d1cs\u030c\u1d1b\u1d20\u1d0f \u1d1c \u1d0b\u1d0f\u1d0d\u1d07 \u0262\u0280\u1d00\u0111\u1d00\u0274\u026a \u1d20\u026as\u030c\u1d07 \u1d1c\u1d04\u030c\u1d07s\u1d1b\u1d20\u1d1c\u1d0a\u1d1c \u1d1c \u1d18\u0280\u1d0f\u1d04\u1d07s\u1d1c \u1d05\u1d0f\u0274\u1d0fs\u030c\u1d07\u0274\u1d0a\u1d00 \u1d0f\u1d05\u029f\u1d1c\u1d0b\u1d00, \u0274\u1d00\u0280\u1d0f\u1d04\u030c\u026a\u1d1b\u1d0f \u0274\u1d00 \u029f\u1d0f\u1d0b\u1d00\u029f\u0274\u1d0f\u1d0d \u0274\u026a\u1d20\u1d0f\u1d1c.-<\/p>\n<p><img decoding=\"async\" class=\"alignnone  wp-image-22741\" src=\"https:\/\/www.klarairosa.com\/wp-content\/uploads\/2025\/03\/act-300x150.png\" alt=\"\" width=\"126\" height=\"63\" srcset=\"https:\/\/www.klarairosa.com\/wp-content\/uploads\/2025\/03\/act-300x150.png 300w, https:\/\/www.klarairosa.com\/wp-content\/uploads\/2025\/03\/act-1024x512.png 1024w, https:\/\/www.klarairosa.com\/wp-content\/uploads\/2025\/03\/act-768x384.png 768w, https:\/\/www.klarairosa.com\/wp-content\/uploads\/2025\/03\/act-18x9.png 18w, https:\/\/www.klarairosa.com\/wp-content\/uploads\/2025\/03\/act-1000x500.png 1000w, https:\/\/www.klarairosa.com\/wp-content\/uploads\/2025\/03\/act-700x350.png 700w, https:\/\/www.klarairosa.com\/wp-content\/uploads\/2025\/03\/act.png 1080w\" sizes=\"(max-width: 126px) 100vw, 126px\" \/><\/p>\n<p>.<\/p>\n<p><iframe title=\"O ZAJEDNI\u010cKOM - Kako disati u podeljenom dru\u0161tvu?\" width=\"1060\" height=\"596\" src=\"https:\/\/www.youtube.com\/embed\/dl7aHwstHMU?start=3&#038;feature=oembed\" frameborder=\"0\" allow=\"accelerometer; autoplay; clipboard-write; encrypted-media; gyroscope; picture-in-picture; web-share\" referrerpolicy=\"strict-origin-when-cross-origin\" allowfullscreen><\/iframe><\/p>\n<p>.<\/p>\n<div  id=\"jtg-22594\" class=\"modula modula-gallery modula-creative-gallery\" data-config=\"{&quot;height&quot;:800,&quot;tabletHeight&quot;:800,&quot;mobileHeight&quot;:800,&quot;desktopHeight&quot;:800,&quot;enableTwitter&quot;:false,&quot;enableWhatsapp&quot;:false,&quot;enableFacebook&quot;:false,&quot;enablePinterest&quot;:false,&quot;enableLinkedin&quot;:false,&quot;enableEmail&quot;:false,&quot;randomFactor&quot;:0.5,&quot;type&quot;:&quot;creative-gallery&quot;,&quot;columns&quot;:12,&quot;gutter&quot;:10,&quot;mobileGutter&quot;:10,&quot;tabletGutter&quot;:10,&quot;desktopGutter&quot;:10,&quot;enableResponsive&quot;:&quot;0&quot;,&quot;tabletColumns&quot;:2,&quot;mobileColumns&quot;:1,&quot;lazyLoad&quot;:0,&quot;lightboxOpts&quot;:{&quot;animated&quot;:true,&quot;Thumbs&quot;:{&quot;type&quot;:&quot;modern&quot;,&quot;showOnStart&quot;:false},&quot;Toolbar&quot;:{&quot;display&quot;:{&quot;right&quot;:[&quot;close&quot;]},&quot;enabled&quot;:true},&quot;Carousel&quot;:{&quot;Panzoom&quot;:{&quot;touch&quot;:true},&quot;infinite&quot;:false},&quot;keyboard&quot;:{&quot;Escape&quot;:&quot;close&quot;,&quot;Delete&quot;:&quot;close&quot;,&quot;Backspace&quot;:&quot;close&quot;,&quot;PageUp&quot;:false,&quot;PageDown&quot;:false,&quot;ArrowUp&quot;:false,&quot;ArrowDown&quot;:false,&quot;ArrowRight&quot;:false,&quot;ArrowLeft&quot;:false},&quot;touch&quot;:false,&quot;backdropClick&quot;:false,&quot;l10n&quot;:{&quot;CLOSE&quot;:&quot;Close&quot;,&quot;NEXT&quot;:&quot;Next&quot;,&quot;PREV&quot;:&quot;Previous&quot;,&quot;Error&quot;:&quot;The requested content cannot be loaded. Please try again later.&quot;,&quot;PLAY_START&quot;:&quot;Start slideshow&quot;,&quot;PLAY_STOP&quot;:&quot;Pause slideshow&quot;,&quot;FULL_SCREEN&quot;:&quot;Full screen&quot;,&quot;THUMBS&quot;:&quot;Thumbnails&quot;,&quot;DOWNLOAD&quot;:&quot;Download&quot;,&quot;SHARE&quot;:&quot;Share&quot;,&quot;ZOOM&quot;:&quot;Zoom&quot;,&quot;EMAIL&quot;:&quot;Here is the link to the image : %%image_link%% and this is the link to the gallery : %%gallery_link%%&quot;,&quot;MODAL&quot;:&quot;You can close this modal content with the ESC key&quot;,&quot;ERROR&quot;:&quot;Something Went Wrong, Please Try Again Later&quot;,&quot;IMAGE_ERROR&quot;:&quot;Image Not Found&quot;,&quot;ELEMENT_NOT_FOUND&quot;:&quot;HTML Element Not Found&quot;,&quot;AJAX_NOT_FOUND&quot;:&quot;Error Loading AJAX : Not Found&quot;,&quot;AJAX_FORBIDDEN&quot;:&quot;Error Loading AJAX : Forbidden&quot;,&quot;IFRAME_ERROR&quot;:&quot;Error Loading Page&quot;,&quot;TOGGLE_ZOOM&quot;:&quot;Toggle zoom level&quot;,&quot;TOGGLE_THUMBS&quot;:&quot;Toggle thumbnails&quot;,&quot;TOGGLE_SLIDESHOW&quot;:&quot;Toggle slideshow&quot;,&quot;TOGGLE_FULLSCREEN&quot;:&quot;Toggle full-screen mode&quot;},&quot;Images&quot;:{&quot;Panzoom&quot;:{&quot;maxScale&quot;:2}},&quot;mainClass&quot;:&quot;modula-fancybox-container modula-lightbox-jtg-22594&quot;,&quot;Html&quot;:{&quot;videoAutoplay&quot;:0,&quot;videoTpl&quot;:&quot;&lt;video class=\\&quot;fancybox__html5video\\&quot; controls muted playsinline controlsList controlsList=\\&quot;nodownload\\&quot; poster=\\&quot;{{poster}}\\&quot; src=\\&quot;{{src}}\\&quot; type=\\&quot;{{format}}\\&quot; &gt;  Sorry, your browser doesn&#039;t support embedded videos, &lt;a href=\\&quot;{{src}}\\&quot;&gt; download &lt;\\\/a&gt; and watch with your favorite video player! &lt;\\\/video&gt;&quot;}},&quot;inView&quot;:false,&quot;email_subject&quot;:&quot;Check out this awesome image !!&quot;,&quot;email_message&quot;:&quot;Here is the link to the image : %%image_link%% and this is the link to the gallery : %%gallery_link%%&quot;,&quot;lightbox&quot;:&quot;fancybox&quot;}\">\n\n\t\n\t<div  class=\"modula-items\">\n\t\t<div class=\"modula-item effect-pufrobo\" >\n\t<div class=\"modula-item-overlay\"><\/div>\n\n\t<div class=\"modula-item-content\">\n\n\t\t<a data-image-id=\"22596\" role=\"button\" data-elementor-open-lightbox=\"no\" tabindex=\"0\" rel=\"jtg-22594\" data-caption=\"\" aria-label=\"Open image in lightbox\" class=\"tile-inner modula-item-link\"><\/a><img fetchpriority=\"high\" decoding=\"async\" class=\"pic wp-image-22596\"  data-valign=\"middle\" data-halign=\"center\" alt=\"\" data-full=\"https:\/\/www.klarairosa.com\/wp-content\/uploads\/2025\/02\/476182768_1435585517489131_3098126971838300368_n.jpg\" title=\"476182768_1435585517489131_3098126971838300368_n\" crop=\"\" width=\"300\" height=\"169\" src=\"https:\/\/www.klarairosa.com\/wp-content\/uploads\/2025\/02\/476182768_1435585517489131_3098126971838300368_n-300x169.jpg\" data-src=\"https:\/\/www.klarairosa.com\/wp-content\/uploads\/2025\/02\/476182768_1435585517489131_3098126971838300368_n-300x169.jpg\" data-caption=\"\" srcset=\"https:\/\/www.klarairosa.com\/wp-content\/uploads\/2025\/02\/476182768_1435585517489131_3098126971838300368_n.jpg 590w, https:\/\/www.klarairosa.com\/wp-content\/uploads\/2025\/02\/476182768_1435585517489131_3098126971838300368_n-300x169.jpg 300w, https:\/\/www.klarairosa.com\/wp-content\/uploads\/2025\/02\/476182768_1435585517489131_3098126971838300368_n-18x10.jpg 18w, https:\/\/www.klarairosa.com\/wp-content\/uploads\/2025\/02\/476182768_1435585517489131_3098126971838300368_n-539x303.jpg 539w\" sizes=\"(max-width: 300px) 100vw, 300px\" \/>\n\t\t<div class=\"figc no-description\">\n\t\t\t<div class=\"figc-inner\">\n\t\t\t\t\t\t\t\t\t\t\t\t\t\t\t<\/div>\n\t\t<\/div>\n\n\t<\/div>\n\n<\/div><div class=\"modula-item effect-pufrobo\" >\n\t<div class=\"modula-item-overlay\"><\/div>\n\n\t<div class=\"modula-item-content\">\n\n\t\t<a data-image-id=\"22598\" role=\"button\" data-elementor-open-lightbox=\"no\" tabindex=\"0\" rel=\"jtg-22594\" data-caption=\"\" aria-label=\"Open image in lightbox\" class=\"tile-inner modula-item-link\"><\/a><img decoding=\"async\" class=\"pic wp-image-22598\"  data-valign=\"middle\" data-halign=\"center\" alt=\"\" data-full=\"https:\/\/www.klarairosa.com\/wp-content\/uploads\/2025\/02\/475831188_1435585510822465_8194369351240256888_n.jpg\" title=\"475831188_1435585510822465_8194369351240256888_n\" crop=\"\" width=\"300\" height=\"169\" src=\"https:\/\/www.klarairosa.com\/wp-content\/uploads\/2025\/02\/475831188_1435585510822465_8194369351240256888_n-300x169.jpg\" data-src=\"https:\/\/www.klarairosa.com\/wp-content\/uploads\/2025\/02\/475831188_1435585510822465_8194369351240256888_n-300x169.jpg\" data-caption=\"\" srcset=\"https:\/\/www.klarairosa.com\/wp-content\/uploads\/2025\/02\/475831188_1435585510822465_8194369351240256888_n.jpg 590w, https:\/\/www.klarairosa.com\/wp-content\/uploads\/2025\/02\/475831188_1435585510822465_8194369351240256888_n-300x169.jpg 300w, https:\/\/www.klarairosa.com\/wp-content\/uploads\/2025\/02\/475831188_1435585510822465_8194369351240256888_n-18x10.jpg 18w, https:\/\/www.klarairosa.com\/wp-content\/uploads\/2025\/02\/475831188_1435585510822465_8194369351240256888_n-539x303.jpg 539w\" sizes=\"(max-width: 300px) 100vw, 300px\" \/>\n\t\t<div class=\"figc no-description\">\n\t\t\t<div class=\"figc-inner\">\n\t\t\t\t\t\t\t\t\t\t\t\t\t\t\t<\/div>\n\t\t<\/div>\n\n\t<\/div>\n\n<\/div><div class=\"modula-item effect-pufrobo\" >\n\t<div class=\"modula-item-overlay\"><\/div>\n\n\t<div class=\"modula-item-content\">\n\n\t\t<a data-image-id=\"22599\" role=\"button\" data-elementor-open-lightbox=\"no\" tabindex=\"0\" rel=\"jtg-22594\" data-caption=\"\" aria-label=\"Open image in lightbox\" class=\"tile-inner modula-item-link\"><\/a><img loading=\"lazy\" decoding=\"async\" class=\"pic wp-image-22599\"  data-valign=\"middle\" data-halign=\"center\" alt=\"\" data-full=\"https:\/\/www.klarairosa.com\/wp-content\/uploads\/2025\/02\/475873845_1435585514155798_8363465252963024996_n.jpg\" title=\"475873845_1435585514155798_8363465252963024996_n\" crop=\"\" width=\"300\" height=\"169\" src=\"https:\/\/www.klarairosa.com\/wp-content\/uploads\/2025\/02\/475873845_1435585514155798_8363465252963024996_n-300x169.jpg\" data-src=\"https:\/\/www.klarairosa.com\/wp-content\/uploads\/2025\/02\/475873845_1435585514155798_8363465252963024996_n-300x169.jpg\" data-caption=\"\" srcset=\"https:\/\/www.klarairosa.com\/wp-content\/uploads\/2025\/02\/475873845_1435585514155798_8363465252963024996_n.jpg 590w, https:\/\/www.klarairosa.com\/wp-content\/uploads\/2025\/02\/475873845_1435585514155798_8363465252963024996_n-300x169.jpg 300w, https:\/\/www.klarairosa.com\/wp-content\/uploads\/2025\/02\/475873845_1435585514155798_8363465252963024996_n-18x10.jpg 18w, https:\/\/www.klarairosa.com\/wp-content\/uploads\/2025\/02\/475873845_1435585514155798_8363465252963024996_n-539x303.jpg 539w\" sizes=\"(max-width: 300px) 100vw, 300px\" \/>\n\t\t<div class=\"figc no-description\">\n\t\t\t<div class=\"figc-inner\">\n\t\t\t\t\t\t\t\t\t\t\t\t\t\t\t<\/div>\n\t\t<\/div>\n\n\t<\/div>\n\n<\/div><div class=\"modula-item effect-pufrobo\" >\n\t<div class=\"modula-item-overlay\"><\/div>\n\n\t<div class=\"modula-item-content\">\n\n\t\t<a data-image-id=\"22595\" role=\"button\" data-elementor-open-lightbox=\"no\" tabindex=\"0\" rel=\"jtg-22594\" data-caption=\"\" aria-label=\"Open image in lightbox\" class=\"tile-inner modula-item-link\"><\/a><img loading=\"lazy\" decoding=\"async\" class=\"pic wp-image-22595\"  data-valign=\"middle\" data-halign=\"center\" alt=\"\" data-full=\"https:\/\/www.klarairosa.com\/wp-content\/uploads\/2025\/02\/476086417_1435585520822464_7028522621395941706_n.jpg\" title=\"476086417_1435585520822464_7028522621395941706_n\" crop=\"\" width=\"300\" height=\"169\" src=\"https:\/\/www.klarairosa.com\/wp-content\/uploads\/2025\/02\/476086417_1435585520822464_7028522621395941706_n-300x169.jpg\" data-src=\"https:\/\/www.klarairosa.com\/wp-content\/uploads\/2025\/02\/476086417_1435585520822464_7028522621395941706_n-300x169.jpg\" data-caption=\"\" srcset=\"https:\/\/www.klarairosa.com\/wp-content\/uploads\/2025\/02\/476086417_1435585520822464_7028522621395941706_n.jpg 590w, https:\/\/www.klarairosa.com\/wp-content\/uploads\/2025\/02\/476086417_1435585520822464_7028522621395941706_n-300x169.jpg 300w, https:\/\/www.klarairosa.com\/wp-content\/uploads\/2025\/02\/476086417_1435585520822464_7028522621395941706_n-18x10.jpg 18w, https:\/\/www.klarairosa.com\/wp-content\/uploads\/2025\/02\/476086417_1435585520822464_7028522621395941706_n-539x303.jpg 539w\" sizes=\"(max-width: 300px) 100vw, 300px\" \/>\n\t\t<div class=\"figc no-description\">\n\t\t\t<div class=\"figc-inner\">\n\t\t\t\t\t\t\t\t\t\t\t\t\t\t\t<\/div>\n\t\t<\/div>\n\n\t<\/div>\n\n<\/div><div class=\"modula-item effect-pufrobo\" >\n\t<div class=\"modula-item-overlay\"><\/div>\n\n\t<div class=\"modula-item-content\">\n\n\t\t<a data-image-id=\"22597\" role=\"button\" data-elementor-open-lightbox=\"no\" tabindex=\"0\" rel=\"jtg-22594\" data-caption=\"\" aria-label=\"Open image in lightbox\" class=\"tile-inner modula-item-link\"><\/a><img loading=\"lazy\" decoding=\"async\" class=\"pic wp-image-22597\"  data-valign=\"middle\" data-halign=\"center\" alt=\"\" data-full=\"https:\/\/www.klarairosa.com\/wp-content\/uploads\/2025\/02\/476497402_1435590360821980_6987687880433487020_n.jpg\" title=\"476497402_1435590360821980_6987687880433487020_n\" crop=\"\" width=\"300\" height=\"225\" src=\"https:\/\/www.klarairosa.com\/wp-content\/uploads\/2025\/02\/476497402_1435590360821980_6987687880433487020_n-300x225.jpg\" data-src=\"https:\/\/www.klarairosa.com\/wp-content\/uploads\/2025\/02\/476497402_1435590360821980_6987687880433487020_n-300x225.jpg\" data-caption=\"\" srcset=\"https:\/\/www.klarairosa.com\/wp-content\/uploads\/2025\/02\/476497402_1435590360821980_6987687880433487020_n.jpg 840w, https:\/\/www.klarairosa.com\/wp-content\/uploads\/2025\/02\/476497402_1435590360821980_6987687880433487020_n-300x225.jpg 300w, https:\/\/www.klarairosa.com\/wp-content\/uploads\/2025\/02\/476497402_1435590360821980_6987687880433487020_n-768x576.jpg 768w, https:\/\/www.klarairosa.com\/wp-content\/uploads\/2025\/02\/476497402_1435590360821980_6987687880433487020_n-16x12.jpg 16w, https:\/\/www.klarairosa.com\/wp-content\/uploads\/2025\/02\/476497402_1435590360821980_6987687880433487020_n-800x600.jpg 800w, https:\/\/www.klarairosa.com\/wp-content\/uploads\/2025\/02\/476497402_1435590360821980_6987687880433487020_n-700x525.jpg 700w\" sizes=\"(max-width: 300px) 100vw, 300px\" \/>\n\t\t<div class=\"figc no-description\">\n\t\t\t<div class=\"figc-inner\">\n\t\t\t\t\t\t\t\t\t\t\t\t\t\t\t<\/div>\n\t\t<\/div>\n\n\t<\/div>\n\n<\/div>\t\t\n\t<\/div>\n\n\t\n\t\n\t<script type=\"application\/ld+json\">\n\t{\n\t\t\"@context\": \"http:\/\/schema.org\",\n\t\t\"@type\"   : \"ImageGallery\",\n\t\t\"id\"      : \"https:\/\/www.klarairosa.com\/en\/o-zajednickom-mentalno-provetravanje-kako-disati-u-podeljenom-drustvu\/\",\n\t\t\"url\"     : \"https:\/\/www.klarairosa.com\/en\/o-zajednickom-mentalno-provetravanje-kako-disati-u-podeljenom-drustvu\/\"\n\t}\n\n\t<\/script>\n\n\t\n<\/div>\n\n","protected":false},"excerpt":{"rendered":"<p>Nepredvidivost, nesigurnost, nasilje, preplavljenost informacijama, dru\u0161tvene podele, strah me\u0111u kolegama i poznanicima, nakupljeni bes i&#8230;<\/p>","protected":false},"author":1,"featured_media":22575,"comment_status":"closed","ping_status":"closed","sticky":false,"template":"","format":"standard","meta":{"content-type":"","inline_featured_image":false,"footnotes":""},"categories":[109],"tags":[121,494,509,570,573,572,571,560,563,427,567,282,569,380,568,559,124,561,352,564,566,562,152,565,165],"class_list":["post-22572","post","type-post","status-publish","format-standard","has-post-thumbnail","hentry","category-aktuelno","tag-121","tag-act","tag-act-projekat","tag-akt","tag-akt-projekat","tag-aktivne-zajednice","tag-aktivno-drustvo","tag-arpad-pap","tag-blokade","tag-boris-telecki","tag-borjana-gavrilov","tag-community","tag-ekonomski-fakultet-subotica","tag-elena-cavlin","tag-gimnazija","tag-jovana-filipic","tag-klara-i-rosa","tag-mentalno-zdravlje","tag-o-zajednickom","tag-protesti","tag-srbija","tag-studenti","tag-subotica","tag-svi-u-blokade","tag-tribina"],"yoast_head":"<!-- This site is optimized with the Yoast SEO plugin v27.5 - https:\/\/yoast.com\/product\/yoast-seo-wordpress\/ -->\n<title>O ZAJEDNI\u010cKOM: MENTALNO PROVETRAVANJE - KAKO DISATI U PODELJENOM DRU\u0160TVU? - Klara i Rosa<\/title>\n<meta name=\"robots\" content=\"index, follow, max-snippet:-1, max-image-preview:large, max-video-preview:-1\" \/>\n<link rel=\"canonical\" href=\"https:\/\/www.klarairosa.com\/en\/o-zajednickom-mentalno-provetravanje-kako-disati-u-podeljenom-drustvu\/\" \/>\n<meta property=\"og:locale\" content=\"en_GB\" \/>\n<meta property=\"og:type\" content=\"article\" \/>\n<meta property=\"og:title\" content=\"O ZAJEDNI\u010cKOM: MENTALNO PROVETRAVANJE - KAKO DISATI U PODELJENOM DRU\u0160TVU? - Klara i Rosa\" \/>\n<meta property=\"og:description\" content=\"Nepredvidivost, nesigurnost, nasilje, preplavljenost informacijama, dru\u0161tvene podele, strah me\u0111u kolegama i poznanicima, nakupljeni bes i...\" \/>\n<meta property=\"og:url\" content=\"https:\/\/www.klarairosa.com\/en\/o-zajednickom-mentalno-provetravanje-kako-disati-u-podeljenom-drustvu\/\" \/>\n<meta property=\"og:site_name\" content=\"Klara i Rosa\" \/>\n<meta property=\"article:publisher\" content=\"https:\/\/www.facebook.com\/klarairosa\/\" \/>\n<meta property=\"article:published_time\" content=\"2025-01-31T10:21:31+00:00\" \/>\n<meta property=\"article:modified_time\" content=\"2025-03-31T10:45:04+00:00\" \/>\n<meta property=\"og:image\" content=\"https:\/\/www.klarairosa.com\/wp-content\/uploads\/2025\/01\/Untitled-1352-x-1005-px-1.jpg\" \/>\n\t<meta property=\"og:image:width\" content=\"1352\" \/>\n\t<meta property=\"og:image:height\" content=\"1005\" \/>\n\t<meta property=\"og:image:type\" content=\"image\/jpeg\" \/>\n<meta name=\"author\" content=\"Klara i Rosa\" \/>\n<meta name=\"twitter:card\" content=\"summary_large_image\" \/>\n<meta name=\"twitter:label1\" content=\"Written by\" \/>\n\t<meta name=\"twitter:data1\" content=\"Klara i Rosa\" \/>\n\t<meta name=\"twitter:label2\" content=\"Estimated reading time\" \/>\n\t<meta name=\"twitter:data2\" content=\"2 minutes\" \/>\n<script type=\"application\/ld+json\" class=\"yoast-schema-graph\">{\"@context\":\"https:\\\/\\\/schema.org\",\"@graph\":[{\"@type\":\"Article\",\"@id\":\"https:\\\/\\\/www.klarairosa.com\\\/o-zajednickom-mentalno-provetravanje-kako-disati-u-podeljenom-drustvu\\\/#article\",\"isPartOf\":{\"@id\":\"https:\\\/\\\/www.klarairosa.com\\\/o-zajednickom-mentalno-provetravanje-kako-disati-u-podeljenom-drustvu\\\/\"},\"author\":{\"name\":\"Klara i Rosa\",\"@id\":\"https:\\\/\\\/www.klarairosa.com\\\/en\\\/#\\\/schema\\\/person\\\/e4e7e9e5c8eeeddccf61e4532ae8e6ed\"},\"headline\":\"O ZAJEDNI\u010cKOM: MENTALNO PROVETRAVANJE &#8211; KAKO DISATI U PODELJENOM DRU\u0160TVU?\",\"datePublished\":\"2025-01-31T10:21:31+00:00\",\"dateModified\":\"2025-03-31T10:45:04+00:00\",\"mainEntityOfPage\":{\"@id\":\"https:\\\/\\\/www.klarairosa.com\\\/o-zajednickom-mentalno-provetravanje-kako-disati-u-podeljenom-drustvu\\\/\"},\"wordCount\":331,\"publisher\":{\"@id\":\"https:\\\/\\\/www.klarairosa.com\\\/en\\\/#organization\"},\"image\":{\"@id\":\"https:\\\/\\\/www.klarairosa.com\\\/o-zajednickom-mentalno-provetravanje-kako-disati-u-podeljenom-drustvu\\\/#primaryimage\"},\"thumbnailUrl\":\"https:\\\/\\\/www.klarairosa.com\\\/wp-content\\\/uploads\\\/2025\\\/01\\\/Untitled-1352-x-1005-px-1.jpg\",\"keywords\":[\"2023\",\"act\",\"act projekat\",\"akt\",\"akt projekat\",\"aktivne zajednice\",\"aktivno dru\u0161tvo\",\"arpad pap\",\"blokade\",\"Boris Tele\u010dki\",\"borjana gavrilov\",\"community\",\"ekonomski fakultet subotica\",\"elena cavlin\",\"gimnazija\",\"jovana filipic\",\"Klara i Rosa\",\"mentalno zdravlje\",\"o zajednickom\",\"protesti\",\"srbija\",\"studenti\",\"subotica\",\"svi u blokade\",\"tribina\"],\"articleSection\":[\"Aktuelno\"],\"inLanguage\":\"en-GB\"},{\"@type\":\"WebPage\",\"@id\":\"https:\\\/\\\/www.klarairosa.com\\\/o-zajednickom-mentalno-provetravanje-kako-disati-u-podeljenom-drustvu\\\/\",\"url\":\"https:\\\/\\\/www.klarairosa.com\\\/o-zajednickom-mentalno-provetravanje-kako-disati-u-podeljenom-drustvu\\\/\",\"name\":\"O ZAJEDNI\u010cKOM: MENTALNO PROVETRAVANJE - KAKO DISATI U PODELJENOM DRU\u0160TVU? - Klara i Rosa\",\"isPartOf\":{\"@id\":\"https:\\\/\\\/www.klarairosa.com\\\/en\\\/#website\"},\"primaryImageOfPage\":{\"@id\":\"https:\\\/\\\/www.klarairosa.com\\\/o-zajednickom-mentalno-provetravanje-kako-disati-u-podeljenom-drustvu\\\/#primaryimage\"},\"image\":{\"@id\":\"https:\\\/\\\/www.klarairosa.com\\\/o-zajednickom-mentalno-provetravanje-kako-disati-u-podeljenom-drustvu\\\/#primaryimage\"},\"thumbnailUrl\":\"https:\\\/\\\/www.klarairosa.com\\\/wp-content\\\/uploads\\\/2025\\\/01\\\/Untitled-1352-x-1005-px-1.jpg\",\"datePublished\":\"2025-01-31T10:21:31+00:00\",\"dateModified\":\"2025-03-31T10:45:04+00:00\",\"breadcrumb\":{\"@id\":\"https:\\\/\\\/www.klarairosa.com\\\/o-zajednickom-mentalno-provetravanje-kako-disati-u-podeljenom-drustvu\\\/#breadcrumb\"},\"inLanguage\":\"en-GB\",\"potentialAction\":[{\"@type\":\"ReadAction\",\"target\":[\"https:\\\/\\\/www.klarairosa.com\\\/o-zajednickom-mentalno-provetravanje-kako-disati-u-podeljenom-drustvu\\\/\"]}]},{\"@type\":\"ImageObject\",\"inLanguage\":\"en-GB\",\"@id\":\"https:\\\/\\\/www.klarairosa.com\\\/o-zajednickom-mentalno-provetravanje-kako-disati-u-podeljenom-drustvu\\\/#primaryimage\",\"url\":\"https:\\\/\\\/www.klarairosa.com\\\/wp-content\\\/uploads\\\/2025\\\/01\\\/Untitled-1352-x-1005-px-1.jpg\",\"contentUrl\":\"https:\\\/\\\/www.klarairosa.com\\\/wp-content\\\/uploads\\\/2025\\\/01\\\/Untitled-1352-x-1005-px-1.jpg\",\"width\":1352,\"height\":1005},{\"@type\":\"BreadcrumbList\",\"@id\":\"https:\\\/\\\/www.klarairosa.com\\\/o-zajednickom-mentalno-provetravanje-kako-disati-u-podeljenom-drustvu\\\/#breadcrumb\",\"itemListElement\":[{\"@type\":\"ListItem\",\"position\":1,\"name\":\"Home\",\"item\":\"https:\\\/\\\/www.klarairosa.com\\\/\"},{\"@type\":\"ListItem\",\"position\":2,\"name\":\"O ZAJEDNI\u010cKOM: MENTALNO PROVETRAVANJE &#8211; KAKO DISATI U PODELJENOM DRU\u0160TVU?\"}]},{\"@type\":\"WebSite\",\"@id\":\"https:\\\/\\\/www.klarairosa.com\\\/en\\\/#website\",\"url\":\"https:\\\/\\\/www.klarairosa.com\\\/en\\\/\",\"name\":\"Klara i Rosa\",\"description\":\"Klara i Rosa\",\"publisher\":{\"@id\":\"https:\\\/\\\/www.klarairosa.com\\\/en\\\/#organization\"},\"potentialAction\":[{\"@type\":\"SearchAction\",\"target\":{\"@type\":\"EntryPoint\",\"urlTemplate\":\"https:\\\/\\\/www.klarairosa.com\\\/en\\\/?s={search_term_string}\"},\"query-input\":{\"@type\":\"PropertyValueSpecification\",\"valueRequired\":true,\"valueName\":\"search_term_string\"}}],\"inLanguage\":\"en-GB\"},{\"@type\":\"Organization\",\"@id\":\"https:\\\/\\\/www.klarairosa.com\\\/en\\\/#organization\",\"name\":\"Klara i Rosa\",\"url\":\"https:\\\/\\\/www.klarairosa.com\\\/en\\\/\",\"logo\":{\"@type\":\"ImageObject\",\"inLanguage\":\"en-GB\",\"@id\":\"https:\\\/\\\/www.klarairosa.com\\\/en\\\/#\\\/schema\\\/logo\\\/image\\\/\",\"url\":\"https:\\\/\\\/www.klarairosa.com\\\/wp-content\\\/uploads\\\/2022\\\/01\\\/logo.svg\",\"contentUrl\":\"https:\\\/\\\/www.klarairosa.com\\\/wp-content\\\/uploads\\\/2022\\\/01\\\/logo.svg\",\"width\":110,\"height\":139,\"caption\":\"Klara i Rosa\"},\"image\":{\"@id\":\"https:\\\/\\\/www.klarairosa.com\\\/en\\\/#\\\/schema\\\/logo\\\/image\\\/\"},\"sameAs\":[\"https:\\\/\\\/www.facebook.com\\\/klarairosa\\\/\",\"https:\\\/\\\/www.instagram.com\\\/ugklarairosa\\\/\"]},{\"@type\":\"Person\",\"@id\":\"https:\\\/\\\/www.klarairosa.com\\\/en\\\/#\\\/schema\\\/person\\\/e4e7e9e5c8eeeddccf61e4532ae8e6ed\",\"name\":\"Klara i Rosa\",\"image\":{\"@type\":\"ImageObject\",\"inLanguage\":\"en-GB\",\"@id\":\"https:\\\/\\\/secure.gravatar.com\\\/avatar\\\/c83ee539a067b9f57ae5d8999ae286c4f98b5c4bd943b8cbb64f6b0fc1f29e40?s=96&d=mm&r=g\",\"url\":\"https:\\\/\\\/secure.gravatar.com\\\/avatar\\\/c83ee539a067b9f57ae5d8999ae286c4f98b5c4bd943b8cbb64f6b0fc1f29e40?s=96&d=mm&r=g\",\"contentUrl\":\"https:\\\/\\\/secure.gravatar.com\\\/avatar\\\/c83ee539a067b9f57ae5d8999ae286c4f98b5c4bd943b8cbb64f6b0fc1f29e40?s=96&d=mm&r=g\",\"caption\":\"Klara i Rosa\"},\"sameAs\":[\"https:\\\/\\\/klarairosa.com\"],\"url\":\"https:\\\/\\\/www.klarairosa.com\\\/en\\\/author\\\/rosaiklara\\\/\"}]}<\/script>\n<!-- \/ Yoast SEO plugin. -->","yoast_head_json":{"title":"O ZAJEDNI\u010cKOM: MENTALNO PROVETRAVANJE - KAKO DISATI U PODELJENOM DRU\u0160TVU? - Klara i Rosa","robots":{"index":"index","follow":"follow","max-snippet":"max-snippet:-1","max-image-preview":"max-image-preview:large","max-video-preview":"max-video-preview:-1"},"canonical":"https:\/\/www.klarairosa.com\/en\/o-zajednickom-mentalno-provetravanje-kako-disati-u-podeljenom-drustvu\/","og_locale":"en_GB","og_type":"article","og_title":"O ZAJEDNI\u010cKOM: MENTALNO PROVETRAVANJE - KAKO DISATI U PODELJENOM DRU\u0160TVU? - Klara i Rosa","og_description":"Nepredvidivost, nesigurnost, nasilje, preplavljenost informacijama, dru\u0161tvene podele, strah me\u0111u kolegama i poznanicima, nakupljeni bes i...","og_url":"https:\/\/www.klarairosa.com\/en\/o-zajednickom-mentalno-provetravanje-kako-disati-u-podeljenom-drustvu\/","og_site_name":"Klara i Rosa","article_publisher":"https:\/\/www.facebook.com\/klarairosa\/","article_published_time":"2025-01-31T10:21:31+00:00","article_modified_time":"2025-03-31T10:45:04+00:00","og_image":[{"width":1352,"height":1005,"url":"https:\/\/www.klarairosa.com\/wp-content\/uploads\/2025\/01\/Untitled-1352-x-1005-px-1.jpg","type":"image\/jpeg"}],"author":"Klara i Rosa","twitter_card":"summary_large_image","twitter_misc":{"Written by":"Klara i Rosa","Estimated reading time":"2 minutes"},"schema":{"@context":"https:\/\/schema.org","@graph":[{"@type":"Article","@id":"https:\/\/www.klarairosa.com\/o-zajednickom-mentalno-provetravanje-kako-disati-u-podeljenom-drustvu\/#article","isPartOf":{"@id":"https:\/\/www.klarairosa.com\/o-zajednickom-mentalno-provetravanje-kako-disati-u-podeljenom-drustvu\/"},"author":{"name":"Klara i Rosa","@id":"https:\/\/www.klarairosa.com\/en\/#\/schema\/person\/e4e7e9e5c8eeeddccf61e4532ae8e6ed"},"headline":"O ZAJEDNI\u010cKOM: MENTALNO PROVETRAVANJE &#8211; KAKO DISATI U PODELJENOM DRU\u0160TVU?","datePublished":"2025-01-31T10:21:31+00:00","dateModified":"2025-03-31T10:45:04+00:00","mainEntityOfPage":{"@id":"https:\/\/www.klarairosa.com\/o-zajednickom-mentalno-provetravanje-kako-disati-u-podeljenom-drustvu\/"},"wordCount":331,"publisher":{"@id":"https:\/\/www.klarairosa.com\/en\/#organization"},"image":{"@id":"https:\/\/www.klarairosa.com\/o-zajednickom-mentalno-provetravanje-kako-disati-u-podeljenom-drustvu\/#primaryimage"},"thumbnailUrl":"https:\/\/www.klarairosa.com\/wp-content\/uploads\/2025\/01\/Untitled-1352-x-1005-px-1.jpg","keywords":["2023","act","act projekat","akt","akt projekat","aktivne zajednice","aktivno dru\u0161tvo","arpad pap","blokade","Boris Tele\u010dki","borjana gavrilov","community","ekonomski fakultet subotica","elena cavlin","gimnazija","jovana filipic","Klara i Rosa","mentalno zdravlje","o zajednickom","protesti","srbija","studenti","subotica","svi u blokade","tribina"],"articleSection":["Aktuelno"],"inLanguage":"en-GB"},{"@type":"WebPage","@id":"https:\/\/www.klarairosa.com\/o-zajednickom-mentalno-provetravanje-kako-disati-u-podeljenom-drustvu\/","url":"https:\/\/www.klarairosa.com\/o-zajednickom-mentalno-provetravanje-kako-disati-u-podeljenom-drustvu\/","name":"O ZAJEDNI\u010cKOM: MENTALNO PROVETRAVANJE - KAKO DISATI U PODELJENOM DRU\u0160TVU? - Klara i Rosa","isPartOf":{"@id":"https:\/\/www.klarairosa.com\/en\/#website"},"primaryImageOfPage":{"@id":"https:\/\/www.klarairosa.com\/o-zajednickom-mentalno-provetravanje-kako-disati-u-podeljenom-drustvu\/#primaryimage"},"image":{"@id":"https:\/\/www.klarairosa.com\/o-zajednickom-mentalno-provetravanje-kako-disati-u-podeljenom-drustvu\/#primaryimage"},"thumbnailUrl":"https:\/\/www.klarairosa.com\/wp-content\/uploads\/2025\/01\/Untitled-1352-x-1005-px-1.jpg","datePublished":"2025-01-31T10:21:31+00:00","dateModified":"2025-03-31T10:45:04+00:00","breadcrumb":{"@id":"https:\/\/www.klarairosa.com\/o-zajednickom-mentalno-provetravanje-kako-disati-u-podeljenom-drustvu\/#breadcrumb"},"inLanguage":"en-GB","potentialAction":[{"@type":"ReadAction","target":["https:\/\/www.klarairosa.com\/o-zajednickom-mentalno-provetravanje-kako-disati-u-podeljenom-drustvu\/"]}]},{"@type":"ImageObject","inLanguage":"en-GB","@id":"https:\/\/www.klarairosa.com\/o-zajednickom-mentalno-provetravanje-kako-disati-u-podeljenom-drustvu\/#primaryimage","url":"https:\/\/www.klarairosa.com\/wp-content\/uploads\/2025\/01\/Untitled-1352-x-1005-px-1.jpg","contentUrl":"https:\/\/www.klarairosa.com\/wp-content\/uploads\/2025\/01\/Untitled-1352-x-1005-px-1.jpg","width":1352,"height":1005},{"@type":"BreadcrumbList","@id":"https:\/\/www.klarairosa.com\/o-zajednickom-mentalno-provetravanje-kako-disati-u-podeljenom-drustvu\/#breadcrumb","itemListElement":[{"@type":"ListItem","position":1,"name":"Home","item":"https:\/\/www.klarairosa.com\/"},{"@type":"ListItem","position":2,"name":"O ZAJEDNI\u010cKOM: MENTALNO PROVETRAVANJE &#8211; KAKO DISATI U PODELJENOM DRU\u0160TVU?"}]},{"@type":"WebSite","@id":"https:\/\/www.klarairosa.com\/en\/#website","url":"https:\/\/www.klarairosa.com\/en\/","name":"Klara i Rosa","description":"Klara i Rosa","publisher":{"@id":"https:\/\/www.klarairosa.com\/en\/#organization"},"potentialAction":[{"@type":"SearchAction","target":{"@type":"EntryPoint","urlTemplate":"https:\/\/www.klarairosa.com\/en\/?s={search_term_string}"},"query-input":{"@type":"PropertyValueSpecification","valueRequired":true,"valueName":"search_term_string"}}],"inLanguage":"en-GB"},{"@type":"Organization","@id":"https:\/\/www.klarairosa.com\/en\/#organization","name":"Klara i Rosa","url":"https:\/\/www.klarairosa.com\/en\/","logo":{"@type":"ImageObject","inLanguage":"en-GB","@id":"https:\/\/www.klarairosa.com\/en\/#\/schema\/logo\/image\/","url":"https:\/\/www.klarairosa.com\/wp-content\/uploads\/2022\/01\/logo.svg","contentUrl":"https:\/\/www.klarairosa.com\/wp-content\/uploads\/2022\/01\/logo.svg","width":110,"height":139,"caption":"Klara i Rosa"},"image":{"@id":"https:\/\/www.klarairosa.com\/en\/#\/schema\/logo\/image\/"},"sameAs":["https:\/\/www.facebook.com\/klarairosa\/","https:\/\/www.instagram.com\/ugklarairosa\/"]},{"@type":"Person","@id":"https:\/\/www.klarairosa.com\/en\/#\/schema\/person\/e4e7e9e5c8eeeddccf61e4532ae8e6ed","name":"Klara i Rosa","image":{"@type":"ImageObject","inLanguage":"en-GB","@id":"https:\/\/secure.gravatar.com\/avatar\/c83ee539a067b9f57ae5d8999ae286c4f98b5c4bd943b8cbb64f6b0fc1f29e40?s=96&d=mm&r=g","url":"https:\/\/secure.gravatar.com\/avatar\/c83ee539a067b9f57ae5d8999ae286c4f98b5c4bd943b8cbb64f6b0fc1f29e40?s=96&d=mm&r=g","contentUrl":"https:\/\/secure.gravatar.com\/avatar\/c83ee539a067b9f57ae5d8999ae286c4f98b5c4bd943b8cbb64f6b0fc1f29e40?s=96&d=mm&r=g","caption":"Klara i Rosa"},"sameAs":["https:\/\/klarairosa.com"],"url":"https:\/\/www.klarairosa.com\/en\/author\/rosaiklara\/"}]}},"_links":{"self":[{"href":"https:\/\/www.klarairosa.com\/en\/wp-json\/wp\/v2\/posts\/22572","targetHints":{"allow":["GET"]}}],"collection":[{"href":"https:\/\/www.klarairosa.com\/en\/wp-json\/wp\/v2\/posts"}],"about":[{"href":"https:\/\/www.klarairosa.com\/en\/wp-json\/wp\/v2\/types\/post"}],"author":[{"embeddable":true,"href":"https:\/\/www.klarairosa.com\/en\/wp-json\/wp\/v2\/users\/1"}],"replies":[{"embeddable":true,"href":"https:\/\/www.klarairosa.com\/en\/wp-json\/wp\/v2\/comments?post=22572"}],"version-history":[{"count":6,"href":"https:\/\/www.klarairosa.com\/en\/wp-json\/wp\/v2\/posts\/22572\/revisions"}],"predecessor-version":[{"id":22764,"href":"https:\/\/www.klarairosa.com\/en\/wp-json\/wp\/v2\/posts\/22572\/revisions\/22764"}],"wp:featuredmedia":[{"embeddable":true,"href":"https:\/\/www.klarairosa.com\/en\/wp-json\/wp\/v2\/media\/22575"}],"wp:attachment":[{"href":"https:\/\/www.klarairosa.com\/en\/wp-json\/wp\/v2\/media?parent=22572"}],"wp:term":[{"taxonomy":"category","embeddable":true,"href":"https:\/\/www.klarairosa.com\/en\/wp-json\/wp\/v2\/categories?post=22572"},{"taxonomy":"post_tag","embeddable":true,"href":"https:\/\/www.klarairosa.com\/en\/wp-json\/wp\/v2\/tags?post=22572"}],"curies":[{"name":"wp","href":"https:\/\/api.w.org\/{rel}","templated":true}]}}