{"id":22317,"date":"2024-11-15T10:52:11","date_gmt":"2024-11-15T10:52:11","guid":{"rendered":"https:\/\/www.klarairosa.com\/?p=22317"},"modified":"2024-11-17T18:00:05","modified_gmt":"2024-11-17T18:00:05","slug":"o-zajednickom-kako-podrzati-mlade","status":"publish","type":"post","link":"https:\/\/www.klarairosa.com\/en\/o-zajednickom-kako-podrzati-mlade\/","title":{"rendered":"ABOUT THE COMMON: HOW TO SUPPORT YOUTH?"},"content":{"rendered":"<p style=\"text-align: justify;\">Being a parent of a minor or teenager in today's society is a significant challenge due to the complex issues children and parents face. In a context where social, political, and economic conditions often bring uncertainty, parents experience additional pressure in their efforts to provide stability and emotional support for their children.<\/p>\n<p style=\"text-align: justify;\">.<br \/>\nModern challenges such as anxiety, attention disorders, depression, peer violence, and school incidents deeply affect teenagers during their formative years. Young people are increasingly withdrawing or losing interest in previously enjoyable activities, signaling the difficulties they face and the erosion of values that form the foundation of psychological health and happiness. Additionally, many seek refuge in the virtual world, which offers a temporary escape but often disconnects them from reality, social interactions, and personal goals.<\/p>\n<p style=\"text-align: justify;\">.<br \/>\n<strong>To address ways of supporting youth and their mental health, a panel discussion will be held at Klara i Rosa (15 Petefi \u0160andor Street) on Wednesday, November 20, 2024, at 7 PM.<\/strong>.<\/p>\n<p style=\"text-align: justify;\">.<br \/>\nPanelists are:\nVesna Bojani\u0107, MA in Psychology and Integrative Child Psychotherapist\nMarina Pare\u017eanin, Certified Pedagogue and Activity Leader at the Center for Counseling and Prevention of Behavioral Issues in Children and Youth, \u017dofia Hulo, Youth Worker, and\nNata\u0161a Kustudi\u0107 Nikoleti\u0107, President of the Local Parent Council's first convocation (2017\/18 and later).\nModerator: Elena \u010cavlin, a student at the Faculty of Political Sciences in Belgrade.<\/p>\n<p style=\"text-align: justify;\">.<br \/>\nThis discussion aims to foster conversations on collective parenting efforts, mutual support, youth empowerment, and the impact parents and communities have on young people. The goal is to create an open dialogue and a free space for exchanging ideas and finding solutions that could improve the current situation.<\/p>\n<p style=\"text-align: justify;\">.<br \/>\nResearch shows that families today are more exposed to negative influences than ever before. Some of the additional risks include parents' lack of personal capacity, inadequate behavior models inherited from their families of origin, unemployment, difficulties balancing professional and family life, family alienation, or lack of familial support.<\/p>\n<p>.<\/p>\n<p>This event is part of the \"Together for an Active Civil Society \u2013 ACT\" project, supported by the Government of Switzerland and implemented by Helvetas Serbia and Civic Initiatives. ACT aims to build an active civil society where citizens play a greater role in decision-making processes, especially at the local level.<\/p>\n<p style=\"text-align: justify;\">","protected":false},"excerpt":{"rendered":"<p>Biti roditelj maloletnog deteta ili tinejd\u017eera u dana\u0161njem dru\u0161tvu zaista je velik izazov, s obzirom&#8230;<\/p>","protected":false},"author":1,"featured_media":22324,"comment_status":"closed","ping_status":"closed","sticky":false,"template":"","format":"standard","meta":{"content-type":"","inline_featured_image":false,"footnotes":""},"categories":[109],"tags":[121,494,509,282,380,495,124,298,352,152,165,496,497],"class_list":["post-22317","post","type-post","status-publish","format-standard","has-post-thumbnail","hentry","category-aktuelno","tag-121","tag-act","tag-act-projekat","tag-community","tag-elena-cavlin","tag-gradjanske-inicijative","tag-klara-i-rosa","tag-marina-parezanin","tag-o-zajednickom","tag-subotica","tag-tribina","tag-vesna-bojanic","tag-zofi-hulo"],"yoast_head":"<!-- This site is optimized with the Yoast SEO plugin v27.5 - https:\/\/yoast.com\/product\/yoast-seo-wordpress\/ -->\n<title>O ZAJEDNI\u010cKOM: KAKO PODR\u017dATI MLADE? - Klara i Rosa<\/title>\n<meta name=\"robots\" content=\"index, follow, max-snippet:-1, max-image-preview:large, max-video-preview:-1\" \/>\n<link rel=\"canonical\" href=\"https:\/\/www.klarairosa.com\/en\/o-zajednickom-kako-podrzati-mlade\/\" \/>\n<meta property=\"og:locale\" content=\"en_GB\" \/>\n<meta property=\"og:type\" content=\"article\" \/>\n<meta property=\"og:title\" content=\"O ZAJEDNI\u010cKOM: KAKO PODR\u017dATI MLADE? - Klara i Rosa\" \/>\n<meta property=\"og:description\" content=\"Biti roditelj maloletnog deteta ili tinejd\u017eera u dana\u0161njem dru\u0161tvu zaista je velik izazov, s obzirom...\" \/>\n<meta property=\"og:url\" content=\"https:\/\/www.klarairosa.com\/en\/o-zajednickom-kako-podrzati-mlade\/\" \/>\n<meta property=\"og:site_name\" content=\"Klara i Rosa\" \/>\n<meta property=\"article:publisher\" content=\"https:\/\/www.facebook.com\/klarairosa\/\" \/>\n<meta property=\"article:published_time\" content=\"2024-11-15T10:52:11+00:00\" \/>\n<meta property=\"article:modified_time\" content=\"2024-11-17T18:00:05+00:00\" \/>\n<meta property=\"og:image\" content=\"https:\/\/www.klarairosa.com\/wp-content\/uploads\/2024\/11\/1.-SAJT-O-zajednickom.jpg\" \/>\n\t<meta property=\"og:image:width\" content=\"1352\" \/>\n\t<meta property=\"og:image:height\" content=\"1005\" \/>\n\t<meta property=\"og:image:type\" content=\"image\/jpeg\" \/>\n<meta name=\"author\" content=\"Klara i Rosa\" \/>\n<meta name=\"twitter:card\" content=\"summary_large_image\" \/>\n<meta name=\"twitter:label1\" content=\"Written by\" \/>\n\t<meta name=\"twitter:data1\" content=\"Klara i Rosa\" \/>\n\t<meta name=\"twitter:label2\" content=\"Estimated reading time\" \/>\n\t<meta name=\"twitter:data2\" content=\"2 minutes\" \/>\n<script type=\"application\/ld+json\" class=\"yoast-schema-graph\">{\"@context\":\"https:\\\/\\\/schema.org\",\"@graph\":[{\"@type\":\"Article\",\"@id\":\"https:\\\/\\\/www.klarairosa.com\\\/o-zajednickom-kako-podrzati-mlade\\\/#article\",\"isPartOf\":{\"@id\":\"https:\\\/\\\/www.klarairosa.com\\\/o-zajednickom-kako-podrzati-mlade\\\/\"},\"author\":{\"name\":\"Klara i Rosa\",\"@id\":\"https:\\\/\\\/www.klarairosa.com\\\/en\\\/#\\\/schema\\\/person\\\/e4e7e9e5c8eeeddccf61e4532ae8e6ed\"},\"headline\":\"O ZAJEDNI\u010cKOM: KAKO PODR\u017dATI MLADE?\",\"datePublished\":\"2024-11-15T10:52:11+00:00\",\"dateModified\":\"2024-11-17T18:00:05+00:00\",\"mainEntityOfPage\":{\"@id\":\"https:\\\/\\\/www.klarairosa.com\\\/o-zajednickom-kako-podrzati-mlade\\\/\"},\"wordCount\":422,\"publisher\":{\"@id\":\"https:\\\/\\\/www.klarairosa.com\\\/en\\\/#organization\"},\"image\":{\"@id\":\"https:\\\/\\\/www.klarairosa.com\\\/o-zajednickom-kako-podrzati-mlade\\\/#primaryimage\"},\"thumbnailUrl\":\"https:\\\/\\\/www.klarairosa.com\\\/wp-content\\\/uploads\\\/2024\\\/11\\\/1.-SAJT-O-zajednickom.jpg\",\"keywords\":[\"2023\",\"act\",\"act projekat\",\"community\",\"elena cavlin\",\"gra\u0111anske inicijative\",\"Klara i Rosa\",\"marina parezanin\",\"o zajednickom\",\"subotica\",\"tribina\",\"vesna bojanic\",\"zofi hulo\"],\"articleSection\":[\"Aktuelno\"],\"inLanguage\":\"en-GB\"},{\"@type\":\"WebPage\",\"@id\":\"https:\\\/\\\/www.klarairosa.com\\\/o-zajednickom-kako-podrzati-mlade\\\/\",\"url\":\"https:\\\/\\\/www.klarairosa.com\\\/o-zajednickom-kako-podrzati-mlade\\\/\",\"name\":\"O ZAJEDNI\u010cKOM: KAKO PODR\u017dATI MLADE? - Klara i Rosa\",\"isPartOf\":{\"@id\":\"https:\\\/\\\/www.klarairosa.com\\\/en\\\/#website\"},\"primaryImageOfPage\":{\"@id\":\"https:\\\/\\\/www.klarairosa.com\\\/o-zajednickom-kako-podrzati-mlade\\\/#primaryimage\"},\"image\":{\"@id\":\"https:\\\/\\\/www.klarairosa.com\\\/o-zajednickom-kako-podrzati-mlade\\\/#primaryimage\"},\"thumbnailUrl\":\"https:\\\/\\\/www.klarairosa.com\\\/wp-content\\\/uploads\\\/2024\\\/11\\\/1.-SAJT-O-zajednickom.jpg\",\"datePublished\":\"2024-11-15T10:52:11+00:00\",\"dateModified\":\"2024-11-17T18:00:05+00:00\",\"breadcrumb\":{\"@id\":\"https:\\\/\\\/www.klarairosa.com\\\/o-zajednickom-kako-podrzati-mlade\\\/#breadcrumb\"},\"inLanguage\":\"en-GB\",\"potentialAction\":[{\"@type\":\"ReadAction\",\"target\":[\"https:\\\/\\\/www.klarairosa.com\\\/o-zajednickom-kako-podrzati-mlade\\\/\"]}]},{\"@type\":\"ImageObject\",\"inLanguage\":\"en-GB\",\"@id\":\"https:\\\/\\\/www.klarairosa.com\\\/o-zajednickom-kako-podrzati-mlade\\\/#primaryimage\",\"url\":\"https:\\\/\\\/www.klarairosa.com\\\/wp-content\\\/uploads\\\/2024\\\/11\\\/1.-SAJT-O-zajednickom.jpg\",\"contentUrl\":\"https:\\\/\\\/www.klarairosa.com\\\/wp-content\\\/uploads\\\/2024\\\/11\\\/1.-SAJT-O-zajednickom.jpg\",\"width\":1352,\"height\":1005},{\"@type\":\"BreadcrumbList\",\"@id\":\"https:\\\/\\\/www.klarairosa.com\\\/o-zajednickom-kako-podrzati-mlade\\\/#breadcrumb\",\"itemListElement\":[{\"@type\":\"ListItem\",\"position\":1,\"name\":\"Home\",\"item\":\"https:\\\/\\\/www.klarairosa.com\\\/\"},{\"@type\":\"ListItem\",\"position\":2,\"name\":\"O ZAJEDNI\u010cKOM: KAKO PODR\u017dATI MLADE?\"}]},{\"@type\":\"WebSite\",\"@id\":\"https:\\\/\\\/www.klarairosa.com\\\/en\\\/#website\",\"url\":\"https:\\\/\\\/www.klarairosa.com\\\/en\\\/\",\"name\":\"Klara i Rosa\",\"description\":\"Klara i Rosa\",\"publisher\":{\"@id\":\"https:\\\/\\\/www.klarairosa.com\\\/en\\\/#organization\"},\"potentialAction\":[{\"@type\":\"SearchAction\",\"target\":{\"@type\":\"EntryPoint\",\"urlTemplate\":\"https:\\\/\\\/www.klarairosa.com\\\/en\\\/?s={search_term_string}\"},\"query-input\":{\"@type\":\"PropertyValueSpecification\",\"valueRequired\":true,\"valueName\":\"search_term_string\"}}],\"inLanguage\":\"en-GB\"},{\"@type\":\"Organization\",\"@id\":\"https:\\\/\\\/www.klarairosa.com\\\/en\\\/#organization\",\"name\":\"Klara i Rosa\",\"url\":\"https:\\\/\\\/www.klarairosa.com\\\/en\\\/\",\"logo\":{\"@type\":\"ImageObject\",\"inLanguage\":\"en-GB\",\"@id\":\"https:\\\/\\\/www.klarairosa.com\\\/en\\\/#\\\/schema\\\/logo\\\/image\\\/\",\"url\":\"https:\\\/\\\/www.klarairosa.com\\\/wp-content\\\/uploads\\\/2022\\\/01\\\/logo.svg\",\"contentUrl\":\"https:\\\/\\\/www.klarairosa.com\\\/wp-content\\\/uploads\\\/2022\\\/01\\\/logo.svg\",\"width\":110,\"height\":139,\"caption\":\"Klara i Rosa\"},\"image\":{\"@id\":\"https:\\\/\\\/www.klarairosa.com\\\/en\\\/#\\\/schema\\\/logo\\\/image\\\/\"},\"sameAs\":[\"https:\\\/\\\/www.facebook.com\\\/klarairosa\\\/\",\"https:\\\/\\\/www.instagram.com\\\/ugklarairosa\\\/\"]},{\"@type\":\"Person\",\"@id\":\"https:\\\/\\\/www.klarairosa.com\\\/en\\\/#\\\/schema\\\/person\\\/e4e7e9e5c8eeeddccf61e4532ae8e6ed\",\"name\":\"Klara i Rosa\",\"image\":{\"@type\":\"ImageObject\",\"inLanguage\":\"en-GB\",\"@id\":\"https:\\\/\\\/secure.gravatar.com\\\/avatar\\\/c83ee539a067b9f57ae5d8999ae286c4f98b5c4bd943b8cbb64f6b0fc1f29e40?s=96&d=mm&r=g\",\"url\":\"https:\\\/\\\/secure.gravatar.com\\\/avatar\\\/c83ee539a067b9f57ae5d8999ae286c4f98b5c4bd943b8cbb64f6b0fc1f29e40?s=96&d=mm&r=g\",\"contentUrl\":\"https:\\\/\\\/secure.gravatar.com\\\/avatar\\\/c83ee539a067b9f57ae5d8999ae286c4f98b5c4bd943b8cbb64f6b0fc1f29e40?s=96&d=mm&r=g\",\"caption\":\"Klara i Rosa\"},\"sameAs\":[\"https:\\\/\\\/klarairosa.com\"],\"url\":\"https:\\\/\\\/www.klarairosa.com\\\/en\\\/author\\\/rosaiklara\\\/\"}]}<\/script>\n<!-- \/ Yoast SEO plugin. -->","yoast_head_json":{"title":"O ZAJEDNI\u010cKOM: KAKO PODR\u017dATI MLADE? - Klara i Rosa","robots":{"index":"index","follow":"follow","max-snippet":"max-snippet:-1","max-image-preview":"max-image-preview:large","max-video-preview":"max-video-preview:-1"},"canonical":"https:\/\/www.klarairosa.com\/en\/o-zajednickom-kako-podrzati-mlade\/","og_locale":"en_GB","og_type":"article","og_title":"O ZAJEDNI\u010cKOM: KAKO PODR\u017dATI MLADE? - Klara i Rosa","og_description":"Biti roditelj maloletnog deteta ili tinejd\u017eera u dana\u0161njem dru\u0161tvu zaista je velik izazov, s obzirom...","og_url":"https:\/\/www.klarairosa.com\/en\/o-zajednickom-kako-podrzati-mlade\/","og_site_name":"Klara i Rosa","article_publisher":"https:\/\/www.facebook.com\/klarairosa\/","article_published_time":"2024-11-15T10:52:11+00:00","article_modified_time":"2024-11-17T18:00:05+00:00","og_image":[{"width":1352,"height":1005,"url":"https:\/\/www.klarairosa.com\/wp-content\/uploads\/2024\/11\/1.-SAJT-O-zajednickom.jpg","type":"image\/jpeg"}],"author":"Klara i Rosa","twitter_card":"summary_large_image","twitter_misc":{"Written by":"Klara i Rosa","Estimated reading time":"2 minutes"},"schema":{"@context":"https:\/\/schema.org","@graph":[{"@type":"Article","@id":"https:\/\/www.klarairosa.com\/o-zajednickom-kako-podrzati-mlade\/#article","isPartOf":{"@id":"https:\/\/www.klarairosa.com\/o-zajednickom-kako-podrzati-mlade\/"},"author":{"name":"Klara i Rosa","@id":"https:\/\/www.klarairosa.com\/en\/#\/schema\/person\/e4e7e9e5c8eeeddccf61e4532ae8e6ed"},"headline":"O ZAJEDNI\u010cKOM: KAKO PODR\u017dATI MLADE?","datePublished":"2024-11-15T10:52:11+00:00","dateModified":"2024-11-17T18:00:05+00:00","mainEntityOfPage":{"@id":"https:\/\/www.klarairosa.com\/o-zajednickom-kako-podrzati-mlade\/"},"wordCount":422,"publisher":{"@id":"https:\/\/www.klarairosa.com\/en\/#organization"},"image":{"@id":"https:\/\/www.klarairosa.com\/o-zajednickom-kako-podrzati-mlade\/#primaryimage"},"thumbnailUrl":"https:\/\/www.klarairosa.com\/wp-content\/uploads\/2024\/11\/1.-SAJT-O-zajednickom.jpg","keywords":["2023","act","act projekat","community","elena cavlin","gra\u0111anske inicijative","Klara i Rosa","marina parezanin","o zajednickom","subotica","tribina","vesna bojanic","zofi hulo"],"articleSection":["Aktuelno"],"inLanguage":"en-GB"},{"@type":"WebPage","@id":"https:\/\/www.klarairosa.com\/o-zajednickom-kako-podrzati-mlade\/","url":"https:\/\/www.klarairosa.com\/o-zajednickom-kako-podrzati-mlade\/","name":"O ZAJEDNI\u010cKOM: KAKO PODR\u017dATI MLADE? - Klara i Rosa","isPartOf":{"@id":"https:\/\/www.klarairosa.com\/en\/#website"},"primaryImageOfPage":{"@id":"https:\/\/www.klarairosa.com\/o-zajednickom-kako-podrzati-mlade\/#primaryimage"},"image":{"@id":"https:\/\/www.klarairosa.com\/o-zajednickom-kako-podrzati-mlade\/#primaryimage"},"thumbnailUrl":"https:\/\/www.klarairosa.com\/wp-content\/uploads\/2024\/11\/1.-SAJT-O-zajednickom.jpg","datePublished":"2024-11-15T10:52:11+00:00","dateModified":"2024-11-17T18:00:05+00:00","breadcrumb":{"@id":"https:\/\/www.klarairosa.com\/o-zajednickom-kako-podrzati-mlade\/#breadcrumb"},"inLanguage":"en-GB","potentialAction":[{"@type":"ReadAction","target":["https:\/\/www.klarairosa.com\/o-zajednickom-kako-podrzati-mlade\/"]}]},{"@type":"ImageObject","inLanguage":"en-GB","@id":"https:\/\/www.klarairosa.com\/o-zajednickom-kako-podrzati-mlade\/#primaryimage","url":"https:\/\/www.klarairosa.com\/wp-content\/uploads\/2024\/11\/1.-SAJT-O-zajednickom.jpg","contentUrl":"https:\/\/www.klarairosa.com\/wp-content\/uploads\/2024\/11\/1.-SAJT-O-zajednickom.jpg","width":1352,"height":1005},{"@type":"BreadcrumbList","@id":"https:\/\/www.klarairosa.com\/o-zajednickom-kako-podrzati-mlade\/#breadcrumb","itemListElement":[{"@type":"ListItem","position":1,"name":"Home","item":"https:\/\/www.klarairosa.com\/"},{"@type":"ListItem","position":2,"name":"O ZAJEDNI\u010cKOM: KAKO PODR\u017dATI MLADE?"}]},{"@type":"WebSite","@id":"https:\/\/www.klarairosa.com\/en\/#website","url":"https:\/\/www.klarairosa.com\/en\/","name":"Klara i Rosa","description":"Klara i Rosa","publisher":{"@id":"https:\/\/www.klarairosa.com\/en\/#organization"},"potentialAction":[{"@type":"SearchAction","target":{"@type":"EntryPoint","urlTemplate":"https:\/\/www.klarairosa.com\/en\/?s={search_term_string}"},"query-input":{"@type":"PropertyValueSpecification","valueRequired":true,"valueName":"search_term_string"}}],"inLanguage":"en-GB"},{"@type":"Organization","@id":"https:\/\/www.klarairosa.com\/en\/#organization","name":"Klara i Rosa","url":"https:\/\/www.klarairosa.com\/en\/","logo":{"@type":"ImageObject","inLanguage":"en-GB","@id":"https:\/\/www.klarairosa.com\/en\/#\/schema\/logo\/image\/","url":"https:\/\/www.klarairosa.com\/wp-content\/uploads\/2022\/01\/logo.svg","contentUrl":"https:\/\/www.klarairosa.com\/wp-content\/uploads\/2022\/01\/logo.svg","width":110,"height":139,"caption":"Klara i Rosa"},"image":{"@id":"https:\/\/www.klarairosa.com\/en\/#\/schema\/logo\/image\/"},"sameAs":["https:\/\/www.facebook.com\/klarairosa\/","https:\/\/www.instagram.com\/ugklarairosa\/"]},{"@type":"Person","@id":"https:\/\/www.klarairosa.com\/en\/#\/schema\/person\/e4e7e9e5c8eeeddccf61e4532ae8e6ed","name":"Klara i Rosa","image":{"@type":"ImageObject","inLanguage":"en-GB","@id":"https:\/\/secure.gravatar.com\/avatar\/c83ee539a067b9f57ae5d8999ae286c4f98b5c4bd943b8cbb64f6b0fc1f29e40?s=96&d=mm&r=g","url":"https:\/\/secure.gravatar.com\/avatar\/c83ee539a067b9f57ae5d8999ae286c4f98b5c4bd943b8cbb64f6b0fc1f29e40?s=96&d=mm&r=g","contentUrl":"https:\/\/secure.gravatar.com\/avatar\/c83ee539a067b9f57ae5d8999ae286c4f98b5c4bd943b8cbb64f6b0fc1f29e40?s=96&d=mm&r=g","caption":"Klara i Rosa"},"sameAs":["https:\/\/klarairosa.com"],"url":"https:\/\/www.klarairosa.com\/en\/author\/rosaiklara\/"}]}},"_links":{"self":[{"href":"https:\/\/www.klarairosa.com\/en\/wp-json\/wp\/v2\/posts\/22317","targetHints":{"allow":["GET"]}}],"collection":[{"href":"https:\/\/www.klarairosa.com\/en\/wp-json\/wp\/v2\/posts"}],"about":[{"href":"https:\/\/www.klarairosa.com\/en\/wp-json\/wp\/v2\/types\/post"}],"author":[{"embeddable":true,"href":"https:\/\/www.klarairosa.com\/en\/wp-json\/wp\/v2\/users\/1"}],"replies":[{"embeddable":true,"href":"https:\/\/www.klarairosa.com\/en\/wp-json\/wp\/v2\/comments?post=22317"}],"version-history":[{"count":4,"href":"https:\/\/www.klarairosa.com\/en\/wp-json\/wp\/v2\/posts\/22317\/revisions"}],"predecessor-version":[{"id":22330,"href":"https:\/\/www.klarairosa.com\/en\/wp-json\/wp\/v2\/posts\/22317\/revisions\/22330"}],"wp:featuredmedia":[{"embeddable":true,"href":"https:\/\/www.klarairosa.com\/en\/wp-json\/wp\/v2\/media\/22324"}],"wp:attachment":[{"href":"https:\/\/www.klarairosa.com\/en\/wp-json\/wp\/v2\/media?parent=22317"}],"wp:term":[{"taxonomy":"category","embeddable":true,"href":"https:\/\/www.klarairosa.com\/en\/wp-json\/wp\/v2\/categories?post=22317"},{"taxonomy":"post_tag","embeddable":true,"href":"https:\/\/www.klarairosa.com\/en\/wp-json\/wp\/v2\/tags?post=22317"}],"curies":[{"name":"wp","href":"https:\/\/api.w.org\/{rel}","templated":true}]}}