{"id":22222,"date":"2024-10-21T20:02:39","date_gmt":"2024-10-21T20:02:39","guid":{"rendered":"https:\/\/www.klarairosa.com\/?p=22222"},"modified":"2024-10-26T13:54:05","modified_gmt":"2024-10-26T13:54:05","slug":"agora-vestacka-inteligencija-i-smrt-umetnika-i-naucnika","status":"publish","type":"post","link":"https:\/\/www.klarairosa.com\/en\/agora-vestacka-inteligencija-i-smrt-umetnika-i-naucnika\/","title":{"rendered":"Agora: \"Artificial Intelligence and the Death of Artists and Scientists\""},"content":{"rendered":"<div class=\"flex-1 overflow-hidden\">\n<div class=\"react-scroll-to-bottom--css-egkjs-79elbk h-full\">\n<div class=\"react-scroll-to-bottom--css-egkjs-1n7m0yu\">\n<div class=\"flex flex-col text-sm pb-9\">\n<div class=\"w-full text-token-text-primary\" dir=\"auto\" data-testid=\"conversation-turn-3\" data-scroll-anchor=\"true\">\n<div class=\"py-2 juice:py-[18px] px-3 text-base md:px-4 m-auto md:px-5 lg:px-1 xl:px-5\">\n<div class=\"mx-auto flex flex-1 gap-3 text-base juice:gap-4 juice:md:gap-6 md:max-w-3xl lg:max-w-[40rem] xl:max-w-[48rem]\">\n<div class=\"group\/conversation-turn relative flex w-full min-w-0 flex-col agent-turn\">\n<div class=\"flex-col gap-1 md:gap-3\">\n<div class=\"flex flex-grow flex-col max-w-full\">\n<div class=\"min-h-[20px] text-message flex flex-col items-start whitespace-pre-wrap break-words [.text-message+&amp;]:mt-5 juice:w-full juice:items-end overflow-x-auto gap-2\" dir=\"auto\" data-message-author-role=\"assistant\" data-message-id=\"5d34cc30-ebec-4d3c-8652-bccf6013715f\">\n<div class=\"flex w-full flex-col gap-1 juice:empty:hidden juice:first:pt-[3px]\">\n<div class=\"xdj266r x11i5rnm xat24cr x1mh8g0r x1vvkbs x126k92a\">\n<div dir=\"auto\" style=\"text-align: justify;\">\n<div class=\"x11i5rnm xat24cr x1mh8g0r x1vvkbs xtlvy1s x126k92a\">\n<div dir=\"auto\">\n<div dir=\"auto\">\n<div class=\"xdj266r x11i5rnm xat24cr x1mh8g0r x1vvkbs x126k92a\"><\/div>\n<div class=\"x11i5rnm xat24cr x1mh8g0r x1vvkbs xtlvy1s x126k92a\">\n<div dir=\"auto\">\n<div class=\"x11i5rnm xat24cr x1mh8g0r x1vvkbs xtlvy1s x126k92a\">\n<div dir=\"auto\">Slede\u0107a AGORA \u0107e se odr\u017eati<strong> u prostoru Klare i Rose (Petefi \u0160andora 15) u petak, 25. oktobra, od 19 \u010dasova<\/strong>!<\/div>\n<div dir=\"auto\">.<\/div>\n<\/div>\n<div class=\"x11i5rnm xat24cr x1mh8g0r x1vvkbs xtlvy1s x126k92a\">\n<div dir=\"auto\"><span class=\"html-span xexx8yu x4uap5 x18d9i69 xkhd6sd x1hl2dhg x16tdsg8 x1vvkbs x3nfvp2 x1j61x8r x1fcty0u xdj266r xat24cr xgzva0m xhhsvwb xxymvpz xlup9mm x1kky2od\"><img decoding=\"async\" class=\"xz74otr\" src=\"https:\/\/static.xx.fbcdn.net\/images\/emoji.php\/v9\/tfb\/1\/16\/1f5e3.png\" alt=\"\ud83d\udde3\ufe0f\" width=\"16\" height=\"16\" \/><\/span> Tema: &#8222;Ve\u0161ta\u010dka inteligencija i smrt umetnika i nau\u010dnika&#8220;<\/div>\n<div dir=\"auto\">.<\/div>\n<\/div>\n<div class=\"x11i5rnm xat24cr x1mh8g0r x1vvkbs xtlvy1s x126k92a\">\n<div dir=\"auto\">Nadolaze\u0107a slutnja ve\u0161ta\u010dke inteligencije pred savremenog \u010doveka stavlja neka stara pitanja, kao \u0161to je smrt umetnosti, i neka nova, kao \u0161to je smrt nauke. U oba slu\u010daja u pitanju je opstanak umetnika i nau\u010dnika. Ukoliko algoritmi budu u stanju da reprodukuju svaki umetni\u010dki stil, pravac, patern pojedina\u010dnog umetnika iz istorije, da li to zna\u010di da je umetnik kakvog poznajemo mrtav ili je u tranziciji ka umetniku-filozofu ili, u stilu transhumanizma, ulazi u simbiozu sa ma\u0161inom? A \u0161ta \u0107e biti sa nau\u010dnikom ako je AI br\u017ea i sposobnija u re\u0161avanju tehnolo\u0161kih, eksperimentalnih i matemati\u010dko-teorijskih problema. Da li \u0107e nau\u010dnik da evoluira u prosvetitelja koji \u0107e laicima da pribli\u017eava nauku koju sam ne proizvodi ili \u0107e biti potpuno izli\u0161an jer \u0107e V\u0160 i to bolje da radi? Kona\u010dno, da li je poslednji veliki izazov prirodne inteligencije da osmisli ve\u0161ta\u010dku inteligenciju i \u0161ta to zna\u010di za umetnost?<\/div>\n<div dir=\"auto\">.<\/div>\n<\/div>\n<div class=\"x11i5rnm xat24cr x1mh8g0r x1vvkbs xtlvy1s x126k92a\">\n<div dir=\"auto\">Razgovor vodi Boris \u010cegar, profesor filozofije.<\/div>\n<div dir=\"auto\">.<\/div>\n<\/div>\n<\/div>\n<\/div>\n<\/div>\n<\/div>\n<\/div>\n<\/div>\n<\/div>\n<div class=\"x11i5rnm xat24cr x1mh8g0r x1vvkbs xtlvy1s x126k92a\">\n<div dir=\"auto\"><span class=\"html-span xdj266r x11i5rnm xat24cr x1mh8g0r xexx8yu x4uap5 x18d9i69 xkhd6sd x1hl2dhg x16tdsg8 x1vvkbs\"><a class=\"x1i10hfl xjbqb8w x1ejq31n xd10rxx x1sy0etr x17r0tee x972fbf xcfux6l x1qhh985 xm0m39n x9f619 x1ypdohk xt0psk2 xe8uvvx xdj266r x11i5rnm xat24cr x1mh8g0r xexx8yu x4uap5 x18d9i69 xkhd6sd x16tdsg8 x1hl2dhg xggy1nq x1a2a7pz x1sur9pj xkrqix3 x1fey0fg xo1l8bm\" tabindex=\"0\" role=\"link\" href=\"https:\/\/www.facebook.com\/hashtag\/guerrillafoundation?__eep__=6&amp;__cft__[0]=AZXBPIvsQnvCbFmLdWaLJxIlEbMTbrZZoo7sc7rq4Uup3afq3l8wGzvhMKUJkw6QOZhvWH925ofjsYAFjcmu3I_gABwSLl82SjTOxId-b9hG6ymGnhhMMnkl7EiEbUC42TYs9xW42SaiQrnfXUVrA-bXPbwBcrBVckw8ciXxNwAFFdQgpnidC2DHmpKc4OaEU1ZgcjB_UOXySHuA0oozvqeS&amp;__tn__=*NK-R\">#guerrillafoundation<\/a><\/span><\/div>\n<\/div>\n<\/div>\n<\/div>\n<\/div>\n<div class=\"mt-1 flex gap-3 empty:hidden juice:-ml-3\">\n<div class=\"items-center justify-start rounded-xl p-1 flex\">\n<div class=\"flex items-center\" style=\"text-align: justify;\">\n<div class=\"x11i5rnm xat24cr x1mh8g0r x1vvkbs xtlvy1s x126k92a\">\n<div dir=\"auto\">\n<div class=\"x11i5rnm xat24cr x1mh8g0r x1vvkbs xtlvy1s x126k92a\">\n<div dir=\"auto\"><\/div>\n<\/div>\n<\/div>\n<div dir=\"auto\">.<\/div>\n<\/div>\n<p><img decoding=\"async\" class=\"alignnone wp-image-21284\" src=\"https:\/\/www.klarairosa.com\/wp-content\/uploads\/2024\/06\/guerrilla_logo_cmyk_coloured_no_bg-300x130.png\" alt=\"\" width=\"108\" height=\"47\" srcset=\"https:\/\/www.klarairosa.com\/wp-content\/uploads\/2024\/06\/guerrilla_logo_cmyk_coloured_no_bg-300x130.png 300w, https:\/\/www.klarairosa.com\/wp-content\/uploads\/2024\/06\/guerrilla_logo_cmyk_coloured_no_bg-1024x444.png 1024w, https:\/\/www.klarairosa.com\/wp-content\/uploads\/2024\/06\/guerrilla_logo_cmyk_coloured_no_bg-768x333.png 768w, https:\/\/www.klarairosa.com\/wp-content\/uploads\/2024\/06\/guerrilla_logo_cmyk_coloured_no_bg-1536x666.png 1536w, https:\/\/www.klarairosa.com\/wp-content\/uploads\/2024\/06\/guerrilla_logo_cmyk_coloured_no_bg-18x8.png 18w, https:\/\/www.klarairosa.com\/wp-content\/uploads\/2024\/06\/guerrilla_logo_cmyk_coloured_no_bg-700x303.png 700w, https:\/\/www.klarairosa.com\/wp-content\/uploads\/2024\/06\/guerrilla_logo_cmyk_coloured_no_bg.png 1802w\" sizes=\"(max-width: 108px) 100vw, 108px\" \/><\/p>\n<p>.<\/p>\n<div  id=\"jtg-22236\" class=\"modula modula-gallery modula-creative-gallery\" data-config=\"{&quot;height&quot;:800,&quot;tabletHeight&quot;:800,&quot;mobileHeight&quot;:800,&quot;desktopHeight&quot;:800,&quot;enableTwitter&quot;:false,&quot;enableWhatsapp&quot;:false,&quot;enableFacebook&quot;:false,&quot;enablePinterest&quot;:false,&quot;enableLinkedin&quot;:false,&quot;enableEmail&quot;:false,&quot;randomFactor&quot;:0.5,&quot;type&quot;:&quot;creative-gallery&quot;,&quot;columns&quot;:12,&quot;gutter&quot;:10,&quot;mobileGutter&quot;:10,&quot;tabletGutter&quot;:10,&quot;desktopGutter&quot;:10,&quot;enableResponsive&quot;:&quot;0&quot;,&quot;tabletColumns&quot;:2,&quot;mobileColumns&quot;:1,&quot;lazyLoad&quot;:0,&quot;lightboxOpts&quot;:{&quot;animated&quot;:true,&quot;Thumbs&quot;:{&quot;type&quot;:&quot;modern&quot;,&quot;showOnStart&quot;:false},&quot;Toolbar&quot;:{&quot;display&quot;:{&quot;right&quot;:[&quot;close&quot;]},&quot;enabled&quot;:true},&quot;Carousel&quot;:{&quot;Panzoom&quot;:{&quot;touch&quot;:true},&quot;infinite&quot;:false},&quot;keyboard&quot;:{&quot;Escape&quot;:&quot;close&quot;,&quot;Delete&quot;:&quot;close&quot;,&quot;Backspace&quot;:&quot;close&quot;,&quot;PageUp&quot;:false,&quot;PageDown&quot;:false,&quot;ArrowUp&quot;:false,&quot;ArrowDown&quot;:false,&quot;ArrowRight&quot;:false,&quot;ArrowLeft&quot;:false},&quot;touch&quot;:false,&quot;backdropClick&quot;:false,&quot;l10n&quot;:{&quot;CLOSE&quot;:&quot;Close&quot;,&quot;NEXT&quot;:&quot;Next&quot;,&quot;PREV&quot;:&quot;Previous&quot;,&quot;Error&quot;:&quot;The requested content cannot be loaded. Please try again later.&quot;,&quot;PLAY_START&quot;:&quot;Start slideshow&quot;,&quot;PLAY_STOP&quot;:&quot;Pause slideshow&quot;,&quot;FULL_SCREEN&quot;:&quot;Full screen&quot;,&quot;THUMBS&quot;:&quot;Thumbnails&quot;,&quot;DOWNLOAD&quot;:&quot;Download&quot;,&quot;SHARE&quot;:&quot;Share&quot;,&quot;ZOOM&quot;:&quot;Zoom&quot;,&quot;EMAIL&quot;:&quot;Here is the link to the image : %%image_link%% and this is the link to the gallery : %%gallery_link%%&quot;,&quot;MODAL&quot;:&quot;You can close this modal content with the ESC key&quot;,&quot;ERROR&quot;:&quot;Something Went Wrong, Please Try Again Later&quot;,&quot;IMAGE_ERROR&quot;:&quot;Image Not Found&quot;,&quot;ELEMENT_NOT_FOUND&quot;:&quot;HTML Element Not Found&quot;,&quot;AJAX_NOT_FOUND&quot;:&quot;Error Loading AJAX : Not Found&quot;,&quot;AJAX_FORBIDDEN&quot;:&quot;Error Loading AJAX : Forbidden&quot;,&quot;IFRAME_ERROR&quot;:&quot;Error Loading Page&quot;,&quot;TOGGLE_ZOOM&quot;:&quot;Toggle zoom level&quot;,&quot;TOGGLE_THUMBS&quot;:&quot;Toggle thumbnails&quot;,&quot;TOGGLE_SLIDESHOW&quot;:&quot;Toggle slideshow&quot;,&quot;TOGGLE_FULLSCREEN&quot;:&quot;Toggle full-screen mode&quot;},&quot;Images&quot;:{&quot;Panzoom&quot;:{&quot;maxScale&quot;:2}},&quot;mainClass&quot;:&quot;modula-fancybox-container modula-lightbox-jtg-22236&quot;,&quot;Html&quot;:{&quot;videoAutoplay&quot;:0,&quot;videoTpl&quot;:&quot;&lt;video class=\\&quot;fancybox__html5video\\&quot; controls muted playsinline controlsList controlsList=\\&quot;nodownload\\&quot; poster=\\&quot;{{poster}}\\&quot; src=\\&quot;{{src}}\\&quot; type=\\&quot;{{format}}\\&quot; &gt;  Sorry, your browser doesn&#039;t support embedded videos, &lt;a href=\\&quot;{{src}}\\&quot;&gt; download &lt;\\\/a&gt; and watch with your favorite video player! &lt;\\\/video&gt;&quot;}},&quot;inView&quot;:false,&quot;email_subject&quot;:&quot;Check out this awesome image !!&quot;,&quot;email_message&quot;:&quot;Here is the link to the image : %%image_link%% and this is the link to the gallery : %%gallery_link%%&quot;,&quot;lightbox&quot;:&quot;fancybox&quot;}\">\n\n\t\n\t<div  class=\"modula-items\">\n\t\t<div class=\"modula-item effect-pufrobo\" >\n\t<div class=\"modula-item-overlay\"><\/div>\n\n\t<div class=\"modula-item-content\">\n\n\t\t<a data-image-id=\"22237\" role=\"button\" data-elementor-open-lightbox=\"no\" tabindex=\"0\" rel=\"jtg-22236\" data-caption=\"\" aria-label=\"Open image in lightbox\" class=\"tile-inner modula-item-link\"><\/a><img fetchpriority=\"high\" decoding=\"async\" class=\"pic wp-image-22237\"  data-valign=\"middle\" data-halign=\"center\" alt=\"\" data-full=\"https:\/\/www.klarairosa.com\/wp-content\/uploads\/2024\/10\/464633719_1355522008828816_7463526332180776230_n.jpg\" title=\"464633719_1355522008828816_7463526332180776230_n\" crop=\"\" width=\"300\" height=\"225\" src=\"https:\/\/www.klarairosa.com\/wp-content\/uploads\/2024\/10\/464633719_1355522008828816_7463526332180776230_n-300x225.jpg\" data-src=\"https:\/\/www.klarairosa.com\/wp-content\/uploads\/2024\/10\/464633719_1355522008828816_7463526332180776230_n-300x225.jpg\" data-caption=\"\" srcset=\"https:\/\/www.klarairosa.com\/wp-content\/uploads\/2024\/10\/464633719_1355522008828816_7463526332180776230_n.jpg 461w, https:\/\/www.klarairosa.com\/wp-content\/uploads\/2024\/10\/464633719_1355522008828816_7463526332180776230_n-300x225.jpg 300w, https:\/\/www.klarairosa.com\/wp-content\/uploads\/2024\/10\/464633719_1355522008828816_7463526332180776230_n-16x12.jpg 16w\" sizes=\"(max-width: 300px) 100vw, 300px\" \/>\n\t\t<div class=\"figc no-description\">\n\t\t\t<div class=\"figc-inner\">\n\t\t\t\t\t\t\t\t\t\t\t\t\t\t\t<\/div>\n\t\t<\/div>\n\n\t<\/div>\n\n<\/div><div class=\"modula-item effect-pufrobo\" >\n\t<div class=\"modula-item-overlay\"><\/div>\n\n\t<div class=\"modula-item-content\">\n\n\t\t<a data-image-id=\"22238\" role=\"button\" data-elementor-open-lightbox=\"no\" tabindex=\"0\" rel=\"jtg-22236\" data-caption=\"\" aria-label=\"Open image in lightbox\" class=\"tile-inner modula-item-link\"><\/a><img loading=\"lazy\" decoding=\"async\" class=\"pic wp-image-22238\"  data-valign=\"middle\" data-halign=\"center\" alt=\"\" data-full=\"https:\/\/www.klarairosa.com\/wp-content\/uploads\/2024\/10\/464420140_1355522005495483_5076728257284999009_n.jpg\" title=\"464420140_1355522005495483_5076728257284999009_n\" crop=\"\" width=\"300\" height=\"225\" src=\"https:\/\/www.klarairosa.com\/wp-content\/uploads\/2024\/10\/464420140_1355522005495483_5076728257284999009_n-300x225.jpg\" data-src=\"https:\/\/www.klarairosa.com\/wp-content\/uploads\/2024\/10\/464420140_1355522005495483_5076728257284999009_n-300x225.jpg\" data-caption=\"\" srcset=\"https:\/\/www.klarairosa.com\/wp-content\/uploads\/2024\/10\/464420140_1355522005495483_5076728257284999009_n.jpg 461w, https:\/\/www.klarairosa.com\/wp-content\/uploads\/2024\/10\/464420140_1355522005495483_5076728257284999009_n-300x225.jpg 300w, https:\/\/www.klarairosa.com\/wp-content\/uploads\/2024\/10\/464420140_1355522005495483_5076728257284999009_n-16x12.jpg 16w\" sizes=\"(max-width: 300px) 100vw, 300px\" \/>\n\t\t<div class=\"figc no-description\">\n\t\t\t<div class=\"figc-inner\">\n\t\t\t\t\t\t\t\t\t\t\t\t\t\t\t<\/div>\n\t\t<\/div>\n\n\t<\/div>\n\n<\/div><div class=\"modula-item effect-pufrobo\" >\n\t<div class=\"modula-item-overlay\"><\/div>\n\n\t<div class=\"modula-item-content\">\n\n\t\t<a data-image-id=\"22239\" role=\"button\" data-elementor-open-lightbox=\"no\" tabindex=\"0\" rel=\"jtg-22236\" data-caption=\"\" aria-label=\"Open image in lightbox\" class=\"tile-inner modula-item-link\"><\/a><img loading=\"lazy\" decoding=\"async\" class=\"pic wp-image-22239\"  data-valign=\"middle\" data-halign=\"center\" alt=\"\" data-full=\"https:\/\/www.klarairosa.com\/wp-content\/uploads\/2024\/10\/464420915_1355521998828817_3505979414136435219_n.jpg\" title=\"464420915_1355521998828817_3505979414136435219_n\" crop=\"\" width=\"300\" height=\"225\" src=\"https:\/\/www.klarairosa.com\/wp-content\/uploads\/2024\/10\/464420915_1355521998828817_3505979414136435219_n-300x225.jpg\" data-src=\"https:\/\/www.klarairosa.com\/wp-content\/uploads\/2024\/10\/464420915_1355521998828817_3505979414136435219_n-300x225.jpg\" data-caption=\"\" srcset=\"https:\/\/www.klarairosa.com\/wp-content\/uploads\/2024\/10\/464420915_1355521998828817_3505979414136435219_n.jpg 461w, https:\/\/www.klarairosa.com\/wp-content\/uploads\/2024\/10\/464420915_1355521998828817_3505979414136435219_n-300x225.jpg 300w, https:\/\/www.klarairosa.com\/wp-content\/uploads\/2024\/10\/464420915_1355521998828817_3505979414136435219_n-16x12.jpg 16w\" sizes=\"(max-width: 300px) 100vw, 300px\" \/>\n\t\t<div class=\"figc no-description\">\n\t\t\t<div class=\"figc-inner\">\n\t\t\t\t\t\t\t\t\t\t\t\t\t\t\t<\/div>\n\t\t<\/div>\n\n\t<\/div>\n\n<\/div><div class=\"modula-item effect-pufrobo\" >\n\t<div class=\"modula-item-overlay\"><\/div>\n\n\t<div class=\"modula-item-content\">\n\n\t\t<a data-image-id=\"22240\" role=\"button\" data-elementor-open-lightbox=\"no\" tabindex=\"0\" rel=\"jtg-22236\" data-caption=\"\" aria-label=\"Open image in lightbox\" class=\"tile-inner modula-item-link\"><\/a><img loading=\"lazy\" decoding=\"async\" class=\"pic wp-image-22240\"  data-valign=\"middle\" data-halign=\"center\" alt=\"\" data-full=\"https:\/\/www.klarairosa.com\/wp-content\/uploads\/2024\/10\/464444623_1355521995495484_6110063326959556660_n.jpg\" title=\"464444623_1355521995495484_6110063326959556660_n\" crop=\"\" width=\"300\" height=\"225\" src=\"https:\/\/www.klarairosa.com\/wp-content\/uploads\/2024\/10\/464444623_1355521995495484_6110063326959556660_n-300x225.jpg\" data-src=\"https:\/\/www.klarairosa.com\/wp-content\/uploads\/2024\/10\/464444623_1355521995495484_6110063326959556660_n-300x225.jpg\" data-caption=\"\" srcset=\"https:\/\/www.klarairosa.com\/wp-content\/uploads\/2024\/10\/464444623_1355521995495484_6110063326959556660_n.jpg 461w, https:\/\/www.klarairosa.com\/wp-content\/uploads\/2024\/10\/464444623_1355521995495484_6110063326959556660_n-300x225.jpg 300w, https:\/\/www.klarairosa.com\/wp-content\/uploads\/2024\/10\/464444623_1355521995495484_6110063326959556660_n-16x12.jpg 16w\" sizes=\"(max-width: 300px) 100vw, 300px\" \/>\n\t\t<div class=\"figc no-description\">\n\t\t\t<div class=\"figc-inner\">\n\t\t\t\t\t\t\t\t\t\t\t\t\t\t\t<\/div>\n\t\t<\/div>\n\n\t<\/div>\n\n<\/div><div class=\"modula-item effect-pufrobo\" >\n\t<div class=\"modula-item-overlay\"><\/div>\n\n\t<div class=\"modula-item-content\">\n\n\t\t<a data-image-id=\"22241\" role=\"button\" data-elementor-open-lightbox=\"no\" tabindex=\"0\" rel=\"jtg-22236\" data-caption=\"\" aria-label=\"Open image in lightbox\" class=\"tile-inner modula-item-link\"><\/a><img loading=\"lazy\" decoding=\"async\" class=\"pic wp-image-22241\"  data-valign=\"middle\" data-halign=\"center\" alt=\"\" data-full=\"https:\/\/www.klarairosa.com\/wp-content\/uploads\/2024\/10\/464500546_1355522002162150_3226430617373076349_n.jpg\" title=\"464500546_1355522002162150_3226430617373076349_n\" crop=\"\" width=\"300\" height=\"225\" src=\"https:\/\/www.klarairosa.com\/wp-content\/uploads\/2024\/10\/464500546_1355522002162150_3226430617373076349_n-300x225.jpg\" data-src=\"https:\/\/www.klarairosa.com\/wp-content\/uploads\/2024\/10\/464500546_1355522002162150_3226430617373076349_n-300x225.jpg\" data-caption=\"\" srcset=\"https:\/\/www.klarairosa.com\/wp-content\/uploads\/2024\/10\/464500546_1355522002162150_3226430617373076349_n.jpg 461w, https:\/\/www.klarairosa.com\/wp-content\/uploads\/2024\/10\/464500546_1355522002162150_3226430617373076349_n-300x225.jpg 300w, https:\/\/www.klarairosa.com\/wp-content\/uploads\/2024\/10\/464500546_1355522002162150_3226430617373076349_n-16x12.jpg 16w\" sizes=\"(max-width: 300px) 100vw, 300px\" \/>\n\t\t<div class=\"figc no-description\">\n\t\t\t<div class=\"figc-inner\">\n\t\t\t\t\t\t\t\t\t\t\t\t\t\t\t<\/div>\n\t\t<\/div>\n\n\t<\/div>\n\n<\/div>\t\t\n\t<\/div>\n\n\t\n\t\n\t<script type=\"application\/ld+json\">\n\t{\n\t\t\"@context\": \"http:\/\/schema.org\",\n\t\t\"@type\"   : \"ImageGallery\",\n\t\t\"id\"      : \"https:\/\/www.klarairosa.com\/en\/agora-vestacka-inteligencija-i-smrt-umetnika-i-naucnika\/\",\n\t\t\"url\"     : \"https:\/\/www.klarairosa.com\/en\/agora-vestacka-inteligencija-i-smrt-umetnika-i-naucnika\/\"\n\t}\n\n\t<\/script>\n\n\t\n<\/div>\n\n<p>&nbsp;<\/p>\n<\/div>\n<\/div>\n<\/div>\n<\/div>\n<\/div>\n<\/div>\n<\/div>\n<\/div>\n<\/div>\n<\/div>\n<\/div>\n<\/div>\n<div class=\"w-full md:pt-0 dark:border-white\/20 md:border-transparent md:dark:border-transparent md:w-[calc(100%-.5rem)] juice:w-full\">\n<div class=\"px-3 text-base md:px-4 m-auto md:px-5 lg:px-1 xl:px-5\">\n<div class=\"mx-auto flex flex-1 gap-3 text-base juice:gap-4 juice:md:gap-6 md:max-w-3xl lg:max-w-[40rem] xl:max-w-[48rem]\">\n<form class=\"w-full\">\n<div class=\"relative flex h-full max-w-full flex-1 flex-col\"><\/div>\n<\/form>\n<\/div>\n<\/div>\n<\/div>\n","protected":false},"excerpt":{"rendered":"<p>Slede\u0107a AGORA \u0107e se odr\u017eati u prostoru Klare i Rose (Petefi \u0160andora 15) u petak,&#8230;<\/p>","protected":false},"author":1,"featured_media":21729,"comment_status":"closed","ping_status":"closed","sticky":false,"template":"","format":"standard","meta":{"content-type":"","inline_featured_image":false,"footnotes":""},"categories":[109],"tags":[312,396,351,282,469,307,395,394,124,452,152],"class_list":["post-22222","post","type-post","status-publish","format-standard","has-post-thumbnail","hentry","category-aktuelno","tag-312","tag-agora","tag-boris-cegar","tag-community","tag-diskusija","tag-filozofija","tag-guerrilla","tag-guerrilla-foundation","tag-klara-i-rosa","tag-razgovor","tag-subotica"],"yoast_head":"<!-- This site is optimized with the Yoast SEO plugin v27.5 - https:\/\/yoast.com\/product\/yoast-seo-wordpress\/ -->\n<title>Agora - Ve\u0161ta\u010dka inteligencija i smrt umetnika i nau\u010dnika&quot; - Klara i Rosa<\/title>\n<meta name=\"robots\" content=\"index, follow, max-snippet:-1, max-image-preview:large, max-video-preview:-1\" \/>\n<link rel=\"canonical\" href=\"https:\/\/www.klarairosa.com\/en\/agora-vestacka-inteligencija-i-smrt-umetnika-i-naucnika\/\" \/>\n<meta property=\"og:locale\" content=\"en_GB\" \/>\n<meta property=\"og:type\" content=\"article\" \/>\n<meta property=\"og:title\" content=\"Agora - Ve\u0161ta\u010dka inteligencija i smrt umetnika i nau\u010dnika&quot; - Klara i Rosa\" \/>\n<meta property=\"og:description\" content=\"Slede\u0107a AGORA \u0107e se odr\u017eati u prostoru Klare i Rose (Petefi \u0160andora 15) u petak,...\" \/>\n<meta property=\"og:url\" content=\"https:\/\/www.klarairosa.com\/en\/agora-vestacka-inteligencija-i-smrt-umetnika-i-naucnika\/\" \/>\n<meta property=\"og:site_name\" content=\"Klara i Rosa\" \/>\n<meta property=\"article:publisher\" content=\"https:\/\/www.facebook.com\/klarairosa\/\" \/>\n<meta property=\"article:published_time\" content=\"2024-10-21T20:02:39+00:00\" \/>\n<meta property=\"article:modified_time\" content=\"2024-10-26T13:54:05+00:00\" \/>\n<meta property=\"og:image\" content=\"https:\/\/www.klarairosa.com\/wp-content\/uploads\/2024\/07\/20240717_193210.jpg\" \/>\n\t<meta property=\"og:image:width\" content=\"520\" \/>\n\t<meta property=\"og:image:height\" content=\"390\" \/>\n\t<meta property=\"og:image:type\" content=\"image\/jpeg\" \/>\n<meta name=\"author\" content=\"Klara i Rosa\" \/>\n<meta name=\"twitter:card\" content=\"summary_large_image\" \/>\n<meta name=\"twitter:label1\" content=\"Written by\" \/>\n\t<meta name=\"twitter:data1\" content=\"Klara i Rosa\" \/>\n\t<meta name=\"twitter:label2\" content=\"Estimated reading time\" \/>\n\t<meta name=\"twitter:data2\" content=\"1 minute\" \/>\n<script type=\"application\/ld+json\" class=\"yoast-schema-graph\">{\"@context\":\"https:\\\/\\\/schema.org\",\"@graph\":[{\"@type\":\"Article\",\"@id\":\"https:\\\/\\\/www.klarairosa.com\\\/agora-vestacka-inteligencija-i-smrt-umetnika-i-naucnika\\\/#article\",\"isPartOf\":{\"@id\":\"https:\\\/\\\/www.klarairosa.com\\\/agora-vestacka-inteligencija-i-smrt-umetnika-i-naucnika\\\/\"},\"author\":{\"name\":\"Klara i Rosa\",\"@id\":\"https:\\\/\\\/www.klarairosa.com\\\/en\\\/#\\\/schema\\\/person\\\/e4e7e9e5c8eeeddccf61e4532ae8e6ed\"},\"headline\":\"Agora &#8211; Ve\u0161ta\u010dka inteligencija i smrt umetnika i nau\u010dnika&#8220;\",\"datePublished\":\"2024-10-21T20:02:39+00:00\",\"dateModified\":\"2024-10-26T13:54:05+00:00\",\"mainEntityOfPage\":{\"@id\":\"https:\\\/\\\/www.klarairosa.com\\\/agora-vestacka-inteligencija-i-smrt-umetnika-i-naucnika\\\/\"},\"wordCount\":217,\"publisher\":{\"@id\":\"https:\\\/\\\/www.klarairosa.com\\\/en\\\/#organization\"},\"image\":{\"@id\":\"https:\\\/\\\/www.klarairosa.com\\\/agora-vestacka-inteligencija-i-smrt-umetnika-i-naucnika\\\/#primaryimage\"},\"thumbnailUrl\":\"https:\\\/\\\/www.klarairosa.com\\\/wp-content\\\/uploads\\\/2024\\\/07\\\/20240717_193210.jpg\",\"keywords\":[\"2024\",\"agora\",\"boris cegar\",\"community\",\"diskusija\",\"filozofija\",\"guerrilla\",\"guerrilla foundation\",\"Klara i Rosa\",\"razgovor\",\"subotica\"],\"articleSection\":[\"Aktuelno\"],\"inLanguage\":\"en-GB\"},{\"@type\":\"WebPage\",\"@id\":\"https:\\\/\\\/www.klarairosa.com\\\/agora-vestacka-inteligencija-i-smrt-umetnika-i-naucnika\\\/\",\"url\":\"https:\\\/\\\/www.klarairosa.com\\\/agora-vestacka-inteligencija-i-smrt-umetnika-i-naucnika\\\/\",\"name\":\"Agora - Ve\u0161ta\u010dka inteligencija i smrt umetnika i nau\u010dnika\\\" - Klara i Rosa\",\"isPartOf\":{\"@id\":\"https:\\\/\\\/www.klarairosa.com\\\/en\\\/#website\"},\"primaryImageOfPage\":{\"@id\":\"https:\\\/\\\/www.klarairosa.com\\\/agora-vestacka-inteligencija-i-smrt-umetnika-i-naucnika\\\/#primaryimage\"},\"image\":{\"@id\":\"https:\\\/\\\/www.klarairosa.com\\\/agora-vestacka-inteligencija-i-smrt-umetnika-i-naucnika\\\/#primaryimage\"},\"thumbnailUrl\":\"https:\\\/\\\/www.klarairosa.com\\\/wp-content\\\/uploads\\\/2024\\\/07\\\/20240717_193210.jpg\",\"datePublished\":\"2024-10-21T20:02:39+00:00\",\"dateModified\":\"2024-10-26T13:54:05+00:00\",\"breadcrumb\":{\"@id\":\"https:\\\/\\\/www.klarairosa.com\\\/agora-vestacka-inteligencija-i-smrt-umetnika-i-naucnika\\\/#breadcrumb\"},\"inLanguage\":\"en-GB\",\"potentialAction\":[{\"@type\":\"ReadAction\",\"target\":[\"https:\\\/\\\/www.klarairosa.com\\\/agora-vestacka-inteligencija-i-smrt-umetnika-i-naucnika\\\/\"]}]},{\"@type\":\"ImageObject\",\"inLanguage\":\"en-GB\",\"@id\":\"https:\\\/\\\/www.klarairosa.com\\\/agora-vestacka-inteligencija-i-smrt-umetnika-i-naucnika\\\/#primaryimage\",\"url\":\"https:\\\/\\\/www.klarairosa.com\\\/wp-content\\\/uploads\\\/2024\\\/07\\\/20240717_193210.jpg\",\"contentUrl\":\"https:\\\/\\\/www.klarairosa.com\\\/wp-content\\\/uploads\\\/2024\\\/07\\\/20240717_193210.jpg\",\"width\":520,\"height\":390},{\"@type\":\"BreadcrumbList\",\"@id\":\"https:\\\/\\\/www.klarairosa.com\\\/agora-vestacka-inteligencija-i-smrt-umetnika-i-naucnika\\\/#breadcrumb\",\"itemListElement\":[{\"@type\":\"ListItem\",\"position\":1,\"name\":\"Home\",\"item\":\"https:\\\/\\\/www.klarairosa.com\\\/\"},{\"@type\":\"ListItem\",\"position\":2,\"name\":\"Agora &#8211; Ve\u0161ta\u010dka inteligencija i smrt umetnika i nau\u010dnika&#8221;\"}]},{\"@type\":\"WebSite\",\"@id\":\"https:\\\/\\\/www.klarairosa.com\\\/en\\\/#website\",\"url\":\"https:\\\/\\\/www.klarairosa.com\\\/en\\\/\",\"name\":\"Klara i Rosa\",\"description\":\"Klara i Rosa\",\"publisher\":{\"@id\":\"https:\\\/\\\/www.klarairosa.com\\\/en\\\/#organization\"},\"potentialAction\":[{\"@type\":\"SearchAction\",\"target\":{\"@type\":\"EntryPoint\",\"urlTemplate\":\"https:\\\/\\\/www.klarairosa.com\\\/en\\\/?s={search_term_string}\"},\"query-input\":{\"@type\":\"PropertyValueSpecification\",\"valueRequired\":true,\"valueName\":\"search_term_string\"}}],\"inLanguage\":\"en-GB\"},{\"@type\":\"Organization\",\"@id\":\"https:\\\/\\\/www.klarairosa.com\\\/en\\\/#organization\",\"name\":\"Klara i Rosa\",\"url\":\"https:\\\/\\\/www.klarairosa.com\\\/en\\\/\",\"logo\":{\"@type\":\"ImageObject\",\"inLanguage\":\"en-GB\",\"@id\":\"https:\\\/\\\/www.klarairosa.com\\\/en\\\/#\\\/schema\\\/logo\\\/image\\\/\",\"url\":\"https:\\\/\\\/www.klarairosa.com\\\/wp-content\\\/uploads\\\/2022\\\/01\\\/logo.svg\",\"contentUrl\":\"https:\\\/\\\/www.klarairosa.com\\\/wp-content\\\/uploads\\\/2022\\\/01\\\/logo.svg\",\"width\":110,\"height\":139,\"caption\":\"Klara i Rosa\"},\"image\":{\"@id\":\"https:\\\/\\\/www.klarairosa.com\\\/en\\\/#\\\/schema\\\/logo\\\/image\\\/\"},\"sameAs\":[\"https:\\\/\\\/www.facebook.com\\\/klarairosa\\\/\",\"https:\\\/\\\/www.instagram.com\\\/ugklarairosa\\\/\"]},{\"@type\":\"Person\",\"@id\":\"https:\\\/\\\/www.klarairosa.com\\\/en\\\/#\\\/schema\\\/person\\\/e4e7e9e5c8eeeddccf61e4532ae8e6ed\",\"name\":\"Klara i Rosa\",\"image\":{\"@type\":\"ImageObject\",\"inLanguage\":\"en-GB\",\"@id\":\"https:\\\/\\\/secure.gravatar.com\\\/avatar\\\/c83ee539a067b9f57ae5d8999ae286c4f98b5c4bd943b8cbb64f6b0fc1f29e40?s=96&d=mm&r=g\",\"url\":\"https:\\\/\\\/secure.gravatar.com\\\/avatar\\\/c83ee539a067b9f57ae5d8999ae286c4f98b5c4bd943b8cbb64f6b0fc1f29e40?s=96&d=mm&r=g\",\"contentUrl\":\"https:\\\/\\\/secure.gravatar.com\\\/avatar\\\/c83ee539a067b9f57ae5d8999ae286c4f98b5c4bd943b8cbb64f6b0fc1f29e40?s=96&d=mm&r=g\",\"caption\":\"Klara i Rosa\"},\"sameAs\":[\"https:\\\/\\\/klarairosa.com\"],\"url\":\"https:\\\/\\\/www.klarairosa.com\\\/en\\\/author\\\/rosaiklara\\\/\"}]}<\/script>\n<!-- \/ Yoast SEO plugin. -->","yoast_head_json":{"title":"Agora - Ve\u0161ta\u010dka inteligencija i smrt umetnika i nau\u010dnika\" - Klara i Rosa","robots":{"index":"index","follow":"follow","max-snippet":"max-snippet:-1","max-image-preview":"max-image-preview:large","max-video-preview":"max-video-preview:-1"},"canonical":"https:\/\/www.klarairosa.com\/en\/agora-vestacka-inteligencija-i-smrt-umetnika-i-naucnika\/","og_locale":"en_GB","og_type":"article","og_title":"Agora - Ve\u0161ta\u010dka inteligencija i smrt umetnika i nau\u010dnika\" - Klara i Rosa","og_description":"Slede\u0107a AGORA \u0107e se odr\u017eati u prostoru Klare i Rose (Petefi \u0160andora 15) u petak,...","og_url":"https:\/\/www.klarairosa.com\/en\/agora-vestacka-inteligencija-i-smrt-umetnika-i-naucnika\/","og_site_name":"Klara i Rosa","article_publisher":"https:\/\/www.facebook.com\/klarairosa\/","article_published_time":"2024-10-21T20:02:39+00:00","article_modified_time":"2024-10-26T13:54:05+00:00","og_image":[{"width":520,"height":390,"url":"https:\/\/www.klarairosa.com\/wp-content\/uploads\/2024\/07\/20240717_193210.jpg","type":"image\/jpeg"}],"author":"Klara i Rosa","twitter_card":"summary_large_image","twitter_misc":{"Written by":"Klara i Rosa","Estimated reading time":"1 minute"},"schema":{"@context":"https:\/\/schema.org","@graph":[{"@type":"Article","@id":"https:\/\/www.klarairosa.com\/agora-vestacka-inteligencija-i-smrt-umetnika-i-naucnika\/#article","isPartOf":{"@id":"https:\/\/www.klarairosa.com\/agora-vestacka-inteligencija-i-smrt-umetnika-i-naucnika\/"},"author":{"name":"Klara i Rosa","@id":"https:\/\/www.klarairosa.com\/en\/#\/schema\/person\/e4e7e9e5c8eeeddccf61e4532ae8e6ed"},"headline":"Agora &#8211; Ve\u0161ta\u010dka inteligencija i smrt umetnika i nau\u010dnika&#8220;","datePublished":"2024-10-21T20:02:39+00:00","dateModified":"2024-10-26T13:54:05+00:00","mainEntityOfPage":{"@id":"https:\/\/www.klarairosa.com\/agora-vestacka-inteligencija-i-smrt-umetnika-i-naucnika\/"},"wordCount":217,"publisher":{"@id":"https:\/\/www.klarairosa.com\/en\/#organization"},"image":{"@id":"https:\/\/www.klarairosa.com\/agora-vestacka-inteligencija-i-smrt-umetnika-i-naucnika\/#primaryimage"},"thumbnailUrl":"https:\/\/www.klarairosa.com\/wp-content\/uploads\/2024\/07\/20240717_193210.jpg","keywords":["2024","agora","boris cegar","community","diskusija","filozofija","guerrilla","guerrilla foundation","Klara i Rosa","razgovor","subotica"],"articleSection":["Aktuelno"],"inLanguage":"en-GB"},{"@type":"WebPage","@id":"https:\/\/www.klarairosa.com\/agora-vestacka-inteligencija-i-smrt-umetnika-i-naucnika\/","url":"https:\/\/www.klarairosa.com\/agora-vestacka-inteligencija-i-smrt-umetnika-i-naucnika\/","name":"Agora - Ve\u0161ta\u010dka inteligencija i smrt umetnika i nau\u010dnika\" - Klara i Rosa","isPartOf":{"@id":"https:\/\/www.klarairosa.com\/en\/#website"},"primaryImageOfPage":{"@id":"https:\/\/www.klarairosa.com\/agora-vestacka-inteligencija-i-smrt-umetnika-i-naucnika\/#primaryimage"},"image":{"@id":"https:\/\/www.klarairosa.com\/agora-vestacka-inteligencija-i-smrt-umetnika-i-naucnika\/#primaryimage"},"thumbnailUrl":"https:\/\/www.klarairosa.com\/wp-content\/uploads\/2024\/07\/20240717_193210.jpg","datePublished":"2024-10-21T20:02:39+00:00","dateModified":"2024-10-26T13:54:05+00:00","breadcrumb":{"@id":"https:\/\/www.klarairosa.com\/agora-vestacka-inteligencija-i-smrt-umetnika-i-naucnika\/#breadcrumb"},"inLanguage":"en-GB","potentialAction":[{"@type":"ReadAction","target":["https:\/\/www.klarairosa.com\/agora-vestacka-inteligencija-i-smrt-umetnika-i-naucnika\/"]}]},{"@type":"ImageObject","inLanguage":"en-GB","@id":"https:\/\/www.klarairosa.com\/agora-vestacka-inteligencija-i-smrt-umetnika-i-naucnika\/#primaryimage","url":"https:\/\/www.klarairosa.com\/wp-content\/uploads\/2024\/07\/20240717_193210.jpg","contentUrl":"https:\/\/www.klarairosa.com\/wp-content\/uploads\/2024\/07\/20240717_193210.jpg","width":520,"height":390},{"@type":"BreadcrumbList","@id":"https:\/\/www.klarairosa.com\/agora-vestacka-inteligencija-i-smrt-umetnika-i-naucnika\/#breadcrumb","itemListElement":[{"@type":"ListItem","position":1,"name":"Home","item":"https:\/\/www.klarairosa.com\/"},{"@type":"ListItem","position":2,"name":"Agora &#8211; Ve\u0161ta\u010dka inteligencija i smrt umetnika i nau\u010dnika&#8221;"}]},{"@type":"WebSite","@id":"https:\/\/www.klarairosa.com\/en\/#website","url":"https:\/\/www.klarairosa.com\/en\/","name":"Klara i Rosa","description":"Klara i Rosa","publisher":{"@id":"https:\/\/www.klarairosa.com\/en\/#organization"},"potentialAction":[{"@type":"SearchAction","target":{"@type":"EntryPoint","urlTemplate":"https:\/\/www.klarairosa.com\/en\/?s={search_term_string}"},"query-input":{"@type":"PropertyValueSpecification","valueRequired":true,"valueName":"search_term_string"}}],"inLanguage":"en-GB"},{"@type":"Organization","@id":"https:\/\/www.klarairosa.com\/en\/#organization","name":"Klara i Rosa","url":"https:\/\/www.klarairosa.com\/en\/","logo":{"@type":"ImageObject","inLanguage":"en-GB","@id":"https:\/\/www.klarairosa.com\/en\/#\/schema\/logo\/image\/","url":"https:\/\/www.klarairosa.com\/wp-content\/uploads\/2022\/01\/logo.svg","contentUrl":"https:\/\/www.klarairosa.com\/wp-content\/uploads\/2022\/01\/logo.svg","width":110,"height":139,"caption":"Klara i Rosa"},"image":{"@id":"https:\/\/www.klarairosa.com\/en\/#\/schema\/logo\/image\/"},"sameAs":["https:\/\/www.facebook.com\/klarairosa\/","https:\/\/www.instagram.com\/ugklarairosa\/"]},{"@type":"Person","@id":"https:\/\/www.klarairosa.com\/en\/#\/schema\/person\/e4e7e9e5c8eeeddccf61e4532ae8e6ed","name":"Klara i Rosa","image":{"@type":"ImageObject","inLanguage":"en-GB","@id":"https:\/\/secure.gravatar.com\/avatar\/c83ee539a067b9f57ae5d8999ae286c4f98b5c4bd943b8cbb64f6b0fc1f29e40?s=96&d=mm&r=g","url":"https:\/\/secure.gravatar.com\/avatar\/c83ee539a067b9f57ae5d8999ae286c4f98b5c4bd943b8cbb64f6b0fc1f29e40?s=96&d=mm&r=g","contentUrl":"https:\/\/secure.gravatar.com\/avatar\/c83ee539a067b9f57ae5d8999ae286c4f98b5c4bd943b8cbb64f6b0fc1f29e40?s=96&d=mm&r=g","caption":"Klara i Rosa"},"sameAs":["https:\/\/klarairosa.com"],"url":"https:\/\/www.klarairosa.com\/en\/author\/rosaiklara\/"}]}},"_links":{"self":[{"href":"https:\/\/www.klarairosa.com\/en\/wp-json\/wp\/v2\/posts\/22222","targetHints":{"allow":["GET"]}}],"collection":[{"href":"https:\/\/www.klarairosa.com\/en\/wp-json\/wp\/v2\/posts"}],"about":[{"href":"https:\/\/www.klarairosa.com\/en\/wp-json\/wp\/v2\/types\/post"}],"author":[{"embeddable":true,"href":"https:\/\/www.klarairosa.com\/en\/wp-json\/wp\/v2\/users\/1"}],"replies":[{"embeddable":true,"href":"https:\/\/www.klarairosa.com\/en\/wp-json\/wp\/v2\/comments?post=22222"}],"version-history":[{"count":3,"href":"https:\/\/www.klarairosa.com\/en\/wp-json\/wp\/v2\/posts\/22222\/revisions"}],"predecessor-version":[{"id":22242,"href":"https:\/\/www.klarairosa.com\/en\/wp-json\/wp\/v2\/posts\/22222\/revisions\/22242"}],"wp:featuredmedia":[{"embeddable":true,"href":"https:\/\/www.klarairosa.com\/en\/wp-json\/wp\/v2\/media\/21729"}],"wp:attachment":[{"href":"https:\/\/www.klarairosa.com\/en\/wp-json\/wp\/v2\/media?parent=22222"}],"wp:term":[{"taxonomy":"category","embeddable":true,"href":"https:\/\/www.klarairosa.com\/en\/wp-json\/wp\/v2\/categories?post=22222"},{"taxonomy":"post_tag","embeddable":true,"href":"https:\/\/www.klarairosa.com\/en\/wp-json\/wp\/v2\/tags?post=22222"}],"curies":[{"name":"wp","href":"https:\/\/api.w.org\/{rel}","templated":true}]}}