{"id":21794,"date":"2024-08-24T16:27:01","date_gmt":"2024-08-24T16:27:01","guid":{"rendered":"https:\/\/www.klarairosa.com\/?p=21794"},"modified":"2024-09-15T18:16:28","modified_gmt":"2024-09-15T18:16:28","slug":"agora-a-szorongas-filozofiai-megkozelitese","status":"publish","type":"post","link":"https:\/\/www.klarairosa.com\/en\/agora-a-szorongas-filozofiai-megkozelitese\/","title":{"rendered":"Agora: The Philosophical Approach to Anxiety"},"content":{"rendered":"<div class=\"flex-1 overflow-hidden\">\n<div class=\"react-scroll-to-bottom--css-egkjs-79elbk h-full\">\n<div class=\"react-scroll-to-bottom--css-egkjs-1n7m0yu\">\n<div class=\"flex flex-col text-sm pb-9\">\n<div class=\"w-full text-token-text-primary\" dir=\"auto\" data-testid=\"conversation-turn-3\" data-scroll-anchor=\"true\">\n<div class=\"py-2 juice:py-[18px] px-3 text-base md:px-4 m-auto md:px-5 lg:px-1 xl:px-5\">\n<div class=\"mx-auto flex flex-1 gap-3 text-base juice:gap-4 juice:md:gap-6 md:max-w-3xl lg:max-w-[40rem] xl:max-w-[48rem]\">\n<div class=\"group\/conversation-turn relative flex w-full min-w-0 flex-col agent-turn\">\n<div class=\"flex-col gap-1 md:gap-3\">\n<div class=\"flex flex-grow flex-col max-w-full\">\n<div class=\"min-h-[20px] text-message flex flex-col items-start whitespace-pre-wrap break-words [.text-message+&amp;]:mt-5 juice:w-full juice:items-end overflow-x-auto gap-2\" dir=\"auto\" data-message-author-role=\"assistant\" data-message-id=\"5d34cc30-ebec-4d3c-8652-bccf6013715f\">\n<div class=\"flex w-full flex-col gap-1 juice:empty:hidden juice:first:pt-[3px]\">\n<div class=\"xdj266r x11i5rnm xat24cr x1mh8g0r x1vvkbs x126k92a\">\n<div dir=\"auto\" style=\"text-align: justify;\">\n<p>\u201eA szorong\u00e1st a sz\u00e9d\u00fcl\u00e9shez lehet hasonl\u00edtani. Az, aki t\u00e1tong\u00f3 m\u00e9lys\u00e9gbe tekint, sz\u00e9d\u00fclni kezd. De mi\u00e9rt? Egyr\u00e9szt a szakad\u00e9k miatt, m\u00e1sr\u00e9szt az\u00e9rt, mert nem l\u00e1tja a t\u00e1tong\u00f3 melys\u00e9get. De vajon sz\u00e9d\u00fclt volna, ha nem n\u00e9z le? A szorong\u00e1s teh\u00e1t a szabads\u00e1g sz\u00e9d\u00fclete, amely akkor j\u00f6n l\u00e9tre, ha a szellem t\u00e9telezni akarja a szint\u00e9zist, a szabads\u00e1g pedig saj\u00e1t lehet\u0151s\u00e9geinek m\u00e9ly\u00e9re n\u00e9z, ott megragadja a v\u00e9gess\u00e9get, hogy ahhoz tartsa mag\u00e1t.\u201d Kierkegaard<\/p>\n<p>.<\/p>\n<p>Kierkegaard volt az els\u0151 filoz\u00f3fus, aki diskurzus t\u00e1rgy\u00e1v\u00e1 tette a szorong\u00e1s fenom\u00e9nj\u00e9t. A szorong\u00e1s ma m\u00e1r az emberi l\u00e9tez\u00e9st t\u00e9nylegesen meghat\u00e1roz\u00f3 jelens\u00e9g, \u00e9rtelmez\u00e9s\u00e9vel sz\u00e1mos tudom\u00e1nyter\u00fclet foglalkozik. De mi a k\u00fcl\u00f6nbs\u00e9g a szorong\u00e1s \u00e9s a f\u00e9lelem k\u00f6z\u00f6tt? Mi c\u00e9lja van, \u00e9s mik\u00e9nt oldhatjuk fel a szorong\u00e1sunkat?<\/p>\n<p>.<\/p>\n<p>Gyertek el a k\u00f6vetkez\u0151 Agor\u00e1ra, amelyet <strong>cs\u00fct\u00f6rt\u00f6k\u00f6n (2023.08.29-\u00e9n) 18 \u00f3rakor<\/strong> a szabadkai Fasizmus \u00e1ldozatainak tere eml\u00e9km\u0171n\u00e9l tartunk \u00e9s pr\u00f3b\u00e1ljuk meg egy\u00fctt meg\u00e9rteni a szorong\u00e1s term\u00e9szet\u00e9t.<\/p>\n<p>.<\/p>\n<p>A besz\u00e9lget\u00e9s vezet\u0151je S\u00e1rcsevity Hajd\u00fa Bea szoci\u00e1lpolitikus.<\/p>\n<p>.<\/p>\n<\/div>\n<\/div>\n<div class=\"x11i5rnm xat24cr x1mh8g0r x1vvkbs xtlvy1s x126k92a\">\n<div dir=\"auto\"><span class=\"html-span xdj266r x11i5rnm xat24cr x1mh8g0r xexx8yu x4uap5 x18d9i69 xkhd6sd x1hl2dhg x16tdsg8 x1vvkbs\"><a class=\"x1i10hfl xjbqb8w x1ejq31n xd10rxx x1sy0etr x17r0tee x972fbf xcfux6l x1qhh985 xm0m39n x9f619 x1ypdohk xt0psk2 xe8uvvx xdj266r x11i5rnm xat24cr x1mh8g0r xexx8yu x4uap5 x18d9i69 xkhd6sd x16tdsg8 x1hl2dhg xggy1nq x1a2a7pz x1sur9pj xkrqix3 x1fey0fg xo1l8bm\" tabindex=\"0\" role=\"link\" href=\"https:\/\/www.facebook.com\/hashtag\/guerrillafoundation?__eep__=6&amp;__cft__[0]=AZXBPIvsQnvCbFmLdWaLJxIlEbMTbrZZoo7sc7rq4Uup3afq3l8wGzvhMKUJkw6QOZhvWH925ofjsYAFjcmu3I_gABwSLl82SjTOxId-b9hG6ymGnhhMMnkl7EiEbUC42TYs9xW42SaiQrnfXUVrA-bXPbwBcrBVckw8ciXxNwAFFdQgpnidC2DHmpKc4OaEU1ZgcjB_UOXySHuA0oozvqeS&amp;__tn__=*NK-R\">#guerrillafoundation<\/a><\/span><\/div>\n<\/div>\n<\/div>\n<\/div>\n<\/div>\n<div class=\"mt-1 flex gap-3 empty:hidden juice:-ml-3\">\n<div class=\"items-center justify-start rounded-xl p-1 flex\">\n<div class=\"flex items-center\" style=\"text-align: justify;\">\n<div class=\"x11i5rnm xat24cr x1mh8g0r x1vvkbs xtlvy1s x126k92a\">\n<div dir=\"auto\">\n<div class=\"x11i5rnm xat24cr x1mh8g0r x1vvkbs xtlvy1s x126k92a\">\n<div dir=\"auto\"><\/div>\n<\/div>\n<\/div>\n<div dir=\"auto\">.<\/div>\n<\/div>\n<p><img decoding=\"async\" class=\"alignnone wp-image-21284\" src=\"https:\/\/www.klarairosa.com\/wp-content\/uploads\/2024\/06\/guerrilla_logo_cmyk_coloured_no_bg-300x130.png\" alt=\"\" width=\"108\" height=\"47\" srcset=\"https:\/\/www.klarairosa.com\/wp-content\/uploads\/2024\/06\/guerrilla_logo_cmyk_coloured_no_bg-300x130.png 300w, https:\/\/www.klarairosa.com\/wp-content\/uploads\/2024\/06\/guerrilla_logo_cmyk_coloured_no_bg-1024x444.png 1024w, https:\/\/www.klarairosa.com\/wp-content\/uploads\/2024\/06\/guerrilla_logo_cmyk_coloured_no_bg-768x333.png 768w, https:\/\/www.klarairosa.com\/wp-content\/uploads\/2024\/06\/guerrilla_logo_cmyk_coloured_no_bg-1536x666.png 1536w, https:\/\/www.klarairosa.com\/wp-content\/uploads\/2024\/06\/guerrilla_logo_cmyk_coloured_no_bg-18x8.png 18w, https:\/\/www.klarairosa.com\/wp-content\/uploads\/2024\/06\/guerrilla_logo_cmyk_coloured_no_bg-700x303.png 700w, https:\/\/www.klarairosa.com\/wp-content\/uploads\/2024\/06\/guerrilla_logo_cmyk_coloured_no_bg.png 1802w\" sizes=\"(max-width: 108px) 100vw, 108px\" \/><\/p>\n<p>&nbsp;<\/p>\n<\/div>\n<\/div>\n<\/div>\n<\/div>\n<\/div>\n<\/div>\n<\/div>\n<\/div>\n<\/div>\n<\/div>\n<\/div>\n<\/div>\n<div class=\"w-full md:pt-0 dark:border-white\/20 md:border-transparent md:dark:border-transparent md:w-[calc(100%-.5rem)] juice:w-full\">\n<div class=\"px-3 text-base md:px-4 m-auto md:px-5 lg:px-1 xl:px-5\">\n<div class=\"mx-auto flex flex-1 gap-3 text-base juice:gap-4 juice:md:gap-6 md:max-w-3xl lg:max-w-[40rem] xl:max-w-[48rem]\">\n<form class=\"w-full\">\n<div class=\"relative flex h-full max-w-full flex-1 flex-col\"><\/div>\n<\/form>\n<\/div>\n<\/div>\n<\/div>\n","protected":false},"excerpt":{"rendered":"<p>\u201eA szorong\u00e1st a sz\u00e9d\u00fcl\u00e9shez lehet hasonl\u00edtani. Az, aki t\u00e1tong\u00f3 m\u00e9lys\u00e9gbe tekint, sz\u00e9d\u00fclni kezd. De mi\u00e9rt?&#8230;<\/p>","protected":false},"author":1,"featured_media":21795,"comment_status":"closed","ping_status":"closed","sticky":false,"template":"","format":"standard","meta":{"content-type":"","inline_featured_image":false,"footnotes":""},"categories":[117],"tags":[312,396,282,395,394,124,152],"class_list":["post-21794","post","type-post","status-publish","format-standard","has-post-thumbnail","hentry","category-drugo","tag-312","tag-agora","tag-community","tag-guerrilla","tag-guerrilla-foundation","tag-klara-i-rosa","tag-subotica"],"yoast_head":"<!-- This site is optimized with the Yoast SEO plugin v27.5 - https:\/\/yoast.com\/product\/yoast-seo-wordpress\/ -->\n<title>Agora: A szorong\u00e1s filoz\u00f3fiai megk\u00f6zel\u00edt\u00e9se - Klara i Rosa<\/title>\n<meta name=\"robots\" content=\"index, follow, max-snippet:-1, max-image-preview:large, max-video-preview:-1\" \/>\n<link rel=\"canonical\" href=\"https:\/\/www.klarairosa.com\/en\/agora-a-szorongas-filozofiai-megkozelitese\/\" \/>\n<meta property=\"og:locale\" content=\"en_GB\" \/>\n<meta property=\"og:type\" content=\"article\" \/>\n<meta property=\"og:title\" content=\"Agora: A szorong\u00e1s filoz\u00f3fiai megk\u00f6zel\u00edt\u00e9se - Klara i Rosa\" \/>\n<meta property=\"og:description\" content=\"\u201eA szorong\u00e1st a sz\u00e9d\u00fcl\u00e9shez lehet hasonl\u00edtani. Az, aki t\u00e1tong\u00f3 m\u00e9lys\u00e9gbe tekint, sz\u00e9d\u00fclni kezd. De mi\u00e9rt?...\" \/>\n<meta property=\"og:url\" content=\"https:\/\/www.klarairosa.com\/en\/agora-a-szorongas-filozofiai-megkozelitese\/\" \/>\n<meta property=\"og:site_name\" content=\"Klara i Rosa\" \/>\n<meta property=\"article:publisher\" content=\"https:\/\/www.facebook.com\/klarairosa\/\" \/>\n<meta property=\"article:published_time\" content=\"2024-08-24T16:27:01+00:00\" \/>\n<meta property=\"article:modified_time\" content=\"2024-09-15T18:16:28+00:00\" \/>\n<meta property=\"og:image\" content=\"https:\/\/www.klarairosa.com\/wp-content\/uploads\/2024\/08\/456701374_1305500917164259_5331267832882929118_n.jpg\" \/>\n\t<meta property=\"og:image:width\" content=\"720\" \/>\n\t<meta property=\"og:image:height\" content=\"540\" \/>\n\t<meta property=\"og:image:type\" content=\"image\/jpeg\" \/>\n<meta name=\"author\" content=\"Klara i Rosa\" \/>\n<meta name=\"twitter:card\" content=\"summary_large_image\" \/>\n<meta name=\"twitter:label1\" content=\"Written by\" \/>\n\t<meta name=\"twitter:data1\" content=\"Klara i Rosa\" \/>\n\t<meta name=\"twitter:label2\" content=\"Estimated reading time\" \/>\n\t<meta name=\"twitter:data2\" content=\"1 minute\" \/>\n<script type=\"application\/ld+json\" class=\"yoast-schema-graph\">{\"@context\":\"https:\\\/\\\/schema.org\",\"@graph\":[{\"@type\":\"Article\",\"@id\":\"https:\\\/\\\/www.klarairosa.com\\\/agora-a-szorongas-filozofiai-megkozelitese\\\/#article\",\"isPartOf\":{\"@id\":\"https:\\\/\\\/www.klarairosa.com\\\/agora-a-szorongas-filozofiai-megkozelitese\\\/\"},\"author\":{\"name\":\"Klara i Rosa\",\"@id\":\"https:\\\/\\\/www.klarairosa.com\\\/en\\\/#\\\/schema\\\/person\\\/e4e7e9e5c8eeeddccf61e4532ae8e6ed\"},\"headline\":\"Agora: A szorong\u00e1s filoz\u00f3fiai megk\u00f6zel\u00edt\u00e9se\",\"datePublished\":\"2024-08-24T16:27:01+00:00\",\"dateModified\":\"2024-09-15T18:16:28+00:00\",\"mainEntityOfPage\":{\"@id\":\"https:\\\/\\\/www.klarairosa.com\\\/agora-a-szorongas-filozofiai-megkozelitese\\\/\"},\"wordCount\":247,\"publisher\":{\"@id\":\"https:\\\/\\\/www.klarairosa.com\\\/en\\\/#organization\"},\"image\":{\"@id\":\"https:\\\/\\\/www.klarairosa.com\\\/agora-a-szorongas-filozofiai-megkozelitese\\\/#primaryimage\"},\"thumbnailUrl\":\"https:\\\/\\\/www.klarairosa.com\\\/wp-content\\\/uploads\\\/2024\\\/08\\\/456701374_1305500917164259_5331267832882929118_n.jpg\",\"keywords\":[\"2024\",\"agora\",\"community\",\"guerrilla\",\"guerrilla foundation\",\"Klara i Rosa\",\"subotica\"],\"articleSection\":[\"Drugo\"],\"inLanguage\":\"en-GB\"},{\"@type\":\"WebPage\",\"@id\":\"https:\\\/\\\/www.klarairosa.com\\\/agora-a-szorongas-filozofiai-megkozelitese\\\/\",\"url\":\"https:\\\/\\\/www.klarairosa.com\\\/agora-a-szorongas-filozofiai-megkozelitese\\\/\",\"name\":\"Agora: A szorong\u00e1s filoz\u00f3fiai megk\u00f6zel\u00edt\u00e9se - Klara i Rosa\",\"isPartOf\":{\"@id\":\"https:\\\/\\\/www.klarairosa.com\\\/en\\\/#website\"},\"primaryImageOfPage\":{\"@id\":\"https:\\\/\\\/www.klarairosa.com\\\/agora-a-szorongas-filozofiai-megkozelitese\\\/#primaryimage\"},\"image\":{\"@id\":\"https:\\\/\\\/www.klarairosa.com\\\/agora-a-szorongas-filozofiai-megkozelitese\\\/#primaryimage\"},\"thumbnailUrl\":\"https:\\\/\\\/www.klarairosa.com\\\/wp-content\\\/uploads\\\/2024\\\/08\\\/456701374_1305500917164259_5331267832882929118_n.jpg\",\"datePublished\":\"2024-08-24T16:27:01+00:00\",\"dateModified\":\"2024-09-15T18:16:28+00:00\",\"breadcrumb\":{\"@id\":\"https:\\\/\\\/www.klarairosa.com\\\/agora-a-szorongas-filozofiai-megkozelitese\\\/#breadcrumb\"},\"inLanguage\":\"en-GB\",\"potentialAction\":[{\"@type\":\"ReadAction\",\"target\":[\"https:\\\/\\\/www.klarairosa.com\\\/agora-a-szorongas-filozofiai-megkozelitese\\\/\"]}]},{\"@type\":\"ImageObject\",\"inLanguage\":\"en-GB\",\"@id\":\"https:\\\/\\\/www.klarairosa.com\\\/agora-a-szorongas-filozofiai-megkozelitese\\\/#primaryimage\",\"url\":\"https:\\\/\\\/www.klarairosa.com\\\/wp-content\\\/uploads\\\/2024\\\/08\\\/456701374_1305500917164259_5331267832882929118_n.jpg\",\"contentUrl\":\"https:\\\/\\\/www.klarairosa.com\\\/wp-content\\\/uploads\\\/2024\\\/08\\\/456701374_1305500917164259_5331267832882929118_n.jpg\",\"width\":720,\"height\":540},{\"@type\":\"BreadcrumbList\",\"@id\":\"https:\\\/\\\/www.klarairosa.com\\\/agora-a-szorongas-filozofiai-megkozelitese\\\/#breadcrumb\",\"itemListElement\":[{\"@type\":\"ListItem\",\"position\":1,\"name\":\"Home\",\"item\":\"https:\\\/\\\/www.klarairosa.com\\\/\"},{\"@type\":\"ListItem\",\"position\":2,\"name\":\"Agora: A szorong\u00e1s filoz\u00f3fiai megk\u00f6zel\u00edt\u00e9se\"}]},{\"@type\":\"WebSite\",\"@id\":\"https:\\\/\\\/www.klarairosa.com\\\/en\\\/#website\",\"url\":\"https:\\\/\\\/www.klarairosa.com\\\/en\\\/\",\"name\":\"Klara i Rosa\",\"description\":\"Klara i Rosa\",\"publisher\":{\"@id\":\"https:\\\/\\\/www.klarairosa.com\\\/en\\\/#organization\"},\"potentialAction\":[{\"@type\":\"SearchAction\",\"target\":{\"@type\":\"EntryPoint\",\"urlTemplate\":\"https:\\\/\\\/www.klarairosa.com\\\/en\\\/?s={search_term_string}\"},\"query-input\":{\"@type\":\"PropertyValueSpecification\",\"valueRequired\":true,\"valueName\":\"search_term_string\"}}],\"inLanguage\":\"en-GB\"},{\"@type\":\"Organization\",\"@id\":\"https:\\\/\\\/www.klarairosa.com\\\/en\\\/#organization\",\"name\":\"Klara i Rosa\",\"url\":\"https:\\\/\\\/www.klarairosa.com\\\/en\\\/\",\"logo\":{\"@type\":\"ImageObject\",\"inLanguage\":\"en-GB\",\"@id\":\"https:\\\/\\\/www.klarairosa.com\\\/en\\\/#\\\/schema\\\/logo\\\/image\\\/\",\"url\":\"https:\\\/\\\/www.klarairosa.com\\\/wp-content\\\/uploads\\\/2022\\\/01\\\/logo.svg\",\"contentUrl\":\"https:\\\/\\\/www.klarairosa.com\\\/wp-content\\\/uploads\\\/2022\\\/01\\\/logo.svg\",\"width\":110,\"height\":139,\"caption\":\"Klara i Rosa\"},\"image\":{\"@id\":\"https:\\\/\\\/www.klarairosa.com\\\/en\\\/#\\\/schema\\\/logo\\\/image\\\/\"},\"sameAs\":[\"https:\\\/\\\/www.facebook.com\\\/klarairosa\\\/\",\"https:\\\/\\\/www.instagram.com\\\/ugklarairosa\\\/\"]},{\"@type\":\"Person\",\"@id\":\"https:\\\/\\\/www.klarairosa.com\\\/en\\\/#\\\/schema\\\/person\\\/e4e7e9e5c8eeeddccf61e4532ae8e6ed\",\"name\":\"Klara i Rosa\",\"image\":{\"@type\":\"ImageObject\",\"inLanguage\":\"en-GB\",\"@id\":\"https:\\\/\\\/secure.gravatar.com\\\/avatar\\\/c83ee539a067b9f57ae5d8999ae286c4f98b5c4bd943b8cbb64f6b0fc1f29e40?s=96&d=mm&r=g\",\"url\":\"https:\\\/\\\/secure.gravatar.com\\\/avatar\\\/c83ee539a067b9f57ae5d8999ae286c4f98b5c4bd943b8cbb64f6b0fc1f29e40?s=96&d=mm&r=g\",\"contentUrl\":\"https:\\\/\\\/secure.gravatar.com\\\/avatar\\\/c83ee539a067b9f57ae5d8999ae286c4f98b5c4bd943b8cbb64f6b0fc1f29e40?s=96&d=mm&r=g\",\"caption\":\"Klara i Rosa\"},\"sameAs\":[\"https:\\\/\\\/klarairosa.com\"],\"url\":\"https:\\\/\\\/www.klarairosa.com\\\/en\\\/author\\\/rosaiklara\\\/\"}]}<\/script>\n<!-- \/ Yoast SEO plugin. -->","yoast_head_json":{"title":"Agora: A szorong\u00e1s filoz\u00f3fiai megk\u00f6zel\u00edt\u00e9se - Klara i Rosa","robots":{"index":"index","follow":"follow","max-snippet":"max-snippet:-1","max-image-preview":"max-image-preview:large","max-video-preview":"max-video-preview:-1"},"canonical":"https:\/\/www.klarairosa.com\/en\/agora-a-szorongas-filozofiai-megkozelitese\/","og_locale":"en_GB","og_type":"article","og_title":"Agora: A szorong\u00e1s filoz\u00f3fiai megk\u00f6zel\u00edt\u00e9se - Klara i Rosa","og_description":"\u201eA szorong\u00e1st a sz\u00e9d\u00fcl\u00e9shez lehet hasonl\u00edtani. Az, aki t\u00e1tong\u00f3 m\u00e9lys\u00e9gbe tekint, sz\u00e9d\u00fclni kezd. De mi\u00e9rt?...","og_url":"https:\/\/www.klarairosa.com\/en\/agora-a-szorongas-filozofiai-megkozelitese\/","og_site_name":"Klara i Rosa","article_publisher":"https:\/\/www.facebook.com\/klarairosa\/","article_published_time":"2024-08-24T16:27:01+00:00","article_modified_time":"2024-09-15T18:16:28+00:00","og_image":[{"width":720,"height":540,"url":"https:\/\/www.klarairosa.com\/wp-content\/uploads\/2024\/08\/456701374_1305500917164259_5331267832882929118_n.jpg","type":"image\/jpeg"}],"author":"Klara i Rosa","twitter_card":"summary_large_image","twitter_misc":{"Written by":"Klara i Rosa","Estimated reading time":"1 minute"},"schema":{"@context":"https:\/\/schema.org","@graph":[{"@type":"Article","@id":"https:\/\/www.klarairosa.com\/agora-a-szorongas-filozofiai-megkozelitese\/#article","isPartOf":{"@id":"https:\/\/www.klarairosa.com\/agora-a-szorongas-filozofiai-megkozelitese\/"},"author":{"name":"Klara i Rosa","@id":"https:\/\/www.klarairosa.com\/en\/#\/schema\/person\/e4e7e9e5c8eeeddccf61e4532ae8e6ed"},"headline":"Agora: A szorong\u00e1s filoz\u00f3fiai megk\u00f6zel\u00edt\u00e9se","datePublished":"2024-08-24T16:27:01+00:00","dateModified":"2024-09-15T18:16:28+00:00","mainEntityOfPage":{"@id":"https:\/\/www.klarairosa.com\/agora-a-szorongas-filozofiai-megkozelitese\/"},"wordCount":247,"publisher":{"@id":"https:\/\/www.klarairosa.com\/en\/#organization"},"image":{"@id":"https:\/\/www.klarairosa.com\/agora-a-szorongas-filozofiai-megkozelitese\/#primaryimage"},"thumbnailUrl":"https:\/\/www.klarairosa.com\/wp-content\/uploads\/2024\/08\/456701374_1305500917164259_5331267832882929118_n.jpg","keywords":["2024","agora","community","guerrilla","guerrilla foundation","Klara i Rosa","subotica"],"articleSection":["Drugo"],"inLanguage":"en-GB"},{"@type":"WebPage","@id":"https:\/\/www.klarairosa.com\/agora-a-szorongas-filozofiai-megkozelitese\/","url":"https:\/\/www.klarairosa.com\/agora-a-szorongas-filozofiai-megkozelitese\/","name":"Agora: A szorong\u00e1s filoz\u00f3fiai megk\u00f6zel\u00edt\u00e9se - Klara i Rosa","isPartOf":{"@id":"https:\/\/www.klarairosa.com\/en\/#website"},"primaryImageOfPage":{"@id":"https:\/\/www.klarairosa.com\/agora-a-szorongas-filozofiai-megkozelitese\/#primaryimage"},"image":{"@id":"https:\/\/www.klarairosa.com\/agora-a-szorongas-filozofiai-megkozelitese\/#primaryimage"},"thumbnailUrl":"https:\/\/www.klarairosa.com\/wp-content\/uploads\/2024\/08\/456701374_1305500917164259_5331267832882929118_n.jpg","datePublished":"2024-08-24T16:27:01+00:00","dateModified":"2024-09-15T18:16:28+00:00","breadcrumb":{"@id":"https:\/\/www.klarairosa.com\/agora-a-szorongas-filozofiai-megkozelitese\/#breadcrumb"},"inLanguage":"en-GB","potentialAction":[{"@type":"ReadAction","target":["https:\/\/www.klarairosa.com\/agora-a-szorongas-filozofiai-megkozelitese\/"]}]},{"@type":"ImageObject","inLanguage":"en-GB","@id":"https:\/\/www.klarairosa.com\/agora-a-szorongas-filozofiai-megkozelitese\/#primaryimage","url":"https:\/\/www.klarairosa.com\/wp-content\/uploads\/2024\/08\/456701374_1305500917164259_5331267832882929118_n.jpg","contentUrl":"https:\/\/www.klarairosa.com\/wp-content\/uploads\/2024\/08\/456701374_1305500917164259_5331267832882929118_n.jpg","width":720,"height":540},{"@type":"BreadcrumbList","@id":"https:\/\/www.klarairosa.com\/agora-a-szorongas-filozofiai-megkozelitese\/#breadcrumb","itemListElement":[{"@type":"ListItem","position":1,"name":"Home","item":"https:\/\/www.klarairosa.com\/"},{"@type":"ListItem","position":2,"name":"Agora: A szorong\u00e1s filoz\u00f3fiai megk\u00f6zel\u00edt\u00e9se"}]},{"@type":"WebSite","@id":"https:\/\/www.klarairosa.com\/en\/#website","url":"https:\/\/www.klarairosa.com\/en\/","name":"Klara i Rosa","description":"Klara i Rosa","publisher":{"@id":"https:\/\/www.klarairosa.com\/en\/#organization"},"potentialAction":[{"@type":"SearchAction","target":{"@type":"EntryPoint","urlTemplate":"https:\/\/www.klarairosa.com\/en\/?s={search_term_string}"},"query-input":{"@type":"PropertyValueSpecification","valueRequired":true,"valueName":"search_term_string"}}],"inLanguage":"en-GB"},{"@type":"Organization","@id":"https:\/\/www.klarairosa.com\/en\/#organization","name":"Klara i Rosa","url":"https:\/\/www.klarairosa.com\/en\/","logo":{"@type":"ImageObject","inLanguage":"en-GB","@id":"https:\/\/www.klarairosa.com\/en\/#\/schema\/logo\/image\/","url":"https:\/\/www.klarairosa.com\/wp-content\/uploads\/2022\/01\/logo.svg","contentUrl":"https:\/\/www.klarairosa.com\/wp-content\/uploads\/2022\/01\/logo.svg","width":110,"height":139,"caption":"Klara i Rosa"},"image":{"@id":"https:\/\/www.klarairosa.com\/en\/#\/schema\/logo\/image\/"},"sameAs":["https:\/\/www.facebook.com\/klarairosa\/","https:\/\/www.instagram.com\/ugklarairosa\/"]},{"@type":"Person","@id":"https:\/\/www.klarairosa.com\/en\/#\/schema\/person\/e4e7e9e5c8eeeddccf61e4532ae8e6ed","name":"Klara i Rosa","image":{"@type":"ImageObject","inLanguage":"en-GB","@id":"https:\/\/secure.gravatar.com\/avatar\/c83ee539a067b9f57ae5d8999ae286c4f98b5c4bd943b8cbb64f6b0fc1f29e40?s=96&d=mm&r=g","url":"https:\/\/secure.gravatar.com\/avatar\/c83ee539a067b9f57ae5d8999ae286c4f98b5c4bd943b8cbb64f6b0fc1f29e40?s=96&d=mm&r=g","contentUrl":"https:\/\/secure.gravatar.com\/avatar\/c83ee539a067b9f57ae5d8999ae286c4f98b5c4bd943b8cbb64f6b0fc1f29e40?s=96&d=mm&r=g","caption":"Klara i Rosa"},"sameAs":["https:\/\/klarairosa.com"],"url":"https:\/\/www.klarairosa.com\/en\/author\/rosaiklara\/"}]}},"_links":{"self":[{"href":"https:\/\/www.klarairosa.com\/en\/wp-json\/wp\/v2\/posts\/21794","targetHints":{"allow":["GET"]}}],"collection":[{"href":"https:\/\/www.klarairosa.com\/en\/wp-json\/wp\/v2\/posts"}],"about":[{"href":"https:\/\/www.klarairosa.com\/en\/wp-json\/wp\/v2\/types\/post"}],"author":[{"embeddable":true,"href":"https:\/\/www.klarairosa.com\/en\/wp-json\/wp\/v2\/users\/1"}],"replies":[{"embeddable":true,"href":"https:\/\/www.klarairosa.com\/en\/wp-json\/wp\/v2\/comments?post=21794"}],"version-history":[{"count":1,"href":"https:\/\/www.klarairosa.com\/en\/wp-json\/wp\/v2\/posts\/21794\/revisions"}],"predecessor-version":[{"id":21796,"href":"https:\/\/www.klarairosa.com\/en\/wp-json\/wp\/v2\/posts\/21794\/revisions\/21796"}],"wp:featuredmedia":[{"embeddable":true,"href":"https:\/\/www.klarairosa.com\/en\/wp-json\/wp\/v2\/media\/21795"}],"wp:attachment":[{"href":"https:\/\/www.klarairosa.com\/en\/wp-json\/wp\/v2\/media?parent=21794"}],"wp:term":[{"taxonomy":"category","embeddable":true,"href":"https:\/\/www.klarairosa.com\/en\/wp-json\/wp\/v2\/categories?post=21794"},{"taxonomy":"post_tag","embeddable":true,"href":"https:\/\/www.klarairosa.com\/en\/wp-json\/wp\/v2\/tags?post=21794"}],"curies":[{"name":"wp","href":"https:\/\/api.w.org\/{rel}","templated":true}]}}