{"id":20610,"date":"2024-01-08T10:36:02","date_gmt":"2024-01-08T10:36:02","guid":{"rendered":"https:\/\/www.klarairosa.com\/?p=20610"},"modified":"2024-01-09T09:50:28","modified_gmt":"2024-01-09T09:50:28","slug":"knjizevnost-se-vraca-u-suboticu-vizuelna-signalisticka-poezija","status":"publish","type":"post","link":"https:\/\/www.klarairosa.com\/en\/knjizevnost-se-vraca-u-suboticu-vizuelna-signalisticka-poezija\/","title":{"rendered":"LITERATURE RETURNS TO SUBOTICA: VISUAL SIGNALIST POETRY"},"content":{"rendered":"<p style=\"text-align: justify;\">U okviru programa &#8222;Knji\u017eevnost se vra\u0107a u Suboticu&#8220;, <strong>11. januara 2024, u 19 \u010dasova<\/strong> odr\u017ea\u0107e se mala promocija, intimno predstavljanje zbirki poezije *Te\u0161ko u glavi* &amp; *U ku\u0107i od ljudske ko\u017ee*, razgovor o signalizmu, \u017eivotu u egzilu, umetnosti, autora Vladimira Milojkovi\u0107a.<\/p>\n<p>.<\/p>\n<p style=\"text-align: justify;\">Vladimir Milojkovi\u0107 \/ Vladimir Milojkovity ro\u0111en je u Szabadki u Jugoslaviji. \u010clan engleskog PEN Centra. Pi\u0161e na svim jugoslavneskim jezicima u zavisnosti o ose\u0107anju u trenutku. \u010clan je jedine neformalne poslednje signalisti\u010dke grupe autora na prostoru biv\u0161e Jugoslavije. Sa signalistima je u\u010destvovao u izradi dve zbirke signalisti\u010dke, DADA i vizualne poezije Magija signalizma \/ The Magic of Signalism (2016.) i Vizije signalizma \/ The Visions of Signalism (2017.).<\/p>\n<p style=\"text-align: justify;\">.<\/p>\n<p style=\"text-align: justify;\">He is also featured in the 2023 Anthology of Signalism.<\/p>\n<p style=\"text-align: justify;\">.<\/p>\n<p style=\"text-align: justify;\" class=\" translation-block\">His audio poetry was included in the MATLIT (Materialidades da Literatura) compilation in 2018, organized by the University of Coimbra in Portugal. His short film Verschwinden, made in collaboration with Verene D\u00fcrr and Sofija \u017divkovi\u0107, was a finalist at the International Smart Phone Festival in Abuja (Nigeria) 2018-2019. His exhibition of visual poetry signal-iza-C-i-JA was showcased in Novi Sad in 2019, Zagreb in 2020, and Subotica in 2021. Milojkovity has published three poetry collections: Razgovor sa Hertom in 2014 (awarded Prvenac for the best manuscript by a young author), Te\u0161ko u glavi (Presing 2020), U ku\u0107i od ljudske ko\u017ee (Presing Award for 2021 for the best manuscript).<\/p>\n<p style=\"text-align: justify;\">.<\/p>\n<p style=\"text-align: justify;\">He is a signatory of the declaration on a common language and has been living in London since 2020.<\/p>\n<p>.<\/p>\n<p>.<br \/>\nThe discussion will be led by Stefan Basari\u0107.<\/p>","protected":false},"excerpt":{"rendered":"<p>U okviru programa &#8222;Knji\u017eevnost se vra\u0107a u Suboticu&#8220;, 11. januara 2024, u 19 \u010dasova odr\u017ea\u0107e&#8230;<\/p>","protected":false},"author":1,"featured_media":20617,"comment_status":"closed","ping_status":"closed","sticky":false,"template":"","format":"standard","meta":{"content-type":"","inline_featured_image":false,"footnotes":""},"categories":[109],"tags":[121,124,269,279,271,270,277,152,295,294],"class_list":["post-20610","post","type-post","status-publish","format-standard","has-post-thumbnail","hentry","category-aktuelno","tag-121","tag-klara-i-rosa","tag-knjizevnost","tag-knjizevnost-se-vraca-u-suboticu","tag-pesnicko-vece","tag-poezija","tag-stefan-basaric","tag-subotica","tag-tesko-u-glavi","tag-vladimir-milojkovic"],"yoast_head":"<!-- This site is optimized with the Yoast SEO plugin v27.5 - https:\/\/yoast.com\/product\/yoast-seo-wordpress\/ -->\n<title>KNJI\u017dEVNOST SE VRA\u0106A U SUBOTICU: VIZUELNA SIGNALISTI\u010cKA POEZIJA - Klara i Rosa<\/title>\n<meta name=\"robots\" content=\"index, follow, max-snippet:-1, max-image-preview:large, max-video-preview:-1\" \/>\n<link rel=\"canonical\" href=\"https:\/\/www.klarairosa.com\/en\/knjizevnost-se-vraca-u-suboticu-vizuelna-signalisticka-poezija\/\" \/>\n<meta property=\"og:locale\" content=\"en_GB\" \/>\n<meta property=\"og:type\" content=\"article\" \/>\n<meta property=\"og:title\" content=\"KNJI\u017dEVNOST SE VRA\u0106A U SUBOTICU: VIZUELNA SIGNALISTI\u010cKA POEZIJA - Klara i Rosa\" \/>\n<meta property=\"og:description\" content=\"U okviru programa &#8222;Knji\u017eevnost se vra\u0107a u Suboticu&#8220;, 11. januara 2024, u 19 \u010dasova odr\u017ea\u0107e...\" \/>\n<meta property=\"og:url\" content=\"https:\/\/www.klarairosa.com\/en\/knjizevnost-se-vraca-u-suboticu-vizuelna-signalisticka-poezija\/\" \/>\n<meta property=\"og:site_name\" content=\"Klara i Rosa\" \/>\n<meta property=\"article:publisher\" content=\"https:\/\/www.facebook.com\/klarairosa\/\" \/>\n<meta property=\"article:published_time\" content=\"2024-01-08T10:36:02+00:00\" \/>\n<meta property=\"article:modified_time\" content=\"2024-01-09T09:50:28+00:00\" \/>\n<meta property=\"og:image\" content=\"https:\/\/www.klarairosa.com\/wp-content\/uploads\/2024\/01\/Ivory-Pink-Pretty-Wedding-Facebook-Event-Cover.jpg\" \/>\n\t<meta property=\"og:image:width\" content=\"1920\" \/>\n\t<meta property=\"og:image:height\" content=\"1080\" \/>\n\t<meta property=\"og:image:type\" content=\"image\/jpeg\" \/>\n<meta name=\"author\" content=\"Klara i Rosa\" \/>\n<meta name=\"twitter:card\" content=\"summary_large_image\" \/>\n<meta name=\"twitter:label1\" content=\"Written by\" \/>\n\t<meta name=\"twitter:data1\" content=\"Klara i Rosa\" \/>\n\t<meta name=\"twitter:label2\" content=\"Estimated reading time\" \/>\n\t<meta name=\"twitter:data2\" content=\"1 minute\" \/>\n<script type=\"application\/ld+json\" class=\"yoast-schema-graph\">{\"@context\":\"https:\\\/\\\/schema.org\",\"@graph\":[{\"@type\":\"Article\",\"@id\":\"https:\\\/\\\/www.klarairosa.com\\\/knjizevnost-se-vraca-u-suboticu-vizuelna-signalisticka-poezija\\\/#article\",\"isPartOf\":{\"@id\":\"https:\\\/\\\/www.klarairosa.com\\\/knjizevnost-se-vraca-u-suboticu-vizuelna-signalisticka-poezija\\\/\"},\"author\":{\"name\":\"Klara i Rosa\",\"@id\":\"https:\\\/\\\/www.klarairosa.com\\\/en\\\/#\\\/schema\\\/person\\\/e4e7e9e5c8eeeddccf61e4532ae8e6ed\"},\"headline\":\"KNJI\u017dEVNOST SE VRA\u0106A U SUBOTICU: VIZUELNA SIGNALISTI\u010cKA POEZIJA\",\"datePublished\":\"2024-01-08T10:36:02+00:00\",\"dateModified\":\"2024-01-09T09:50:28+00:00\",\"mainEntityOfPage\":{\"@id\":\"https:\\\/\\\/www.klarairosa.com\\\/knjizevnost-se-vraca-u-suboticu-vizuelna-signalisticka-poezija\\\/\"},\"wordCount\":242,\"publisher\":{\"@id\":\"https:\\\/\\\/www.klarairosa.com\\\/en\\\/#organization\"},\"image\":{\"@id\":\"https:\\\/\\\/www.klarairosa.com\\\/knjizevnost-se-vraca-u-suboticu-vizuelna-signalisticka-poezija\\\/#primaryimage\"},\"thumbnailUrl\":\"https:\\\/\\\/www.klarairosa.com\\\/wp-content\\\/uploads\\\/2024\\\/01\\\/Ivory-Pink-Pretty-Wedding-Facebook-Event-Cover.jpg\",\"keywords\":[\"2023\",\"Klara i Rosa\",\"knjizevnost\",\"knjizevnost se vraca u suboticu\",\"pesnicko vece\",\"poezija\",\"stefan basaric\",\"subotica\",\"tesko u glavi\",\"vladimir milojkovic\"],\"articleSection\":[\"Aktuelno\"],\"inLanguage\":\"en-GB\"},{\"@type\":\"WebPage\",\"@id\":\"https:\\\/\\\/www.klarairosa.com\\\/knjizevnost-se-vraca-u-suboticu-vizuelna-signalisticka-poezija\\\/\",\"url\":\"https:\\\/\\\/www.klarairosa.com\\\/knjizevnost-se-vraca-u-suboticu-vizuelna-signalisticka-poezija\\\/\",\"name\":\"KNJI\u017dEVNOST SE VRA\u0106A U SUBOTICU: VIZUELNA SIGNALISTI\u010cKA POEZIJA - Klara i Rosa\",\"isPartOf\":{\"@id\":\"https:\\\/\\\/www.klarairosa.com\\\/en\\\/#website\"},\"primaryImageOfPage\":{\"@id\":\"https:\\\/\\\/www.klarairosa.com\\\/knjizevnost-se-vraca-u-suboticu-vizuelna-signalisticka-poezija\\\/#primaryimage\"},\"image\":{\"@id\":\"https:\\\/\\\/www.klarairosa.com\\\/knjizevnost-se-vraca-u-suboticu-vizuelna-signalisticka-poezija\\\/#primaryimage\"},\"thumbnailUrl\":\"https:\\\/\\\/www.klarairosa.com\\\/wp-content\\\/uploads\\\/2024\\\/01\\\/Ivory-Pink-Pretty-Wedding-Facebook-Event-Cover.jpg\",\"datePublished\":\"2024-01-08T10:36:02+00:00\",\"dateModified\":\"2024-01-09T09:50:28+00:00\",\"breadcrumb\":{\"@id\":\"https:\\\/\\\/www.klarairosa.com\\\/knjizevnost-se-vraca-u-suboticu-vizuelna-signalisticka-poezija\\\/#breadcrumb\"},\"inLanguage\":\"en-GB\",\"potentialAction\":[{\"@type\":\"ReadAction\",\"target\":[\"https:\\\/\\\/www.klarairosa.com\\\/knjizevnost-se-vraca-u-suboticu-vizuelna-signalisticka-poezija\\\/\"]}]},{\"@type\":\"ImageObject\",\"inLanguage\":\"en-GB\",\"@id\":\"https:\\\/\\\/www.klarairosa.com\\\/knjizevnost-se-vraca-u-suboticu-vizuelna-signalisticka-poezija\\\/#primaryimage\",\"url\":\"https:\\\/\\\/www.klarairosa.com\\\/wp-content\\\/uploads\\\/2024\\\/01\\\/Ivory-Pink-Pretty-Wedding-Facebook-Event-Cover.jpg\",\"contentUrl\":\"https:\\\/\\\/www.klarairosa.com\\\/wp-content\\\/uploads\\\/2024\\\/01\\\/Ivory-Pink-Pretty-Wedding-Facebook-Event-Cover.jpg\",\"width\":1920,\"height\":1080},{\"@type\":\"BreadcrumbList\",\"@id\":\"https:\\\/\\\/www.klarairosa.com\\\/knjizevnost-se-vraca-u-suboticu-vizuelna-signalisticka-poezija\\\/#breadcrumb\",\"itemListElement\":[{\"@type\":\"ListItem\",\"position\":1,\"name\":\"Home\",\"item\":\"https:\\\/\\\/www.klarairosa.com\\\/\"},{\"@type\":\"ListItem\",\"position\":2,\"name\":\"KNJI\u017dEVNOST SE VRA\u0106A U SUBOTICU: VIZUELNA SIGNALISTI\u010cKA POEZIJA\"}]},{\"@type\":\"WebSite\",\"@id\":\"https:\\\/\\\/www.klarairosa.com\\\/en\\\/#website\",\"url\":\"https:\\\/\\\/www.klarairosa.com\\\/en\\\/\",\"name\":\"Klara i Rosa\",\"description\":\"Klara i Rosa\",\"publisher\":{\"@id\":\"https:\\\/\\\/www.klarairosa.com\\\/en\\\/#organization\"},\"potentialAction\":[{\"@type\":\"SearchAction\",\"target\":{\"@type\":\"EntryPoint\",\"urlTemplate\":\"https:\\\/\\\/www.klarairosa.com\\\/en\\\/?s={search_term_string}\"},\"query-input\":{\"@type\":\"PropertyValueSpecification\",\"valueRequired\":true,\"valueName\":\"search_term_string\"}}],\"inLanguage\":\"en-GB\"},{\"@type\":\"Organization\",\"@id\":\"https:\\\/\\\/www.klarairosa.com\\\/en\\\/#organization\",\"name\":\"Klara i Rosa\",\"url\":\"https:\\\/\\\/www.klarairosa.com\\\/en\\\/\",\"logo\":{\"@type\":\"ImageObject\",\"inLanguage\":\"en-GB\",\"@id\":\"https:\\\/\\\/www.klarairosa.com\\\/en\\\/#\\\/schema\\\/logo\\\/image\\\/\",\"url\":\"https:\\\/\\\/www.klarairosa.com\\\/wp-content\\\/uploads\\\/2022\\\/01\\\/logo.svg\",\"contentUrl\":\"https:\\\/\\\/www.klarairosa.com\\\/wp-content\\\/uploads\\\/2022\\\/01\\\/logo.svg\",\"width\":110,\"height\":139,\"caption\":\"Klara i Rosa\"},\"image\":{\"@id\":\"https:\\\/\\\/www.klarairosa.com\\\/en\\\/#\\\/schema\\\/logo\\\/image\\\/\"},\"sameAs\":[\"https:\\\/\\\/www.facebook.com\\\/klarairosa\\\/\",\"https:\\\/\\\/www.instagram.com\\\/ugklarairosa\\\/\"]},{\"@type\":\"Person\",\"@id\":\"https:\\\/\\\/www.klarairosa.com\\\/en\\\/#\\\/schema\\\/person\\\/e4e7e9e5c8eeeddccf61e4532ae8e6ed\",\"name\":\"Klara i Rosa\",\"image\":{\"@type\":\"ImageObject\",\"inLanguage\":\"en-GB\",\"@id\":\"https:\\\/\\\/secure.gravatar.com\\\/avatar\\\/c83ee539a067b9f57ae5d8999ae286c4f98b5c4bd943b8cbb64f6b0fc1f29e40?s=96&d=mm&r=g\",\"url\":\"https:\\\/\\\/secure.gravatar.com\\\/avatar\\\/c83ee539a067b9f57ae5d8999ae286c4f98b5c4bd943b8cbb64f6b0fc1f29e40?s=96&d=mm&r=g\",\"contentUrl\":\"https:\\\/\\\/secure.gravatar.com\\\/avatar\\\/c83ee539a067b9f57ae5d8999ae286c4f98b5c4bd943b8cbb64f6b0fc1f29e40?s=96&d=mm&r=g\",\"caption\":\"Klara i Rosa\"},\"sameAs\":[\"https:\\\/\\\/klarairosa.com\"],\"url\":\"https:\\\/\\\/www.klarairosa.com\\\/en\\\/author\\\/rosaiklara\\\/\"}]}<\/script>\n<!-- \/ Yoast SEO plugin. -->","yoast_head_json":{"title":"KNJI\u017dEVNOST SE VRA\u0106A U SUBOTICU: VIZUELNA SIGNALISTI\u010cKA POEZIJA - Klara i Rosa","robots":{"index":"index","follow":"follow","max-snippet":"max-snippet:-1","max-image-preview":"max-image-preview:large","max-video-preview":"max-video-preview:-1"},"canonical":"https:\/\/www.klarairosa.com\/en\/knjizevnost-se-vraca-u-suboticu-vizuelna-signalisticka-poezija\/","og_locale":"en_GB","og_type":"article","og_title":"KNJI\u017dEVNOST SE VRA\u0106A U SUBOTICU: VIZUELNA SIGNALISTI\u010cKA POEZIJA - Klara i Rosa","og_description":"U okviru programa &#8222;Knji\u017eevnost se vra\u0107a u Suboticu&#8220;, 11. januara 2024, u 19 \u010dasova odr\u017ea\u0107e...","og_url":"https:\/\/www.klarairosa.com\/en\/knjizevnost-se-vraca-u-suboticu-vizuelna-signalisticka-poezija\/","og_site_name":"Klara i Rosa","article_publisher":"https:\/\/www.facebook.com\/klarairosa\/","article_published_time":"2024-01-08T10:36:02+00:00","article_modified_time":"2024-01-09T09:50:28+00:00","og_image":[{"width":1920,"height":1080,"url":"https:\/\/www.klarairosa.com\/wp-content\/uploads\/2024\/01\/Ivory-Pink-Pretty-Wedding-Facebook-Event-Cover.jpg","type":"image\/jpeg"}],"author":"Klara i Rosa","twitter_card":"summary_large_image","twitter_misc":{"Written by":"Klara i Rosa","Estimated reading time":"1 minute"},"schema":{"@context":"https:\/\/schema.org","@graph":[{"@type":"Article","@id":"https:\/\/www.klarairosa.com\/knjizevnost-se-vraca-u-suboticu-vizuelna-signalisticka-poezija\/#article","isPartOf":{"@id":"https:\/\/www.klarairosa.com\/knjizevnost-se-vraca-u-suboticu-vizuelna-signalisticka-poezija\/"},"author":{"name":"Klara i Rosa","@id":"https:\/\/www.klarairosa.com\/en\/#\/schema\/person\/e4e7e9e5c8eeeddccf61e4532ae8e6ed"},"headline":"KNJI\u017dEVNOST SE VRA\u0106A U SUBOTICU: VIZUELNA SIGNALISTI\u010cKA POEZIJA","datePublished":"2024-01-08T10:36:02+00:00","dateModified":"2024-01-09T09:50:28+00:00","mainEntityOfPage":{"@id":"https:\/\/www.klarairosa.com\/knjizevnost-se-vraca-u-suboticu-vizuelna-signalisticka-poezija\/"},"wordCount":242,"publisher":{"@id":"https:\/\/www.klarairosa.com\/en\/#organization"},"image":{"@id":"https:\/\/www.klarairosa.com\/knjizevnost-se-vraca-u-suboticu-vizuelna-signalisticka-poezija\/#primaryimage"},"thumbnailUrl":"https:\/\/www.klarairosa.com\/wp-content\/uploads\/2024\/01\/Ivory-Pink-Pretty-Wedding-Facebook-Event-Cover.jpg","keywords":["2023","Klara i Rosa","knjizevnost","knjizevnost se vraca u suboticu","pesnicko vece","poezija","stefan basaric","subotica","tesko u glavi","vladimir milojkovic"],"articleSection":["Aktuelno"],"inLanguage":"en-GB"},{"@type":"WebPage","@id":"https:\/\/www.klarairosa.com\/knjizevnost-se-vraca-u-suboticu-vizuelna-signalisticka-poezija\/","url":"https:\/\/www.klarairosa.com\/knjizevnost-se-vraca-u-suboticu-vizuelna-signalisticka-poezija\/","name":"KNJI\u017dEVNOST SE VRA\u0106A U SUBOTICU: VIZUELNA SIGNALISTI\u010cKA POEZIJA - Klara i Rosa","isPartOf":{"@id":"https:\/\/www.klarairosa.com\/en\/#website"},"primaryImageOfPage":{"@id":"https:\/\/www.klarairosa.com\/knjizevnost-se-vraca-u-suboticu-vizuelna-signalisticka-poezija\/#primaryimage"},"image":{"@id":"https:\/\/www.klarairosa.com\/knjizevnost-se-vraca-u-suboticu-vizuelna-signalisticka-poezija\/#primaryimage"},"thumbnailUrl":"https:\/\/www.klarairosa.com\/wp-content\/uploads\/2024\/01\/Ivory-Pink-Pretty-Wedding-Facebook-Event-Cover.jpg","datePublished":"2024-01-08T10:36:02+00:00","dateModified":"2024-01-09T09:50:28+00:00","breadcrumb":{"@id":"https:\/\/www.klarairosa.com\/knjizevnost-se-vraca-u-suboticu-vizuelna-signalisticka-poezija\/#breadcrumb"},"inLanguage":"en-GB","potentialAction":[{"@type":"ReadAction","target":["https:\/\/www.klarairosa.com\/knjizevnost-se-vraca-u-suboticu-vizuelna-signalisticka-poezija\/"]}]},{"@type":"ImageObject","inLanguage":"en-GB","@id":"https:\/\/www.klarairosa.com\/knjizevnost-se-vraca-u-suboticu-vizuelna-signalisticka-poezija\/#primaryimage","url":"https:\/\/www.klarairosa.com\/wp-content\/uploads\/2024\/01\/Ivory-Pink-Pretty-Wedding-Facebook-Event-Cover.jpg","contentUrl":"https:\/\/www.klarairosa.com\/wp-content\/uploads\/2024\/01\/Ivory-Pink-Pretty-Wedding-Facebook-Event-Cover.jpg","width":1920,"height":1080},{"@type":"BreadcrumbList","@id":"https:\/\/www.klarairosa.com\/knjizevnost-se-vraca-u-suboticu-vizuelna-signalisticka-poezija\/#breadcrumb","itemListElement":[{"@type":"ListItem","position":1,"name":"Home","item":"https:\/\/www.klarairosa.com\/"},{"@type":"ListItem","position":2,"name":"KNJI\u017dEVNOST SE VRA\u0106A U SUBOTICU: VIZUELNA SIGNALISTI\u010cKA POEZIJA"}]},{"@type":"WebSite","@id":"https:\/\/www.klarairosa.com\/en\/#website","url":"https:\/\/www.klarairosa.com\/en\/","name":"Klara i Rosa","description":"Klara i Rosa","publisher":{"@id":"https:\/\/www.klarairosa.com\/en\/#organization"},"potentialAction":[{"@type":"SearchAction","target":{"@type":"EntryPoint","urlTemplate":"https:\/\/www.klarairosa.com\/en\/?s={search_term_string}"},"query-input":{"@type":"PropertyValueSpecification","valueRequired":true,"valueName":"search_term_string"}}],"inLanguage":"en-GB"},{"@type":"Organization","@id":"https:\/\/www.klarairosa.com\/en\/#organization","name":"Klara i Rosa","url":"https:\/\/www.klarairosa.com\/en\/","logo":{"@type":"ImageObject","inLanguage":"en-GB","@id":"https:\/\/www.klarairosa.com\/en\/#\/schema\/logo\/image\/","url":"https:\/\/www.klarairosa.com\/wp-content\/uploads\/2022\/01\/logo.svg","contentUrl":"https:\/\/www.klarairosa.com\/wp-content\/uploads\/2022\/01\/logo.svg","width":110,"height":139,"caption":"Klara i Rosa"},"image":{"@id":"https:\/\/www.klarairosa.com\/en\/#\/schema\/logo\/image\/"},"sameAs":["https:\/\/www.facebook.com\/klarairosa\/","https:\/\/www.instagram.com\/ugklarairosa\/"]},{"@type":"Person","@id":"https:\/\/www.klarairosa.com\/en\/#\/schema\/person\/e4e7e9e5c8eeeddccf61e4532ae8e6ed","name":"Klara i Rosa","image":{"@type":"ImageObject","inLanguage":"en-GB","@id":"https:\/\/secure.gravatar.com\/avatar\/c83ee539a067b9f57ae5d8999ae286c4f98b5c4bd943b8cbb64f6b0fc1f29e40?s=96&d=mm&r=g","url":"https:\/\/secure.gravatar.com\/avatar\/c83ee539a067b9f57ae5d8999ae286c4f98b5c4bd943b8cbb64f6b0fc1f29e40?s=96&d=mm&r=g","contentUrl":"https:\/\/secure.gravatar.com\/avatar\/c83ee539a067b9f57ae5d8999ae286c4f98b5c4bd943b8cbb64f6b0fc1f29e40?s=96&d=mm&r=g","caption":"Klara i Rosa"},"sameAs":["https:\/\/klarairosa.com"],"url":"https:\/\/www.klarairosa.com\/en\/author\/rosaiklara\/"}]}},"_links":{"self":[{"href":"https:\/\/www.klarairosa.com\/en\/wp-json\/wp\/v2\/posts\/20610","targetHints":{"allow":["GET"]}}],"collection":[{"href":"https:\/\/www.klarairosa.com\/en\/wp-json\/wp\/v2\/posts"}],"about":[{"href":"https:\/\/www.klarairosa.com\/en\/wp-json\/wp\/v2\/types\/post"}],"author":[{"embeddable":true,"href":"https:\/\/www.klarairosa.com\/en\/wp-json\/wp\/v2\/users\/1"}],"replies":[{"embeddable":true,"href":"https:\/\/www.klarairosa.com\/en\/wp-json\/wp\/v2\/comments?post=20610"}],"version-history":[{"count":4,"href":"https:\/\/www.klarairosa.com\/en\/wp-json\/wp\/v2\/posts\/20610\/revisions"}],"predecessor-version":[{"id":20619,"href":"https:\/\/www.klarairosa.com\/en\/wp-json\/wp\/v2\/posts\/20610\/revisions\/20619"}],"wp:featuredmedia":[{"embeddable":true,"href":"https:\/\/www.klarairosa.com\/en\/wp-json\/wp\/v2\/media\/20617"}],"wp:attachment":[{"href":"https:\/\/www.klarairosa.com\/en\/wp-json\/wp\/v2\/media?parent=20610"}],"wp:term":[{"taxonomy":"category","embeddable":true,"href":"https:\/\/www.klarairosa.com\/en\/wp-json\/wp\/v2\/categories?post=20610"},{"taxonomy":"post_tag","embeddable":true,"href":"https:\/\/www.klarairosa.com\/en\/wp-json\/wp\/v2\/tags?post=20610"}],"curies":[{"name":"wp","href":"https:\/\/api.w.org\/{rel}","templated":true}]}}