{"id":20135,"date":"2023-10-10T05:39:32","date_gmt":"2023-10-10T05:39:32","guid":{"rendered":"https:\/\/www.klarairosa.com\/?p=20135"},"modified":"2023-10-10T06:09:17","modified_gmt":"2023-10-10T06:09:17","slug":"filmski-cetvrtak-kinoklub-zagreb","status":"publish","type":"post","link":"https:\/\/www.klarairosa.com\/en\/filmski-cetvrtak-kinoklub-zagreb\/","title":{"rendered":"FILM THURSDAY: KINOKLUB ZAGREB"},"content":{"rendered":"<p dir=\"ltr\"><strong>On Thursday, October 12th, at the Klara i Rosa venue (Petefi \u0160andora 15), starting at 7:00 PM, we will be watching films from Kinoklub Zagreb.<\/strong><\/p>\n<p dir=\"ltr\">.<\/p>\n<p dir=\"ltr\">Programme:<\/p>\n<p dir=\"ltr\" style=\"text-align: justify;\">Anita \u010ceko: Yogurt, Banana, Two Loafs of Bread 8'20''<\/p>\n<p dir=\"ltr\" style=\"text-align: justify;\">Sun\u010dica Ana Veldi\u0107: The Surgeon 1'32''<\/p>\n<p dir=\"ltr\" style=\"text-align: justify;\">Dalija Dozet: How to Talk to Mom 11'11''<\/p>\n<p dir=\"ltr\" style=\"text-align: justify;\">Mia Martinovi\u0107: Collectors 09'49''<\/p>\n<p dir=\"ltr\" style=\"text-align: justify;\">Miro Manojlovi\u0107: Show Girls 3'49''<\/p>\n<p dir=\"ltr\" style=\"text-align: justify;\">Mateja Zidari\u0107: Pleiades 12'07''<\/p>\n<p dir=\"ltr\" style=\"text-align: justify;\">Filip Zadro: Dear Filip 7'21''<\/p>\n<p dir=\"ltr\" style=\"text-align: justify;\">Martina Lon\u010dar: Everything in Life Came Late to Me 8'03''<\/p>\n<p dir=\"ltr\" style=\"text-align: justify;\">Nikola Ka\u0161i\u0107: We're Just Worried 2'17''<\/p>\n<div style=\"text-align: justify;\">.<\/div>\n<p dir=\"ltr\" style=\"text-align: justify;\">Total Duration: 64'48''<\/p>\n<p style=\"text-align: justify;\">.<\/p>\n<p dir=\"ltr\" style=\"text-align: justify;\">The selected films represent established authors from Kinoklub Zagreb, along with a few newer club members. They are linked by exceptional creativity, a strong authorial stance, and a continuity of cinematic creativity, with the exception of newer club filmmakers. In this small selection, we will watch a choice of experimental films and film essays, currently very active and frequently used film forms among Kinoklub Zagreb authors. The hybrid form of the film essay openly relates to film genres and styles, freely using various film materials and techniques, characterized by the author's personal stance on the topic they explore. Although a limited and personal cross-section of club films in terms of duration, the quality and diversity of cinematic content and expression adequately represent the authorial club film. Unfortunately, not all the films by the authors that should be presented to the Subotica audience could fit in this screening, so we hope for another cinematic gathering.<\/p>\n<p style=\"text-align: justify;\">.<\/p>\n<p dir=\"ltr\" style=\"text-align: justify;\">Kinoklub Zagreb, founded in 1928 as a cinema section of the Photo Club Zagreb, is the oldest club of amateur filmmakers in Southeastern Europe and the most prolific Croatian production house of short films. Today, Kinoklub Zagreb operates as a platform for amateur filmmaking that supports complete authorial freedom and, by providing free access to film knowledge and tools for all interested citizens, enables them to engage in filmmaking. More at: www.kkz.hr\u00a0<a href=\"http:\/\/www.kkz.hr\/\" target=\"_blank\" rel=\"noopener noreferrer\" data-saferedirecturl=\"https:\/\/www.google.com\/url?q=http:\/\/www.kkz.hr&amp;source=gmail&amp;ust=1697001903121000&amp;usg=AOvVaw05PWiZpvPUU5Wly0WY-S8j\">www.kkz.hr<\/a><\/p>\n<p style=\"text-align: justify;\">.<\/p>\n<p dir=\"ltr\" style=\"text-align: justify;\">The films for the screening were selected by Lana Kosovac, a film director and screenwriter, a member of the Executive Board of Kinoklub Zagreb, and a lecturer at the Film School of Kinoklub Zagreb.<\/p>","protected":false},"excerpt":{"rendered":"<p>U \u010detvrtak, 12. oktobra, u prostorijama Klare i Rose (Petefi \u0160andora 15) sa po\u010detkom u&#8230;<\/p>","protected":false},"author":1,"featured_media":20136,"comment_status":"closed","ping_status":"closed","sticky":false,"template":"","format":"standard","meta":{"content-type":"","inline_featured_image":false,"footnotes":""},"categories":[109],"tags":[121,128,228,124,229,152,86],"class_list":["post-20135","post","type-post","status-publish","format-standard","has-post-thumbnail","hentry","category-aktuelno","tag-121","tag-film","tag-kinoklub","tag-klara-i-rosa","tag-lana-kosovac","tag-subotica","tag-zagreb"],"yoast_head":"<!-- This site is optimized with the Yoast SEO plugin v27.5 - https:\/\/yoast.com\/product\/yoast-seo-wordpress\/ -->\n<title>Filmski \u010detvrtak: Kinoklub Zagreb - Klara i Rosa<\/title>\n<meta name=\"robots\" content=\"index, follow, max-snippet:-1, max-image-preview:large, max-video-preview:-1\" \/>\n<link rel=\"canonical\" href=\"https:\/\/www.klarairosa.com\/en\/filmski-cetvrtak-kinoklub-zagreb\/\" \/>\n<meta property=\"og:locale\" content=\"en_GB\" \/>\n<meta property=\"og:type\" content=\"article\" \/>\n<meta property=\"og:title\" content=\"Filmski \u010detvrtak: Kinoklub Zagreb - Klara i Rosa\" \/>\n<meta property=\"og:description\" content=\"U \u010detvrtak, 12. oktobra, u prostorijama Klare i Rose (Petefi \u0160andora 15) sa po\u010detkom u...\" \/>\n<meta property=\"og:url\" content=\"https:\/\/www.klarairosa.com\/en\/filmski-cetvrtak-kinoklub-zagreb\/\" \/>\n<meta property=\"og:site_name\" content=\"Klara i Rosa\" \/>\n<meta property=\"article:publisher\" content=\"https:\/\/www.facebook.com\/klarairosa\/\" \/>\n<meta property=\"article:published_time\" content=\"2023-10-10T05:39:32+00:00\" \/>\n<meta property=\"article:modified_time\" content=\"2023-10-10T06:09:17+00:00\" \/>\n<meta property=\"og:image\" content=\"https:\/\/www.klarairosa.com\/wp-content\/uploads\/2023\/10\/Sakupljaci_Mia-Martinovic.png\" \/>\n\t<meta property=\"og:image:width\" content=\"1920\" \/>\n\t<meta property=\"og:image:height\" content=\"1080\" \/>\n\t<meta property=\"og:image:type\" content=\"image\/png\" \/>\n<meta name=\"author\" content=\"Klara i Rosa\" \/>\n<meta name=\"twitter:card\" content=\"summary_large_image\" \/>\n<meta name=\"twitter:label1\" content=\"Written by\" \/>\n\t<meta name=\"twitter:data1\" content=\"Klara i Rosa\" \/>\n\t<meta name=\"twitter:label2\" content=\"Estimated reading time\" \/>\n\t<meta name=\"twitter:data2\" content=\"2 minutes\" \/>\n<script type=\"application\/ld+json\" class=\"yoast-schema-graph\">{\"@context\":\"https:\\\/\\\/schema.org\",\"@graph\":[{\"@type\":\"Article\",\"@id\":\"https:\\\/\\\/www.klarairosa.com\\\/filmski-cetvrtak-kinoklub-zagreb\\\/#article\",\"isPartOf\":{\"@id\":\"https:\\\/\\\/www.klarairosa.com\\\/filmski-cetvrtak-kinoklub-zagreb\\\/\"},\"author\":{\"name\":\"Klara i Rosa\",\"@id\":\"https:\\\/\\\/www.klarairosa.com\\\/en\\\/#\\\/schema\\\/person\\\/e4e7e9e5c8eeeddccf61e4532ae8e6ed\"},\"headline\":\"Filmski \u010detvrtak: Kinoklub Zagreb\",\"datePublished\":\"2023-10-10T05:39:32+00:00\",\"dateModified\":\"2023-10-10T06:09:17+00:00\",\"mainEntityOfPage\":{\"@id\":\"https:\\\/\\\/www.klarairosa.com\\\/filmski-cetvrtak-kinoklub-zagreb\\\/\"},\"wordCount\":314,\"publisher\":{\"@id\":\"https:\\\/\\\/www.klarairosa.com\\\/en\\\/#organization\"},\"image\":{\"@id\":\"https:\\\/\\\/www.klarairosa.com\\\/filmski-cetvrtak-kinoklub-zagreb\\\/#primaryimage\"},\"thumbnailUrl\":\"https:\\\/\\\/www.klarairosa.com\\\/wp-content\\\/uploads\\\/2023\\\/10\\\/Sakupljaci_Mia-Martinovic.png\",\"keywords\":[\"2023\",\"film\",\"kinoklub\",\"Klara i Rosa\",\"lana kosovac\",\"subotica\",\"Zagreb\"],\"articleSection\":[\"Aktuelno\"],\"inLanguage\":\"en-GB\"},{\"@type\":\"WebPage\",\"@id\":\"https:\\\/\\\/www.klarairosa.com\\\/filmski-cetvrtak-kinoklub-zagreb\\\/\",\"url\":\"https:\\\/\\\/www.klarairosa.com\\\/filmski-cetvrtak-kinoklub-zagreb\\\/\",\"name\":\"Filmski \u010detvrtak: Kinoklub Zagreb - Klara i Rosa\",\"isPartOf\":{\"@id\":\"https:\\\/\\\/www.klarairosa.com\\\/en\\\/#website\"},\"primaryImageOfPage\":{\"@id\":\"https:\\\/\\\/www.klarairosa.com\\\/filmski-cetvrtak-kinoklub-zagreb\\\/#primaryimage\"},\"image\":{\"@id\":\"https:\\\/\\\/www.klarairosa.com\\\/filmski-cetvrtak-kinoklub-zagreb\\\/#primaryimage\"},\"thumbnailUrl\":\"https:\\\/\\\/www.klarairosa.com\\\/wp-content\\\/uploads\\\/2023\\\/10\\\/Sakupljaci_Mia-Martinovic.png\",\"datePublished\":\"2023-10-10T05:39:32+00:00\",\"dateModified\":\"2023-10-10T06:09:17+00:00\",\"breadcrumb\":{\"@id\":\"https:\\\/\\\/www.klarairosa.com\\\/filmski-cetvrtak-kinoklub-zagreb\\\/#breadcrumb\"},\"inLanguage\":\"en-GB\",\"potentialAction\":[{\"@type\":\"ReadAction\",\"target\":[\"https:\\\/\\\/www.klarairosa.com\\\/filmski-cetvrtak-kinoklub-zagreb\\\/\"]}]},{\"@type\":\"ImageObject\",\"inLanguage\":\"en-GB\",\"@id\":\"https:\\\/\\\/www.klarairosa.com\\\/filmski-cetvrtak-kinoklub-zagreb\\\/#primaryimage\",\"url\":\"https:\\\/\\\/www.klarairosa.com\\\/wp-content\\\/uploads\\\/2023\\\/10\\\/Sakupljaci_Mia-Martinovic.png\",\"contentUrl\":\"https:\\\/\\\/www.klarairosa.com\\\/wp-content\\\/uploads\\\/2023\\\/10\\\/Sakupljaci_Mia-Martinovic.png\",\"width\":1920,\"height\":1080},{\"@type\":\"BreadcrumbList\",\"@id\":\"https:\\\/\\\/www.klarairosa.com\\\/filmski-cetvrtak-kinoklub-zagreb\\\/#breadcrumb\",\"itemListElement\":[{\"@type\":\"ListItem\",\"position\":1,\"name\":\"Home\",\"item\":\"https:\\\/\\\/www.klarairosa.com\\\/\"},{\"@type\":\"ListItem\",\"position\":2,\"name\":\"Filmski \u010detvrtak: Kinoklub Zagreb\"}]},{\"@type\":\"WebSite\",\"@id\":\"https:\\\/\\\/www.klarairosa.com\\\/en\\\/#website\",\"url\":\"https:\\\/\\\/www.klarairosa.com\\\/en\\\/\",\"name\":\"Klara i Rosa\",\"description\":\"Klara i Rosa\",\"publisher\":{\"@id\":\"https:\\\/\\\/www.klarairosa.com\\\/en\\\/#organization\"},\"potentialAction\":[{\"@type\":\"SearchAction\",\"target\":{\"@type\":\"EntryPoint\",\"urlTemplate\":\"https:\\\/\\\/www.klarairosa.com\\\/en\\\/?s={search_term_string}\"},\"query-input\":{\"@type\":\"PropertyValueSpecification\",\"valueRequired\":true,\"valueName\":\"search_term_string\"}}],\"inLanguage\":\"en-GB\"},{\"@type\":\"Organization\",\"@id\":\"https:\\\/\\\/www.klarairosa.com\\\/en\\\/#organization\",\"name\":\"Klara i Rosa\",\"url\":\"https:\\\/\\\/www.klarairosa.com\\\/en\\\/\",\"logo\":{\"@type\":\"ImageObject\",\"inLanguage\":\"en-GB\",\"@id\":\"https:\\\/\\\/www.klarairosa.com\\\/en\\\/#\\\/schema\\\/logo\\\/image\\\/\",\"url\":\"https:\\\/\\\/www.klarairosa.com\\\/wp-content\\\/uploads\\\/2022\\\/01\\\/logo.svg\",\"contentUrl\":\"https:\\\/\\\/www.klarairosa.com\\\/wp-content\\\/uploads\\\/2022\\\/01\\\/logo.svg\",\"width\":110,\"height\":139,\"caption\":\"Klara i Rosa\"},\"image\":{\"@id\":\"https:\\\/\\\/www.klarairosa.com\\\/en\\\/#\\\/schema\\\/logo\\\/image\\\/\"},\"sameAs\":[\"https:\\\/\\\/www.facebook.com\\\/klarairosa\\\/\",\"https:\\\/\\\/www.instagram.com\\\/ugklarairosa\\\/\"]},{\"@type\":\"Person\",\"@id\":\"https:\\\/\\\/www.klarairosa.com\\\/en\\\/#\\\/schema\\\/person\\\/e4e7e9e5c8eeeddccf61e4532ae8e6ed\",\"name\":\"Klara i Rosa\",\"image\":{\"@type\":\"ImageObject\",\"inLanguage\":\"en-GB\",\"@id\":\"https:\\\/\\\/secure.gravatar.com\\\/avatar\\\/c83ee539a067b9f57ae5d8999ae286c4f98b5c4bd943b8cbb64f6b0fc1f29e40?s=96&d=mm&r=g\",\"url\":\"https:\\\/\\\/secure.gravatar.com\\\/avatar\\\/c83ee539a067b9f57ae5d8999ae286c4f98b5c4bd943b8cbb64f6b0fc1f29e40?s=96&d=mm&r=g\",\"contentUrl\":\"https:\\\/\\\/secure.gravatar.com\\\/avatar\\\/c83ee539a067b9f57ae5d8999ae286c4f98b5c4bd943b8cbb64f6b0fc1f29e40?s=96&d=mm&r=g\",\"caption\":\"Klara i Rosa\"},\"sameAs\":[\"https:\\\/\\\/klarairosa.com\"],\"url\":\"https:\\\/\\\/www.klarairosa.com\\\/en\\\/author\\\/rosaiklara\\\/\"}]}<\/script>\n<!-- \/ Yoast SEO plugin. -->","yoast_head_json":{"title":"Filmski \u010detvrtak: Kinoklub Zagreb - Klara i Rosa","robots":{"index":"index","follow":"follow","max-snippet":"max-snippet:-1","max-image-preview":"max-image-preview:large","max-video-preview":"max-video-preview:-1"},"canonical":"https:\/\/www.klarairosa.com\/en\/filmski-cetvrtak-kinoklub-zagreb\/","og_locale":"en_GB","og_type":"article","og_title":"Filmski \u010detvrtak: Kinoklub Zagreb - Klara i Rosa","og_description":"U \u010detvrtak, 12. oktobra, u prostorijama Klare i Rose (Petefi \u0160andora 15) sa po\u010detkom u...","og_url":"https:\/\/www.klarairosa.com\/en\/filmski-cetvrtak-kinoklub-zagreb\/","og_site_name":"Klara i Rosa","article_publisher":"https:\/\/www.facebook.com\/klarairosa\/","article_published_time":"2023-10-10T05:39:32+00:00","article_modified_time":"2023-10-10T06:09:17+00:00","og_image":[{"width":1920,"height":1080,"url":"https:\/\/www.klarairosa.com\/wp-content\/uploads\/2023\/10\/Sakupljaci_Mia-Martinovic.png","type":"image\/png"}],"author":"Klara i Rosa","twitter_card":"summary_large_image","twitter_misc":{"Written by":"Klara i Rosa","Estimated reading time":"2 minutes"},"schema":{"@context":"https:\/\/schema.org","@graph":[{"@type":"Article","@id":"https:\/\/www.klarairosa.com\/filmski-cetvrtak-kinoklub-zagreb\/#article","isPartOf":{"@id":"https:\/\/www.klarairosa.com\/filmski-cetvrtak-kinoklub-zagreb\/"},"author":{"name":"Klara i Rosa","@id":"https:\/\/www.klarairosa.com\/en\/#\/schema\/person\/e4e7e9e5c8eeeddccf61e4532ae8e6ed"},"headline":"Filmski \u010detvrtak: Kinoklub Zagreb","datePublished":"2023-10-10T05:39:32+00:00","dateModified":"2023-10-10T06:09:17+00:00","mainEntityOfPage":{"@id":"https:\/\/www.klarairosa.com\/filmski-cetvrtak-kinoklub-zagreb\/"},"wordCount":314,"publisher":{"@id":"https:\/\/www.klarairosa.com\/en\/#organization"},"image":{"@id":"https:\/\/www.klarairosa.com\/filmski-cetvrtak-kinoklub-zagreb\/#primaryimage"},"thumbnailUrl":"https:\/\/www.klarairosa.com\/wp-content\/uploads\/2023\/10\/Sakupljaci_Mia-Martinovic.png","keywords":["2023","film","kinoklub","Klara i Rosa","lana kosovac","subotica","Zagreb"],"articleSection":["Aktuelno"],"inLanguage":"en-GB"},{"@type":"WebPage","@id":"https:\/\/www.klarairosa.com\/filmski-cetvrtak-kinoklub-zagreb\/","url":"https:\/\/www.klarairosa.com\/filmski-cetvrtak-kinoklub-zagreb\/","name":"Filmski \u010detvrtak: Kinoklub Zagreb - Klara i Rosa","isPartOf":{"@id":"https:\/\/www.klarairosa.com\/en\/#website"},"primaryImageOfPage":{"@id":"https:\/\/www.klarairosa.com\/filmski-cetvrtak-kinoklub-zagreb\/#primaryimage"},"image":{"@id":"https:\/\/www.klarairosa.com\/filmski-cetvrtak-kinoklub-zagreb\/#primaryimage"},"thumbnailUrl":"https:\/\/www.klarairosa.com\/wp-content\/uploads\/2023\/10\/Sakupljaci_Mia-Martinovic.png","datePublished":"2023-10-10T05:39:32+00:00","dateModified":"2023-10-10T06:09:17+00:00","breadcrumb":{"@id":"https:\/\/www.klarairosa.com\/filmski-cetvrtak-kinoklub-zagreb\/#breadcrumb"},"inLanguage":"en-GB","potentialAction":[{"@type":"ReadAction","target":["https:\/\/www.klarairosa.com\/filmski-cetvrtak-kinoklub-zagreb\/"]}]},{"@type":"ImageObject","inLanguage":"en-GB","@id":"https:\/\/www.klarairosa.com\/filmski-cetvrtak-kinoklub-zagreb\/#primaryimage","url":"https:\/\/www.klarairosa.com\/wp-content\/uploads\/2023\/10\/Sakupljaci_Mia-Martinovic.png","contentUrl":"https:\/\/www.klarairosa.com\/wp-content\/uploads\/2023\/10\/Sakupljaci_Mia-Martinovic.png","width":1920,"height":1080},{"@type":"BreadcrumbList","@id":"https:\/\/www.klarairosa.com\/filmski-cetvrtak-kinoklub-zagreb\/#breadcrumb","itemListElement":[{"@type":"ListItem","position":1,"name":"Home","item":"https:\/\/www.klarairosa.com\/"},{"@type":"ListItem","position":2,"name":"Filmski \u010detvrtak: Kinoklub Zagreb"}]},{"@type":"WebSite","@id":"https:\/\/www.klarairosa.com\/en\/#website","url":"https:\/\/www.klarairosa.com\/en\/","name":"Klara i Rosa","description":"Klara i Rosa","publisher":{"@id":"https:\/\/www.klarairosa.com\/en\/#organization"},"potentialAction":[{"@type":"SearchAction","target":{"@type":"EntryPoint","urlTemplate":"https:\/\/www.klarairosa.com\/en\/?s={search_term_string}"},"query-input":{"@type":"PropertyValueSpecification","valueRequired":true,"valueName":"search_term_string"}}],"inLanguage":"en-GB"},{"@type":"Organization","@id":"https:\/\/www.klarairosa.com\/en\/#organization","name":"Klara i Rosa","url":"https:\/\/www.klarairosa.com\/en\/","logo":{"@type":"ImageObject","inLanguage":"en-GB","@id":"https:\/\/www.klarairosa.com\/en\/#\/schema\/logo\/image\/","url":"https:\/\/www.klarairosa.com\/wp-content\/uploads\/2022\/01\/logo.svg","contentUrl":"https:\/\/www.klarairosa.com\/wp-content\/uploads\/2022\/01\/logo.svg","width":110,"height":139,"caption":"Klara i Rosa"},"image":{"@id":"https:\/\/www.klarairosa.com\/en\/#\/schema\/logo\/image\/"},"sameAs":["https:\/\/www.facebook.com\/klarairosa\/","https:\/\/www.instagram.com\/ugklarairosa\/"]},{"@type":"Person","@id":"https:\/\/www.klarairosa.com\/en\/#\/schema\/person\/e4e7e9e5c8eeeddccf61e4532ae8e6ed","name":"Klara i Rosa","image":{"@type":"ImageObject","inLanguage":"en-GB","@id":"https:\/\/secure.gravatar.com\/avatar\/c83ee539a067b9f57ae5d8999ae286c4f98b5c4bd943b8cbb64f6b0fc1f29e40?s=96&d=mm&r=g","url":"https:\/\/secure.gravatar.com\/avatar\/c83ee539a067b9f57ae5d8999ae286c4f98b5c4bd943b8cbb64f6b0fc1f29e40?s=96&d=mm&r=g","contentUrl":"https:\/\/secure.gravatar.com\/avatar\/c83ee539a067b9f57ae5d8999ae286c4f98b5c4bd943b8cbb64f6b0fc1f29e40?s=96&d=mm&r=g","caption":"Klara i Rosa"},"sameAs":["https:\/\/klarairosa.com"],"url":"https:\/\/www.klarairosa.com\/en\/author\/rosaiklara\/"}]}},"_links":{"self":[{"href":"https:\/\/www.klarairosa.com\/en\/wp-json\/wp\/v2\/posts\/20135","targetHints":{"allow":["GET"]}}],"collection":[{"href":"https:\/\/www.klarairosa.com\/en\/wp-json\/wp\/v2\/posts"}],"about":[{"href":"https:\/\/www.klarairosa.com\/en\/wp-json\/wp\/v2\/types\/post"}],"author":[{"embeddable":true,"href":"https:\/\/www.klarairosa.com\/en\/wp-json\/wp\/v2\/users\/1"}],"replies":[{"embeddable":true,"href":"https:\/\/www.klarairosa.com\/en\/wp-json\/wp\/v2\/comments?post=20135"}],"version-history":[{"count":2,"href":"https:\/\/www.klarairosa.com\/en\/wp-json\/wp\/v2\/posts\/20135\/revisions"}],"predecessor-version":[{"id":20170,"href":"https:\/\/www.klarairosa.com\/en\/wp-json\/wp\/v2\/posts\/20135\/revisions\/20170"}],"wp:featuredmedia":[{"embeddable":true,"href":"https:\/\/www.klarairosa.com\/en\/wp-json\/wp\/v2\/media\/20136"}],"wp:attachment":[{"href":"https:\/\/www.klarairosa.com\/en\/wp-json\/wp\/v2\/media?parent=20135"}],"wp:term":[{"taxonomy":"category","embeddable":true,"href":"https:\/\/www.klarairosa.com\/en\/wp-json\/wp\/v2\/categories?post=20135"},{"taxonomy":"post_tag","embeddable":true,"href":"https:\/\/www.klarairosa.com\/en\/wp-json\/wp\/v2\/tags?post=20135"}],"curies":[{"name":"wp","href":"https:\/\/api.w.org\/{rel}","templated":true}]}}