{"id":19436,"date":"2023-06-05T10:08:46","date_gmt":"2023-06-05T10:08:46","guid":{"rendered":"https:\/\/www.klarairosa.com\/?p=19436"},"modified":"2023-07-13T10:15:34","modified_gmt":"2023-07-13T10:15:34","slug":"savremeni-film-luka-papic-bez","status":"publish","type":"post","link":"https:\/\/www.klarairosa.com\/en\/savremeni-film-luka-papic-bez\/","title":{"rendered":"Savremeni film \/ Luka Papi\u0107: &#8222;Bez&#8220;"},"content":{"rendered":"<div>\n<div class=\"qode-post-text-main\"><\/div>\n<\/div>\n<div>U \u010detvrtak 8. juna 2023, od 19.30 \u010dasova u prostorijama udru\u017eenja Klara i Rosa (Petefi \u0160andora 15) zapo\u010dinjemo ciklus <strong>Savremeni film<\/strong> kojeg vodi <strong>Petar Mitri\u0107<\/strong>, a okviru kojeg \u0107emo predstaviti neke od najuspe\u0161nijih doma\u0107ih i stranih autora \u010dija su dela prikazana i nagra\u0111ena na presti\u017enim svetskim festivalima.<\/div>\n<div>.<\/div>\n<div><blockquote class='' style='border-left-color: #aeccc5;'><h5 class='blockquote-text' style='color: #aeccc5; line-height: undefinedpx;'>\u010cetvrtak, 8. jun 2023 \/ Klara i Rosa (Petefi \u0160andora 15), 19:30<\/h5><\/blockquote><\/div>\n<div>.<\/div>\n<div>\n<p style=\"font-weight: 400;\">Ciklus zapo\u010dinjemo savremenim srpskim filmovima a prvi je film<strong>\u00a0<\/strong>reditelja\u00a0<strong>Luke Papi\u0107a: &#8222;<\/strong><strong>BEZ&#8220;<\/strong>, nagra\u0111enog na festivalu Visions du Reel u Nionu u \u0160vajcarskoj pro\u0161le godine za najbolji srednjemetra\u017eni dokumentarac. Film je osvojio i glavnu nagradu za najbolji srpski dokumentarni film na festivalu Beldocs u Beogradu 2022.<\/p>\n<p>.<\/p>\n<p style=\"font-weight: 400;\">Luka Papi\u0107 je ro\u0111en u Vrbasu, a film je studirao na umetni\u010dkoj akademiji HFBK u Hamburgu u Nema\u010dkoj. Njegov poslednji dokumentarac\u00a0<strong>Prizvan i pozvan<\/strong>\u00a0koji potpisuje sa Sr\u0111anom Vu\u010dom premijerno je predstavljen na festivalu IDFA u Amsterdamu ove godine i na festivalu Beldocs u maju.<\/p>\n<p>.<\/p>\n<p style=\"font-weight: 400;\"><strong>Nakon projekcije sa autorom razgovara Petar Mitri\u0107.<\/strong><\/p>\n<p>.<\/p>\n<p style=\"font-weight: 400;\">Program je realizovan u organizaciji UG Klara i Rosa u saradnji sa Centrom za savremenu kulturu i umetnost u Subotici.<\/p>\n<p style=\"font-weight: 400;\">.<img fetchpriority=\"high\" decoding=\"async\" class=\"alignnone size-medium wp-image-19448\" src=\"https:\/\/www.klarairosa.com\/wp-content\/uploads\/2023\/06\/bez-214x300.jpg\" alt=\"\" width=\"214\" height=\"300\" srcset=\"https:\/\/www.klarairosa.com\/wp-content\/uploads\/2023\/06\/bez-214x300.jpg 214w, https:\/\/www.klarairosa.com\/wp-content\/uploads\/2023\/06\/bez-731x1024.jpg 731w, https:\/\/www.klarairosa.com\/wp-content\/uploads\/2023\/06\/bez-768x1075.jpg 768w, https:\/\/www.klarairosa.com\/wp-content\/uploads\/2023\/06\/bez-9x12.jpg 9w, https:\/\/www.klarairosa.com\/wp-content\/uploads\/2023\/06\/bez-700x980.jpg 700w, https:\/\/www.klarairosa.com\/wp-content\/uploads\/2023\/06\/bez.jpg 1000w\" sizes=\"(max-width: 214px) 100vw, 214px\" \/><\/p>\n<p style=\"font-weight: 400;\"><strong>BEZ \/ WITHOUT<\/strong><\/p>\n<p style=\"font-weight: 400;\">(Srbija, 2021, 63\u2019)<\/p>\n<p style=\"font-weight: 400;\"><em>Nakon \u0161to je dobio otkaz, Aleksandar, autsajder i slikar iz Beograda gubi psa i sada je u potrazi za njim. Zajedno sa svojim \u010dudnim prijateljima, vodi nas na putovanje kroz svoju viziju Srbije i njen dru\u0161tveni, politi\u010dki i emotivni kontekst. Lutaju\u0107i ovim fragmentima i Aleksandar i Srbija tra\u017ee svoj identitet.<\/em><\/p>\n<p style=\"font-weight: 400;\"><strong>Re\u017eija<\/strong>\u00a0\u00a0\u00a0 \u00a0\u00a0\u00a0\u00a0\u00a0\u00a0\u00a0\u00a0\u00a0\u00a0\u00a0\u00a0\u00a0 Luka Papi\u0107<\/p>\n<p style=\"font-weight: 400;\"><strong>Scenario\u00a0<\/strong>\u00a0\u00a0\u00a0\u00a0\u00a0\u00a0\u00a0\u00a0\u00a0\u00a0\u00a0 Luka Papi\u0107, Sr\u0111a Vu\u010do<\/p>\n<p style=\"font-weight: 400;\"><strong>Producent<\/strong>\u00a0\u00a0\u00a0\u00a0\u00a0\u00a0\u00a0\u00a0\u00a0 Sr\u0111a Vu\u010do<\/p>\n<p style=\"font-weight: 400;\"><strong>Kamera\u00a0<\/strong>\u00a0\u00a0\u00a0\u00a0\u00a0\u00a0\u00a0\u00a0\u00a0\u00a0\u00a0\u00a0\u00a0 Luka Papi\u0107<\/p>\n<p style=\"font-weight: 400;\"><strong>Monta\u017ea<\/strong>\u00a0\u00a0\u00a0\u00a0\u00a0\u00a0\u00a0\u00a0\u00a0\u00a0\u00a0 Jelena Maksimovi\u0107<\/p>\n<p style=\"font-weight: 400;\"><strong>Uloge:<\/strong>\u00a0\u00a0\u00a0\u00a0\u00a0\u00a0\u00a0\u00a0\u00a0\u00a0\u00a0\u00a0\u00a0\u00a0\u00a0\u00a0 Aleksandar Deni\u0107 i \u0110or\u0111e Brankovi\u0107<\/p>\n<\/div>\n<div>.<\/div>\n<div>Film je titlovan na engleski jezik.<\/div>\n<div>.<\/div>\n<div>Ulaz na projekciju je slobodan.<\/div>\n<div><\/div>\n<div><div  id=\"jtg-19465\" class=\"modula modula-gallery modula-creative-gallery\" data-config=\"{&quot;height&quot;:800,&quot;tabletHeight&quot;:800,&quot;mobileHeight&quot;:800,&quot;desktopHeight&quot;:800,&quot;enableTwitter&quot;:false,&quot;enableWhatsapp&quot;:false,&quot;enableFacebook&quot;:false,&quot;enablePinterest&quot;:false,&quot;enableLinkedin&quot;:false,&quot;enableEmail&quot;:false,&quot;randomFactor&quot;:0.5,&quot;type&quot;:&quot;creative-gallery&quot;,&quot;columns&quot;:12,&quot;gutter&quot;:10,&quot;mobileGutter&quot;:10,&quot;tabletGutter&quot;:10,&quot;desktopGutter&quot;:10,&quot;enableResponsive&quot;:&quot;0&quot;,&quot;tabletColumns&quot;:&quot;2&quot;,&quot;mobileColumns&quot;:&quot;1&quot;,&quot;lazyLoad&quot;:0,&quot;lightboxOpts&quot;:{&quot;animated&quot;:true,&quot;Thumbs&quot;:{&quot;type&quot;:&quot;modern&quot;,&quot;showOnStart&quot;:false},&quot;Toolbar&quot;:{&quot;display&quot;:{&quot;right&quot;:[&quot;close&quot;]},&quot;enabled&quot;:true},&quot;Carousel&quot;:{&quot;Panzoom&quot;:{&quot;touch&quot;:true},&quot;infinite&quot;:false},&quot;keyboard&quot;:{&quot;Escape&quot;:&quot;close&quot;,&quot;Delete&quot;:&quot;close&quot;,&quot;Backspace&quot;:&quot;close&quot;,&quot;PageUp&quot;:false,&quot;PageDown&quot;:false,&quot;ArrowUp&quot;:false,&quot;ArrowDown&quot;:false,&quot;ArrowRight&quot;:false,&quot;ArrowLeft&quot;:false},&quot;touch&quot;:false,&quot;backdropClick&quot;:false,&quot;l10n&quot;:{&quot;CLOSE&quot;:&quot;Close&quot;,&quot;NEXT&quot;:&quot;Next&quot;,&quot;PREV&quot;:&quot;Previous&quot;,&quot;Error&quot;:&quot;The requested content cannot be loaded. Please try again later.&quot;,&quot;PLAY_START&quot;:&quot;Start slideshow&quot;,&quot;PLAY_STOP&quot;:&quot;Pause slideshow&quot;,&quot;FULL_SCREEN&quot;:&quot;Full screen&quot;,&quot;THUMBS&quot;:&quot;Thumbnails&quot;,&quot;DOWNLOAD&quot;:&quot;Download&quot;,&quot;SHARE&quot;:&quot;Share&quot;,&quot;ZOOM&quot;:&quot;Zoom&quot;,&quot;EMAIL&quot;:&quot;Here is the link to the image : %%image_link%% and this is the link to the gallery : %%gallery_link%%&quot;,&quot;MODAL&quot;:&quot;You can close this modal content with the ESC key&quot;,&quot;ERROR&quot;:&quot;Something Went Wrong, Please Try Again Later&quot;,&quot;IMAGE_ERROR&quot;:&quot;Image Not Found&quot;,&quot;ELEMENT_NOT_FOUND&quot;:&quot;HTML Element Not Found&quot;,&quot;AJAX_NOT_FOUND&quot;:&quot;Error Loading AJAX : Not Found&quot;,&quot;AJAX_FORBIDDEN&quot;:&quot;Error Loading AJAX : Forbidden&quot;,&quot;IFRAME_ERROR&quot;:&quot;Error Loading Page&quot;,&quot;TOGGLE_ZOOM&quot;:&quot;Toggle zoom level&quot;,&quot;TOGGLE_THUMBS&quot;:&quot;Toggle thumbnails&quot;,&quot;TOGGLE_SLIDESHOW&quot;:&quot;Toggle slideshow&quot;,&quot;TOGGLE_FULLSCREEN&quot;:&quot;Toggle full-screen mode&quot;},&quot;Images&quot;:{&quot;Panzoom&quot;:{&quot;maxScale&quot;:2}},&quot;mainClass&quot;:&quot;modula-fancybox-container modula-lightbox-jtg-19465&quot;,&quot;Html&quot;:{&quot;videoAutoplay&quot;:0,&quot;videoTpl&quot;:&quot;&lt;video class=\\&quot;fancybox__html5video\\&quot; controls muted playsinline controlsList controlsList=\\&quot;nodownload\\&quot; poster=\\&quot;{{poster}}\\&quot; src=\\&quot;{{src}}\\&quot; type=\\&quot;{{format}}\\&quot; &gt;  Sorry, your browser doesn&#039;t support embedded videos, &lt;a href=\\&quot;{{src}}\\&quot;&gt; download &lt;\\\/a&gt; and watch with your favorite video player! &lt;\\\/video&gt;&quot;}},&quot;inView&quot;:false,&quot;email_subject&quot;:&quot;Check out this awesome image !!&quot;,&quot;email_message&quot;:&quot;Here is the link to the image : %%image_link%% and this is the link to the gallery : %%gallery_link%%&quot;,&quot;lightbox&quot;:&quot;fancybox&quot;}\">\n\n\t\n\t<div  class=\"modula-items\">\n\t\t<div class=\"modula-item effect-pufrobo\" >\n\t<div class=\"modula-item-overlay\"><\/div>\n\n\t<div class=\"modula-item-content\">\n\n\t\t<a data-image-id=\"19466\" role=\"button\" data-elementor-open-lightbox=\"no\" tabindex=\"0\" rel=\"jtg-19465\" data-caption=\"\" aria-label=\"Open image in lightbox\" class=\"tile-inner modula-item-link\"><\/a><img decoding=\"async\" class=\"pic wp-image-19466\"  data-valign=\"middle\" data-halign=\"center\" alt=\"\" data-full=\"https:\/\/www.klarairosa.com\/wp-content\/uploads\/2023\/06\/20230608_204645.jpg\" title=\"20230608_204645\" crop=\"\" width=\"225\" height=\"300\" src=\"https:\/\/www.klarairosa.com\/wp-content\/uploads\/2023\/06\/20230608_204645-225x300.jpg\" data-src=\"https:\/\/www.klarairosa.com\/wp-content\/uploads\/2023\/06\/20230608_204645-225x300.jpg\" data-caption=\"\" srcset=\"https:\/\/www.klarairosa.com\/wp-content\/uploads\/2023\/06\/20230608_204645-scaled.jpg 1920w, https:\/\/www.klarairosa.com\/wp-content\/uploads\/2023\/06\/20230608_204645-225x300.jpg 225w, https:\/\/www.klarairosa.com\/wp-content\/uploads\/2023\/06\/20230608_204645-768x1024.jpg 768w, https:\/\/www.klarairosa.com\/wp-content\/uploads\/2023\/06\/20230608_204645-1152x1536.jpg 1152w, https:\/\/www.klarairosa.com\/wp-content\/uploads\/2023\/06\/20230608_204645-1536x2048.jpg 1536w, https:\/\/www.klarairosa.com\/wp-content\/uploads\/2023\/06\/20230608_204645-9x12.jpg 9w, https:\/\/www.klarairosa.com\/wp-content\/uploads\/2023\/06\/20230608_204645-600x800.jpg 600w, https:\/\/www.klarairosa.com\/wp-content\/uploads\/2023\/06\/20230608_204645-700x933.jpg 700w\" sizes=\"(max-width: 225px) 100vw, 225px\" \/>\n\t\t<div class=\"figc no-description\">\n\t\t\t<div class=\"figc-inner\">\n\t\t\t\t\t\t\t\t\t\t\t\t\t\t\t<\/div>\n\t\t<\/div>\n\n\t<\/div>\n\n<\/div><div class=\"modula-item effect-pufrobo\" >\n\t<div class=\"modula-item-overlay\"><\/div>\n\n\t<div class=\"modula-item-content\">\n\n\t\t<a data-image-id=\"19467\" role=\"button\" data-elementor-open-lightbox=\"no\" tabindex=\"0\" rel=\"jtg-19465\" data-caption=\"\" aria-label=\"Open image in lightbox\" class=\"tile-inner modula-item-link\"><\/a><img decoding=\"async\" class=\"pic wp-image-19467\"  data-valign=\"middle\" data-halign=\"center\" alt=\"\" data-full=\"https:\/\/www.klarairosa.com\/wp-content\/uploads\/2023\/06\/20230608_193816.jpg\" title=\"20230608_193816\" crop=\"\" width=\"225\" height=\"300\" src=\"https:\/\/www.klarairosa.com\/wp-content\/uploads\/2023\/06\/20230608_193816-225x300.jpg\" data-src=\"https:\/\/www.klarairosa.com\/wp-content\/uploads\/2023\/06\/20230608_193816-225x300.jpg\" data-caption=\"\" srcset=\"https:\/\/www.klarairosa.com\/wp-content\/uploads\/2023\/06\/20230608_193816-scaled.jpg 1920w, https:\/\/www.klarairosa.com\/wp-content\/uploads\/2023\/06\/20230608_193816-225x300.jpg 225w, https:\/\/www.klarairosa.com\/wp-content\/uploads\/2023\/06\/20230608_193816-768x1024.jpg 768w, https:\/\/www.klarairosa.com\/wp-content\/uploads\/2023\/06\/20230608_193816-1152x1536.jpg 1152w, https:\/\/www.klarairosa.com\/wp-content\/uploads\/2023\/06\/20230608_193816-1536x2048.jpg 1536w, https:\/\/www.klarairosa.com\/wp-content\/uploads\/2023\/06\/20230608_193816-9x12.jpg 9w, https:\/\/www.klarairosa.com\/wp-content\/uploads\/2023\/06\/20230608_193816-600x800.jpg 600w, https:\/\/www.klarairosa.com\/wp-content\/uploads\/2023\/06\/20230608_193816-700x933.jpg 700w\" sizes=\"(max-width: 225px) 100vw, 225px\" \/>\n\t\t<div class=\"figc no-description\">\n\t\t\t<div class=\"figc-inner\">\n\t\t\t\t\t\t\t\t\t\t\t\t\t\t\t<\/div>\n\t\t<\/div>\n\n\t<\/div>\n\n<\/div><div class=\"modula-item effect-pufrobo\" >\n\t<div class=\"modula-item-overlay\"><\/div>\n\n\t<div class=\"modula-item-content\">\n\n\t\t<a data-image-id=\"19468\" role=\"button\" data-elementor-open-lightbox=\"no\" tabindex=\"0\" rel=\"jtg-19465\" data-caption=\"\" aria-label=\"Open image in lightbox\" class=\"tile-inner modula-item-link\"><\/a><img loading=\"lazy\" decoding=\"async\" class=\"pic wp-image-19468\"  data-valign=\"middle\" data-halign=\"center\" alt=\"\" data-full=\"https:\/\/www.klarairosa.com\/wp-content\/uploads\/2023\/06\/20230608_193849.jpg\" title=\"20230608_193849\" crop=\"\" width=\"225\" height=\"300\" src=\"https:\/\/www.klarairosa.com\/wp-content\/uploads\/2023\/06\/20230608_193849-225x300.jpg\" data-src=\"https:\/\/www.klarairosa.com\/wp-content\/uploads\/2023\/06\/20230608_193849-225x300.jpg\" data-caption=\"\" srcset=\"https:\/\/www.klarairosa.com\/wp-content\/uploads\/2023\/06\/20230608_193849-scaled.jpg 1920w, https:\/\/www.klarairosa.com\/wp-content\/uploads\/2023\/06\/20230608_193849-225x300.jpg 225w, https:\/\/www.klarairosa.com\/wp-content\/uploads\/2023\/06\/20230608_193849-768x1024.jpg 768w, https:\/\/www.klarairosa.com\/wp-content\/uploads\/2023\/06\/20230608_193849-1152x1536.jpg 1152w, https:\/\/www.klarairosa.com\/wp-content\/uploads\/2023\/06\/20230608_193849-1536x2048.jpg 1536w, https:\/\/www.klarairosa.com\/wp-content\/uploads\/2023\/06\/20230608_193849-9x12.jpg 9w, https:\/\/www.klarairosa.com\/wp-content\/uploads\/2023\/06\/20230608_193849-600x800.jpg 600w, https:\/\/www.klarairosa.com\/wp-content\/uploads\/2023\/06\/20230608_193849-700x933.jpg 700w\" sizes=\"(max-width: 225px) 100vw, 225px\" \/>\n\t\t<div class=\"figc no-description\">\n\t\t\t<div class=\"figc-inner\">\n\t\t\t\t\t\t\t\t\t\t\t\t\t\t\t<\/div>\n\t\t<\/div>\n\n\t<\/div>\n\n<\/div><div class=\"modula-item effect-pufrobo\" >\n\t<div class=\"modula-item-overlay\"><\/div>\n\n\t<div class=\"modula-item-content\">\n\n\t\t<a data-image-id=\"19469\" role=\"button\" data-elementor-open-lightbox=\"no\" tabindex=\"0\" rel=\"jtg-19465\" data-caption=\"\" aria-label=\"Open image in lightbox\" class=\"tile-inner modula-item-link\"><\/a><img loading=\"lazy\" decoding=\"async\" class=\"pic wp-image-19469\"  data-valign=\"middle\" data-halign=\"center\" alt=\"\" data-full=\"https:\/\/www.klarairosa.com\/wp-content\/uploads\/2023\/06\/20230608_194303.jpg\" title=\"20230608_194303\" crop=\"\" width=\"225\" height=\"300\" src=\"https:\/\/www.klarairosa.com\/wp-content\/uploads\/2023\/06\/20230608_194303-225x300.jpg\" data-src=\"https:\/\/www.klarairosa.com\/wp-content\/uploads\/2023\/06\/20230608_194303-225x300.jpg\" data-caption=\"\" srcset=\"https:\/\/www.klarairosa.com\/wp-content\/uploads\/2023\/06\/20230608_194303-scaled.jpg 1920w, https:\/\/www.klarairosa.com\/wp-content\/uploads\/2023\/06\/20230608_194303-225x300.jpg 225w, https:\/\/www.klarairosa.com\/wp-content\/uploads\/2023\/06\/20230608_194303-768x1024.jpg 768w, https:\/\/www.klarairosa.com\/wp-content\/uploads\/2023\/06\/20230608_194303-1152x1536.jpg 1152w, https:\/\/www.klarairosa.com\/wp-content\/uploads\/2023\/06\/20230608_194303-1536x2048.jpg 1536w, https:\/\/www.klarairosa.com\/wp-content\/uploads\/2023\/06\/20230608_194303-9x12.jpg 9w, https:\/\/www.klarairosa.com\/wp-content\/uploads\/2023\/06\/20230608_194303-600x800.jpg 600w, https:\/\/www.klarairosa.com\/wp-content\/uploads\/2023\/06\/20230608_194303-700x933.jpg 700w\" sizes=\"(max-width: 225px) 100vw, 225px\" \/>\n\t\t<div class=\"figc no-description\">\n\t\t\t<div class=\"figc-inner\">\n\t\t\t\t\t\t\t\t\t\t\t\t\t\t\t<\/div>\n\t\t<\/div>\n\n\t<\/div>\n\n<\/div><div class=\"modula-item effect-pufrobo\" >\n\t<div class=\"modula-item-overlay\"><\/div>\n\n\t<div class=\"modula-item-content\">\n\n\t\t<a data-image-id=\"19470\" role=\"button\" data-elementor-open-lightbox=\"no\" tabindex=\"0\" rel=\"jtg-19465\" data-caption=\"\" aria-label=\"Open image in lightbox\" class=\"tile-inner modula-item-link\"><\/a><img loading=\"lazy\" decoding=\"async\" class=\"pic wp-image-19470\"  data-valign=\"middle\" data-halign=\"center\" alt=\"\" data-full=\"https:\/\/www.klarairosa.com\/wp-content\/uploads\/2023\/06\/20230608_195448.jpg\" title=\"20230608_195448\" crop=\"\" width=\"225\" height=\"300\" src=\"https:\/\/www.klarairosa.com\/wp-content\/uploads\/2023\/06\/20230608_195448-225x300.jpg\" data-src=\"https:\/\/www.klarairosa.com\/wp-content\/uploads\/2023\/06\/20230608_195448-225x300.jpg\" data-caption=\"\" srcset=\"https:\/\/www.klarairosa.com\/wp-content\/uploads\/2023\/06\/20230608_195448-scaled.jpg 1920w, https:\/\/www.klarairosa.com\/wp-content\/uploads\/2023\/06\/20230608_195448-225x300.jpg 225w, https:\/\/www.klarairosa.com\/wp-content\/uploads\/2023\/06\/20230608_195448-768x1024.jpg 768w, https:\/\/www.klarairosa.com\/wp-content\/uploads\/2023\/06\/20230608_195448-1152x1536.jpg 1152w, https:\/\/www.klarairosa.com\/wp-content\/uploads\/2023\/06\/20230608_195448-1536x2048.jpg 1536w, https:\/\/www.klarairosa.com\/wp-content\/uploads\/2023\/06\/20230608_195448-9x12.jpg 9w, https:\/\/www.klarairosa.com\/wp-content\/uploads\/2023\/06\/20230608_195448-600x800.jpg 600w, https:\/\/www.klarairosa.com\/wp-content\/uploads\/2023\/06\/20230608_195448-700x933.jpg 700w\" sizes=\"(max-width: 225px) 100vw, 225px\" \/>\n\t\t<div class=\"figc no-description\">\n\t\t\t<div class=\"figc-inner\">\n\t\t\t\t\t\t\t\t\t\t\t\t\t\t\t<\/div>\n\t\t<\/div>\n\n\t<\/div>\n\n<\/div><div class=\"modula-item effect-pufrobo\" >\n\t<div class=\"modula-item-overlay\"><\/div>\n\n\t<div class=\"modula-item-content\">\n\n\t\t<a data-image-id=\"19471\" role=\"button\" data-elementor-open-lightbox=\"no\" tabindex=\"0\" rel=\"jtg-19465\" data-caption=\"\" aria-label=\"Open image in lightbox\" class=\"tile-inner modula-item-link\"><\/a><img loading=\"lazy\" decoding=\"async\" class=\"pic wp-image-19471\"  data-valign=\"middle\" data-halign=\"center\" alt=\"\" data-full=\"https:\/\/www.klarairosa.com\/wp-content\/uploads\/2023\/06\/20230608_204300.jpg\" title=\"20230608_204300\" crop=\"\" width=\"300\" height=\"225\" src=\"https:\/\/www.klarairosa.com\/wp-content\/uploads\/2023\/06\/20230608_204300-300x225.jpg\" data-src=\"https:\/\/www.klarairosa.com\/wp-content\/uploads\/2023\/06\/20230608_204300-300x225.jpg\" data-caption=\"\" srcset=\"https:\/\/www.klarairosa.com\/wp-content\/uploads\/2023\/06\/20230608_204300-scaled.jpg 2560w, https:\/\/www.klarairosa.com\/wp-content\/uploads\/2023\/06\/20230608_204300-300x225.jpg 300w, https:\/\/www.klarairosa.com\/wp-content\/uploads\/2023\/06\/20230608_204300-1024x768.jpg 1024w, https:\/\/www.klarairosa.com\/wp-content\/uploads\/2023\/06\/20230608_204300-768x576.jpg 768w, https:\/\/www.klarairosa.com\/wp-content\/uploads\/2023\/06\/20230608_204300-1536x1152.jpg 1536w, https:\/\/www.klarairosa.com\/wp-content\/uploads\/2023\/06\/20230608_204300-2048x1536.jpg 2048w, https:\/\/www.klarairosa.com\/wp-content\/uploads\/2023\/06\/20230608_204300-16x12.jpg 16w, https:\/\/www.klarairosa.com\/wp-content\/uploads\/2023\/06\/20230608_204300-800x600.jpg 800w, https:\/\/www.klarairosa.com\/wp-content\/uploads\/2023\/06\/20230608_204300-700x525.jpg 700w\" sizes=\"(max-width: 300px) 100vw, 300px\" \/>\n\t\t<div class=\"figc no-description\">\n\t\t\t<div class=\"figc-inner\">\n\t\t\t\t\t\t\t\t\t\t\t\t\t\t\t<\/div>\n\t\t<\/div>\n\n\t<\/div>\n\n<\/div><div class=\"modula-item effect-pufrobo\" >\n\t<div class=\"modula-item-overlay\"><\/div>\n\n\t<div class=\"modula-item-content\">\n\n\t\t<a data-image-id=\"19472\" role=\"button\" data-elementor-open-lightbox=\"no\" tabindex=\"0\" rel=\"jtg-19465\" data-caption=\"\" aria-label=\"Open image in lightbox\" class=\"tile-inner modula-item-link\"><\/a><img loading=\"lazy\" decoding=\"async\" class=\"pic wp-image-19472\"  data-valign=\"middle\" data-halign=\"center\" alt=\"\" data-full=\"https:\/\/www.klarairosa.com\/wp-content\/uploads\/2023\/06\/20230608_204511.jpg\" title=\"20230608_204511\" crop=\"\" width=\"300\" height=\"225\" src=\"https:\/\/www.klarairosa.com\/wp-content\/uploads\/2023\/06\/20230608_204511-300x225.jpg\" data-src=\"https:\/\/www.klarairosa.com\/wp-content\/uploads\/2023\/06\/20230608_204511-300x225.jpg\" data-caption=\"\" srcset=\"https:\/\/www.klarairosa.com\/wp-content\/uploads\/2023\/06\/20230608_204511-scaled.jpg 2560w, https:\/\/www.klarairosa.com\/wp-content\/uploads\/2023\/06\/20230608_204511-300x225.jpg 300w, https:\/\/www.klarairosa.com\/wp-content\/uploads\/2023\/06\/20230608_204511-1024x768.jpg 1024w, https:\/\/www.klarairosa.com\/wp-content\/uploads\/2023\/06\/20230608_204511-768x576.jpg 768w, https:\/\/www.klarairosa.com\/wp-content\/uploads\/2023\/06\/20230608_204511-1536x1152.jpg 1536w, https:\/\/www.klarairosa.com\/wp-content\/uploads\/2023\/06\/20230608_204511-2048x1536.jpg 2048w, https:\/\/www.klarairosa.com\/wp-content\/uploads\/2023\/06\/20230608_204511-16x12.jpg 16w, https:\/\/www.klarairosa.com\/wp-content\/uploads\/2023\/06\/20230608_204511-800x600.jpg 800w, https:\/\/www.klarairosa.com\/wp-content\/uploads\/2023\/06\/20230608_204511-700x525.jpg 700w\" sizes=\"(max-width: 300px) 100vw, 300px\" \/>\n\t\t<div class=\"figc no-description\">\n\t\t\t<div class=\"figc-inner\">\n\t\t\t\t\t\t\t\t\t\t\t\t\t\t\t<\/div>\n\t\t<\/div>\n\n\t<\/div>\n\n<\/div><div class=\"modula-item effect-pufrobo\" >\n\t<div class=\"modula-item-overlay\"><\/div>\n\n\t<div class=\"modula-item-content\">\n\n\t\t<a data-image-id=\"19473\" role=\"button\" data-elementor-open-lightbox=\"no\" tabindex=\"0\" rel=\"jtg-19465\" data-caption=\"\" aria-label=\"Open image in lightbox\" class=\"tile-inner modula-item-link\"><\/a><img loading=\"lazy\" decoding=\"async\" class=\"pic wp-image-19473\"  data-valign=\"middle\" data-halign=\"center\" alt=\"\" data-full=\"https:\/\/www.klarairosa.com\/wp-content\/uploads\/2023\/06\/20230608_204543.jpg\" title=\"20230608_204543\" crop=\"\" width=\"225\" height=\"300\" src=\"https:\/\/www.klarairosa.com\/wp-content\/uploads\/2023\/06\/20230608_204543-225x300.jpg\" data-src=\"https:\/\/www.klarairosa.com\/wp-content\/uploads\/2023\/06\/20230608_204543-225x300.jpg\" data-caption=\"\" srcset=\"https:\/\/www.klarairosa.com\/wp-content\/uploads\/2023\/06\/20230608_204543-scaled.jpg 1920w, https:\/\/www.klarairosa.com\/wp-content\/uploads\/2023\/06\/20230608_204543-225x300.jpg 225w, https:\/\/www.klarairosa.com\/wp-content\/uploads\/2023\/06\/20230608_204543-768x1024.jpg 768w, https:\/\/www.klarairosa.com\/wp-content\/uploads\/2023\/06\/20230608_204543-1152x1536.jpg 1152w, https:\/\/www.klarairosa.com\/wp-content\/uploads\/2023\/06\/20230608_204543-1536x2048.jpg 1536w, https:\/\/www.klarairosa.com\/wp-content\/uploads\/2023\/06\/20230608_204543-9x12.jpg 9w, https:\/\/www.klarairosa.com\/wp-content\/uploads\/2023\/06\/20230608_204543-600x800.jpg 600w, https:\/\/www.klarairosa.com\/wp-content\/uploads\/2023\/06\/20230608_204543-700x933.jpg 700w\" sizes=\"(max-width: 225px) 100vw, 225px\" \/>\n\t\t<div class=\"figc no-description\">\n\t\t\t<div class=\"figc-inner\">\n\t\t\t\t\t\t\t\t\t\t\t\t\t\t\t<\/div>\n\t\t<\/div>\n\n\t<\/div>\n\n<\/div>\t\t\n\t<\/div>\n\n\t\n\t\n\t<script type=\"application\/ld+json\">\n\t{\n\t\t\"@context\": \"http:\/\/schema.org\",\n\t\t\"@type\"   : \"ImageGallery\",\n\t\t\"id\"      : \"https:\/\/www.klarairosa.com\/en\/savremeni-film-luka-papic-bez\/\",\n\t\t\"url\"     : \"https:\/\/www.klarairosa.com\/en\/savremeni-film-luka-papic-bez\/\"\n\t}\n\n\t<\/script>\n\n\t\n<\/div>\n<\/div>\n<div><\/div>\n<div><\/div>\n","protected":false},"excerpt":{"rendered":"<p>U \u010detvrtak 8. juna 2023, od 19.30 \u010dasova u prostorijama udru\u017eenja Klara i Rosa (Petefi&#8230;<\/p>","protected":false},"author":1,"featured_media":19438,"comment_status":"closed","ping_status":"closed","sticky":false,"template":"","format":"standard","meta":{"content-type":"","inline_featured_image":false,"footnotes":""},"categories":[117],"tags":[128,168,129],"class_list":["post-19436","post","type-post","status-publish","format-standard","has-post-thumbnail","hentry","category-drugo","tag-film","tag-filmski-cetvrtak","tag-klarairosa"],"yoast_head":"<!-- This site is optimized with the Yoast SEO plugin v27.5 - https:\/\/yoast.com\/product\/yoast-seo-wordpress\/ -->\n<title>Savremeni film \/ Luka Papi\u0107: &quot;Bez&quot; - Klara i Rosa<\/title>\n<meta name=\"robots\" content=\"index, follow, max-snippet:-1, max-image-preview:large, max-video-preview:-1\" \/>\n<link rel=\"canonical\" href=\"https:\/\/www.klarairosa.com\/en\/savremeni-film-luka-papic-bez\/\" \/>\n<meta property=\"og:locale\" content=\"en_GB\" \/>\n<meta property=\"og:type\" content=\"article\" \/>\n<meta property=\"og:title\" content=\"Savremeni film \/ Luka Papi\u0107: &quot;Bez&quot; - Klara i Rosa\" \/>\n<meta property=\"og:description\" content=\"U \u010detvrtak 8. juna 2023, od 19.30 \u010dasova u prostorijama udru\u017eenja Klara i Rosa (Petefi...\" \/>\n<meta property=\"og:url\" content=\"https:\/\/www.klarairosa.com\/en\/savremeni-film-luka-papic-bez\/\" \/>\n<meta property=\"og:site_name\" content=\"Klara i Rosa\" \/>\n<meta property=\"article:publisher\" content=\"https:\/\/www.facebook.com\/klarairosa\/\" \/>\n<meta property=\"article:published_time\" content=\"2023-06-05T10:08:46+00:00\" \/>\n<meta property=\"article:modified_time\" content=\"2023-07-13T10:15:34+00:00\" \/>\n<meta property=\"og:image\" content=\"https:\/\/www.klarairosa.com\/wp-content\/uploads\/2023\/06\/bez-1-e1685962436833.jpg\" \/>\n\t<meta property=\"og:image:width\" content=\"757\" \/>\n\t<meta property=\"og:image:height\" content=\"574\" \/>\n\t<meta property=\"og:image:type\" content=\"image\/jpeg\" \/>\n<meta name=\"author\" content=\"Klara i Rosa\" \/>\n<meta name=\"twitter:card\" content=\"summary_large_image\" \/>\n<meta name=\"twitter:label1\" content=\"Written by\" \/>\n\t<meta name=\"twitter:data1\" content=\"Klara i Rosa\" \/>\n\t<meta name=\"twitter:label2\" content=\"Estimated reading time\" \/>\n\t<meta name=\"twitter:data2\" content=\"2 minutes\" \/>\n<script type=\"application\/ld+json\" class=\"yoast-schema-graph\">{\"@context\":\"https:\\\/\\\/schema.org\",\"@graph\":[{\"@type\":\"Article\",\"@id\":\"https:\\\/\\\/www.klarairosa.com\\\/savremeni-film-luka-papic-bez\\\/#article\",\"isPartOf\":{\"@id\":\"https:\\\/\\\/www.klarairosa.com\\\/savremeni-film-luka-papic-bez\\\/\"},\"author\":{\"name\":\"Klara i Rosa\",\"@id\":\"https:\\\/\\\/www.klarairosa.com\\\/en\\\/#\\\/schema\\\/person\\\/e4e7e9e5c8eeeddccf61e4532ae8e6ed\"},\"headline\":\"Savremeni film \\\/ Luka Papi\u0107: &#8222;Bez&#8220;\",\"datePublished\":\"2023-06-05T10:08:46+00:00\",\"dateModified\":\"2023-07-13T10:15:34+00:00\",\"mainEntityOfPage\":{\"@id\":\"https:\\\/\\\/www.klarairosa.com\\\/savremeni-film-luka-papic-bez\\\/\"},\"wordCount\":310,\"publisher\":{\"@id\":\"https:\\\/\\\/www.klarairosa.com\\\/en\\\/#organization\"},\"image\":{\"@id\":\"https:\\\/\\\/www.klarairosa.com\\\/savremeni-film-luka-papic-bez\\\/#primaryimage\"},\"thumbnailUrl\":\"https:\\\/\\\/www.klarairosa.com\\\/wp-content\\\/uploads\\\/2023\\\/06\\\/bez-1-e1685962436833.jpg\",\"keywords\":[\"film\",\"filmski cetvrtak\",\"klarairosa\"],\"articleSection\":[\"Drugo\"],\"inLanguage\":\"en-GB\"},{\"@type\":\"WebPage\",\"@id\":\"https:\\\/\\\/www.klarairosa.com\\\/savremeni-film-luka-papic-bez\\\/\",\"url\":\"https:\\\/\\\/www.klarairosa.com\\\/savremeni-film-luka-papic-bez\\\/\",\"name\":\"Savremeni film \\\/ Luka Papi\u0107: \\\"Bez\\\" - Klara i Rosa\",\"isPartOf\":{\"@id\":\"https:\\\/\\\/www.klarairosa.com\\\/en\\\/#website\"},\"primaryImageOfPage\":{\"@id\":\"https:\\\/\\\/www.klarairosa.com\\\/savremeni-film-luka-papic-bez\\\/#primaryimage\"},\"image\":{\"@id\":\"https:\\\/\\\/www.klarairosa.com\\\/savremeni-film-luka-papic-bez\\\/#primaryimage\"},\"thumbnailUrl\":\"https:\\\/\\\/www.klarairosa.com\\\/wp-content\\\/uploads\\\/2023\\\/06\\\/bez-1-e1685962436833.jpg\",\"datePublished\":\"2023-06-05T10:08:46+00:00\",\"dateModified\":\"2023-07-13T10:15:34+00:00\",\"breadcrumb\":{\"@id\":\"https:\\\/\\\/www.klarairosa.com\\\/savremeni-film-luka-papic-bez\\\/#breadcrumb\"},\"inLanguage\":\"en-GB\",\"potentialAction\":[{\"@type\":\"ReadAction\",\"target\":[\"https:\\\/\\\/www.klarairosa.com\\\/savremeni-film-luka-papic-bez\\\/\"]}]},{\"@type\":\"ImageObject\",\"inLanguage\":\"en-GB\",\"@id\":\"https:\\\/\\\/www.klarairosa.com\\\/savremeni-film-luka-papic-bez\\\/#primaryimage\",\"url\":\"https:\\\/\\\/www.klarairosa.com\\\/wp-content\\\/uploads\\\/2023\\\/06\\\/bez-1-e1685962436833.jpg\",\"contentUrl\":\"https:\\\/\\\/www.klarairosa.com\\\/wp-content\\\/uploads\\\/2023\\\/06\\\/bez-1-e1685962436833.jpg\",\"width\":757,\"height\":574},{\"@type\":\"BreadcrumbList\",\"@id\":\"https:\\\/\\\/www.klarairosa.com\\\/savremeni-film-luka-papic-bez\\\/#breadcrumb\",\"itemListElement\":[{\"@type\":\"ListItem\",\"position\":1,\"name\":\"Home\",\"item\":\"https:\\\/\\\/www.klarairosa.com\\\/\"},{\"@type\":\"ListItem\",\"position\":2,\"name\":\"Savremeni film \\\/ Luka Papi\u0107: &#8220;Bez&#8221;\"}]},{\"@type\":\"WebSite\",\"@id\":\"https:\\\/\\\/www.klarairosa.com\\\/en\\\/#website\",\"url\":\"https:\\\/\\\/www.klarairosa.com\\\/en\\\/\",\"name\":\"Klara i Rosa\",\"description\":\"Klara i Rosa\",\"publisher\":{\"@id\":\"https:\\\/\\\/www.klarairosa.com\\\/en\\\/#organization\"},\"potentialAction\":[{\"@type\":\"SearchAction\",\"target\":{\"@type\":\"EntryPoint\",\"urlTemplate\":\"https:\\\/\\\/www.klarairosa.com\\\/en\\\/?s={search_term_string}\"},\"query-input\":{\"@type\":\"PropertyValueSpecification\",\"valueRequired\":true,\"valueName\":\"search_term_string\"}}],\"inLanguage\":\"en-GB\"},{\"@type\":\"Organization\",\"@id\":\"https:\\\/\\\/www.klarairosa.com\\\/en\\\/#organization\",\"name\":\"Klara i Rosa\",\"url\":\"https:\\\/\\\/www.klarairosa.com\\\/en\\\/\",\"logo\":{\"@type\":\"ImageObject\",\"inLanguage\":\"en-GB\",\"@id\":\"https:\\\/\\\/www.klarairosa.com\\\/en\\\/#\\\/schema\\\/logo\\\/image\\\/\",\"url\":\"https:\\\/\\\/www.klarairosa.com\\\/wp-content\\\/uploads\\\/2022\\\/01\\\/logo.svg\",\"contentUrl\":\"https:\\\/\\\/www.klarairosa.com\\\/wp-content\\\/uploads\\\/2022\\\/01\\\/logo.svg\",\"width\":110,\"height\":139,\"caption\":\"Klara i Rosa\"},\"image\":{\"@id\":\"https:\\\/\\\/www.klarairosa.com\\\/en\\\/#\\\/schema\\\/logo\\\/image\\\/\"},\"sameAs\":[\"https:\\\/\\\/www.facebook.com\\\/klarairosa\\\/\",\"https:\\\/\\\/www.instagram.com\\\/ugklarairosa\\\/\"]},{\"@type\":\"Person\",\"@id\":\"https:\\\/\\\/www.klarairosa.com\\\/en\\\/#\\\/schema\\\/person\\\/e4e7e9e5c8eeeddccf61e4532ae8e6ed\",\"name\":\"Klara i Rosa\",\"image\":{\"@type\":\"ImageObject\",\"inLanguage\":\"en-GB\",\"@id\":\"https:\\\/\\\/secure.gravatar.com\\\/avatar\\\/c83ee539a067b9f57ae5d8999ae286c4f98b5c4bd943b8cbb64f6b0fc1f29e40?s=96&d=mm&r=g\",\"url\":\"https:\\\/\\\/secure.gravatar.com\\\/avatar\\\/c83ee539a067b9f57ae5d8999ae286c4f98b5c4bd943b8cbb64f6b0fc1f29e40?s=96&d=mm&r=g\",\"contentUrl\":\"https:\\\/\\\/secure.gravatar.com\\\/avatar\\\/c83ee539a067b9f57ae5d8999ae286c4f98b5c4bd943b8cbb64f6b0fc1f29e40?s=96&d=mm&r=g\",\"caption\":\"Klara i Rosa\"},\"sameAs\":[\"https:\\\/\\\/klarairosa.com\"],\"url\":\"https:\\\/\\\/www.klarairosa.com\\\/en\\\/author\\\/rosaiklara\\\/\"}]}<\/script>\n<!-- \/ Yoast SEO plugin. -->","yoast_head_json":{"title":"Savremeni film \/ Luka Papi\u0107: \"Bez\" - Klara i Rosa","robots":{"index":"index","follow":"follow","max-snippet":"max-snippet:-1","max-image-preview":"max-image-preview:large","max-video-preview":"max-video-preview:-1"},"canonical":"https:\/\/www.klarairosa.com\/en\/savremeni-film-luka-papic-bez\/","og_locale":"en_GB","og_type":"article","og_title":"Savremeni film \/ Luka Papi\u0107: \"Bez\" - Klara i Rosa","og_description":"U \u010detvrtak 8. juna 2023, od 19.30 \u010dasova u prostorijama udru\u017eenja Klara i Rosa (Petefi...","og_url":"https:\/\/www.klarairosa.com\/en\/savremeni-film-luka-papic-bez\/","og_site_name":"Klara i Rosa","article_publisher":"https:\/\/www.facebook.com\/klarairosa\/","article_published_time":"2023-06-05T10:08:46+00:00","article_modified_time":"2023-07-13T10:15:34+00:00","og_image":[{"width":757,"height":574,"url":"https:\/\/www.klarairosa.com\/wp-content\/uploads\/2023\/06\/bez-1-e1685962436833.jpg","type":"image\/jpeg"}],"author":"Klara i Rosa","twitter_card":"summary_large_image","twitter_misc":{"Written by":"Klara i Rosa","Estimated reading time":"2 minutes"},"schema":{"@context":"https:\/\/schema.org","@graph":[{"@type":"Article","@id":"https:\/\/www.klarairosa.com\/savremeni-film-luka-papic-bez\/#article","isPartOf":{"@id":"https:\/\/www.klarairosa.com\/savremeni-film-luka-papic-bez\/"},"author":{"name":"Klara i Rosa","@id":"https:\/\/www.klarairosa.com\/en\/#\/schema\/person\/e4e7e9e5c8eeeddccf61e4532ae8e6ed"},"headline":"Savremeni film \/ Luka Papi\u0107: &#8222;Bez&#8220;","datePublished":"2023-06-05T10:08:46+00:00","dateModified":"2023-07-13T10:15:34+00:00","mainEntityOfPage":{"@id":"https:\/\/www.klarairosa.com\/savremeni-film-luka-papic-bez\/"},"wordCount":310,"publisher":{"@id":"https:\/\/www.klarairosa.com\/en\/#organization"},"image":{"@id":"https:\/\/www.klarairosa.com\/savremeni-film-luka-papic-bez\/#primaryimage"},"thumbnailUrl":"https:\/\/www.klarairosa.com\/wp-content\/uploads\/2023\/06\/bez-1-e1685962436833.jpg","keywords":["film","filmski cetvrtak","klarairosa"],"articleSection":["Drugo"],"inLanguage":"en-GB"},{"@type":"WebPage","@id":"https:\/\/www.klarairosa.com\/savremeni-film-luka-papic-bez\/","url":"https:\/\/www.klarairosa.com\/savremeni-film-luka-papic-bez\/","name":"Savremeni film \/ Luka Papi\u0107: \"Bez\" - Klara i Rosa","isPartOf":{"@id":"https:\/\/www.klarairosa.com\/en\/#website"},"primaryImageOfPage":{"@id":"https:\/\/www.klarairosa.com\/savremeni-film-luka-papic-bez\/#primaryimage"},"image":{"@id":"https:\/\/www.klarairosa.com\/savremeni-film-luka-papic-bez\/#primaryimage"},"thumbnailUrl":"https:\/\/www.klarairosa.com\/wp-content\/uploads\/2023\/06\/bez-1-e1685962436833.jpg","datePublished":"2023-06-05T10:08:46+00:00","dateModified":"2023-07-13T10:15:34+00:00","breadcrumb":{"@id":"https:\/\/www.klarairosa.com\/savremeni-film-luka-papic-bez\/#breadcrumb"},"inLanguage":"en-GB","potentialAction":[{"@type":"ReadAction","target":["https:\/\/www.klarairosa.com\/savremeni-film-luka-papic-bez\/"]}]},{"@type":"ImageObject","inLanguage":"en-GB","@id":"https:\/\/www.klarairosa.com\/savremeni-film-luka-papic-bez\/#primaryimage","url":"https:\/\/www.klarairosa.com\/wp-content\/uploads\/2023\/06\/bez-1-e1685962436833.jpg","contentUrl":"https:\/\/www.klarairosa.com\/wp-content\/uploads\/2023\/06\/bez-1-e1685962436833.jpg","width":757,"height":574},{"@type":"BreadcrumbList","@id":"https:\/\/www.klarairosa.com\/savremeni-film-luka-papic-bez\/#breadcrumb","itemListElement":[{"@type":"ListItem","position":1,"name":"Home","item":"https:\/\/www.klarairosa.com\/"},{"@type":"ListItem","position":2,"name":"Savremeni film \/ Luka Papi\u0107: &#8220;Bez&#8221;"}]},{"@type":"WebSite","@id":"https:\/\/www.klarairosa.com\/en\/#website","url":"https:\/\/www.klarairosa.com\/en\/","name":"Klara i Rosa","description":"Klara i Rosa","publisher":{"@id":"https:\/\/www.klarairosa.com\/en\/#organization"},"potentialAction":[{"@type":"SearchAction","target":{"@type":"EntryPoint","urlTemplate":"https:\/\/www.klarairosa.com\/en\/?s={search_term_string}"},"query-input":{"@type":"PropertyValueSpecification","valueRequired":true,"valueName":"search_term_string"}}],"inLanguage":"en-GB"},{"@type":"Organization","@id":"https:\/\/www.klarairosa.com\/en\/#organization","name":"Klara i Rosa","url":"https:\/\/www.klarairosa.com\/en\/","logo":{"@type":"ImageObject","inLanguage":"en-GB","@id":"https:\/\/www.klarairosa.com\/en\/#\/schema\/logo\/image\/","url":"https:\/\/www.klarairosa.com\/wp-content\/uploads\/2022\/01\/logo.svg","contentUrl":"https:\/\/www.klarairosa.com\/wp-content\/uploads\/2022\/01\/logo.svg","width":110,"height":139,"caption":"Klara i Rosa"},"image":{"@id":"https:\/\/www.klarairosa.com\/en\/#\/schema\/logo\/image\/"},"sameAs":["https:\/\/www.facebook.com\/klarairosa\/","https:\/\/www.instagram.com\/ugklarairosa\/"]},{"@type":"Person","@id":"https:\/\/www.klarairosa.com\/en\/#\/schema\/person\/e4e7e9e5c8eeeddccf61e4532ae8e6ed","name":"Klara i Rosa","image":{"@type":"ImageObject","inLanguage":"en-GB","@id":"https:\/\/secure.gravatar.com\/avatar\/c83ee539a067b9f57ae5d8999ae286c4f98b5c4bd943b8cbb64f6b0fc1f29e40?s=96&d=mm&r=g","url":"https:\/\/secure.gravatar.com\/avatar\/c83ee539a067b9f57ae5d8999ae286c4f98b5c4bd943b8cbb64f6b0fc1f29e40?s=96&d=mm&r=g","contentUrl":"https:\/\/secure.gravatar.com\/avatar\/c83ee539a067b9f57ae5d8999ae286c4f98b5c4bd943b8cbb64f6b0fc1f29e40?s=96&d=mm&r=g","caption":"Klara i Rosa"},"sameAs":["https:\/\/klarairosa.com"],"url":"https:\/\/www.klarairosa.com\/en\/author\/rosaiklara\/"}]}},"_links":{"self":[{"href":"https:\/\/www.klarairosa.com\/en\/wp-json\/wp\/v2\/posts\/19436","targetHints":{"allow":["GET"]}}],"collection":[{"href":"https:\/\/www.klarairosa.com\/en\/wp-json\/wp\/v2\/posts"}],"about":[{"href":"https:\/\/www.klarairosa.com\/en\/wp-json\/wp\/v2\/types\/post"}],"author":[{"embeddable":true,"href":"https:\/\/www.klarairosa.com\/en\/wp-json\/wp\/v2\/users\/1"}],"replies":[{"embeddable":true,"href":"https:\/\/www.klarairosa.com\/en\/wp-json\/wp\/v2\/comments?post=19436"}],"version-history":[{"count":8,"href":"https:\/\/www.klarairosa.com\/en\/wp-json\/wp\/v2\/posts\/19436\/revisions"}],"predecessor-version":[{"id":19474,"href":"https:\/\/www.klarairosa.com\/en\/wp-json\/wp\/v2\/posts\/19436\/revisions\/19474"}],"wp:featuredmedia":[{"embeddable":true,"href":"https:\/\/www.klarairosa.com\/en\/wp-json\/wp\/v2\/media\/19438"}],"wp:attachment":[{"href":"https:\/\/www.klarairosa.com\/en\/wp-json\/wp\/v2\/media?parent=19436"}],"wp:term":[{"taxonomy":"category","embeddable":true,"href":"https:\/\/www.klarairosa.com\/en\/wp-json\/wp\/v2\/categories?post=19436"},{"taxonomy":"post_tag","embeddable":true,"href":"https:\/\/www.klarairosa.com\/en\/wp-json\/wp\/v2\/tags?post=19436"}],"curies":[{"name":"wp","href":"https:\/\/api.w.org\/{rel}","templated":true}]}}