{"id":19417,"date":"2023-05-22T11:20:21","date_gmt":"2023-05-22T11:20:21","guid":{"rendered":"https:\/\/www.klarairosa.com\/?p=19417"},"modified":"2023-05-22T11:20:21","modified_gmt":"2023-05-22T11:20:21","slug":"volonterska-praksa-u-organizaciji-kulture","status":"publish","type":"post","link":"https:\/\/www.klarairosa.com\/en\/volonterska-praksa-u-organizaciji-kulture\/","title":{"rendered":"Volonterska praksa u organizaciji kulture!"},"content":{"rendered":"<div dir=\"ltr\">\n<div class=\"gmail_default\">\n<p>\u017deli\u0161 li da stekne\u0161 iskustvo rada u organizaciji koja sprovodi razli\u010dite me\u0111unarodne i lokalne projekte? \u017deli\u0161 li da sazna\u0161 kako koriste\u0107i kulturu i umetnost mo\u017ee\u0161 pokretati promene u dru\u0161tvu?<\/p>\n<p>Prijavi se na tromese\u010dnu volontersku praksu tokom koje \u0107e\u0161 imati priliku da sazna\u0161 vi\u0161e o:<\/p>\n<ul>\n<li>pisanju projekata u oblasti kulture, umetnosti i aktivizma<\/li>\n<li>organizaciji kulturnih doga\u0111aja<\/li>\n<li>vo\u0111enju dru\u0161tvenih mre\u017ea<\/li>\n<li>radu sa zajednicom<\/li>\n<\/ul>\n<p>Pozivamo radoznale, kreativne i hrabre da nam se pridru\u017ee!<\/p>\n<p>Motivaciono pismo po\u0161alji elektronskim putem na klarairosa@gmail.com<\/p>\n<p>Vi\u0161e o organizaciji na\u00a0<a href=\"https:\/\/www.klarairosa.com\/\" target=\"_blank\" rel=\"noopener\" data-saferedirecturl=\"https:\/\/www.google.com\/url?q=https:\/\/www.klarairosa.com\/&amp;source=gmail&amp;ust=1684840547108000&amp;usg=AOvVaw1JnP6r_1D0QreV-9k19JEx\">www.klarairosa.com<\/a>\u00a0Radujemo se saradnji i razmeni znanja!<\/p>\n<\/div>\n<\/div>\n<p>&nbsp;<\/p>\n<p>#klarairosa<\/p>\n<p>&nbsp;<\/p>","protected":false},"excerpt":{"rendered":"<p>\u017deli\u0161 li da stekne\u0161 iskustvo rada u organizaciji koja sprovodi razli\u010dite me\u0111unarodne i lokalne projekte?&#8230;<\/p>","protected":false},"author":1,"featured_media":18938,"comment_status":"closed","ping_status":"closed","sticky":false,"template":"","format":"standard","meta":{"content-type":"","inline_featured_image":false,"footnotes":""},"categories":[109],"tags":[129],"class_list":["post-19417","post","type-post","status-publish","format-standard","has-post-thumbnail","hentry","category-aktuelno","tag-klarairosa"],"yoast_head":"<!-- This site is optimized with the Yoast SEO plugin v27.5 - https:\/\/yoast.com\/product\/yoast-seo-wordpress\/ -->\n<title>Volonterska praksa u organizaciji kulture! - Klara i Rosa<\/title>\n<meta name=\"robots\" content=\"index, follow, max-snippet:-1, max-image-preview:large, max-video-preview:-1\" \/>\n<link rel=\"canonical\" href=\"https:\/\/www.klarairosa.com\/en\/volonterska-praksa-u-organizaciji-kulture\/\" \/>\n<meta property=\"og:locale\" content=\"en_GB\" \/>\n<meta property=\"og:type\" content=\"article\" \/>\n<meta property=\"og:title\" content=\"Volonterska praksa u organizaciji kulture! - Klara i Rosa\" \/>\n<meta property=\"og:description\" content=\"\u017deli\u0161 li da stekne\u0161 iskustvo rada u organizaciji koja sprovodi razli\u010dite me\u0111unarodne i lokalne projekte?...\" \/>\n<meta property=\"og:url\" content=\"https:\/\/www.klarairosa.com\/en\/volonterska-praksa-u-organizaciji-kulture\/\" \/>\n<meta property=\"og:site_name\" content=\"Klara i Rosa\" \/>\n<meta property=\"article:publisher\" content=\"https:\/\/www.facebook.com\/klarairosa\/\" \/>\n<meta property=\"article:published_time\" content=\"2023-05-22T11:20:21+00:00\" \/>\n<meta property=\"og:image\" content=\"https:\/\/www.klarairosa.com\/wp-content\/uploads\/2022\/12\/ZSZ_9252.jpg\" \/>\n\t<meta property=\"og:image:width\" content=\"1024\" \/>\n\t<meta property=\"og:image:height\" content=\"683\" \/>\n\t<meta property=\"og:image:type\" content=\"image\/jpeg\" \/>\n<meta name=\"author\" content=\"Klara i Rosa\" \/>\n<meta name=\"twitter:card\" content=\"summary_large_image\" \/>\n<meta name=\"twitter:label1\" content=\"Written by\" \/>\n\t<meta name=\"twitter:data1\" content=\"Klara i Rosa\" \/>\n\t<meta name=\"twitter:label2\" content=\"Estimated reading time\" \/>\n\t<meta name=\"twitter:data2\" content=\"1 minute\" \/>\n<script type=\"application\/ld+json\" class=\"yoast-schema-graph\">{\"@context\":\"https:\\\/\\\/schema.org\",\"@graph\":[{\"@type\":\"Article\",\"@id\":\"https:\\\/\\\/www.klarairosa.com\\\/volonterska-praksa-u-organizaciji-kulture\\\/#article\",\"isPartOf\":{\"@id\":\"https:\\\/\\\/www.klarairosa.com\\\/volonterska-praksa-u-organizaciji-kulture\\\/\"},\"author\":{\"name\":\"Klara i Rosa\",\"@id\":\"https:\\\/\\\/www.klarairosa.com\\\/en\\\/#\\\/schema\\\/person\\\/e4e7e9e5c8eeeddccf61e4532ae8e6ed\"},\"headline\":\"Volonterska praksa u organizaciji kulture!\",\"datePublished\":\"2023-05-22T11:20:21+00:00\",\"mainEntityOfPage\":{\"@id\":\"https:\\\/\\\/www.klarairosa.com\\\/volonterska-praksa-u-organizaciji-kulture\\\/\"},\"wordCount\":114,\"publisher\":{\"@id\":\"https:\\\/\\\/www.klarairosa.com\\\/en\\\/#organization\"},\"image\":{\"@id\":\"https:\\\/\\\/www.klarairosa.com\\\/volonterska-praksa-u-organizaciji-kulture\\\/#primaryimage\"},\"thumbnailUrl\":\"https:\\\/\\\/www.klarairosa.com\\\/wp-content\\\/uploads\\\/2022\\\/12\\\/ZSZ_9252.jpg\",\"keywords\":[\"klarairosa\"],\"articleSection\":[\"Aktuelno\"],\"inLanguage\":\"en-GB\"},{\"@type\":\"WebPage\",\"@id\":\"https:\\\/\\\/www.klarairosa.com\\\/volonterska-praksa-u-organizaciji-kulture\\\/\",\"url\":\"https:\\\/\\\/www.klarairosa.com\\\/volonterska-praksa-u-organizaciji-kulture\\\/\",\"name\":\"Volonterska praksa u organizaciji kulture! - Klara i Rosa\",\"isPartOf\":{\"@id\":\"https:\\\/\\\/www.klarairosa.com\\\/en\\\/#website\"},\"primaryImageOfPage\":{\"@id\":\"https:\\\/\\\/www.klarairosa.com\\\/volonterska-praksa-u-organizaciji-kulture\\\/#primaryimage\"},\"image\":{\"@id\":\"https:\\\/\\\/www.klarairosa.com\\\/volonterska-praksa-u-organizaciji-kulture\\\/#primaryimage\"},\"thumbnailUrl\":\"https:\\\/\\\/www.klarairosa.com\\\/wp-content\\\/uploads\\\/2022\\\/12\\\/ZSZ_9252.jpg\",\"datePublished\":\"2023-05-22T11:20:21+00:00\",\"breadcrumb\":{\"@id\":\"https:\\\/\\\/www.klarairosa.com\\\/volonterska-praksa-u-organizaciji-kulture\\\/#breadcrumb\"},\"inLanguage\":\"en-GB\",\"potentialAction\":[{\"@type\":\"ReadAction\",\"target\":[\"https:\\\/\\\/www.klarairosa.com\\\/volonterska-praksa-u-organizaciji-kulture\\\/\"]}]},{\"@type\":\"ImageObject\",\"inLanguage\":\"en-GB\",\"@id\":\"https:\\\/\\\/www.klarairosa.com\\\/volonterska-praksa-u-organizaciji-kulture\\\/#primaryimage\",\"url\":\"https:\\\/\\\/www.klarairosa.com\\\/wp-content\\\/uploads\\\/2022\\\/12\\\/ZSZ_9252.jpg\",\"contentUrl\":\"https:\\\/\\\/www.klarairosa.com\\\/wp-content\\\/uploads\\\/2022\\\/12\\\/ZSZ_9252.jpg\",\"width\":1024,\"height\":683},{\"@type\":\"BreadcrumbList\",\"@id\":\"https:\\\/\\\/www.klarairosa.com\\\/volonterska-praksa-u-organizaciji-kulture\\\/#breadcrumb\",\"itemListElement\":[{\"@type\":\"ListItem\",\"position\":1,\"name\":\"Home\",\"item\":\"https:\\\/\\\/www.klarairosa.com\\\/\"},{\"@type\":\"ListItem\",\"position\":2,\"name\":\"Volonterska praksa u organizaciji kulture!\"}]},{\"@type\":\"WebSite\",\"@id\":\"https:\\\/\\\/www.klarairosa.com\\\/en\\\/#website\",\"url\":\"https:\\\/\\\/www.klarairosa.com\\\/en\\\/\",\"name\":\"Klara i Rosa\",\"description\":\"Klara i Rosa\",\"publisher\":{\"@id\":\"https:\\\/\\\/www.klarairosa.com\\\/en\\\/#organization\"},\"potentialAction\":[{\"@type\":\"SearchAction\",\"target\":{\"@type\":\"EntryPoint\",\"urlTemplate\":\"https:\\\/\\\/www.klarairosa.com\\\/en\\\/?s={search_term_string}\"},\"query-input\":{\"@type\":\"PropertyValueSpecification\",\"valueRequired\":true,\"valueName\":\"search_term_string\"}}],\"inLanguage\":\"en-GB\"},{\"@type\":\"Organization\",\"@id\":\"https:\\\/\\\/www.klarairosa.com\\\/en\\\/#organization\",\"name\":\"Klara i Rosa\",\"url\":\"https:\\\/\\\/www.klarairosa.com\\\/en\\\/\",\"logo\":{\"@type\":\"ImageObject\",\"inLanguage\":\"en-GB\",\"@id\":\"https:\\\/\\\/www.klarairosa.com\\\/en\\\/#\\\/schema\\\/logo\\\/image\\\/\",\"url\":\"https:\\\/\\\/www.klarairosa.com\\\/wp-content\\\/uploads\\\/2022\\\/01\\\/logo.svg\",\"contentUrl\":\"https:\\\/\\\/www.klarairosa.com\\\/wp-content\\\/uploads\\\/2022\\\/01\\\/logo.svg\",\"width\":110,\"height\":139,\"caption\":\"Klara i Rosa\"},\"image\":{\"@id\":\"https:\\\/\\\/www.klarairosa.com\\\/en\\\/#\\\/schema\\\/logo\\\/image\\\/\"},\"sameAs\":[\"https:\\\/\\\/www.facebook.com\\\/klarairosa\\\/\",\"https:\\\/\\\/www.instagram.com\\\/ugklarairosa\\\/\"]},{\"@type\":\"Person\",\"@id\":\"https:\\\/\\\/www.klarairosa.com\\\/en\\\/#\\\/schema\\\/person\\\/e4e7e9e5c8eeeddccf61e4532ae8e6ed\",\"name\":\"Klara i Rosa\",\"image\":{\"@type\":\"ImageObject\",\"inLanguage\":\"en-GB\",\"@id\":\"https:\\\/\\\/secure.gravatar.com\\\/avatar\\\/c83ee539a067b9f57ae5d8999ae286c4f98b5c4bd943b8cbb64f6b0fc1f29e40?s=96&d=mm&r=g\",\"url\":\"https:\\\/\\\/secure.gravatar.com\\\/avatar\\\/c83ee539a067b9f57ae5d8999ae286c4f98b5c4bd943b8cbb64f6b0fc1f29e40?s=96&d=mm&r=g\",\"contentUrl\":\"https:\\\/\\\/secure.gravatar.com\\\/avatar\\\/c83ee539a067b9f57ae5d8999ae286c4f98b5c4bd943b8cbb64f6b0fc1f29e40?s=96&d=mm&r=g\",\"caption\":\"Klara i Rosa\"},\"sameAs\":[\"https:\\\/\\\/klarairosa.com\"],\"url\":\"https:\\\/\\\/www.klarairosa.com\\\/en\\\/author\\\/rosaiklara\\\/\"}]}<\/script>\n<!-- \/ Yoast SEO plugin. -->","yoast_head_json":{"title":"Volonterska praksa u organizaciji kulture! - Klara i Rosa","robots":{"index":"index","follow":"follow","max-snippet":"max-snippet:-1","max-image-preview":"max-image-preview:large","max-video-preview":"max-video-preview:-1"},"canonical":"https:\/\/www.klarairosa.com\/en\/volonterska-praksa-u-organizaciji-kulture\/","og_locale":"en_GB","og_type":"article","og_title":"Volonterska praksa u organizaciji kulture! - Klara i Rosa","og_description":"\u017deli\u0161 li da stekne\u0161 iskustvo rada u organizaciji koja sprovodi razli\u010dite me\u0111unarodne i lokalne projekte?...","og_url":"https:\/\/www.klarairosa.com\/en\/volonterska-praksa-u-organizaciji-kulture\/","og_site_name":"Klara i Rosa","article_publisher":"https:\/\/www.facebook.com\/klarairosa\/","article_published_time":"2023-05-22T11:20:21+00:00","og_image":[{"width":1024,"height":683,"url":"https:\/\/www.klarairosa.com\/wp-content\/uploads\/2022\/12\/ZSZ_9252.jpg","type":"image\/jpeg"}],"author":"Klara i Rosa","twitter_card":"summary_large_image","twitter_misc":{"Written by":"Klara i Rosa","Estimated reading time":"1 minute"},"schema":{"@context":"https:\/\/schema.org","@graph":[{"@type":"Article","@id":"https:\/\/www.klarairosa.com\/volonterska-praksa-u-organizaciji-kulture\/#article","isPartOf":{"@id":"https:\/\/www.klarairosa.com\/volonterska-praksa-u-organizaciji-kulture\/"},"author":{"name":"Klara i Rosa","@id":"https:\/\/www.klarairosa.com\/en\/#\/schema\/person\/e4e7e9e5c8eeeddccf61e4532ae8e6ed"},"headline":"Volonterska praksa u organizaciji kulture!","datePublished":"2023-05-22T11:20:21+00:00","mainEntityOfPage":{"@id":"https:\/\/www.klarairosa.com\/volonterska-praksa-u-organizaciji-kulture\/"},"wordCount":114,"publisher":{"@id":"https:\/\/www.klarairosa.com\/en\/#organization"},"image":{"@id":"https:\/\/www.klarairosa.com\/volonterska-praksa-u-organizaciji-kulture\/#primaryimage"},"thumbnailUrl":"https:\/\/www.klarairosa.com\/wp-content\/uploads\/2022\/12\/ZSZ_9252.jpg","keywords":["klarairosa"],"articleSection":["Aktuelno"],"inLanguage":"en-GB"},{"@type":"WebPage","@id":"https:\/\/www.klarairosa.com\/volonterska-praksa-u-organizaciji-kulture\/","url":"https:\/\/www.klarairosa.com\/volonterska-praksa-u-organizaciji-kulture\/","name":"Volonterska praksa u organizaciji kulture! - Klara i Rosa","isPartOf":{"@id":"https:\/\/www.klarairosa.com\/en\/#website"},"primaryImageOfPage":{"@id":"https:\/\/www.klarairosa.com\/volonterska-praksa-u-organizaciji-kulture\/#primaryimage"},"image":{"@id":"https:\/\/www.klarairosa.com\/volonterska-praksa-u-organizaciji-kulture\/#primaryimage"},"thumbnailUrl":"https:\/\/www.klarairosa.com\/wp-content\/uploads\/2022\/12\/ZSZ_9252.jpg","datePublished":"2023-05-22T11:20:21+00:00","breadcrumb":{"@id":"https:\/\/www.klarairosa.com\/volonterska-praksa-u-organizaciji-kulture\/#breadcrumb"},"inLanguage":"en-GB","potentialAction":[{"@type":"ReadAction","target":["https:\/\/www.klarairosa.com\/volonterska-praksa-u-organizaciji-kulture\/"]}]},{"@type":"ImageObject","inLanguage":"en-GB","@id":"https:\/\/www.klarairosa.com\/volonterska-praksa-u-organizaciji-kulture\/#primaryimage","url":"https:\/\/www.klarairosa.com\/wp-content\/uploads\/2022\/12\/ZSZ_9252.jpg","contentUrl":"https:\/\/www.klarairosa.com\/wp-content\/uploads\/2022\/12\/ZSZ_9252.jpg","width":1024,"height":683},{"@type":"BreadcrumbList","@id":"https:\/\/www.klarairosa.com\/volonterska-praksa-u-organizaciji-kulture\/#breadcrumb","itemListElement":[{"@type":"ListItem","position":1,"name":"Home","item":"https:\/\/www.klarairosa.com\/"},{"@type":"ListItem","position":2,"name":"Volonterska praksa u organizaciji kulture!"}]},{"@type":"WebSite","@id":"https:\/\/www.klarairosa.com\/en\/#website","url":"https:\/\/www.klarairosa.com\/en\/","name":"Klara i Rosa","description":"Klara i Rosa","publisher":{"@id":"https:\/\/www.klarairosa.com\/en\/#organization"},"potentialAction":[{"@type":"SearchAction","target":{"@type":"EntryPoint","urlTemplate":"https:\/\/www.klarairosa.com\/en\/?s={search_term_string}"},"query-input":{"@type":"PropertyValueSpecification","valueRequired":true,"valueName":"search_term_string"}}],"inLanguage":"en-GB"},{"@type":"Organization","@id":"https:\/\/www.klarairosa.com\/en\/#organization","name":"Klara i Rosa","url":"https:\/\/www.klarairosa.com\/en\/","logo":{"@type":"ImageObject","inLanguage":"en-GB","@id":"https:\/\/www.klarairosa.com\/en\/#\/schema\/logo\/image\/","url":"https:\/\/www.klarairosa.com\/wp-content\/uploads\/2022\/01\/logo.svg","contentUrl":"https:\/\/www.klarairosa.com\/wp-content\/uploads\/2022\/01\/logo.svg","width":110,"height":139,"caption":"Klara i Rosa"},"image":{"@id":"https:\/\/www.klarairosa.com\/en\/#\/schema\/logo\/image\/"},"sameAs":["https:\/\/www.facebook.com\/klarairosa\/","https:\/\/www.instagram.com\/ugklarairosa\/"]},{"@type":"Person","@id":"https:\/\/www.klarairosa.com\/en\/#\/schema\/person\/e4e7e9e5c8eeeddccf61e4532ae8e6ed","name":"Klara i Rosa","image":{"@type":"ImageObject","inLanguage":"en-GB","@id":"https:\/\/secure.gravatar.com\/avatar\/c83ee539a067b9f57ae5d8999ae286c4f98b5c4bd943b8cbb64f6b0fc1f29e40?s=96&d=mm&r=g","url":"https:\/\/secure.gravatar.com\/avatar\/c83ee539a067b9f57ae5d8999ae286c4f98b5c4bd943b8cbb64f6b0fc1f29e40?s=96&d=mm&r=g","contentUrl":"https:\/\/secure.gravatar.com\/avatar\/c83ee539a067b9f57ae5d8999ae286c4f98b5c4bd943b8cbb64f6b0fc1f29e40?s=96&d=mm&r=g","caption":"Klara i Rosa"},"sameAs":["https:\/\/klarairosa.com"],"url":"https:\/\/www.klarairosa.com\/en\/author\/rosaiklara\/"}]}},"_links":{"self":[{"href":"https:\/\/www.klarairosa.com\/en\/wp-json\/wp\/v2\/posts\/19417","targetHints":{"allow":["GET"]}}],"collection":[{"href":"https:\/\/www.klarairosa.com\/en\/wp-json\/wp\/v2\/posts"}],"about":[{"href":"https:\/\/www.klarairosa.com\/en\/wp-json\/wp\/v2\/types\/post"}],"author":[{"embeddable":true,"href":"https:\/\/www.klarairosa.com\/en\/wp-json\/wp\/v2\/users\/1"}],"replies":[{"embeddable":true,"href":"https:\/\/www.klarairosa.com\/en\/wp-json\/wp\/v2\/comments?post=19417"}],"version-history":[{"count":1,"href":"https:\/\/www.klarairosa.com\/en\/wp-json\/wp\/v2\/posts\/19417\/revisions"}],"predecessor-version":[{"id":19418,"href":"https:\/\/www.klarairosa.com\/en\/wp-json\/wp\/v2\/posts\/19417\/revisions\/19418"}],"wp:featuredmedia":[{"embeddable":true,"href":"https:\/\/www.klarairosa.com\/en\/wp-json\/wp\/v2\/media\/18938"}],"wp:attachment":[{"href":"https:\/\/www.klarairosa.com\/en\/wp-json\/wp\/v2\/media?parent=19417"}],"wp:term":[{"taxonomy":"category","embeddable":true,"href":"https:\/\/www.klarairosa.com\/en\/wp-json\/wp\/v2\/categories?post=19417"},{"taxonomy":"post_tag","embeddable":true,"href":"https:\/\/www.klarairosa.com\/en\/wp-json\/wp\/v2\/tags?post=19417"}],"curies":[{"name":"wp","href":"https:\/\/api.w.org\/{rel}","templated":true}]}}