{"id":18980,"date":"2023-01-19T10:14:03","date_gmt":"2023-01-19T10:14:03","guid":{"rendered":"https:\/\/www.klarairosa.com\/?p=18980"},"modified":"2023-04-15T13:19:55","modified_gmt":"2023-04-15T13:19:55","slug":"pojacanje-u-maloj-bosni","status":"publish","type":"post","link":"https:\/\/www.klarairosa.com\/en\/pojacanje-u-maloj-bosni\/","title":{"rendered":"Poja\u010danje u Maloj Bosni"},"content":{"rendered":"<div class=\"x11i5rnm xat24cr x1mh8g0r x1vvkbs xtlvy1s x126k92a\"><\/div>\n<div class=\"x11i5rnm xat24cr x1mh8g0r x1vvkbs xtlvy1s x126k92a\">\n<div dir=\"auto\">\n<p>Udru\u017eenje \u201eKlara i Rosa\u201c iz Subotice, u saradnji sa udru\u017eenjem \u201eTahles\u201c, odr\u017ealo je prvu radionicu \u201ePoja\u010danja\u201c u Maloj Bosni.<\/p>\n<p>&nbsp;<\/p>\n<p>Udru\u017eenje \u201eKlara i Rosa\u201c je sa \u201ePoja\u010danjem\u201c zapo\u010delo u decembru 2022. godine, kada je odr\u017eana prva od ukupno \u0161est zami\u0161ljenih radionica koje \u0107e se baviti li\u010dnim istra\u017eivanjima, i bazira\u0107e se na iskustvu, ose\u0107anjima, i glasovima \u017eena.<\/p>\n<p>&nbsp;<\/p>\n<\/div>\n<p>Mo\u017eete pro\u010ditati i utiske u\u010desnica, nadamo se da \u0107e vas ohrabriti da nam se pridru\u017eite na narednim radionicama.<\/p>\n<p>&nbsp;<\/p>\n<div class=\"x11i5rnm xat24cr x1mh8g0r x1vvkbs xtlvy1s x126k92a\">\n<div dir=\"auto\">U\u010desnica: &#8222;Jako sam se prijatno ose\u0107ala, kao da se poznajem sa svima 100 godina. Podsetila me je koliko je va\u017eno da volimo sebe prvo.&#8220;<\/div>\n<div dir=\"auto\"><\/div>\n<\/div>\n<div dir=\"auto\"><\/div>\n<div class=\"x11i5rnm xat24cr x1mh8g0r x1vvkbs xtlvy1s x126k92a\">\n<div dir=\"auto\">U\u010desnica: &#8222;U po\u010detku sam se ose\u0107ala nepoverljivo, jer je ovo moja prva radionica ovakve vrste&#8230;ali ubrzo sam se oslobodila, dobila potrebu za otvaranjem, \u0161to je kod mene \u010dudno jer sam pri\u010dala sa ostalima kao da ih znam ceo \u017eivot&#8230;.Radionica je na mene ostavila jak ose\u0107aj slobode, puna sam energije i spremna sam za novu radionicu <span class=\"x3nfvp2 x1j61x8r x1fcty0u xdj266r xhhsvwb xat24cr xgzva0m xxymvpz xlup9mm x1kky2od\"><img decoding=\"async\" src=\"https:\/\/static.xx.fbcdn.net\/images\/emoji.php\/v9\/tea\/1\/16\/1f970.png\" alt=\"\ud83e\udd70\" width=\"16\" height=\"16\" \/><\/span>&#8222;<\/div>\n<div dir=\"auto\"><\/div>\n<\/div>\n<div dir=\"auto\"><\/div>\n<div class=\"x11i5rnm xat24cr x1mh8g0r x1vvkbs xtlvy1s x126k92a\">\n<div dir=\"auto\">U\u010desnica: &#8222;Neverovatno! Ni blizu onoga \u0161to sam mislila da \u0107e biti. Lepo ka\u017eu: nemoj tra\u017eiti odgovore u drugom&#8230;odgovor je u tebi! Kada bolje razmislim preispitivanje samog sebe je uvek bilo te\u0161ko&#8230;do sada! Sada je druga pri\u010da.&#8220;<\/div>\n<div dir=\"auto\"><\/div>\n<\/div>\n<div dir=\"auto\"><\/div>\n<div class=\"x11i5rnm xat24cr x1mh8g0r x1vvkbs xtlvy1s x126k92a\">\n<div dir=\"auto\">U\u010desnica: &#8222;Na radionici sam se ose\u0107ala kreativno i<\/div>\n<div dir=\"auto\">radoznalo. Nisam bila svesna da mogu da pomeram svoje granice, puna sam pozitivnih utisaka.&#8220;<\/div>\n<div dir=\"auto\"><\/div>\n<\/div>\n<\/div>\n<div class=\"x11i5rnm xat24cr x1mh8g0r x1vvkbs xtlvy1s x126k92a\">\n<p>Druga po redu radionica, odr\u017ea\u0107e se 21. januara od 11 \u010dasova u novom prostoru udru\u017eenja \u201eKlara i Rosa\u201c, na adresi Petefi \u0160andora 15 u Subotici. U\u010de\u0161\u0107e je besplatno.<\/p>\n<\/div>\n<div  id=\"jtg-18998\" class=\"modula modula-gallery modula-creative-gallery\" data-config=\"{&quot;height&quot;:800,&quot;tabletHeight&quot;:800,&quot;mobileHeight&quot;:800,&quot;desktopHeight&quot;:800,&quot;enableTwitter&quot;:false,&quot;enableWhatsapp&quot;:false,&quot;enableFacebook&quot;:false,&quot;enablePinterest&quot;:false,&quot;enableLinkedin&quot;:false,&quot;enableEmail&quot;:false,&quot;randomFactor&quot;:0.5,&quot;type&quot;:&quot;creative-gallery&quot;,&quot;columns&quot;:12,&quot;gutter&quot;:10,&quot;mobileGutter&quot;:10,&quot;tabletGutter&quot;:10,&quot;desktopGutter&quot;:10,&quot;enableResponsive&quot;:&quot;0&quot;,&quot;tabletColumns&quot;:&quot;2&quot;,&quot;mobileColumns&quot;:&quot;1&quot;,&quot;lazyLoad&quot;:0,&quot;lightboxOpts&quot;:{&quot;animated&quot;:true,&quot;Thumbs&quot;:{&quot;type&quot;:&quot;modern&quot;,&quot;showOnStart&quot;:false},&quot;Toolbar&quot;:{&quot;display&quot;:{&quot;right&quot;:[&quot;close&quot;]},&quot;enabled&quot;:true},&quot;Carousel&quot;:{&quot;Panzoom&quot;:{&quot;touch&quot;:true},&quot;infinite&quot;:false},&quot;keyboard&quot;:{&quot;Escape&quot;:&quot;close&quot;,&quot;Delete&quot;:&quot;close&quot;,&quot;Backspace&quot;:&quot;close&quot;,&quot;PageUp&quot;:false,&quot;PageDown&quot;:false,&quot;ArrowUp&quot;:false,&quot;ArrowDown&quot;:false,&quot;ArrowRight&quot;:false,&quot;ArrowLeft&quot;:false},&quot;touch&quot;:false,&quot;backdropClick&quot;:false,&quot;l10n&quot;:{&quot;CLOSE&quot;:&quot;Close&quot;,&quot;NEXT&quot;:&quot;Next&quot;,&quot;PREV&quot;:&quot;Previous&quot;,&quot;Error&quot;:&quot;The requested content cannot be loaded. Please try again later.&quot;,&quot;PLAY_START&quot;:&quot;Start slideshow&quot;,&quot;PLAY_STOP&quot;:&quot;Pause slideshow&quot;,&quot;FULL_SCREEN&quot;:&quot;Full screen&quot;,&quot;THUMBS&quot;:&quot;Thumbnails&quot;,&quot;DOWNLOAD&quot;:&quot;Download&quot;,&quot;SHARE&quot;:&quot;Share&quot;,&quot;ZOOM&quot;:&quot;Zoom&quot;,&quot;EMAIL&quot;:&quot;Here is the link to the image : %%image_link%% and this is the link to the gallery : %%gallery_link%%&quot;,&quot;MODAL&quot;:&quot;You can close this modal content with the ESC key&quot;,&quot;ERROR&quot;:&quot;Something Went Wrong, Please Try Again Later&quot;,&quot;IMAGE_ERROR&quot;:&quot;Image Not Found&quot;,&quot;ELEMENT_NOT_FOUND&quot;:&quot;HTML Element Not Found&quot;,&quot;AJAX_NOT_FOUND&quot;:&quot;Error Loading AJAX : Not Found&quot;,&quot;AJAX_FORBIDDEN&quot;:&quot;Error Loading AJAX : Forbidden&quot;,&quot;IFRAME_ERROR&quot;:&quot;Error Loading Page&quot;,&quot;TOGGLE_ZOOM&quot;:&quot;Toggle zoom level&quot;,&quot;TOGGLE_THUMBS&quot;:&quot;Toggle thumbnails&quot;,&quot;TOGGLE_SLIDESHOW&quot;:&quot;Toggle slideshow&quot;,&quot;TOGGLE_FULLSCREEN&quot;:&quot;Toggle full-screen mode&quot;},&quot;Images&quot;:{&quot;Panzoom&quot;:{&quot;maxScale&quot;:2}},&quot;mainClass&quot;:&quot;modula-fancybox-container modula-lightbox-jtg-18998&quot;,&quot;Html&quot;:{&quot;videoAutoplay&quot;:0,&quot;videoTpl&quot;:&quot;&lt;video class=\\&quot;fancybox__html5video\\&quot; controls muted playsinline controlsList controlsList=\\&quot;nodownload\\&quot; poster=\\&quot;{{poster}}\\&quot; src=\\&quot;{{src}}\\&quot; type=\\&quot;{{format}}\\&quot; &gt;  Sorry, your browser doesn&#039;t support embedded videos, &lt;a href=\\&quot;{{src}}\\&quot;&gt; download &lt;\\\/a&gt; and watch with your favorite video player! &lt;\\\/video&gt;&quot;}},&quot;inView&quot;:false,&quot;email_subject&quot;:&quot;Check out this awesome image !!&quot;,&quot;email_message&quot;:&quot;Here is the link to the image : %%image_link%% and this is the link to the gallery : %%gallery_link%%&quot;,&quot;lightbox&quot;:&quot;fancybox&quot;}\">\n\n\t\n\t<div  class=\"modula-items\">\n\t\t<div class=\"modula-item effect-pufrobo\" >\n\t<div class=\"modula-item-overlay\"><\/div>\n\n\t<div class=\"modula-item-content\">\n\n\t\t<a data-image-id=\"18993\" role=\"button\" data-elementor-open-lightbox=\"no\" tabindex=\"0\" rel=\"jtg-18998\" data-caption=\"\" aria-label=\"Open image in lightbox\" class=\"tile-inner modula-item-link\"><\/a><img fetchpriority=\"high\" decoding=\"async\" class=\"pic wp-image-18993\"  data-valign=\"middle\" data-halign=\"center\" alt=\"\" data-full=\"https:\/\/www.klarairosa.com\/wp-content\/uploads\/2023\/01\/IMG-4dc75fe5a481a471a7d6fed50c55b869-V-1.jpg\" title=\"IMG-4dc75fe5a481a471a7d6fed50c55b869-V\" crop=\"\" width=\"300\" height=\"176\" src=\"https:\/\/www.klarairosa.com\/wp-content\/uploads\/2023\/01\/IMG-4dc75fe5a481a471a7d6fed50c55b869-V-1-300x176.jpg\" data-src=\"https:\/\/www.klarairosa.com\/wp-content\/uploads\/2023\/01\/IMG-4dc75fe5a481a471a7d6fed50c55b869-V-1-300x176.jpg\" data-caption=\"\" srcset=\"https:\/\/www.klarairosa.com\/wp-content\/uploads\/2023\/01\/IMG-4dc75fe5a481a471a7d6fed50c55b869-V-1.jpg 1208w, https:\/\/www.klarairosa.com\/wp-content\/uploads\/2023\/01\/IMG-4dc75fe5a481a471a7d6fed50c55b869-V-1-300x176.jpg 300w, https:\/\/www.klarairosa.com\/wp-content\/uploads\/2023\/01\/IMG-4dc75fe5a481a471a7d6fed50c55b869-V-1-1024x599.jpg 1024w, https:\/\/www.klarairosa.com\/wp-content\/uploads\/2023\/01\/IMG-4dc75fe5a481a471a7d6fed50c55b869-V-1-768x449.jpg 768w, https:\/\/www.klarairosa.com\/wp-content\/uploads\/2023\/01\/IMG-4dc75fe5a481a471a7d6fed50c55b869-V-1-700x410.jpg 700w\" sizes=\"(max-width: 300px) 100vw, 300px\" \/>\n\t\t<div class=\"figc no-description\">\n\t\t\t<div class=\"figc-inner\">\n\t\t\t\t\t\t\t\t\t\t\t\t\t\t\t<\/div>\n\t\t<\/div>\n\n\t<\/div>\n\n<\/div><div class=\"modula-item effect-pufrobo\" >\n\t<div class=\"modula-item-overlay\"><\/div>\n\n\t<div class=\"modula-item-content\">\n\n\t\t<a data-image-id=\"19000\" role=\"button\" data-elementor-open-lightbox=\"no\" tabindex=\"0\" rel=\"jtg-18998\" data-caption=\"\" aria-label=\"Open image in lightbox\" class=\"tile-inner modula-item-link\"><\/a><img decoding=\"async\" class=\"pic wp-image-19000\"  data-valign=\"middle\" data-halign=\"center\" alt=\"\" data-full=\"https:\/\/www.klarairosa.com\/wp-content\/uploads\/2023\/01\/4malabosna.jpg\" title=\"4malabosna\" crop=\"\" width=\"300\" height=\"225\" src=\"https:\/\/www.klarairosa.com\/wp-content\/uploads\/2023\/01\/4malabosna-300x225.jpg\" data-src=\"https:\/\/www.klarairosa.com\/wp-content\/uploads\/2023\/01\/4malabosna-300x225.jpg\" data-caption=\"\" srcset=\"https:\/\/www.klarairosa.com\/wp-content\/uploads\/2023\/01\/4malabosna.jpg 1024w, https:\/\/www.klarairosa.com\/wp-content\/uploads\/2023\/01\/4malabosna-300x225.jpg 300w, https:\/\/www.klarairosa.com\/wp-content\/uploads\/2023\/01\/4malabosna-768x576.jpg 768w, https:\/\/www.klarairosa.com\/wp-content\/uploads\/2023\/01\/4malabosna-800x600.jpg 800w, https:\/\/www.klarairosa.com\/wp-content\/uploads\/2023\/01\/4malabosna-700x525.jpg 700w\" sizes=\"(max-width: 300px) 100vw, 300px\" \/>\n\t\t<div class=\"figc no-description\">\n\t\t\t<div class=\"figc-inner\">\n\t\t\t\t\t\t\t\t\t\t\t\t\t\t\t<\/div>\n\t\t<\/div>\n\n\t<\/div>\n\n<\/div><div class=\"modula-item effect-pufrobo\" >\n\t<div class=\"modula-item-overlay\"><\/div>\n\n\t<div class=\"modula-item-content\">\n\n\t\t<a data-image-id=\"19001\" role=\"button\" data-elementor-open-lightbox=\"no\" tabindex=\"0\" rel=\"jtg-18998\" data-caption=\"\" aria-label=\"Open image in lightbox\" class=\"tile-inner modula-item-link\"><\/a><img loading=\"lazy\" decoding=\"async\" class=\"pic wp-image-19001\"  data-valign=\"middle\" data-halign=\"center\" alt=\"\" data-full=\"https:\/\/www.klarairosa.com\/wp-content\/uploads\/2023\/01\/5malabosna.jpg\" title=\"5malabosna\" crop=\"\" width=\"300\" height=\"225\" src=\"https:\/\/www.klarairosa.com\/wp-content\/uploads\/2023\/01\/5malabosna-300x225.jpg\" data-src=\"https:\/\/www.klarairosa.com\/wp-content\/uploads\/2023\/01\/5malabosna-300x225.jpg\" data-caption=\"\" srcset=\"https:\/\/www.klarairosa.com\/wp-content\/uploads\/2023\/01\/5malabosna.jpg 1024w, https:\/\/www.klarairosa.com\/wp-content\/uploads\/2023\/01\/5malabosna-300x225.jpg 300w, https:\/\/www.klarairosa.com\/wp-content\/uploads\/2023\/01\/5malabosna-768x576.jpg 768w, https:\/\/www.klarairosa.com\/wp-content\/uploads\/2023\/01\/5malabosna-800x600.jpg 800w, https:\/\/www.klarairosa.com\/wp-content\/uploads\/2023\/01\/5malabosna-700x525.jpg 700w\" sizes=\"(max-width: 300px) 100vw, 300px\" \/>\n\t\t<div class=\"figc no-description\">\n\t\t\t<div class=\"figc-inner\">\n\t\t\t\t\t\t\t\t\t\t\t\t\t\t\t<\/div>\n\t\t<\/div>\n\n\t<\/div>\n\n<\/div><div class=\"modula-item effect-pufrobo\" >\n\t<div class=\"modula-item-overlay\"><\/div>\n\n\t<div class=\"modula-item-content\">\n\n\t\t<a data-image-id=\"19002\" role=\"button\" data-elementor-open-lightbox=\"no\" tabindex=\"0\" rel=\"jtg-18998\" data-caption=\"\" aria-label=\"Open image in lightbox\" class=\"tile-inner modula-item-link\"><\/a><img loading=\"lazy\" decoding=\"async\" class=\"pic wp-image-19002\"  data-valign=\"middle\" data-halign=\"center\" alt=\"\" data-full=\"https:\/\/www.klarairosa.com\/wp-content\/uploads\/2023\/01\/7malabosna.jpg\" title=\"7malabosna\" crop=\"\" width=\"300\" height=\"161\" src=\"https:\/\/www.klarairosa.com\/wp-content\/uploads\/2023\/01\/7malabosna-300x161.jpg\" data-src=\"https:\/\/www.klarairosa.com\/wp-content\/uploads\/2023\/01\/7malabosna-300x161.jpg\" data-caption=\"\" srcset=\"https:\/\/www.klarairosa.com\/wp-content\/uploads\/2023\/01\/7malabosna.jpg 1024w, https:\/\/www.klarairosa.com\/wp-content\/uploads\/2023\/01\/7malabosna-300x161.jpg 300w, https:\/\/www.klarairosa.com\/wp-content\/uploads\/2023\/01\/7malabosna-768x413.jpg 768w, https:\/\/www.klarairosa.com\/wp-content\/uploads\/2023\/01\/7malabosna-700x377.jpg 700w\" sizes=\"(max-width: 300px) 100vw, 300px\" \/>\n\t\t<div class=\"figc no-description\">\n\t\t\t<div class=\"figc-inner\">\n\t\t\t\t\t\t\t\t\t\t\t\t\t\t\t<\/div>\n\t\t<\/div>\n\n\t<\/div>\n\n<\/div><div class=\"modula-item effect-pufrobo\" >\n\t<div class=\"modula-item-overlay\"><\/div>\n\n\t<div class=\"modula-item-content\">\n\n\t\t<a data-image-id=\"19003\" role=\"button\" data-elementor-open-lightbox=\"no\" tabindex=\"0\" rel=\"jtg-18998\" data-caption=\"\" aria-label=\"Open image in lightbox\" class=\"tile-inner modula-item-link\"><\/a><img loading=\"lazy\" decoding=\"async\" class=\"pic wp-image-19003\"  data-valign=\"middle\" data-halign=\"center\" alt=\"\" data-full=\"https:\/\/www.klarairosa.com\/wp-content\/uploads\/2023\/01\/8malabosna.jpg\" title=\"8malabosna\" crop=\"\" width=\"300\" height=\"135\" src=\"https:\/\/www.klarairosa.com\/wp-content\/uploads\/2023\/01\/8malabosna-300x135.jpg\" data-src=\"https:\/\/www.klarairosa.com\/wp-content\/uploads\/2023\/01\/8malabosna-300x135.jpg\" data-caption=\"\" srcset=\"https:\/\/www.klarairosa.com\/wp-content\/uploads\/2023\/01\/8malabosna.jpg 1024w, https:\/\/www.klarairosa.com\/wp-content\/uploads\/2023\/01\/8malabosna-300x135.jpg 300w, https:\/\/www.klarairosa.com\/wp-content\/uploads\/2023\/01\/8malabosna-768x346.jpg 768w, https:\/\/www.klarairosa.com\/wp-content\/uploads\/2023\/01\/8malabosna-700x315.jpg 700w\" sizes=\"(max-width: 300px) 100vw, 300px\" \/>\n\t\t<div class=\"figc no-description\">\n\t\t\t<div class=\"figc-inner\">\n\t\t\t\t\t\t\t\t\t\t\t\t\t\t\t<\/div>\n\t\t<\/div>\n\n\t<\/div>\n\n<\/div><div class=\"modula-item effect-pufrobo\" >\n\t<div class=\"modula-item-overlay\"><\/div>\n\n\t<div class=\"modula-item-content\">\n\n\t\t<a data-image-id=\"19004\" role=\"button\" data-elementor-open-lightbox=\"no\" tabindex=\"0\" rel=\"jtg-18998\" data-caption=\"\" aria-label=\"Open image in lightbox\" class=\"tile-inner modula-item-link\"><\/a><img loading=\"lazy\" decoding=\"async\" class=\"pic wp-image-19004\"  data-valign=\"middle\" data-halign=\"center\" alt=\"\" data-full=\"https:\/\/www.klarairosa.com\/wp-content\/uploads\/2023\/01\/14malabosna.jpg\" title=\"14malabosna\" crop=\"\" width=\"300\" height=\"134\" src=\"https:\/\/www.klarairosa.com\/wp-content\/uploads\/2023\/01\/14malabosna-300x134.jpg\" data-src=\"https:\/\/www.klarairosa.com\/wp-content\/uploads\/2023\/01\/14malabosna-300x134.jpg\" data-caption=\"\" srcset=\"https:\/\/www.klarairosa.com\/wp-content\/uploads\/2023\/01\/14malabosna.jpg 1024w, https:\/\/www.klarairosa.com\/wp-content\/uploads\/2023\/01\/14malabosna-300x134.jpg 300w, https:\/\/www.klarairosa.com\/wp-content\/uploads\/2023\/01\/14malabosna-768x344.jpg 768w, https:\/\/www.klarairosa.com\/wp-content\/uploads\/2023\/01\/14malabosna-700x313.jpg 700w\" sizes=\"(max-width: 300px) 100vw, 300px\" \/>\n\t\t<div class=\"figc no-description\">\n\t\t\t<div class=\"figc-inner\">\n\t\t\t\t\t\t\t\t\t\t\t\t\t\t\t<\/div>\n\t\t<\/div>\n\n\t<\/div>\n\n<\/div>\t\t\n\t<\/div>\n\n\t\n\t\n\t<script type=\"application\/ld+json\">\n\t{\n\t\t\"@context\": \"http:\/\/schema.org\",\n\t\t\"@type\"   : \"ImageGallery\",\n\t\t\"id\"      : \"https:\/\/www.klarairosa.com\/en\/pojacanje-u-maloj-bosni\/\",\n\t\t\"url\"     : \"https:\/\/www.klarairosa.com\/en\/pojacanje-u-maloj-bosni\/\"\n\t}\n\n\t<\/script>\n\n\t\n<\/div>\n\n","protected":false},"excerpt":{"rendered":"<p>Udru\u017eenje \u201eKlara i Rosa\u201c iz Subotice, u saradnji sa udru\u017eenjem \u201eTahles\u201c, odr\u017ealo je prvu radionicu&#8230;<\/p>","protected":false},"author":1,"featured_media":19006,"comment_status":"closed","ping_status":"closed","sticky":false,"template":"","format":"standard","meta":{"content-type":"","inline_featured_image":false,"footnotes":""},"categories":[109,149],"tags":[],"class_list":["post-18980","post","type-post","status-publish","format-standard","has-post-thumbnail","hentry","category-aktuelno","category-pojacanje"],"yoast_head":"<!-- This site is optimized with the Yoast SEO plugin v27.5 - https:\/\/yoast.com\/product\/yoast-seo-wordpress\/ -->\n<title>Poja\u010danje u Maloj Bosni - Klara i Rosa<\/title>\n<meta name=\"robots\" content=\"index, follow, max-snippet:-1, max-image-preview:large, max-video-preview:-1\" \/>\n<link rel=\"canonical\" href=\"https:\/\/www.klarairosa.com\/en\/pojacanje-u-maloj-bosni\/\" \/>\n<meta property=\"og:locale\" content=\"en_GB\" \/>\n<meta property=\"og:type\" content=\"article\" \/>\n<meta property=\"og:title\" content=\"Poja\u010danje u Maloj Bosni - Klara i Rosa\" \/>\n<meta property=\"og:description\" content=\"Udru\u017eenje \u201eKlara i Rosa\u201c iz Subotice, u saradnji sa udru\u017eenjem \u201eTahles\u201c, odr\u017ealo je prvu radionicu...\" \/>\n<meta property=\"og:url\" content=\"https:\/\/www.klarairosa.com\/en\/pojacanje-u-maloj-bosni\/\" \/>\n<meta property=\"og:site_name\" content=\"Klara i Rosa\" \/>\n<meta property=\"article:publisher\" content=\"https:\/\/www.facebook.com\/klarairosa\/\" \/>\n<meta property=\"article:published_time\" content=\"2023-01-19T10:14:03+00:00\" \/>\n<meta property=\"article:modified_time\" content=\"2023-04-15T13:19:55+00:00\" \/>\n<meta property=\"og:image\" content=\"https:\/\/www.klarairosa.com\/wp-content\/uploads\/2023\/01\/POJACANJE-1-1-e1674211219771.png\" \/>\n\t<meta property=\"og:image:width\" content=\"745\" \/>\n\t<meta property=\"og:image:height\" content=\"567\" \/>\n\t<meta property=\"og:image:type\" content=\"image\/png\" \/>\n<meta name=\"author\" content=\"Klara i Rosa\" \/>\n<meta name=\"twitter:card\" content=\"summary_large_image\" \/>\n<meta name=\"twitter:label1\" content=\"Written by\" \/>\n\t<meta name=\"twitter:data1\" content=\"Klara i Rosa\" \/>\n\t<meta name=\"twitter:label2\" content=\"Estimated reading time\" \/>\n\t<meta name=\"twitter:data2\" content=\"1 minute\" \/>\n<script type=\"application\/ld+json\" class=\"yoast-schema-graph\">{\"@context\":\"https:\\\/\\\/schema.org\",\"@graph\":[{\"@type\":\"Article\",\"@id\":\"https:\\\/\\\/www.klarairosa.com\\\/pojacanje-u-maloj-bosni\\\/#article\",\"isPartOf\":{\"@id\":\"https:\\\/\\\/www.klarairosa.com\\\/pojacanje-u-maloj-bosni\\\/\"},\"author\":{\"name\":\"Klara i Rosa\",\"@id\":\"https:\\\/\\\/www.klarairosa.com\\\/en\\\/#\\\/schema\\\/person\\\/e4e7e9e5c8eeeddccf61e4532ae8e6ed\"},\"headline\":\"Poja\u010danje u Maloj Bosni\",\"datePublished\":\"2023-01-19T10:14:03+00:00\",\"dateModified\":\"2023-04-15T13:19:55+00:00\",\"mainEntityOfPage\":{\"@id\":\"https:\\\/\\\/www.klarairosa.com\\\/pojacanje-u-maloj-bosni\\\/\"},\"wordCount\":284,\"publisher\":{\"@id\":\"https:\\\/\\\/www.klarairosa.com\\\/en\\\/#organization\"},\"image\":{\"@id\":\"https:\\\/\\\/www.klarairosa.com\\\/pojacanje-u-maloj-bosni\\\/#primaryimage\"},\"thumbnailUrl\":\"https:\\\/\\\/www.klarairosa.com\\\/wp-content\\\/uploads\\\/2023\\\/01\\\/POJACANJE-1-1-e1674211219771.png\",\"articleSection\":[\"Aktuelno\",\"Poja\u010danje\"],\"inLanguage\":\"en-GB\"},{\"@type\":\"WebPage\",\"@id\":\"https:\\\/\\\/www.klarairosa.com\\\/pojacanje-u-maloj-bosni\\\/\",\"url\":\"https:\\\/\\\/www.klarairosa.com\\\/pojacanje-u-maloj-bosni\\\/\",\"name\":\"Poja\u010danje u Maloj Bosni - Klara i Rosa\",\"isPartOf\":{\"@id\":\"https:\\\/\\\/www.klarairosa.com\\\/en\\\/#website\"},\"primaryImageOfPage\":{\"@id\":\"https:\\\/\\\/www.klarairosa.com\\\/pojacanje-u-maloj-bosni\\\/#primaryimage\"},\"image\":{\"@id\":\"https:\\\/\\\/www.klarairosa.com\\\/pojacanje-u-maloj-bosni\\\/#primaryimage\"},\"thumbnailUrl\":\"https:\\\/\\\/www.klarairosa.com\\\/wp-content\\\/uploads\\\/2023\\\/01\\\/POJACANJE-1-1-e1674211219771.png\",\"datePublished\":\"2023-01-19T10:14:03+00:00\",\"dateModified\":\"2023-04-15T13:19:55+00:00\",\"breadcrumb\":{\"@id\":\"https:\\\/\\\/www.klarairosa.com\\\/pojacanje-u-maloj-bosni\\\/#breadcrumb\"},\"inLanguage\":\"en-GB\",\"potentialAction\":[{\"@type\":\"ReadAction\",\"target\":[\"https:\\\/\\\/www.klarairosa.com\\\/pojacanje-u-maloj-bosni\\\/\"]}]},{\"@type\":\"ImageObject\",\"inLanguage\":\"en-GB\",\"@id\":\"https:\\\/\\\/www.klarairosa.com\\\/pojacanje-u-maloj-bosni\\\/#primaryimage\",\"url\":\"https:\\\/\\\/www.klarairosa.com\\\/wp-content\\\/uploads\\\/2023\\\/01\\\/POJACANJE-1-1-e1674211219771.png\",\"contentUrl\":\"https:\\\/\\\/www.klarairosa.com\\\/wp-content\\\/uploads\\\/2023\\\/01\\\/POJACANJE-1-1-e1674211219771.png\",\"width\":745,\"height\":567},{\"@type\":\"BreadcrumbList\",\"@id\":\"https:\\\/\\\/www.klarairosa.com\\\/pojacanje-u-maloj-bosni\\\/#breadcrumb\",\"itemListElement\":[{\"@type\":\"ListItem\",\"position\":1,\"name\":\"Home\",\"item\":\"https:\\\/\\\/www.klarairosa.com\\\/\"},{\"@type\":\"ListItem\",\"position\":2,\"name\":\"Poja\u010danje u Maloj Bosni\"}]},{\"@type\":\"WebSite\",\"@id\":\"https:\\\/\\\/www.klarairosa.com\\\/en\\\/#website\",\"url\":\"https:\\\/\\\/www.klarairosa.com\\\/en\\\/\",\"name\":\"Klara i Rosa\",\"description\":\"Klara i Rosa\",\"publisher\":{\"@id\":\"https:\\\/\\\/www.klarairosa.com\\\/en\\\/#organization\"},\"potentialAction\":[{\"@type\":\"SearchAction\",\"target\":{\"@type\":\"EntryPoint\",\"urlTemplate\":\"https:\\\/\\\/www.klarairosa.com\\\/en\\\/?s={search_term_string}\"},\"query-input\":{\"@type\":\"PropertyValueSpecification\",\"valueRequired\":true,\"valueName\":\"search_term_string\"}}],\"inLanguage\":\"en-GB\"},{\"@type\":\"Organization\",\"@id\":\"https:\\\/\\\/www.klarairosa.com\\\/en\\\/#organization\",\"name\":\"Klara i Rosa\",\"url\":\"https:\\\/\\\/www.klarairosa.com\\\/en\\\/\",\"logo\":{\"@type\":\"ImageObject\",\"inLanguage\":\"en-GB\",\"@id\":\"https:\\\/\\\/www.klarairosa.com\\\/en\\\/#\\\/schema\\\/logo\\\/image\\\/\",\"url\":\"https:\\\/\\\/www.klarairosa.com\\\/wp-content\\\/uploads\\\/2022\\\/01\\\/logo.svg\",\"contentUrl\":\"https:\\\/\\\/www.klarairosa.com\\\/wp-content\\\/uploads\\\/2022\\\/01\\\/logo.svg\",\"width\":110,\"height\":139,\"caption\":\"Klara i Rosa\"},\"image\":{\"@id\":\"https:\\\/\\\/www.klarairosa.com\\\/en\\\/#\\\/schema\\\/logo\\\/image\\\/\"},\"sameAs\":[\"https:\\\/\\\/www.facebook.com\\\/klarairosa\\\/\",\"https:\\\/\\\/www.instagram.com\\\/ugklarairosa\\\/\"]},{\"@type\":\"Person\",\"@id\":\"https:\\\/\\\/www.klarairosa.com\\\/en\\\/#\\\/schema\\\/person\\\/e4e7e9e5c8eeeddccf61e4532ae8e6ed\",\"name\":\"Klara i Rosa\",\"image\":{\"@type\":\"ImageObject\",\"inLanguage\":\"en-GB\",\"@id\":\"https:\\\/\\\/secure.gravatar.com\\\/avatar\\\/c83ee539a067b9f57ae5d8999ae286c4f98b5c4bd943b8cbb64f6b0fc1f29e40?s=96&d=mm&r=g\",\"url\":\"https:\\\/\\\/secure.gravatar.com\\\/avatar\\\/c83ee539a067b9f57ae5d8999ae286c4f98b5c4bd943b8cbb64f6b0fc1f29e40?s=96&d=mm&r=g\",\"contentUrl\":\"https:\\\/\\\/secure.gravatar.com\\\/avatar\\\/c83ee539a067b9f57ae5d8999ae286c4f98b5c4bd943b8cbb64f6b0fc1f29e40?s=96&d=mm&r=g\",\"caption\":\"Klara i Rosa\"},\"sameAs\":[\"https:\\\/\\\/klarairosa.com\"],\"url\":\"https:\\\/\\\/www.klarairosa.com\\\/en\\\/author\\\/rosaiklara\\\/\"}]}<\/script>\n<!-- \/ Yoast SEO plugin. -->","yoast_head_json":{"title":"Poja\u010danje u Maloj Bosni - Klara i Rosa","robots":{"index":"index","follow":"follow","max-snippet":"max-snippet:-1","max-image-preview":"max-image-preview:large","max-video-preview":"max-video-preview:-1"},"canonical":"https:\/\/www.klarairosa.com\/en\/pojacanje-u-maloj-bosni\/","og_locale":"en_GB","og_type":"article","og_title":"Poja\u010danje u Maloj Bosni - Klara i Rosa","og_description":"Udru\u017eenje \u201eKlara i Rosa\u201c iz Subotice, u saradnji sa udru\u017eenjem \u201eTahles\u201c, odr\u017ealo je prvu radionicu...","og_url":"https:\/\/www.klarairosa.com\/en\/pojacanje-u-maloj-bosni\/","og_site_name":"Klara i Rosa","article_publisher":"https:\/\/www.facebook.com\/klarairosa\/","article_published_time":"2023-01-19T10:14:03+00:00","article_modified_time":"2023-04-15T13:19:55+00:00","og_image":[{"width":745,"height":567,"url":"https:\/\/www.klarairosa.com\/wp-content\/uploads\/2023\/01\/POJACANJE-1-1-e1674211219771.png","type":"image\/png"}],"author":"Klara i Rosa","twitter_card":"summary_large_image","twitter_misc":{"Written by":"Klara i Rosa","Estimated reading time":"1 minute"},"schema":{"@context":"https:\/\/schema.org","@graph":[{"@type":"Article","@id":"https:\/\/www.klarairosa.com\/pojacanje-u-maloj-bosni\/#article","isPartOf":{"@id":"https:\/\/www.klarairosa.com\/pojacanje-u-maloj-bosni\/"},"author":{"name":"Klara i Rosa","@id":"https:\/\/www.klarairosa.com\/en\/#\/schema\/person\/e4e7e9e5c8eeeddccf61e4532ae8e6ed"},"headline":"Poja\u010danje u Maloj Bosni","datePublished":"2023-01-19T10:14:03+00:00","dateModified":"2023-04-15T13:19:55+00:00","mainEntityOfPage":{"@id":"https:\/\/www.klarairosa.com\/pojacanje-u-maloj-bosni\/"},"wordCount":284,"publisher":{"@id":"https:\/\/www.klarairosa.com\/en\/#organization"},"image":{"@id":"https:\/\/www.klarairosa.com\/pojacanje-u-maloj-bosni\/#primaryimage"},"thumbnailUrl":"https:\/\/www.klarairosa.com\/wp-content\/uploads\/2023\/01\/POJACANJE-1-1-e1674211219771.png","articleSection":["Aktuelno","Poja\u010danje"],"inLanguage":"en-GB"},{"@type":"WebPage","@id":"https:\/\/www.klarairosa.com\/pojacanje-u-maloj-bosni\/","url":"https:\/\/www.klarairosa.com\/pojacanje-u-maloj-bosni\/","name":"Poja\u010danje u Maloj Bosni - Klara i Rosa","isPartOf":{"@id":"https:\/\/www.klarairosa.com\/en\/#website"},"primaryImageOfPage":{"@id":"https:\/\/www.klarairosa.com\/pojacanje-u-maloj-bosni\/#primaryimage"},"image":{"@id":"https:\/\/www.klarairosa.com\/pojacanje-u-maloj-bosni\/#primaryimage"},"thumbnailUrl":"https:\/\/www.klarairosa.com\/wp-content\/uploads\/2023\/01\/POJACANJE-1-1-e1674211219771.png","datePublished":"2023-01-19T10:14:03+00:00","dateModified":"2023-04-15T13:19:55+00:00","breadcrumb":{"@id":"https:\/\/www.klarairosa.com\/pojacanje-u-maloj-bosni\/#breadcrumb"},"inLanguage":"en-GB","potentialAction":[{"@type":"ReadAction","target":["https:\/\/www.klarairosa.com\/pojacanje-u-maloj-bosni\/"]}]},{"@type":"ImageObject","inLanguage":"en-GB","@id":"https:\/\/www.klarairosa.com\/pojacanje-u-maloj-bosni\/#primaryimage","url":"https:\/\/www.klarairosa.com\/wp-content\/uploads\/2023\/01\/POJACANJE-1-1-e1674211219771.png","contentUrl":"https:\/\/www.klarairosa.com\/wp-content\/uploads\/2023\/01\/POJACANJE-1-1-e1674211219771.png","width":745,"height":567},{"@type":"BreadcrumbList","@id":"https:\/\/www.klarairosa.com\/pojacanje-u-maloj-bosni\/#breadcrumb","itemListElement":[{"@type":"ListItem","position":1,"name":"Home","item":"https:\/\/www.klarairosa.com\/"},{"@type":"ListItem","position":2,"name":"Poja\u010danje u Maloj Bosni"}]},{"@type":"WebSite","@id":"https:\/\/www.klarairosa.com\/en\/#website","url":"https:\/\/www.klarairosa.com\/en\/","name":"Klara i Rosa","description":"Klara i Rosa","publisher":{"@id":"https:\/\/www.klarairosa.com\/en\/#organization"},"potentialAction":[{"@type":"SearchAction","target":{"@type":"EntryPoint","urlTemplate":"https:\/\/www.klarairosa.com\/en\/?s={search_term_string}"},"query-input":{"@type":"PropertyValueSpecification","valueRequired":true,"valueName":"search_term_string"}}],"inLanguage":"en-GB"},{"@type":"Organization","@id":"https:\/\/www.klarairosa.com\/en\/#organization","name":"Klara i Rosa","url":"https:\/\/www.klarairosa.com\/en\/","logo":{"@type":"ImageObject","inLanguage":"en-GB","@id":"https:\/\/www.klarairosa.com\/en\/#\/schema\/logo\/image\/","url":"https:\/\/www.klarairosa.com\/wp-content\/uploads\/2022\/01\/logo.svg","contentUrl":"https:\/\/www.klarairosa.com\/wp-content\/uploads\/2022\/01\/logo.svg","width":110,"height":139,"caption":"Klara i Rosa"},"image":{"@id":"https:\/\/www.klarairosa.com\/en\/#\/schema\/logo\/image\/"},"sameAs":["https:\/\/www.facebook.com\/klarairosa\/","https:\/\/www.instagram.com\/ugklarairosa\/"]},{"@type":"Person","@id":"https:\/\/www.klarairosa.com\/en\/#\/schema\/person\/e4e7e9e5c8eeeddccf61e4532ae8e6ed","name":"Klara i Rosa","image":{"@type":"ImageObject","inLanguage":"en-GB","@id":"https:\/\/secure.gravatar.com\/avatar\/c83ee539a067b9f57ae5d8999ae286c4f98b5c4bd943b8cbb64f6b0fc1f29e40?s=96&d=mm&r=g","url":"https:\/\/secure.gravatar.com\/avatar\/c83ee539a067b9f57ae5d8999ae286c4f98b5c4bd943b8cbb64f6b0fc1f29e40?s=96&d=mm&r=g","contentUrl":"https:\/\/secure.gravatar.com\/avatar\/c83ee539a067b9f57ae5d8999ae286c4f98b5c4bd943b8cbb64f6b0fc1f29e40?s=96&d=mm&r=g","caption":"Klara i Rosa"},"sameAs":["https:\/\/klarairosa.com"],"url":"https:\/\/www.klarairosa.com\/en\/author\/rosaiklara\/"}]}},"_links":{"self":[{"href":"https:\/\/www.klarairosa.com\/en\/wp-json\/wp\/v2\/posts\/18980","targetHints":{"allow":["GET"]}}],"collection":[{"href":"https:\/\/www.klarairosa.com\/en\/wp-json\/wp\/v2\/posts"}],"about":[{"href":"https:\/\/www.klarairosa.com\/en\/wp-json\/wp\/v2\/types\/post"}],"author":[{"embeddable":true,"href":"https:\/\/www.klarairosa.com\/en\/wp-json\/wp\/v2\/users\/1"}],"replies":[{"embeddable":true,"href":"https:\/\/www.klarairosa.com\/en\/wp-json\/wp\/v2\/comments?post=18980"}],"version-history":[{"count":11,"href":"https:\/\/www.klarairosa.com\/en\/wp-json\/wp\/v2\/posts\/18980\/revisions"}],"predecessor-version":[{"id":19009,"href":"https:\/\/www.klarairosa.com\/en\/wp-json\/wp\/v2\/posts\/18980\/revisions\/19009"}],"wp:featuredmedia":[{"embeddable":true,"href":"https:\/\/www.klarairosa.com\/en\/wp-json\/wp\/v2\/media\/19006"}],"wp:attachment":[{"href":"https:\/\/www.klarairosa.com\/en\/wp-json\/wp\/v2\/media?parent=18980"}],"wp:term":[{"taxonomy":"category","embeddable":true,"href":"https:\/\/www.klarairosa.com\/en\/wp-json\/wp\/v2\/categories?post=18980"},{"taxonomy":"post_tag","embeddable":true,"href":"https:\/\/www.klarairosa.com\/en\/wp-json\/wp\/v2\/tags?post=18980"}],"curies":[{"name":"wp","href":"https:\/\/api.w.org\/{rel}","templated":true}]}}