{"id":18806,"date":"2022-01-16T12:13:57","date_gmt":"2022-01-16T12:13:57","guid":{"rendered":"https:\/\/www.klarairosa.com\/?p=18806"},"modified":"2022-08-30T12:08:03","modified_gmt":"2022-08-30T12:08:03","slug":"radio-plac-okoharcok-2","status":"publish","type":"post","link":"https:\/\/www.klarairosa.com\/en\/radio-plac-okoharcok-2\/","title":{"rendered":"Radio Plac: \u00d6ko(h)arcok"},"content":{"rendered":"\r\n<div class=\"kvgmc6g5 cxmmr5t8 oygrvhab hcukyx3x c1et5uql ii04i59q\">\r\n<div dir=\"auto\">Karina Na\u0111 razgovara sa gostima o odr\u017eivosti, \u017eivotnoj sredini, buduc\u0301nosti. Kako zami\u0161ljamo budu\u0107nost\u2026 ili kako c\u0301e ljudi opstati\u2026 Kakve su svakodnevne rutine koje radimo za buduc\u0301nost na\u0161e planete i za \u0161ta se borimo? Odgovaramo na pitanje \u201eKako to radite?\u201c.<\/div>\r\n<div dir=\"auto\">.<\/div>\r\n<div dir=\"auto\">Emisija je na ma\u0111arskom jeziku.<\/div>\r\n<div dir=\"auto\">.<\/div>\r\n<div dir=\"auto\">\r\n<p><iframe title=\"\u00d6ko(H)Arcok - Kar\u00e1csony\" width=\"100%\" height=\"120\" src=\"https:\/\/www.mixcloud.com\/widget\/iframe\/?feed=https%3A%2F%2Fwww.mixcloud.com%2Fradioplac%2F%25C3%25B6koharcok-kar%25C3%25A1csony%2F&amp;hide_cover=1\" frameborder=\"0\"><\/iframe><\/p>\r\n<p><iframe title=\"\u00d6ko(H)Arcok - Nagyv\u00e1rosban\" width=\"100%\" height=\"120\" src=\"https:\/\/www.mixcloud.com\/widget\/iframe\/?feed=https%3A%2F%2Fwww.mixcloud.com%2Fradioplac%2F%25C3%25B6koharcok-nagyv%25C3%25A1ros%2F&amp;hide_cover=1\" frameborder=\"0\"><\/iframe><\/p>\r\n<\/div>\r\n<div dir=\"auto\">\r\n<p><iframe title=\"\u00d6ko(H)Arcok- A Sz\u00ednh\u00e1zban\" width=\"100%\" height=\"120\" src=\"https:\/\/www.mixcloud.com\/widget\/iframe\/?feed=https%3A%2F%2Fwww.mixcloud.com%2Fradioplac%2F%25C3%25B6koharcok-a-sz%25C3%25ADnh%25C3%25A1zban%2F&amp;hide_cover=1\" frameborder=\"0\"><\/iframe><\/p>\r\n<\/div>\r\n<div dir=\"auto\">\r\n<p><iframe title=\"\u00d6k\u00f6(H)Arcok - Nagy Babrbara: Esk\u00fcv\u0151\" width=\"100%\" height=\"120\" src=\"https:\/\/www.mixcloud.com\/widget\/iframe\/?feed=https%3A%2F%2Fwww.mixcloud.com%2Fradioplac%2F%25C3%25B6k%25C3%25B6harcok-nagy-babrbara-esk%25C3%25BCv%25C5%2591%2F&amp;hide_cover=1\" frameborder=\"0\"><\/iframe><\/p>\r\n<\/div>\r\n<div dir=\"auto\">\r\n<p><iframe title=\"\u00d6k\u00f6(H)Arcok - A Kertben\" width=\"100%\" height=\"120\" src=\"https:\/\/www.mixcloud.com\/widget\/iframe\/?feed=https%3A%2F%2Fwww.mixcloud.com%2Fradioplac%2F%25C3%25B6k%25C3%25B6harcok-kert%2F&amp;hide_cover=1\" frameborder=\"0\"><\/iframe><\/p>\r\n<\/div>\r\n<div dir=\"auto\">.<\/div>\r\n<\/div>\r\n<div class=\"cxmmr5t8 oygrvhab hcukyx3x c1et5uql o9v6fnle ii04i59q\">\r\n<div dir=\"auto\">\u00a0<\/div>\r\n<\/div>\r\n<div class=\"cxmmr5t8 oygrvhab hcukyx3x c1et5uql o9v6fnle ii04i59q\">\r\n<div dir=\"auto\"><a class=\"oajrlxb2 g5ia77u1 qu0x051f esr5mh6w e9989ue4 r7d6kgcz rq0escxv nhd2j8a9 nc684nl6 p7hjln8o kvgmc6g5 cxmmr5t8 oygrvhab hcukyx3x jb3vyjys rz4wbd8a qt6c0cv9 a8nywdso i1ao9s8h esuyzwwr f1sip0of lzcic4wl gpro0wi8 q66pz984 b1v8xokw\" tabindex=\"0\" role=\"link\" href=\"https:\/\/www.facebook.com\/hashtag\/aktivnezajednice?__eep__=6&amp;__cft__[0]=AZUGAkc4wimovCEw4WQ0Xl-etq3ikifvNs0SnDgn-LxHoHZc9amjqrktVZxwGr1fZLxSv4bMNWFyAecAgXg6qWcWnk4gDBDuc_u--pP_hgyX6V_l3eoqKW4q00EItL44K7K_okgSlJ6nwaKSHbPWwc-P75kBnOYMixTyHW0eEAYW794KVAnQSbFK80WiYoFwe68jpV6NR06MxVWn2fMNdoBL&amp;__tn__=*NK-R\">#AKTIVNEZAJEDNICE<\/a><\/div>\r\n<\/div>\r\n<p>\r\n\r\n<\/p>\r\n<p>&nbsp;<\/p>\r\n<p>&nbsp;<\/p>\r\n<p>\r\n\r\n<\/p>\r\n<figure class=\"wp-block-image\"><img decoding=\"async\" class=\"\" src=\"https:\/\/www.ckplac.org\/wp-content\/uploads\/2022\/03\/logoi-300x37.png\" alt=\"\" width=\"365\" height=\"45\" \/><\/figure>\r\n<p><\/p>","protected":false},"excerpt":{"rendered":"<p>Karina Na\u0111 razgovara sa gostima o odr\u017eivosti, \u017eivotnoj sredini, buduc\u0301nosti. Kako zami\u0161ljamo budu\u0107nost\u2026 ili kako&#8230;<\/p>","protected":false},"author":1,"featured_media":18807,"comment_status":"closed","ping_status":"closed","sticky":false,"template":"","format":"standard","meta":{"content-type":"","inline_featured_image":false,"footnotes":""},"categories":[55,120],"tags":[],"class_list":["post-18806","post","type-post","status-publish","format-standard","has-post-thumbnail","hentry","category-7-83-hz","category-ekologija"],"yoast_head":"<!-- This site is optimized with the Yoast SEO plugin v27.5 - https:\/\/yoast.com\/product\/yoast-seo-wordpress\/ -->\n<title>Radio Plac: \u00d6ko(h)arcok - Klara i Rosa<\/title>\n<meta name=\"robots\" content=\"index, follow, max-snippet:-1, max-image-preview:large, max-video-preview:-1\" \/>\n<link rel=\"canonical\" href=\"https:\/\/www.klarairosa.com\/en\/radio-plac-okoharcok-2\/\" \/>\n<meta property=\"og:locale\" content=\"en_GB\" \/>\n<meta property=\"og:type\" content=\"article\" \/>\n<meta property=\"og:title\" content=\"Radio Plac: \u00d6ko(h)arcok - Klara i Rosa\" \/>\n<meta property=\"og:description\" content=\"Karina Na\u0111 razgovara sa gostima o odr\u017eivosti, \u017eivotnoj sredini, buduc\u0301nosti. Kako zami\u0161ljamo budu\u0107nost\u2026 ili kako...\" \/>\n<meta property=\"og:url\" content=\"https:\/\/www.klarairosa.com\/en\/radio-plac-okoharcok-2\/\" \/>\n<meta property=\"og:site_name\" content=\"Klara i Rosa\" \/>\n<meta property=\"article:publisher\" content=\"https:\/\/www.facebook.com\/klarairosa\/\" \/>\n<meta property=\"article:published_time\" content=\"2022-01-16T12:13:57+00:00\" \/>\n<meta property=\"article:modified_time\" content=\"2022-08-30T12:08:03+00:00\" \/>\n<meta property=\"og:image\" content=\"https:\/\/www.klarairosa.com\/wp-content\/uploads\/2022\/07\/Zold-Sziv-Ikon-Kornyezet-Logo-1-e1657974027693.png\" \/>\n\t<meta property=\"og:image:width\" content=\"500\" \/>\n\t<meta property=\"og:image:height\" content=\"375\" \/>\n\t<meta property=\"og:image:type\" content=\"image\/png\" \/>\n<meta name=\"author\" content=\"Klara i Rosa\" \/>\n<meta name=\"twitter:card\" content=\"summary_large_image\" \/>\n<meta name=\"twitter:label1\" content=\"Written by\" \/>\n\t<meta name=\"twitter:data1\" content=\"Klara i Rosa\" \/>\n\t<meta name=\"twitter:label2\" content=\"Estimated reading time\" \/>\n\t<meta name=\"twitter:data2\" content=\"1 minute\" \/>\n<script type=\"application\/ld+json\" class=\"yoast-schema-graph\">{\"@context\":\"https:\\\/\\\/schema.org\",\"@graph\":[{\"@type\":\"Article\",\"@id\":\"https:\\\/\\\/www.klarairosa.com\\\/radio-plac-okoharcok-2\\\/#article\",\"isPartOf\":{\"@id\":\"https:\\\/\\\/www.klarairosa.com\\\/radio-plac-okoharcok-2\\\/\"},\"author\":{\"name\":\"Klara i Rosa\",\"@id\":\"https:\\\/\\\/www.klarairosa.com\\\/en\\\/#\\\/schema\\\/person\\\/e4e7e9e5c8eeeddccf61e4532ae8e6ed\"},\"headline\":\"Radio Plac: \u00d6ko(h)arcok\",\"datePublished\":\"2022-01-16T12:13:57+00:00\",\"dateModified\":\"2022-08-30T12:08:03+00:00\",\"mainEntityOfPage\":{\"@id\":\"https:\\\/\\\/www.klarairosa.com\\\/radio-plac-okoharcok-2\\\/\"},\"wordCount\":130,\"publisher\":{\"@id\":\"https:\\\/\\\/www.klarairosa.com\\\/en\\\/#organization\"},\"image\":{\"@id\":\"https:\\\/\\\/www.klarairosa.com\\\/radio-plac-okoharcok-2\\\/#primaryimage\"},\"thumbnailUrl\":\"https:\\\/\\\/www.klarairosa.com\\\/wp-content\\\/uploads\\\/2022\\\/07\\\/Zold-Sziv-Ikon-Kornyezet-Logo-1-e1657974027693.png\",\"articleSection\":[\"7.83 Hz\",\"Ekologija\"],\"inLanguage\":\"en-GB\"},{\"@type\":\"WebPage\",\"@id\":\"https:\\\/\\\/www.klarairosa.com\\\/radio-plac-okoharcok-2\\\/\",\"url\":\"https:\\\/\\\/www.klarairosa.com\\\/radio-plac-okoharcok-2\\\/\",\"name\":\"Radio Plac: \u00d6ko(h)arcok - Klara i Rosa\",\"isPartOf\":{\"@id\":\"https:\\\/\\\/www.klarairosa.com\\\/en\\\/#website\"},\"primaryImageOfPage\":{\"@id\":\"https:\\\/\\\/www.klarairosa.com\\\/radio-plac-okoharcok-2\\\/#primaryimage\"},\"image\":{\"@id\":\"https:\\\/\\\/www.klarairosa.com\\\/radio-plac-okoharcok-2\\\/#primaryimage\"},\"thumbnailUrl\":\"https:\\\/\\\/www.klarairosa.com\\\/wp-content\\\/uploads\\\/2022\\\/07\\\/Zold-Sziv-Ikon-Kornyezet-Logo-1-e1657974027693.png\",\"datePublished\":\"2022-01-16T12:13:57+00:00\",\"dateModified\":\"2022-08-30T12:08:03+00:00\",\"breadcrumb\":{\"@id\":\"https:\\\/\\\/www.klarairosa.com\\\/radio-plac-okoharcok-2\\\/#breadcrumb\"},\"inLanguage\":\"en-GB\",\"potentialAction\":[{\"@type\":\"ReadAction\",\"target\":[\"https:\\\/\\\/www.klarairosa.com\\\/radio-plac-okoharcok-2\\\/\"]}]},{\"@type\":\"ImageObject\",\"inLanguage\":\"en-GB\",\"@id\":\"https:\\\/\\\/www.klarairosa.com\\\/radio-plac-okoharcok-2\\\/#primaryimage\",\"url\":\"https:\\\/\\\/www.klarairosa.com\\\/wp-content\\\/uploads\\\/2022\\\/07\\\/Zold-Sziv-Ikon-Kornyezet-Logo-1-e1657974027693.png\",\"contentUrl\":\"https:\\\/\\\/www.klarairosa.com\\\/wp-content\\\/uploads\\\/2022\\\/07\\\/Zold-Sziv-Ikon-Kornyezet-Logo-1-e1657974027693.png\",\"width\":500,\"height\":375},{\"@type\":\"BreadcrumbList\",\"@id\":\"https:\\\/\\\/www.klarairosa.com\\\/radio-plac-okoharcok-2\\\/#breadcrumb\",\"itemListElement\":[{\"@type\":\"ListItem\",\"position\":1,\"name\":\"Home\",\"item\":\"https:\\\/\\\/www.klarairosa.com\\\/\"},{\"@type\":\"ListItem\",\"position\":2,\"name\":\"Radio Plac: \u00d6ko(h)arcok\"}]},{\"@type\":\"WebSite\",\"@id\":\"https:\\\/\\\/www.klarairosa.com\\\/en\\\/#website\",\"url\":\"https:\\\/\\\/www.klarairosa.com\\\/en\\\/\",\"name\":\"Klara i Rosa\",\"description\":\"Klara i Rosa\",\"publisher\":{\"@id\":\"https:\\\/\\\/www.klarairosa.com\\\/en\\\/#organization\"},\"potentialAction\":[{\"@type\":\"SearchAction\",\"target\":{\"@type\":\"EntryPoint\",\"urlTemplate\":\"https:\\\/\\\/www.klarairosa.com\\\/en\\\/?s={search_term_string}\"},\"query-input\":{\"@type\":\"PropertyValueSpecification\",\"valueRequired\":true,\"valueName\":\"search_term_string\"}}],\"inLanguage\":\"en-GB\"},{\"@type\":\"Organization\",\"@id\":\"https:\\\/\\\/www.klarairosa.com\\\/en\\\/#organization\",\"name\":\"Klara i Rosa\",\"url\":\"https:\\\/\\\/www.klarairosa.com\\\/en\\\/\",\"logo\":{\"@type\":\"ImageObject\",\"inLanguage\":\"en-GB\",\"@id\":\"https:\\\/\\\/www.klarairosa.com\\\/en\\\/#\\\/schema\\\/logo\\\/image\\\/\",\"url\":\"https:\\\/\\\/www.klarairosa.com\\\/wp-content\\\/uploads\\\/2022\\\/01\\\/logo.svg\",\"contentUrl\":\"https:\\\/\\\/www.klarairosa.com\\\/wp-content\\\/uploads\\\/2022\\\/01\\\/logo.svg\",\"width\":110,\"height\":139,\"caption\":\"Klara i Rosa\"},\"image\":{\"@id\":\"https:\\\/\\\/www.klarairosa.com\\\/en\\\/#\\\/schema\\\/logo\\\/image\\\/\"},\"sameAs\":[\"https:\\\/\\\/www.facebook.com\\\/klarairosa\\\/\",\"https:\\\/\\\/www.instagram.com\\\/ugklarairosa\\\/\"]},{\"@type\":\"Person\",\"@id\":\"https:\\\/\\\/www.klarairosa.com\\\/en\\\/#\\\/schema\\\/person\\\/e4e7e9e5c8eeeddccf61e4532ae8e6ed\",\"name\":\"Klara i Rosa\",\"image\":{\"@type\":\"ImageObject\",\"inLanguage\":\"en-GB\",\"@id\":\"https:\\\/\\\/secure.gravatar.com\\\/avatar\\\/c83ee539a067b9f57ae5d8999ae286c4f98b5c4bd943b8cbb64f6b0fc1f29e40?s=96&d=mm&r=g\",\"url\":\"https:\\\/\\\/secure.gravatar.com\\\/avatar\\\/c83ee539a067b9f57ae5d8999ae286c4f98b5c4bd943b8cbb64f6b0fc1f29e40?s=96&d=mm&r=g\",\"contentUrl\":\"https:\\\/\\\/secure.gravatar.com\\\/avatar\\\/c83ee539a067b9f57ae5d8999ae286c4f98b5c4bd943b8cbb64f6b0fc1f29e40?s=96&d=mm&r=g\",\"caption\":\"Klara i Rosa\"},\"sameAs\":[\"https:\\\/\\\/klarairosa.com\"],\"url\":\"https:\\\/\\\/www.klarairosa.com\\\/en\\\/author\\\/rosaiklara\\\/\"}]}<\/script>\n<!-- \/ Yoast SEO plugin. -->","yoast_head_json":{"title":"Radio Plac: \u00d6ko(h)arcok - Klara i Rosa","robots":{"index":"index","follow":"follow","max-snippet":"max-snippet:-1","max-image-preview":"max-image-preview:large","max-video-preview":"max-video-preview:-1"},"canonical":"https:\/\/www.klarairosa.com\/en\/radio-plac-okoharcok-2\/","og_locale":"en_GB","og_type":"article","og_title":"Radio Plac: \u00d6ko(h)arcok - Klara i Rosa","og_description":"Karina Na\u0111 razgovara sa gostima o odr\u017eivosti, \u017eivotnoj sredini, buduc\u0301nosti. Kako zami\u0161ljamo budu\u0107nost\u2026 ili kako...","og_url":"https:\/\/www.klarairosa.com\/en\/radio-plac-okoharcok-2\/","og_site_name":"Klara i Rosa","article_publisher":"https:\/\/www.facebook.com\/klarairosa\/","article_published_time":"2022-01-16T12:13:57+00:00","article_modified_time":"2022-08-30T12:08:03+00:00","og_image":[{"width":500,"height":375,"url":"https:\/\/www.klarairosa.com\/wp-content\/uploads\/2022\/07\/Zold-Sziv-Ikon-Kornyezet-Logo-1-e1657974027693.png","type":"image\/png"}],"author":"Klara i Rosa","twitter_card":"summary_large_image","twitter_misc":{"Written by":"Klara i Rosa","Estimated reading time":"1 minute"},"schema":{"@context":"https:\/\/schema.org","@graph":[{"@type":"Article","@id":"https:\/\/www.klarairosa.com\/radio-plac-okoharcok-2\/#article","isPartOf":{"@id":"https:\/\/www.klarairosa.com\/radio-plac-okoharcok-2\/"},"author":{"name":"Klara i Rosa","@id":"https:\/\/www.klarairosa.com\/en\/#\/schema\/person\/e4e7e9e5c8eeeddccf61e4532ae8e6ed"},"headline":"Radio Plac: \u00d6ko(h)arcok","datePublished":"2022-01-16T12:13:57+00:00","dateModified":"2022-08-30T12:08:03+00:00","mainEntityOfPage":{"@id":"https:\/\/www.klarairosa.com\/radio-plac-okoharcok-2\/"},"wordCount":130,"publisher":{"@id":"https:\/\/www.klarairosa.com\/en\/#organization"},"image":{"@id":"https:\/\/www.klarairosa.com\/radio-plac-okoharcok-2\/#primaryimage"},"thumbnailUrl":"https:\/\/www.klarairosa.com\/wp-content\/uploads\/2022\/07\/Zold-Sziv-Ikon-Kornyezet-Logo-1-e1657974027693.png","articleSection":["7.83 Hz","Ekologija"],"inLanguage":"en-GB"},{"@type":"WebPage","@id":"https:\/\/www.klarairosa.com\/radio-plac-okoharcok-2\/","url":"https:\/\/www.klarairosa.com\/radio-plac-okoharcok-2\/","name":"Radio Plac: \u00d6ko(h)arcok - Klara i Rosa","isPartOf":{"@id":"https:\/\/www.klarairosa.com\/en\/#website"},"primaryImageOfPage":{"@id":"https:\/\/www.klarairosa.com\/radio-plac-okoharcok-2\/#primaryimage"},"image":{"@id":"https:\/\/www.klarairosa.com\/radio-plac-okoharcok-2\/#primaryimage"},"thumbnailUrl":"https:\/\/www.klarairosa.com\/wp-content\/uploads\/2022\/07\/Zold-Sziv-Ikon-Kornyezet-Logo-1-e1657974027693.png","datePublished":"2022-01-16T12:13:57+00:00","dateModified":"2022-08-30T12:08:03+00:00","breadcrumb":{"@id":"https:\/\/www.klarairosa.com\/radio-plac-okoharcok-2\/#breadcrumb"},"inLanguage":"en-GB","potentialAction":[{"@type":"ReadAction","target":["https:\/\/www.klarairosa.com\/radio-plac-okoharcok-2\/"]}]},{"@type":"ImageObject","inLanguage":"en-GB","@id":"https:\/\/www.klarairosa.com\/radio-plac-okoharcok-2\/#primaryimage","url":"https:\/\/www.klarairosa.com\/wp-content\/uploads\/2022\/07\/Zold-Sziv-Ikon-Kornyezet-Logo-1-e1657974027693.png","contentUrl":"https:\/\/www.klarairosa.com\/wp-content\/uploads\/2022\/07\/Zold-Sziv-Ikon-Kornyezet-Logo-1-e1657974027693.png","width":500,"height":375},{"@type":"BreadcrumbList","@id":"https:\/\/www.klarairosa.com\/radio-plac-okoharcok-2\/#breadcrumb","itemListElement":[{"@type":"ListItem","position":1,"name":"Home","item":"https:\/\/www.klarairosa.com\/"},{"@type":"ListItem","position":2,"name":"Radio Plac: \u00d6ko(h)arcok"}]},{"@type":"WebSite","@id":"https:\/\/www.klarairosa.com\/en\/#website","url":"https:\/\/www.klarairosa.com\/en\/","name":"Klara i Rosa","description":"Klara i Rosa","publisher":{"@id":"https:\/\/www.klarairosa.com\/en\/#organization"},"potentialAction":[{"@type":"SearchAction","target":{"@type":"EntryPoint","urlTemplate":"https:\/\/www.klarairosa.com\/en\/?s={search_term_string}"},"query-input":{"@type":"PropertyValueSpecification","valueRequired":true,"valueName":"search_term_string"}}],"inLanguage":"en-GB"},{"@type":"Organization","@id":"https:\/\/www.klarairosa.com\/en\/#organization","name":"Klara i Rosa","url":"https:\/\/www.klarairosa.com\/en\/","logo":{"@type":"ImageObject","inLanguage":"en-GB","@id":"https:\/\/www.klarairosa.com\/en\/#\/schema\/logo\/image\/","url":"https:\/\/www.klarairosa.com\/wp-content\/uploads\/2022\/01\/logo.svg","contentUrl":"https:\/\/www.klarairosa.com\/wp-content\/uploads\/2022\/01\/logo.svg","width":110,"height":139,"caption":"Klara i Rosa"},"image":{"@id":"https:\/\/www.klarairosa.com\/en\/#\/schema\/logo\/image\/"},"sameAs":["https:\/\/www.facebook.com\/klarairosa\/","https:\/\/www.instagram.com\/ugklarairosa\/"]},{"@type":"Person","@id":"https:\/\/www.klarairosa.com\/en\/#\/schema\/person\/e4e7e9e5c8eeeddccf61e4532ae8e6ed","name":"Klara i Rosa","image":{"@type":"ImageObject","inLanguage":"en-GB","@id":"https:\/\/secure.gravatar.com\/avatar\/c83ee539a067b9f57ae5d8999ae286c4f98b5c4bd943b8cbb64f6b0fc1f29e40?s=96&d=mm&r=g","url":"https:\/\/secure.gravatar.com\/avatar\/c83ee539a067b9f57ae5d8999ae286c4f98b5c4bd943b8cbb64f6b0fc1f29e40?s=96&d=mm&r=g","contentUrl":"https:\/\/secure.gravatar.com\/avatar\/c83ee539a067b9f57ae5d8999ae286c4f98b5c4bd943b8cbb64f6b0fc1f29e40?s=96&d=mm&r=g","caption":"Klara i Rosa"},"sameAs":["https:\/\/klarairosa.com"],"url":"https:\/\/www.klarairosa.com\/en\/author\/rosaiklara\/"}]}},"_links":{"self":[{"href":"https:\/\/www.klarairosa.com\/en\/wp-json\/wp\/v2\/posts\/18806","targetHints":{"allow":["GET"]}}],"collection":[{"href":"https:\/\/www.klarairosa.com\/en\/wp-json\/wp\/v2\/posts"}],"about":[{"href":"https:\/\/www.klarairosa.com\/en\/wp-json\/wp\/v2\/types\/post"}],"author":[{"embeddable":true,"href":"https:\/\/www.klarairosa.com\/en\/wp-json\/wp\/v2\/users\/1"}],"replies":[{"embeddable":true,"href":"https:\/\/www.klarairosa.com\/en\/wp-json\/wp\/v2\/comments?post=18806"}],"version-history":[{"count":2,"href":"https:\/\/www.klarairosa.com\/en\/wp-json\/wp\/v2\/posts\/18806\/revisions"}],"predecessor-version":[{"id":18824,"href":"https:\/\/www.klarairosa.com\/en\/wp-json\/wp\/v2\/posts\/18806\/revisions\/18824"}],"wp:featuredmedia":[{"embeddable":true,"href":"https:\/\/www.klarairosa.com\/en\/wp-json\/wp\/v2\/media\/18807"}],"wp:attachment":[{"href":"https:\/\/www.klarairosa.com\/en\/wp-json\/wp\/v2\/media?parent=18806"}],"wp:term":[{"taxonomy":"category","embeddable":true,"href":"https:\/\/www.klarairosa.com\/en\/wp-json\/wp\/v2\/categories?post=18806"},{"taxonomy":"post_tag","embeddable":true,"href":"https:\/\/www.klarairosa.com\/en\/wp-json\/wp\/v2\/tags?post=18806"}],"curies":[{"name":"wp","href":"https:\/\/api.w.org\/{rel}","templated":true}]}}