{"id":18322,"date":"2022-04-26T15:34:49","date_gmt":"2022-04-26T15:34:49","guid":{"rendered":"https:\/\/www.klarairosa.com\/?p=18322"},"modified":"2022-06-30T18:22:04","modified_gmt":"2022-06-30T18:22:04","slug":"ventus-fest","status":"publish","type":"post","link":"https:\/\/www.klarairosa.com\/en\/ventus-fest\/","title":{"rendered":"Ventus Fest"},"content":{"rendered":"<p>U subotu, 7. maja, sa po\u010detkom u 16 \u010dasova, u naselju Prozivka, odr\u017ea\u0107e se jednodnevni muzi\u010dki festival Ventus Fest kao inicijativa koja se tokom radionica iskristalisala kao jedna od potreba mladih &#8211; okupljanje, dru\u017eenje, muzi\u010dki programi..<\/p>\r\n<p>.<\/p>\r\n<blockquote class='' style='border-left-color: #aeccc5;'><h5 class='blockquote-text' style='color: #aeccc5; line-height: undefinedpx;'>Subota, 7. maj 2022. \/ Prozivka, \u0161etali\u0161te \/ 16:00<\/h5><\/blockquote>\r\n<p>\r\n\r\n<\/p>\r\n<p>.<\/p>\r\n<p>\r\n\r\n<\/p>\r\n<div class=\"kvgmc6g5 cxmmr5t8 oygrvhab hcukyx3x c1et5uql\">SR\/HU\u00a0<span class=\"pq6dq46d tbxw36s4 knj5qynh kvgmc6g5 ditlmg2l oygrvhab nvdbi5me sf5mxxl7 gl3lb2sf hhz5lgdu\"><img decoding=\"async\" src=\"https:\/\/static.xx.fbcdn.net\/images\/emoji.php\/v9\/t4f\/1\/16\/1f447.png\" alt=\"\ud83d\udc47\" width=\"16\" height=\"16\" \/><\/span><\/div>\r\n<div class=\"cxmmr5t8 oygrvhab hcukyx3x c1et5uql o9v6fnle\">&#8211; Hej, 7. maja bi\u0107e festival na Prozivci! Ide\u0161 sa nama?<\/div>\r\n<div class=\"cxmmr5t8 oygrvhab hcukyx3x c1et5uql o9v6fnle\">&#8211; Mo\u017ee, kada je to?<\/div>\r\n<div class=\"cxmmr5t8 oygrvhab hcukyx3x c1et5uql o9v6fnle\">&#8211; U 4 sata, taman da ru\u010da\u0161 kod babe hehe<\/div>\r\n<div class=\"cxmmr5t8 oygrvhab hcukyx3x c1et5uql o9v6fnle\">&#8211; Hah, super, pla\u0107a se?<\/div>\r\n<div class=\"cxmmr5t8 oygrvhab hcukyx3x c1et5uql o9v6fnle\">&#8211; Ma besplatno je, ako ho\u0107e\u0161 ponesi neko \u0107ebe i pozovi jo\u0161 nekog<\/div>\r\n<div class=\"cxmmr5t8 oygrvhab hcukyx3x c1et5uql o9v6fnle\">&#8211; A ko nastupa?<\/div>\r\n<div class=\"cxmmr5t8 oygrvhab hcukyx3x c1et5uql o9v6fnle\">&#8211; Nastupa bend LAP, Olga \u010cegar i Luka Malko, a Olga kao DJ<\/div>\r\n<div class=\"cxmmr5t8 oygrvhab hcukyx3x c1et5uql o9v6fnle\">&#8211; niiice, vidimo se onda!\u00a0<span class=\"pq6dq46d tbxw36s4 knj5qynh kvgmc6g5 ditlmg2l oygrvhab nvdbi5me sf5mxxl7 gl3lb2sf hhz5lgdu\"><img decoding=\"async\" src=\"https:\/\/static.xx.fbcdn.net\/images\/emoji.php\/v9\/t4c\/1\/16\/1f642.png\" alt=\"\ud83d\ude42\" width=\"16\" height=\"16\" \/><\/span><\/div>\r\n<div class=\"cxmmr5t8 oygrvhab hcukyx3x c1et5uql o9v6fnle\">.<\/div>\r\n<div>\r\n<div class=\"adn ads\" data-message-id=\"#msg-a:r8435101131991704595\" data-legacy-message-id=\"18066583cdb215ab\">\r\n<div class=\"gs\">\r\n<div class=\"\">\r\n<div id=\":2kb\" class=\"ii gt\">\r\n<div id=\":2ka\" class=\"a3s aiL\">\r\n<div dir=\"ltr\">\r\n<div class=\"gmail_default\">\r\n<div>Ventus Fest je jednodnevni muzi\u010dki festival nastao kao inicijativa mladih koji su poha\u0111ali radionice Polet 21\/22, tokom kojih su se dru\u017eili na dva, ponekad i tri jezika i definisali probleme i potrebe mladih u Gradu.\u00a0<\/div>\r\n<div>Ovaj festival je njihov zajedni\u010dki projekat kojim \u017eele da uka\u017eu na nedostatak programa za mlade, a sami su ga osmislili, vizuelno uredili i organizovali.<\/div>\r\n<\/div>\r\n<\/div>\r\n<div class=\"adL\">.<\/div>\r\n<\/div>\r\n<\/div>\r\n<\/div>\r\n<\/div>\r\n<\/div>\r\n<\/div>\r\n<div>\u00a0<\/div>\r\n<div class=\"cxmmr5t8 oygrvhab hcukyx3x c1et5uql o9v6fnle\">Projekat Polet 21\/22 realizuju UG \u201cKlara i Rosa\u201d i Maglo\u010dista\u010d u okviru programa \u201eMladi i mediji za demokratski razvoj\u201c, uz podr\u0161ku BO\u0160 (Beogradska otvorena \u0161kola) i Kraljevine \u0160vedske.<\/div>\r\n<div>.<\/div>\r\n<div class=\"cxmmr5t8 oygrvhab hcukyx3x c1et5uql o9v6fnle\">&#8230;&#8230;&#8230;&#8230;&#8230;&#8230;..<\/div>\r\n<div>.<\/div>\r\n<div class=\"cxmmr5t8 oygrvhab hcukyx3x c1et5uql o9v6fnle\">&#8211; Szia! M\u00e1jus 7-\u00e9n van egy fesztiv\u00e1l a Prozivk\u00e1n. J\u00f6ssz-e vel\u00fcnk?<\/div>\r\n<div class=\"cxmmr5t8 oygrvhab hcukyx3x c1et5uql o9v6fnle\">&#8211; Nan\u00e1!\u00a0<span class=\"pq6dq46d tbxw36s4 knj5qynh kvgmc6g5 ditlmg2l oygrvhab nvdbi5me sf5mxxl7 gl3lb2sf hhz5lgdu\"><img decoding=\"async\" src=\"https:\/\/static.xx.fbcdn.net\/images\/emoji.php\/v9\/t4c\/1\/16\/1f642.png\" alt=\"\ud83d\ude42\" width=\"16\" height=\"16\" \/><\/span>\u00a0H\u00e1nykor?<\/div>\r\n<div class=\"cxmmr5t8 oygrvhab hcukyx3x c1et5uql o9v6fnle\">&#8211; 4 \u00f3rakor. A nagyis eb\u00e9d ut\u00e1n, haha<\/div>\r\n<div class=\"cxmmr5t8 oygrvhab hcukyx3x c1et5uql o9v6fnle\">&#8211; Szuper! Van bel\u00e9p\u0151?<\/div>\r\n<div class=\"cxmmr5t8 oygrvhab hcukyx3x c1et5uql o9v6fnle\">&#8211; Nincs. Csak gyere. Hozz pokr\u00f3cot \u00e9s m\u00e9g valakit magaddal<\/div>\r\n<div class=\"cxmmr5t8 oygrvhab hcukyx3x c1et5uql o9v6fnle\">&#8211; Kik a fell\u00e9p\u0151k?<\/div>\r\n<div class=\"cxmmr5t8 oygrvhab hcukyx3x c1et5uql o9v6fnle\">&#8211; A LAP egy\u00fcttes, Luka Malko \u00e9s Olga \u010cegar. Olga DJ-kedik\u00a0<span class=\"pq6dq46d tbxw36s4 knj5qynh kvgmc6g5 ditlmg2l oygrvhab nvdbi5me sf5mxxl7 gl3lb2sf hhz5lgdu\"><img decoding=\"async\" src=\"https:\/\/static.xx.fbcdn.net\/images\/emoji.php\/v9\/t4c\/1\/16\/1f642.png\" alt=\"\ud83d\ude42\" width=\"16\" height=\"16\" \/><\/span><\/div>\r\n<div class=\"cxmmr5t8 oygrvhab hcukyx3x c1et5uql o9v6fnle\">&#8211; Szuper! Tali ott\u00a0 <span class=\"pq6dq46d tbxw36s4 knj5qynh kvgmc6g5 ditlmg2l oygrvhab nvdbi5me sf5mxxl7 gl3lb2sf hhz5lgdu\"><img decoding=\"async\" src=\"https:\/\/static.xx.fbcdn.net\/images\/emoji.php\/v9\/t4c\/1\/16\/1f642.png\" alt=\"\ud83d\ude42\" width=\"16\" height=\"16\" \/><\/span><\/div>\r\n<div>.<\/div>\r\n<div><blockquote class='' style='border-left-color: #aeccc5;'><h5 class='blockquote-text' style='color: #aeccc5; line-height: undefinedpx;'>Szombat, 2022., m\u00e1jus 7. \/ Prozivk\u00e1n \/ 16:00<\/h5><\/blockquote><\/div>\r\n<div>.<\/div>\r\n<div class=\"cxmmr5t8 oygrvhab hcukyx3x c1et5uql o9v6fnle\">A Polet 21\/22 projektet a Klara \u00e9s Rosa PE \u00e9s a Maglo\u010dista\u010d bonyol\u00edtja le a Belgr\u00e1di Nyitott Iskola (BO\u0160)Beogradska otvorena \u0161kolaa Sv\u00e9d Kir\u00e1lys\u00e1g t\u00e1mogat\u00e1s\u00e1val megval\u00f3sul\u00f3 \u2013 Fiatalok \u00e9s a m\u00e9diumok a demokratikus fejl\u0151d\u00e9s\u00e9rt nevet visel\u0151 programj\u00e1n kereszt\u00fcl.<\/div>\r\n<p>.<\/p>\r\n<p>E \u00edr\u00e1s szerz\u0151j\u00e9nek \u00e1ll\u00e1spontja \u00e9s v\u00e9lem\u00e9nye nem felt\u00e9tlen t\u00fckr\u00f6zi az egy\u00fcttm\u0171k\u00f6d\u0151 partner \u00e9s a don\u00e1tor v\u00e9lem\u00e9ny\u00e9t is.<\/p>\r\n<p>.<\/p>\r\n<p><img fetchpriority=\"high\" decoding=\"async\" class=\"alignnone size-medium wp-image-18731\" src=\"https:\/\/www.klarairosa.com\/wp-content\/uploads\/2022\/04\/plakat-web-214x300.jpg\" alt=\"\" width=\"214\" height=\"300\" srcset=\"https:\/\/www.klarairosa.com\/wp-content\/uploads\/2022\/04\/plakat-web-214x300.jpg 214w, https:\/\/www.klarairosa.com\/wp-content\/uploads\/2022\/04\/plakat-web-731x1024.jpg 731w, https:\/\/www.klarairosa.com\/wp-content\/uploads\/2022\/04\/plakat-web-768x1076.jpg 768w, https:\/\/www.klarairosa.com\/wp-content\/uploads\/2022\/04\/plakat-web-1096x1536.jpg 1096w, https:\/\/www.klarairosa.com\/wp-content\/uploads\/2022\/04\/plakat-web-1461x2048.jpg 1461w, https:\/\/www.klarairosa.com\/wp-content\/uploads\/2022\/04\/plakat-web-700x981.jpg 700w, https:\/\/www.klarairosa.com\/wp-content\/uploads\/2022\/04\/plakat-web-scaled.jpg 1827w\" sizes=\"(max-width: 214px) 100vw, 214px\" \/>.<\/p>\r\n<p>.<\/p>\r\n<p>\r\n\r\n<\/p>\r\n<div class=\"wp-block-image\"><img loading=\"lazy\" decoding=\"async\" class=\"alignnone size-medium wp-image-18779\" src=\"https:\/\/www.klarairosa.com\/wp-content\/uploads\/2022\/05\/Sweden-300x103.png\" alt=\"\" width=\"300\" height=\"103\" srcset=\"https:\/\/www.klarairosa.com\/wp-content\/uploads\/2022\/05\/Sweden-300x103.png 300w, https:\/\/www.klarairosa.com\/wp-content\/uploads\/2022\/05\/Sweden.png 391w\" sizes=\"(max-width: 300px) 100vw, 300px\" \/><\/div>\r\n<p>\r\n\r\n<\/p>","protected":false},"excerpt":{"rendered":"<p>U subotu, 7. maja, sa po\u010detkom u 16 \u010dasova, u naselju Prozivka, odr\u017ea\u0107e se jednodnevni&#8230;<\/p>","protected":false},"author":1,"featured_media":18323,"comment_status":"closed","ping_status":"closed","sticky":false,"template":"","format":"standard","meta":{"content-type":"","inline_featured_image":false,"footnotes":""},"categories":[52],"tags":[],"class_list":["post-18322","post","type-post","status-publish","format-standard","has-post-thumbnail","hentry","category-polet-21-22"],"yoast_head":"<!-- This site is optimized with the Yoast SEO plugin v27.5 - https:\/\/yoast.com\/product\/yoast-seo-wordpress\/ -->\n<title>Ventus Fest - Klara i Rosa<\/title>\n<meta name=\"robots\" content=\"index, follow, max-snippet:-1, max-image-preview:large, max-video-preview:-1\" \/>\n<link rel=\"canonical\" href=\"https:\/\/www.klarairosa.com\/en\/ventus-fest\/\" \/>\n<meta property=\"og:locale\" content=\"en_GB\" \/>\n<meta property=\"og:type\" content=\"article\" \/>\n<meta property=\"og:title\" content=\"Ventus Fest - Klara i Rosa\" \/>\n<meta property=\"og:description\" content=\"U subotu, 7. maja, sa po\u010detkom u 16 \u010dasova, u naselju Prozivka, odr\u017ea\u0107e se jednodnevni...\" \/>\n<meta property=\"og:url\" content=\"https:\/\/www.klarairosa.com\/en\/ventus-fest\/\" \/>\n<meta property=\"og:site_name\" content=\"Klara i Rosa\" \/>\n<meta property=\"article:publisher\" content=\"https:\/\/www.facebook.com\/klarairosa\/\" \/>\n<meta property=\"article:published_time\" content=\"2022-04-26T15:34:49+00:00\" \/>\n<meta property=\"article:modified_time\" content=\"2022-06-30T18:22:04+00:00\" \/>\n<meta property=\"og:image\" content=\"https:\/\/www.klarairosa.com\/wp-content\/uploads\/2022\/04\/za-instagram-scaled-e1650987278793.jpg\" \/>\n\t<meta property=\"og:image:width\" content=\"2560\" \/>\n\t<meta property=\"og:image:height\" content=\"1920\" \/>\n\t<meta property=\"og:image:type\" content=\"image\/jpeg\" \/>\n<meta name=\"author\" content=\"Klara i Rosa\" \/>\n<meta name=\"twitter:card\" content=\"summary_large_image\" \/>\n<meta name=\"twitter:label1\" content=\"Written by\" \/>\n\t<meta name=\"twitter:data1\" content=\"Klara i Rosa\" \/>\n\t<meta name=\"twitter:label2\" content=\"Estimated reading time\" \/>\n\t<meta name=\"twitter:data2\" content=\"2 minutes\" \/>\n<script type=\"application\/ld+json\" class=\"yoast-schema-graph\">{\"@context\":\"https:\\\/\\\/schema.org\",\"@graph\":[{\"@type\":\"Article\",\"@id\":\"https:\\\/\\\/www.klarairosa.com\\\/ventus-fest\\\/#article\",\"isPartOf\":{\"@id\":\"https:\\\/\\\/www.klarairosa.com\\\/ventus-fest\\\/\"},\"author\":{\"name\":\"Klara i Rosa\",\"@id\":\"https:\\\/\\\/www.klarairosa.com\\\/en\\\/#\\\/schema\\\/person\\\/e4e7e9e5c8eeeddccf61e4532ae8e6ed\"},\"headline\":\"Ventus Fest\",\"datePublished\":\"2022-04-26T15:34:49+00:00\",\"dateModified\":\"2022-06-30T18:22:04+00:00\",\"mainEntityOfPage\":{\"@id\":\"https:\\\/\\\/www.klarairosa.com\\\/ventus-fest\\\/\"},\"wordCount\":411,\"publisher\":{\"@id\":\"https:\\\/\\\/www.klarairosa.com\\\/en\\\/#organization\"},\"image\":{\"@id\":\"https:\\\/\\\/www.klarairosa.com\\\/ventus-fest\\\/#primaryimage\"},\"thumbnailUrl\":\"https:\\\/\\\/www.klarairosa.com\\\/wp-content\\\/uploads\\\/2022\\\/04\\\/za-instagram-scaled-e1650987278793.jpg\",\"articleSection\":[\"Polet 21\\\/22\"],\"inLanguage\":\"en-GB\"},{\"@type\":\"WebPage\",\"@id\":\"https:\\\/\\\/www.klarairosa.com\\\/ventus-fest\\\/\",\"url\":\"https:\\\/\\\/www.klarairosa.com\\\/ventus-fest\\\/\",\"name\":\"Ventus Fest - Klara i Rosa\",\"isPartOf\":{\"@id\":\"https:\\\/\\\/www.klarairosa.com\\\/en\\\/#website\"},\"primaryImageOfPage\":{\"@id\":\"https:\\\/\\\/www.klarairosa.com\\\/ventus-fest\\\/#primaryimage\"},\"image\":{\"@id\":\"https:\\\/\\\/www.klarairosa.com\\\/ventus-fest\\\/#primaryimage\"},\"thumbnailUrl\":\"https:\\\/\\\/www.klarairosa.com\\\/wp-content\\\/uploads\\\/2022\\\/04\\\/za-instagram-scaled-e1650987278793.jpg\",\"datePublished\":\"2022-04-26T15:34:49+00:00\",\"dateModified\":\"2022-06-30T18:22:04+00:00\",\"breadcrumb\":{\"@id\":\"https:\\\/\\\/www.klarairosa.com\\\/ventus-fest\\\/#breadcrumb\"},\"inLanguage\":\"en-GB\",\"potentialAction\":[{\"@type\":\"ReadAction\",\"target\":[\"https:\\\/\\\/www.klarairosa.com\\\/ventus-fest\\\/\"]}]},{\"@type\":\"ImageObject\",\"inLanguage\":\"en-GB\",\"@id\":\"https:\\\/\\\/www.klarairosa.com\\\/ventus-fest\\\/#primaryimage\",\"url\":\"https:\\\/\\\/www.klarairosa.com\\\/wp-content\\\/uploads\\\/2022\\\/04\\\/za-instagram-scaled-e1650987278793.jpg\",\"contentUrl\":\"https:\\\/\\\/www.klarairosa.com\\\/wp-content\\\/uploads\\\/2022\\\/04\\\/za-instagram-scaled-e1650987278793.jpg\",\"width\":2560,\"height\":1920},{\"@type\":\"BreadcrumbList\",\"@id\":\"https:\\\/\\\/www.klarairosa.com\\\/ventus-fest\\\/#breadcrumb\",\"itemListElement\":[{\"@type\":\"ListItem\",\"position\":1,\"name\":\"Home\",\"item\":\"https:\\\/\\\/www.klarairosa.com\\\/\"},{\"@type\":\"ListItem\",\"position\":2,\"name\":\"Ventus Fest\"}]},{\"@type\":\"WebSite\",\"@id\":\"https:\\\/\\\/www.klarairosa.com\\\/en\\\/#website\",\"url\":\"https:\\\/\\\/www.klarairosa.com\\\/en\\\/\",\"name\":\"Klara i Rosa\",\"description\":\"Klara i Rosa\",\"publisher\":{\"@id\":\"https:\\\/\\\/www.klarairosa.com\\\/en\\\/#organization\"},\"potentialAction\":[{\"@type\":\"SearchAction\",\"target\":{\"@type\":\"EntryPoint\",\"urlTemplate\":\"https:\\\/\\\/www.klarairosa.com\\\/en\\\/?s={search_term_string}\"},\"query-input\":{\"@type\":\"PropertyValueSpecification\",\"valueRequired\":true,\"valueName\":\"search_term_string\"}}],\"inLanguage\":\"en-GB\"},{\"@type\":\"Organization\",\"@id\":\"https:\\\/\\\/www.klarairosa.com\\\/en\\\/#organization\",\"name\":\"Klara i Rosa\",\"url\":\"https:\\\/\\\/www.klarairosa.com\\\/en\\\/\",\"logo\":{\"@type\":\"ImageObject\",\"inLanguage\":\"en-GB\",\"@id\":\"https:\\\/\\\/www.klarairosa.com\\\/en\\\/#\\\/schema\\\/logo\\\/image\\\/\",\"url\":\"https:\\\/\\\/www.klarairosa.com\\\/wp-content\\\/uploads\\\/2022\\\/01\\\/logo.svg\",\"contentUrl\":\"https:\\\/\\\/www.klarairosa.com\\\/wp-content\\\/uploads\\\/2022\\\/01\\\/logo.svg\",\"width\":110,\"height\":139,\"caption\":\"Klara i Rosa\"},\"image\":{\"@id\":\"https:\\\/\\\/www.klarairosa.com\\\/en\\\/#\\\/schema\\\/logo\\\/image\\\/\"},\"sameAs\":[\"https:\\\/\\\/www.facebook.com\\\/klarairosa\\\/\",\"https:\\\/\\\/www.instagram.com\\\/ugklarairosa\\\/\"]},{\"@type\":\"Person\",\"@id\":\"https:\\\/\\\/www.klarairosa.com\\\/en\\\/#\\\/schema\\\/person\\\/e4e7e9e5c8eeeddccf61e4532ae8e6ed\",\"name\":\"Klara i Rosa\",\"image\":{\"@type\":\"ImageObject\",\"inLanguage\":\"en-GB\",\"@id\":\"https:\\\/\\\/secure.gravatar.com\\\/avatar\\\/c83ee539a067b9f57ae5d8999ae286c4f98b5c4bd943b8cbb64f6b0fc1f29e40?s=96&d=mm&r=g\",\"url\":\"https:\\\/\\\/secure.gravatar.com\\\/avatar\\\/c83ee539a067b9f57ae5d8999ae286c4f98b5c4bd943b8cbb64f6b0fc1f29e40?s=96&d=mm&r=g\",\"contentUrl\":\"https:\\\/\\\/secure.gravatar.com\\\/avatar\\\/c83ee539a067b9f57ae5d8999ae286c4f98b5c4bd943b8cbb64f6b0fc1f29e40?s=96&d=mm&r=g\",\"caption\":\"Klara i Rosa\"},\"sameAs\":[\"https:\\\/\\\/klarairosa.com\"],\"url\":\"https:\\\/\\\/www.klarairosa.com\\\/en\\\/author\\\/rosaiklara\\\/\"}]}<\/script>\n<!-- \/ Yoast SEO plugin. -->","yoast_head_json":{"title":"Ventus Fest - Klara i Rosa","robots":{"index":"index","follow":"follow","max-snippet":"max-snippet:-1","max-image-preview":"max-image-preview:large","max-video-preview":"max-video-preview:-1"},"canonical":"https:\/\/www.klarairosa.com\/en\/ventus-fest\/","og_locale":"en_GB","og_type":"article","og_title":"Ventus Fest - Klara i Rosa","og_description":"U subotu, 7. maja, sa po\u010detkom u 16 \u010dasova, u naselju Prozivka, odr\u017ea\u0107e se jednodnevni...","og_url":"https:\/\/www.klarairosa.com\/en\/ventus-fest\/","og_site_name":"Klara i Rosa","article_publisher":"https:\/\/www.facebook.com\/klarairosa\/","article_published_time":"2022-04-26T15:34:49+00:00","article_modified_time":"2022-06-30T18:22:04+00:00","og_image":[{"width":2560,"height":1920,"url":"https:\/\/www.klarairosa.com\/wp-content\/uploads\/2022\/04\/za-instagram-scaled-e1650987278793.jpg","type":"image\/jpeg"}],"author":"Klara i Rosa","twitter_card":"summary_large_image","twitter_misc":{"Written by":"Klara i Rosa","Estimated reading time":"2 minutes"},"schema":{"@context":"https:\/\/schema.org","@graph":[{"@type":"Article","@id":"https:\/\/www.klarairosa.com\/ventus-fest\/#article","isPartOf":{"@id":"https:\/\/www.klarairosa.com\/ventus-fest\/"},"author":{"name":"Klara i Rosa","@id":"https:\/\/www.klarairosa.com\/en\/#\/schema\/person\/e4e7e9e5c8eeeddccf61e4532ae8e6ed"},"headline":"Ventus Fest","datePublished":"2022-04-26T15:34:49+00:00","dateModified":"2022-06-30T18:22:04+00:00","mainEntityOfPage":{"@id":"https:\/\/www.klarairosa.com\/ventus-fest\/"},"wordCount":411,"publisher":{"@id":"https:\/\/www.klarairosa.com\/en\/#organization"},"image":{"@id":"https:\/\/www.klarairosa.com\/ventus-fest\/#primaryimage"},"thumbnailUrl":"https:\/\/www.klarairosa.com\/wp-content\/uploads\/2022\/04\/za-instagram-scaled-e1650987278793.jpg","articleSection":["Polet 21\/22"],"inLanguage":"en-GB"},{"@type":"WebPage","@id":"https:\/\/www.klarairosa.com\/ventus-fest\/","url":"https:\/\/www.klarairosa.com\/ventus-fest\/","name":"Ventus Fest - Klara i Rosa","isPartOf":{"@id":"https:\/\/www.klarairosa.com\/en\/#website"},"primaryImageOfPage":{"@id":"https:\/\/www.klarairosa.com\/ventus-fest\/#primaryimage"},"image":{"@id":"https:\/\/www.klarairosa.com\/ventus-fest\/#primaryimage"},"thumbnailUrl":"https:\/\/www.klarairosa.com\/wp-content\/uploads\/2022\/04\/za-instagram-scaled-e1650987278793.jpg","datePublished":"2022-04-26T15:34:49+00:00","dateModified":"2022-06-30T18:22:04+00:00","breadcrumb":{"@id":"https:\/\/www.klarairosa.com\/ventus-fest\/#breadcrumb"},"inLanguage":"en-GB","potentialAction":[{"@type":"ReadAction","target":["https:\/\/www.klarairosa.com\/ventus-fest\/"]}]},{"@type":"ImageObject","inLanguage":"en-GB","@id":"https:\/\/www.klarairosa.com\/ventus-fest\/#primaryimage","url":"https:\/\/www.klarairosa.com\/wp-content\/uploads\/2022\/04\/za-instagram-scaled-e1650987278793.jpg","contentUrl":"https:\/\/www.klarairosa.com\/wp-content\/uploads\/2022\/04\/za-instagram-scaled-e1650987278793.jpg","width":2560,"height":1920},{"@type":"BreadcrumbList","@id":"https:\/\/www.klarairosa.com\/ventus-fest\/#breadcrumb","itemListElement":[{"@type":"ListItem","position":1,"name":"Home","item":"https:\/\/www.klarairosa.com\/"},{"@type":"ListItem","position":2,"name":"Ventus Fest"}]},{"@type":"WebSite","@id":"https:\/\/www.klarairosa.com\/en\/#website","url":"https:\/\/www.klarairosa.com\/en\/","name":"Klara i Rosa","description":"Klara i Rosa","publisher":{"@id":"https:\/\/www.klarairosa.com\/en\/#organization"},"potentialAction":[{"@type":"SearchAction","target":{"@type":"EntryPoint","urlTemplate":"https:\/\/www.klarairosa.com\/en\/?s={search_term_string}"},"query-input":{"@type":"PropertyValueSpecification","valueRequired":true,"valueName":"search_term_string"}}],"inLanguage":"en-GB"},{"@type":"Organization","@id":"https:\/\/www.klarairosa.com\/en\/#organization","name":"Klara i Rosa","url":"https:\/\/www.klarairosa.com\/en\/","logo":{"@type":"ImageObject","inLanguage":"en-GB","@id":"https:\/\/www.klarairosa.com\/en\/#\/schema\/logo\/image\/","url":"https:\/\/www.klarairosa.com\/wp-content\/uploads\/2022\/01\/logo.svg","contentUrl":"https:\/\/www.klarairosa.com\/wp-content\/uploads\/2022\/01\/logo.svg","width":110,"height":139,"caption":"Klara i Rosa"},"image":{"@id":"https:\/\/www.klarairosa.com\/en\/#\/schema\/logo\/image\/"},"sameAs":["https:\/\/www.facebook.com\/klarairosa\/","https:\/\/www.instagram.com\/ugklarairosa\/"]},{"@type":"Person","@id":"https:\/\/www.klarairosa.com\/en\/#\/schema\/person\/e4e7e9e5c8eeeddccf61e4532ae8e6ed","name":"Klara i Rosa","image":{"@type":"ImageObject","inLanguage":"en-GB","@id":"https:\/\/secure.gravatar.com\/avatar\/c83ee539a067b9f57ae5d8999ae286c4f98b5c4bd943b8cbb64f6b0fc1f29e40?s=96&d=mm&r=g","url":"https:\/\/secure.gravatar.com\/avatar\/c83ee539a067b9f57ae5d8999ae286c4f98b5c4bd943b8cbb64f6b0fc1f29e40?s=96&d=mm&r=g","contentUrl":"https:\/\/secure.gravatar.com\/avatar\/c83ee539a067b9f57ae5d8999ae286c4f98b5c4bd943b8cbb64f6b0fc1f29e40?s=96&d=mm&r=g","caption":"Klara i Rosa"},"sameAs":["https:\/\/klarairosa.com"],"url":"https:\/\/www.klarairosa.com\/en\/author\/rosaiklara\/"}]}},"_links":{"self":[{"href":"https:\/\/www.klarairosa.com\/en\/wp-json\/wp\/v2\/posts\/18322","targetHints":{"allow":["GET"]}}],"collection":[{"href":"https:\/\/www.klarairosa.com\/en\/wp-json\/wp\/v2\/posts"}],"about":[{"href":"https:\/\/www.klarairosa.com\/en\/wp-json\/wp\/v2\/types\/post"}],"author":[{"embeddable":true,"href":"https:\/\/www.klarairosa.com\/en\/wp-json\/wp\/v2\/users\/1"}],"replies":[{"embeddable":true,"href":"https:\/\/www.klarairosa.com\/en\/wp-json\/wp\/v2\/comments?post=18322"}],"version-history":[{"count":6,"href":"https:\/\/www.klarairosa.com\/en\/wp-json\/wp\/v2\/posts\/18322\/revisions"}],"predecessor-version":[{"id":18784,"href":"https:\/\/www.klarairosa.com\/en\/wp-json\/wp\/v2\/posts\/18322\/revisions\/18784"}],"wp:featuredmedia":[{"embeddable":true,"href":"https:\/\/www.klarairosa.com\/en\/wp-json\/wp\/v2\/media\/18323"}],"wp:attachment":[{"href":"https:\/\/www.klarairosa.com\/en\/wp-json\/wp\/v2\/media?parent=18322"}],"wp:term":[{"taxonomy":"category","embeddable":true,"href":"https:\/\/www.klarairosa.com\/en\/wp-json\/wp\/v2\/categories?post=18322"},{"taxonomy":"post_tag","embeddable":true,"href":"https:\/\/www.klarairosa.com\/en\/wp-json\/wp\/v2\/tags?post=18322"}],"curies":[{"name":"wp","href":"https:\/\/api.w.org\/{rel}","templated":true}]}}