{"id":18236,"date":"2022-04-18T11:33:20","date_gmt":"2022-04-18T11:33:20","guid":{"rendered":"https:\/\/www.klarairosa.com\/?p=18236"},"modified":"2022-05-25T12:37:14","modified_gmt":"2022-05-25T12:37:14","slug":"radio-plac-subotica-u-gostima-tatjana-vuletic-cirkultura","status":"publish","type":"post","link":"https:\/\/www.klarairosa.com\/en\/radio-plac-subotica-u-gostima-tatjana-vuletic-cirkultura\/","title":{"rendered":"Radio Plac Subotica \/ U gostima: Tatjana Vuleti\u0107, Cirkultura"},"content":{"rendered":"<div class=\"kvgmc6g5 cxmmr5t8 oygrvhab hcukyx3x c1et5uql\">\r\n<div class=\"o9v6fnle cxmmr5t8 oygrvhab hcukyx3x c1et5uql ii04i59q\">\r\n<div dir=\"auto\">\r\n<div class=\"kvgmc6g5 cxmmr5t8 oygrvhab hcukyx3x c1et5uql ii04i59q\">\r\n<p>U ponedeljak, 25. aprila od 19 \u010dasova na programu Radija Plac o\u010dekuje nas nova epizoda emisije U gostima.<\/p>\r\n<p>&nbsp;<\/p>\r\n<p>Razgovaramo sa Tatjanom Vuleti\u0107 iz Samobora (Hrvatska),\u00a0 \u010dlanicom udru\u017eenja\u00a0<a href=\"https:\/\/www.facebook.com\/Cirkultura\/\">CIRKULTURA<\/a>, izvo\u0111a\u010dicom, voditeljkom radionica na raznim cirkuskim i muzi\u010dkim festivalima, kao i inicijatorkom i \u010dlanicom organizacijskog tima Hrvatske hula hoop konvencije. \u0160ta je savremeni cirkus? Koji su dometi, izazovi, potencijali ove interdisciplinarne umetni\u010dke forme? Predstavljamo i\u00a0\u00a0<a href=\"https:\/\/www.facebook.com\/cufus.fest\">11.CU\u2019FUS- Cirkuski uli\u010dni festival u Samoboru .<\/a><\/p>\r\n<p>.<\/p>\r\n<p>&nbsp;<\/p>\r\n<\/div>\r\n<\/div>\r\n<blockquote class='' style='border-left-color: #aeccc5;'><h5 class='blockquote-text' style='color: #aeccc5; line-height: undefinedpx;'>Ponedeljak\/subota, 25\/30. april 2022. \/ Radio Plac \/ 19:00\/17:00<\/h5><\/blockquote>\r\n<\/div>\r\n<p>.<\/p>\r\n<p>&nbsp;<\/p>\r\n<div class=\"o9v6fnle cxmmr5t8 oygrvhab hcukyx3x c1et5uql ii04i59q\">\r\n<div dir=\"auto\">\r\n<div class=\"kvgmc6g5 cxmmr5t8 oygrvhab hcukyx3x c1et5uql ii04i59q\">\r\n<p>Repriza emisije je u subotu, 30. aprila od 17 \u010dasova.<\/p>\r\n<\/div>\r\n<div class=\"kvgmc6g5 cxmmr5t8 oygrvhab hcukyx3x c1et5uql ii04i59q\">\r\n<p>&nbsp;<\/p>\r\n<\/div>\r\n<\/div>\r\n<p>.<\/p>\r\n<\/div>\r\n<p><iframe title=\"U Gostima - Epizoda 26 - Cirkultura\" width=\"100%\" height=\"120\" src=\"https:\/\/www.mixcloud.com\/widget\/iframe\/?feed=https%3A%2F%2Fwww.mixcloud.com%2Fradioplac%2Fu-gostima-epizoda-26-cirkultura%2F&amp;hide_cover=1\" frameborder=\"0\"><\/iframe><\/p>\r\n<p>.<\/p>\r\n<\/div>\r\n<div>\u00a0<\/div>\r\n<div>\u00a0<\/div>\r\n<div>Produkciju programa Radija Plac podr\u017eava\u00a0<a href=\"https:\/\/www.rwfund.org\/\">Rekonstrukcija \u017denski fond<\/a>\u00a0iz Beograda.\u00a0<\/div>\r\n<p>.<\/p>\r\n<p>\r\n\r\n<\/p>\r\n<p>&nbsp;<\/p>\r\n<p>\r\n\r\n<\/p>\r\n<p>&nbsp;<\/p>\r\n<p>\r\n\r\n<\/p>\r\n<p>.<\/p>\r\n<p>\r\n\r\n<\/p>\r\n<figure class=\"wp-block-image size-full is-resized\"><img decoding=\"async\" class=\"wp-image-17785\" src=\"https:\/\/www.klarairosa.com\/wp-content\/uploads\/2022\/03\/Rekonstrukcija.png\" alt=\"\" width=\"79\" height=\"79\" \/><\/figure>\r\n<p>\r\n\r\n<\/p>\r\n<p>&nbsp;<\/p>\r\n<p><\/p>\r\n<p>&nbsp;<\/p>\r\n<p>&nbsp;<\/p>","protected":false},"excerpt":{"rendered":"<p>U ponedeljak, 25. aprila od 19 \u010dasova na programu Radija Plac o\u010dekuje nas nova epizoda&#8230;<\/p>","protected":false},"author":1,"featured_media":18317,"comment_status":"closed","ping_status":"closed","sticky":false,"template":"","format":"standard","meta":{"content-type":"","inline_featured_image":false,"footnotes":""},"categories":[98],"tags":[],"class_list":["post-18236","post","type-post","status-publish","format-standard","has-post-thumbnail","hentry","category-radio-plac"],"yoast_head":"<!-- This site is optimized with the Yoast SEO plugin v27.5 - https:\/\/yoast.com\/product\/yoast-seo-wordpress\/ -->\n<title>Radio Plac Subotica \/ U gostima: Tatjana Vuleti\u0107, Cirkultura - Klara i Rosa<\/title>\n<meta name=\"robots\" content=\"index, follow, max-snippet:-1, max-image-preview:large, max-video-preview:-1\" \/>\n<link rel=\"canonical\" href=\"https:\/\/www.klarairosa.com\/en\/radio-plac-subotica-u-gostima-tatjana-vuletic-cirkultura\/\" \/>\n<meta property=\"og:locale\" content=\"en_GB\" \/>\n<meta property=\"og:type\" content=\"article\" \/>\n<meta property=\"og:title\" content=\"Radio Plac Subotica \/ U gostima: Tatjana Vuleti\u0107, Cirkultura - Klara i Rosa\" \/>\n<meta property=\"og:description\" content=\"U ponedeljak, 25. aprila od 19 \u010dasova na programu Radija Plac o\u010dekuje nas nova epizoda...\" \/>\n<meta property=\"og:url\" content=\"https:\/\/www.klarairosa.com\/en\/radio-plac-subotica-u-gostima-tatjana-vuletic-cirkultura\/\" \/>\n<meta property=\"og:site_name\" content=\"Klara i Rosa\" \/>\n<meta property=\"article:publisher\" content=\"https:\/\/www.facebook.com\/klarairosa\/\" \/>\n<meta property=\"article:published_time\" content=\"2022-04-18T11:33:20+00:00\" \/>\n<meta property=\"article:modified_time\" content=\"2022-05-25T12:37:14+00:00\" \/>\n<meta property=\"og:image\" content=\"https:\/\/www.klarairosa.com\/wp-content\/uploads\/2022\/04\/winterville-kesteni-papaja-e1650532047520.jpg\" \/>\n\t<meta property=\"og:image:width\" content=\"429\" \/>\n\t<meta property=\"og:image:height\" content=\"321\" \/>\n\t<meta property=\"og:image:type\" content=\"image\/jpeg\" \/>\n<meta name=\"author\" content=\"Klara i Rosa\" \/>\n<meta name=\"twitter:card\" content=\"summary_large_image\" \/>\n<meta name=\"twitter:label1\" content=\"Written by\" \/>\n\t<meta name=\"twitter:data1\" content=\"Klara i Rosa\" \/>\n\t<meta name=\"twitter:label2\" content=\"Estimated reading time\" \/>\n\t<meta name=\"twitter:data2\" content=\"1 minute\" \/>\n<script type=\"application\/ld+json\" class=\"yoast-schema-graph\">{\"@context\":\"https:\\\/\\\/schema.org\",\"@graph\":[{\"@type\":\"Article\",\"@id\":\"https:\\\/\\\/www.klarairosa.com\\\/radio-plac-subotica-u-gostima-tatjana-vuletic-cirkultura\\\/#article\",\"isPartOf\":{\"@id\":\"https:\\\/\\\/www.klarairosa.com\\\/radio-plac-subotica-u-gostima-tatjana-vuletic-cirkultura\\\/\"},\"author\":{\"name\":\"Klara i Rosa\",\"@id\":\"https:\\\/\\\/www.klarairosa.com\\\/en\\\/#\\\/schema\\\/person\\\/e4e7e9e5c8eeeddccf61e4532ae8e6ed\"},\"headline\":\"Radio Plac Subotica \\\/ U gostima: Tatjana Vuleti\u0107, Cirkultura\",\"datePublished\":\"2022-04-18T11:33:20+00:00\",\"dateModified\":\"2022-05-25T12:37:14+00:00\",\"mainEntityOfPage\":{\"@id\":\"https:\\\/\\\/www.klarairosa.com\\\/radio-plac-subotica-u-gostima-tatjana-vuletic-cirkultura\\\/\"},\"wordCount\":146,\"publisher\":{\"@id\":\"https:\\\/\\\/www.klarairosa.com\\\/en\\\/#organization\"},\"image\":{\"@id\":\"https:\\\/\\\/www.klarairosa.com\\\/radio-plac-subotica-u-gostima-tatjana-vuletic-cirkultura\\\/#primaryimage\"},\"thumbnailUrl\":\"https:\\\/\\\/www.klarairosa.com\\\/wp-content\\\/uploads\\\/2022\\\/04\\\/winterville-kesteni-papaja-e1650532047520.jpg\",\"articleSection\":[\"Radio Plac\"],\"inLanguage\":\"en-GB\"},{\"@type\":\"WebPage\",\"@id\":\"https:\\\/\\\/www.klarairosa.com\\\/radio-plac-subotica-u-gostima-tatjana-vuletic-cirkultura\\\/\",\"url\":\"https:\\\/\\\/www.klarairosa.com\\\/radio-plac-subotica-u-gostima-tatjana-vuletic-cirkultura\\\/\",\"name\":\"Radio Plac Subotica \\\/ U gostima: Tatjana Vuleti\u0107, Cirkultura - Klara i Rosa\",\"isPartOf\":{\"@id\":\"https:\\\/\\\/www.klarairosa.com\\\/en\\\/#website\"},\"primaryImageOfPage\":{\"@id\":\"https:\\\/\\\/www.klarairosa.com\\\/radio-plac-subotica-u-gostima-tatjana-vuletic-cirkultura\\\/#primaryimage\"},\"image\":{\"@id\":\"https:\\\/\\\/www.klarairosa.com\\\/radio-plac-subotica-u-gostima-tatjana-vuletic-cirkultura\\\/#primaryimage\"},\"thumbnailUrl\":\"https:\\\/\\\/www.klarairosa.com\\\/wp-content\\\/uploads\\\/2022\\\/04\\\/winterville-kesteni-papaja-e1650532047520.jpg\",\"datePublished\":\"2022-04-18T11:33:20+00:00\",\"dateModified\":\"2022-05-25T12:37:14+00:00\",\"breadcrumb\":{\"@id\":\"https:\\\/\\\/www.klarairosa.com\\\/radio-plac-subotica-u-gostima-tatjana-vuletic-cirkultura\\\/#breadcrumb\"},\"inLanguage\":\"en-GB\",\"potentialAction\":[{\"@type\":\"ReadAction\",\"target\":[\"https:\\\/\\\/www.klarairosa.com\\\/radio-plac-subotica-u-gostima-tatjana-vuletic-cirkultura\\\/\"]}]},{\"@type\":\"ImageObject\",\"inLanguage\":\"en-GB\",\"@id\":\"https:\\\/\\\/www.klarairosa.com\\\/radio-plac-subotica-u-gostima-tatjana-vuletic-cirkultura\\\/#primaryimage\",\"url\":\"https:\\\/\\\/www.klarairosa.com\\\/wp-content\\\/uploads\\\/2022\\\/04\\\/winterville-kesteni-papaja-e1650532047520.jpg\",\"contentUrl\":\"https:\\\/\\\/www.klarairosa.com\\\/wp-content\\\/uploads\\\/2022\\\/04\\\/winterville-kesteni-papaja-e1650532047520.jpg\",\"width\":429,\"height\":321},{\"@type\":\"BreadcrumbList\",\"@id\":\"https:\\\/\\\/www.klarairosa.com\\\/radio-plac-subotica-u-gostima-tatjana-vuletic-cirkultura\\\/#breadcrumb\",\"itemListElement\":[{\"@type\":\"ListItem\",\"position\":1,\"name\":\"Home\",\"item\":\"https:\\\/\\\/www.klarairosa.com\\\/\"},{\"@type\":\"ListItem\",\"position\":2,\"name\":\"Radio Plac Subotica \\\/ U gostima: Tatjana Vuleti\u0107, Cirkultura\"}]},{\"@type\":\"WebSite\",\"@id\":\"https:\\\/\\\/www.klarairosa.com\\\/en\\\/#website\",\"url\":\"https:\\\/\\\/www.klarairosa.com\\\/en\\\/\",\"name\":\"Klara i Rosa\",\"description\":\"Klara i Rosa\",\"publisher\":{\"@id\":\"https:\\\/\\\/www.klarairosa.com\\\/en\\\/#organization\"},\"potentialAction\":[{\"@type\":\"SearchAction\",\"target\":{\"@type\":\"EntryPoint\",\"urlTemplate\":\"https:\\\/\\\/www.klarairosa.com\\\/en\\\/?s={search_term_string}\"},\"query-input\":{\"@type\":\"PropertyValueSpecification\",\"valueRequired\":true,\"valueName\":\"search_term_string\"}}],\"inLanguage\":\"en-GB\"},{\"@type\":\"Organization\",\"@id\":\"https:\\\/\\\/www.klarairosa.com\\\/en\\\/#organization\",\"name\":\"Klara i Rosa\",\"url\":\"https:\\\/\\\/www.klarairosa.com\\\/en\\\/\",\"logo\":{\"@type\":\"ImageObject\",\"inLanguage\":\"en-GB\",\"@id\":\"https:\\\/\\\/www.klarairosa.com\\\/en\\\/#\\\/schema\\\/logo\\\/image\\\/\",\"url\":\"https:\\\/\\\/www.klarairosa.com\\\/wp-content\\\/uploads\\\/2022\\\/01\\\/logo.svg\",\"contentUrl\":\"https:\\\/\\\/www.klarairosa.com\\\/wp-content\\\/uploads\\\/2022\\\/01\\\/logo.svg\",\"width\":110,\"height\":139,\"caption\":\"Klara i Rosa\"},\"image\":{\"@id\":\"https:\\\/\\\/www.klarairosa.com\\\/en\\\/#\\\/schema\\\/logo\\\/image\\\/\"},\"sameAs\":[\"https:\\\/\\\/www.facebook.com\\\/klarairosa\\\/\",\"https:\\\/\\\/www.instagram.com\\\/ugklarairosa\\\/\"]},{\"@type\":\"Person\",\"@id\":\"https:\\\/\\\/www.klarairosa.com\\\/en\\\/#\\\/schema\\\/person\\\/e4e7e9e5c8eeeddccf61e4532ae8e6ed\",\"name\":\"Klara i Rosa\",\"image\":{\"@type\":\"ImageObject\",\"inLanguage\":\"en-GB\",\"@id\":\"https:\\\/\\\/secure.gravatar.com\\\/avatar\\\/c83ee539a067b9f57ae5d8999ae286c4f98b5c4bd943b8cbb64f6b0fc1f29e40?s=96&d=mm&r=g\",\"url\":\"https:\\\/\\\/secure.gravatar.com\\\/avatar\\\/c83ee539a067b9f57ae5d8999ae286c4f98b5c4bd943b8cbb64f6b0fc1f29e40?s=96&d=mm&r=g\",\"contentUrl\":\"https:\\\/\\\/secure.gravatar.com\\\/avatar\\\/c83ee539a067b9f57ae5d8999ae286c4f98b5c4bd943b8cbb64f6b0fc1f29e40?s=96&d=mm&r=g\",\"caption\":\"Klara i Rosa\"},\"sameAs\":[\"https:\\\/\\\/klarairosa.com\"],\"url\":\"https:\\\/\\\/www.klarairosa.com\\\/en\\\/author\\\/rosaiklara\\\/\"}]}<\/script>\n<!-- \/ Yoast SEO plugin. -->","yoast_head_json":{"title":"Radio Plac Subotica \/ U gostima: Tatjana Vuleti\u0107, Cirkultura - Klara i Rosa","robots":{"index":"index","follow":"follow","max-snippet":"max-snippet:-1","max-image-preview":"max-image-preview:large","max-video-preview":"max-video-preview:-1"},"canonical":"https:\/\/www.klarairosa.com\/en\/radio-plac-subotica-u-gostima-tatjana-vuletic-cirkultura\/","og_locale":"en_GB","og_type":"article","og_title":"Radio Plac Subotica \/ U gostima: Tatjana Vuleti\u0107, Cirkultura - Klara i Rosa","og_description":"U ponedeljak, 25. aprila od 19 \u010dasova na programu Radija Plac o\u010dekuje nas nova epizoda...","og_url":"https:\/\/www.klarairosa.com\/en\/radio-plac-subotica-u-gostima-tatjana-vuletic-cirkultura\/","og_site_name":"Klara i Rosa","article_publisher":"https:\/\/www.facebook.com\/klarairosa\/","article_published_time":"2022-04-18T11:33:20+00:00","article_modified_time":"2022-05-25T12:37:14+00:00","og_image":[{"width":429,"height":321,"url":"https:\/\/www.klarairosa.com\/wp-content\/uploads\/2022\/04\/winterville-kesteni-papaja-e1650532047520.jpg","type":"image\/jpeg"}],"author":"Klara i Rosa","twitter_card":"summary_large_image","twitter_misc":{"Written by":"Klara i Rosa","Estimated reading time":"1 minute"},"schema":{"@context":"https:\/\/schema.org","@graph":[{"@type":"Article","@id":"https:\/\/www.klarairosa.com\/radio-plac-subotica-u-gostima-tatjana-vuletic-cirkultura\/#article","isPartOf":{"@id":"https:\/\/www.klarairosa.com\/radio-plac-subotica-u-gostima-tatjana-vuletic-cirkultura\/"},"author":{"name":"Klara i Rosa","@id":"https:\/\/www.klarairosa.com\/en\/#\/schema\/person\/e4e7e9e5c8eeeddccf61e4532ae8e6ed"},"headline":"Radio Plac Subotica \/ U gostima: Tatjana Vuleti\u0107, Cirkultura","datePublished":"2022-04-18T11:33:20+00:00","dateModified":"2022-05-25T12:37:14+00:00","mainEntityOfPage":{"@id":"https:\/\/www.klarairosa.com\/radio-plac-subotica-u-gostima-tatjana-vuletic-cirkultura\/"},"wordCount":146,"publisher":{"@id":"https:\/\/www.klarairosa.com\/en\/#organization"},"image":{"@id":"https:\/\/www.klarairosa.com\/radio-plac-subotica-u-gostima-tatjana-vuletic-cirkultura\/#primaryimage"},"thumbnailUrl":"https:\/\/www.klarairosa.com\/wp-content\/uploads\/2022\/04\/winterville-kesteni-papaja-e1650532047520.jpg","articleSection":["Radio Plac"],"inLanguage":"en-GB"},{"@type":"WebPage","@id":"https:\/\/www.klarairosa.com\/radio-plac-subotica-u-gostima-tatjana-vuletic-cirkultura\/","url":"https:\/\/www.klarairosa.com\/radio-plac-subotica-u-gostima-tatjana-vuletic-cirkultura\/","name":"Radio Plac Subotica \/ U gostima: Tatjana Vuleti\u0107, Cirkultura - Klara i Rosa","isPartOf":{"@id":"https:\/\/www.klarairosa.com\/en\/#website"},"primaryImageOfPage":{"@id":"https:\/\/www.klarairosa.com\/radio-plac-subotica-u-gostima-tatjana-vuletic-cirkultura\/#primaryimage"},"image":{"@id":"https:\/\/www.klarairosa.com\/radio-plac-subotica-u-gostima-tatjana-vuletic-cirkultura\/#primaryimage"},"thumbnailUrl":"https:\/\/www.klarairosa.com\/wp-content\/uploads\/2022\/04\/winterville-kesteni-papaja-e1650532047520.jpg","datePublished":"2022-04-18T11:33:20+00:00","dateModified":"2022-05-25T12:37:14+00:00","breadcrumb":{"@id":"https:\/\/www.klarairosa.com\/radio-plac-subotica-u-gostima-tatjana-vuletic-cirkultura\/#breadcrumb"},"inLanguage":"en-GB","potentialAction":[{"@type":"ReadAction","target":["https:\/\/www.klarairosa.com\/radio-plac-subotica-u-gostima-tatjana-vuletic-cirkultura\/"]}]},{"@type":"ImageObject","inLanguage":"en-GB","@id":"https:\/\/www.klarairosa.com\/radio-plac-subotica-u-gostima-tatjana-vuletic-cirkultura\/#primaryimage","url":"https:\/\/www.klarairosa.com\/wp-content\/uploads\/2022\/04\/winterville-kesteni-papaja-e1650532047520.jpg","contentUrl":"https:\/\/www.klarairosa.com\/wp-content\/uploads\/2022\/04\/winterville-kesteni-papaja-e1650532047520.jpg","width":429,"height":321},{"@type":"BreadcrumbList","@id":"https:\/\/www.klarairosa.com\/radio-plac-subotica-u-gostima-tatjana-vuletic-cirkultura\/#breadcrumb","itemListElement":[{"@type":"ListItem","position":1,"name":"Home","item":"https:\/\/www.klarairosa.com\/"},{"@type":"ListItem","position":2,"name":"Radio Plac Subotica \/ U gostima: Tatjana Vuleti\u0107, Cirkultura"}]},{"@type":"WebSite","@id":"https:\/\/www.klarairosa.com\/en\/#website","url":"https:\/\/www.klarairosa.com\/en\/","name":"Klara i Rosa","description":"Klara i Rosa","publisher":{"@id":"https:\/\/www.klarairosa.com\/en\/#organization"},"potentialAction":[{"@type":"SearchAction","target":{"@type":"EntryPoint","urlTemplate":"https:\/\/www.klarairosa.com\/en\/?s={search_term_string}"},"query-input":{"@type":"PropertyValueSpecification","valueRequired":true,"valueName":"search_term_string"}}],"inLanguage":"en-GB"},{"@type":"Organization","@id":"https:\/\/www.klarairosa.com\/en\/#organization","name":"Klara i Rosa","url":"https:\/\/www.klarairosa.com\/en\/","logo":{"@type":"ImageObject","inLanguage":"en-GB","@id":"https:\/\/www.klarairosa.com\/en\/#\/schema\/logo\/image\/","url":"https:\/\/www.klarairosa.com\/wp-content\/uploads\/2022\/01\/logo.svg","contentUrl":"https:\/\/www.klarairosa.com\/wp-content\/uploads\/2022\/01\/logo.svg","width":110,"height":139,"caption":"Klara i Rosa"},"image":{"@id":"https:\/\/www.klarairosa.com\/en\/#\/schema\/logo\/image\/"},"sameAs":["https:\/\/www.facebook.com\/klarairosa\/","https:\/\/www.instagram.com\/ugklarairosa\/"]},{"@type":"Person","@id":"https:\/\/www.klarairosa.com\/en\/#\/schema\/person\/e4e7e9e5c8eeeddccf61e4532ae8e6ed","name":"Klara i Rosa","image":{"@type":"ImageObject","inLanguage":"en-GB","@id":"https:\/\/secure.gravatar.com\/avatar\/c83ee539a067b9f57ae5d8999ae286c4f98b5c4bd943b8cbb64f6b0fc1f29e40?s=96&d=mm&r=g","url":"https:\/\/secure.gravatar.com\/avatar\/c83ee539a067b9f57ae5d8999ae286c4f98b5c4bd943b8cbb64f6b0fc1f29e40?s=96&d=mm&r=g","contentUrl":"https:\/\/secure.gravatar.com\/avatar\/c83ee539a067b9f57ae5d8999ae286c4f98b5c4bd943b8cbb64f6b0fc1f29e40?s=96&d=mm&r=g","caption":"Klara i Rosa"},"sameAs":["https:\/\/klarairosa.com"],"url":"https:\/\/www.klarairosa.com\/en\/author\/rosaiklara\/"}]}},"_links":{"self":[{"href":"https:\/\/www.klarairosa.com\/en\/wp-json\/wp\/v2\/posts\/18236","targetHints":{"allow":["GET"]}}],"collection":[{"href":"https:\/\/www.klarairosa.com\/en\/wp-json\/wp\/v2\/posts"}],"about":[{"href":"https:\/\/www.klarairosa.com\/en\/wp-json\/wp\/v2\/types\/post"}],"author":[{"embeddable":true,"href":"https:\/\/www.klarairosa.com\/en\/wp-json\/wp\/v2\/users\/1"}],"replies":[{"embeddable":true,"href":"https:\/\/www.klarairosa.com\/en\/wp-json\/wp\/v2\/comments?post=18236"}],"version-history":[{"count":9,"href":"https:\/\/www.klarairosa.com\/en\/wp-json\/wp\/v2\/posts\/18236\/revisions"}],"predecessor-version":[{"id":18343,"href":"https:\/\/www.klarairosa.com\/en\/wp-json\/wp\/v2\/posts\/18236\/revisions\/18343"}],"wp:featuredmedia":[{"embeddable":true,"href":"https:\/\/www.klarairosa.com\/en\/wp-json\/wp\/v2\/media\/18317"}],"wp:attachment":[{"href":"https:\/\/www.klarairosa.com\/en\/wp-json\/wp\/v2\/media?parent=18236"}],"wp:term":[{"taxonomy":"category","embeddable":true,"href":"https:\/\/www.klarairosa.com\/en\/wp-json\/wp\/v2\/categories?post=18236"},{"taxonomy":"post_tag","embeddable":true,"href":"https:\/\/www.klarairosa.com\/en\/wp-json\/wp\/v2\/tags?post=18236"}],"curies":[{"name":"wp","href":"https:\/\/api.w.org\/{rel}","templated":true}]}}