{"id":17359,"date":"2022-03-06T01:14:00","date_gmt":"2022-03-06T01:14:00","guid":{"rendered":"https:\/\/www.klarairosa.com\/?p=17359"},"modified":"2022-03-30T20:04:57","modified_gmt":"2022-03-30T20:04:57","slug":"radio-plac-u-gostima-miroslav-lazendic","status":"publish","type":"post","link":"https:\/\/www.klarairosa.com\/en\/radio-plac-u-gostima-miroslav-lazendic\/","title":{"rendered":"Radio Plac: U gostima \u2013 Miroslav Lazendi\u0107"},"content":{"rendered":"<p>Ove nedelje, 27. februara od 15 \u010dasova, u emisiji U gostima razgovaramo sa Miroslavom Lazendi\u0107em, povodom njegove izlo\u017ebe koja je bila postavljena u Dvori\u0161noj galeriji tokom januara i februara 2022. godine. Emisija je na programu Radija Plac.<br \/>.<\/p>\r\n<blockquote class='' style='border-left-color: #aeccc5;'><h5 class='blockquote-text' style='color: #aeccc5; line-height: undefinedpx;'>Nedelja, 27. februar 2022. \/ Radio Plac \/ 15:00<\/h5><\/blockquote>\r\n<p>.<\/p>\r\n\r\n\r\n\r\n<p>Repriza emisije je u nedelju, 06. marta od 15 \u010dasova.<\/p>\r\n\r\n\r\n\r\n<p>Razgovor vodi Jelena Gruji\u010di\u0107.<\/p>\r\n\r\n\r\n\r\n<p>.<\/p>\r\n\r\n\r\n\r\n<p>Ova izlo\u017eba pod nazivom \u201eIskori\u0161\u0107eno\/Used\u201c predstavljala je uvod za: \u201eSve \u0161to treba da uradimo je da ga sastavimo, rastavimo i ponovo sastavimo #2\u201c, njegovu samostalnu izlo\u017ebu krajem marta u Otvorenom ateljeu F.<\/p>\r\n\r\n\r\n\r\n<p>.<\/p>\r\n\r\n\r\n\r\n<figure class=\"wp-block-embed is-type-rich is-provider-mixcloud wp-block-embed-mixcloud wp-embed-aspect-21-9 wp-has-aspect-ratio\">\r\n<div class=\"wp-block-embed__wrapper\">https:\/\/www.mixcloud.com\/radioplac\/u-gostima-epizoda-21-miroslav-lazendi%C4%87\/<\/div>\r\n<\/figure>\r\n\r\n\r\n\r\n<p>&nbsp;<\/p>\r\n\r\n\r\n\r\n<p>Bio:<br \/>Miroslav Lazendi\u0107, ro\u0111en 1980. u Novom Sadu, od malih nogu veliki je ljubitelj 2D(2.5-3) nepokretnog vizuelnog izraza u svim oblicima. Sa manje ili vi\u0161e uspeha se oku\u0161ao u stripu, ilustraciji, grafi\u010dkom dizajnu, street art-u, tetova\u017ei i sito \u0161tampi, da bi se na kraju prona\u0161ao u kombinaciji svega toga.<br \/>Leta pandemijske 2020. sa prijateljima osniva OAF (Otvoreni atelje F) gde se trude da \u0161ire nezavisnu likovnu kulturu.<\/p>\r\n\r\n\r\n\r\n<p>.<\/p>\r\n\r\n\r\n\r\n<p>&nbsp;<\/p>\r\n\r\n\r\n\r\n<p>Emisija se realizuje u okviru projekta UG \u201cKlara i Rosa\u201d i Centar za savremenu kulturu i umetnost u okviru programa \u201eCentar za savremenu kulturu i umetnost kao pokreta\u010d dru\u0161tvene promene\u201c. Projekat je podr\u017ean od strane Nacionalne koalicije za decentralizaciju, Fondacije Jelena \u0160anti\u0107, Grupe 484 i Evropske unije.<br \/>..<br \/><br \/>#EUzaTebe<br \/>@eusrbija<\/p>\r\n\r\n\r\n\r\n<p>.<\/p>\r\n\r\n\r\n\r\n<figure class=\"wp-block-image\"><img decoding=\"async\" class=\"wp-image-4957\" src=\"https:\/\/www.ckplac.org\/wp-content\/uploads\/2021\/11\/eu-300x79.png\" alt=\"\" \/><\/figure>\r\n\r\n\r\n\r\n<figure class=\"wp-block-image\"><img decoding=\"async\" class=\"wp-image-4959\" src=\"https:\/\/www.ckplac.org\/wp-content\/uploads\/2021\/11\/484-fjs-nkd-300x71.png\" alt=\"\" \/><\/figure>","protected":false},"excerpt":{"rendered":"<p>Ove nedelje, 27. februara od 15 \u010dasova, u emisiji U gostima razgovaramo sa Miroslavom Lazendi\u0107em,&#8230;<\/p>","protected":false},"author":1,"featured_media":17381,"comment_status":"closed","ping_status":"closed","sticky":false,"template":"","format":"standard","meta":{"content-type":"","inline_featured_image":false,"footnotes":""},"categories":[98],"tags":[],"class_list":["post-17359","post","type-post","status-publish","format-standard","has-post-thumbnail","hentry","category-radio-plac"],"yoast_head":"<!-- This site is optimized with the Yoast SEO plugin v27.5 - https:\/\/yoast.com\/product\/yoast-seo-wordpress\/ -->\n<title>Radio Plac: U gostima \u2013 Miroslav Lazendi\u0107 - Klara i Rosa<\/title>\n<meta name=\"robots\" content=\"index, follow, max-snippet:-1, max-image-preview:large, max-video-preview:-1\" \/>\n<link rel=\"canonical\" href=\"https:\/\/www.klarairosa.com\/en\/radio-plac-u-gostima-miroslav-lazendic\/\" \/>\n<meta property=\"og:locale\" content=\"en_GB\" \/>\n<meta property=\"og:type\" content=\"article\" \/>\n<meta property=\"og:title\" content=\"Radio Plac: U gostima \u2013 Miroslav Lazendi\u0107 - Klara i Rosa\" \/>\n<meta property=\"og:description\" content=\"Ove nedelje, 27. februara od 15 \u010dasova, u emisiji U gostima razgovaramo sa Miroslavom Lazendi\u0107em,...\" \/>\n<meta property=\"og:url\" content=\"https:\/\/www.klarairosa.com\/en\/radio-plac-u-gostima-miroslav-lazendic\/\" \/>\n<meta property=\"og:site_name\" content=\"Klara i Rosa\" \/>\n<meta property=\"article:publisher\" content=\"https:\/\/www.facebook.com\/klarairosa\/\" \/>\n<meta property=\"article:published_time\" content=\"2022-03-06T01:14:00+00:00\" \/>\n<meta property=\"article:modified_time\" content=\"2022-03-30T20:04:57+00:00\" \/>\n<meta property=\"og:image\" content=\"https:\/\/www.klarairosa.com\/wp-content\/uploads\/2022\/03\/miki-4-e1648371569634.jpg\" \/>\n\t<meta property=\"og:image:width\" content=\"751\" \/>\n\t<meta property=\"og:image:height\" content=\"576\" \/>\n\t<meta property=\"og:image:type\" content=\"image\/jpeg\" \/>\n<meta name=\"author\" content=\"Klara i Rosa\" \/>\n<meta name=\"twitter:card\" content=\"summary_large_image\" \/>\n<meta name=\"twitter:label1\" content=\"Written by\" \/>\n\t<meta name=\"twitter:data1\" content=\"Klara i Rosa\" \/>\n\t<meta name=\"twitter:label2\" content=\"Estimated reading time\" \/>\n\t<meta name=\"twitter:data2\" content=\"1 minute\" \/>\n<script type=\"application\/ld+json\" class=\"yoast-schema-graph\">{\"@context\":\"https:\\\/\\\/schema.org\",\"@graph\":[{\"@type\":\"Article\",\"@id\":\"https:\\\/\\\/www.klarairosa.com\\\/radio-plac-u-gostima-miroslav-lazendic\\\/#article\",\"isPartOf\":{\"@id\":\"https:\\\/\\\/www.klarairosa.com\\\/radio-plac-u-gostima-miroslav-lazendic\\\/\"},\"author\":{\"name\":\"Klara i Rosa\",\"@id\":\"https:\\\/\\\/www.klarairosa.com\\\/en\\\/#\\\/schema\\\/person\\\/e4e7e9e5c8eeeddccf61e4532ae8e6ed\"},\"headline\":\"Radio Plac: U gostima \u2013 Miroslav Lazendi\u0107\",\"datePublished\":\"2022-03-06T01:14:00+00:00\",\"dateModified\":\"2022-03-30T20:04:57+00:00\",\"mainEntityOfPage\":{\"@id\":\"https:\\\/\\\/www.klarairosa.com\\\/radio-plac-u-gostima-miroslav-lazendic\\\/\"},\"wordCount\":248,\"publisher\":{\"@id\":\"https:\\\/\\\/www.klarairosa.com\\\/en\\\/#organization\"},\"image\":{\"@id\":\"https:\\\/\\\/www.klarairosa.com\\\/radio-plac-u-gostima-miroslav-lazendic\\\/#primaryimage\"},\"thumbnailUrl\":\"https:\\\/\\\/www.klarairosa.com\\\/wp-content\\\/uploads\\\/2022\\\/03\\\/miki-4-e1648371569634.jpg\",\"articleSection\":[\"Radio Plac\"],\"inLanguage\":\"en-GB\"},{\"@type\":\"WebPage\",\"@id\":\"https:\\\/\\\/www.klarairosa.com\\\/radio-plac-u-gostima-miroslav-lazendic\\\/\",\"url\":\"https:\\\/\\\/www.klarairosa.com\\\/radio-plac-u-gostima-miroslav-lazendic\\\/\",\"name\":\"Radio Plac: U gostima \u2013 Miroslav Lazendi\u0107 - Klara i Rosa\",\"isPartOf\":{\"@id\":\"https:\\\/\\\/www.klarairosa.com\\\/en\\\/#website\"},\"primaryImageOfPage\":{\"@id\":\"https:\\\/\\\/www.klarairosa.com\\\/radio-plac-u-gostima-miroslav-lazendic\\\/#primaryimage\"},\"image\":{\"@id\":\"https:\\\/\\\/www.klarairosa.com\\\/radio-plac-u-gostima-miroslav-lazendic\\\/#primaryimage\"},\"thumbnailUrl\":\"https:\\\/\\\/www.klarairosa.com\\\/wp-content\\\/uploads\\\/2022\\\/03\\\/miki-4-e1648371569634.jpg\",\"datePublished\":\"2022-03-06T01:14:00+00:00\",\"dateModified\":\"2022-03-30T20:04:57+00:00\",\"breadcrumb\":{\"@id\":\"https:\\\/\\\/www.klarairosa.com\\\/radio-plac-u-gostima-miroslav-lazendic\\\/#breadcrumb\"},\"inLanguage\":\"en-GB\",\"potentialAction\":[{\"@type\":\"ReadAction\",\"target\":[\"https:\\\/\\\/www.klarairosa.com\\\/radio-plac-u-gostima-miroslav-lazendic\\\/\"]}]},{\"@type\":\"ImageObject\",\"inLanguage\":\"en-GB\",\"@id\":\"https:\\\/\\\/www.klarairosa.com\\\/radio-plac-u-gostima-miroslav-lazendic\\\/#primaryimage\",\"url\":\"https:\\\/\\\/www.klarairosa.com\\\/wp-content\\\/uploads\\\/2022\\\/03\\\/miki-4-e1648371569634.jpg\",\"contentUrl\":\"https:\\\/\\\/www.klarairosa.com\\\/wp-content\\\/uploads\\\/2022\\\/03\\\/miki-4-e1648371569634.jpg\",\"width\":751,\"height\":576},{\"@type\":\"BreadcrumbList\",\"@id\":\"https:\\\/\\\/www.klarairosa.com\\\/radio-plac-u-gostima-miroslav-lazendic\\\/#breadcrumb\",\"itemListElement\":[{\"@type\":\"ListItem\",\"position\":1,\"name\":\"Home\",\"item\":\"https:\\\/\\\/www.klarairosa.com\\\/\"},{\"@type\":\"ListItem\",\"position\":2,\"name\":\"Radio Plac: U gostima \u2013 Miroslav Lazendi\u0107\"}]},{\"@type\":\"WebSite\",\"@id\":\"https:\\\/\\\/www.klarairosa.com\\\/en\\\/#website\",\"url\":\"https:\\\/\\\/www.klarairosa.com\\\/en\\\/\",\"name\":\"Klara i Rosa\",\"description\":\"Klara i Rosa\",\"publisher\":{\"@id\":\"https:\\\/\\\/www.klarairosa.com\\\/en\\\/#organization\"},\"potentialAction\":[{\"@type\":\"SearchAction\",\"target\":{\"@type\":\"EntryPoint\",\"urlTemplate\":\"https:\\\/\\\/www.klarairosa.com\\\/en\\\/?s={search_term_string}\"},\"query-input\":{\"@type\":\"PropertyValueSpecification\",\"valueRequired\":true,\"valueName\":\"search_term_string\"}}],\"inLanguage\":\"en-GB\"},{\"@type\":\"Organization\",\"@id\":\"https:\\\/\\\/www.klarairosa.com\\\/en\\\/#organization\",\"name\":\"Klara i Rosa\",\"url\":\"https:\\\/\\\/www.klarairosa.com\\\/en\\\/\",\"logo\":{\"@type\":\"ImageObject\",\"inLanguage\":\"en-GB\",\"@id\":\"https:\\\/\\\/www.klarairosa.com\\\/en\\\/#\\\/schema\\\/logo\\\/image\\\/\",\"url\":\"https:\\\/\\\/www.klarairosa.com\\\/wp-content\\\/uploads\\\/2022\\\/01\\\/logo.svg\",\"contentUrl\":\"https:\\\/\\\/www.klarairosa.com\\\/wp-content\\\/uploads\\\/2022\\\/01\\\/logo.svg\",\"width\":110,\"height\":139,\"caption\":\"Klara i Rosa\"},\"image\":{\"@id\":\"https:\\\/\\\/www.klarairosa.com\\\/en\\\/#\\\/schema\\\/logo\\\/image\\\/\"},\"sameAs\":[\"https:\\\/\\\/www.facebook.com\\\/klarairosa\\\/\",\"https:\\\/\\\/www.instagram.com\\\/ugklarairosa\\\/\"]},{\"@type\":\"Person\",\"@id\":\"https:\\\/\\\/www.klarairosa.com\\\/en\\\/#\\\/schema\\\/person\\\/e4e7e9e5c8eeeddccf61e4532ae8e6ed\",\"name\":\"Klara i Rosa\",\"image\":{\"@type\":\"ImageObject\",\"inLanguage\":\"en-GB\",\"@id\":\"https:\\\/\\\/secure.gravatar.com\\\/avatar\\\/c83ee539a067b9f57ae5d8999ae286c4f98b5c4bd943b8cbb64f6b0fc1f29e40?s=96&d=mm&r=g\",\"url\":\"https:\\\/\\\/secure.gravatar.com\\\/avatar\\\/c83ee539a067b9f57ae5d8999ae286c4f98b5c4bd943b8cbb64f6b0fc1f29e40?s=96&d=mm&r=g\",\"contentUrl\":\"https:\\\/\\\/secure.gravatar.com\\\/avatar\\\/c83ee539a067b9f57ae5d8999ae286c4f98b5c4bd943b8cbb64f6b0fc1f29e40?s=96&d=mm&r=g\",\"caption\":\"Klara i Rosa\"},\"sameAs\":[\"https:\\\/\\\/klarairosa.com\"],\"url\":\"https:\\\/\\\/www.klarairosa.com\\\/en\\\/author\\\/rosaiklara\\\/\"}]}<\/script>\n<!-- \/ Yoast SEO plugin. -->","yoast_head_json":{"title":"Radio Plac: U gostima \u2013 Miroslav Lazendi\u0107 - Klara i Rosa","robots":{"index":"index","follow":"follow","max-snippet":"max-snippet:-1","max-image-preview":"max-image-preview:large","max-video-preview":"max-video-preview:-1"},"canonical":"https:\/\/www.klarairosa.com\/en\/radio-plac-u-gostima-miroslav-lazendic\/","og_locale":"en_GB","og_type":"article","og_title":"Radio Plac: U gostima \u2013 Miroslav Lazendi\u0107 - Klara i Rosa","og_description":"Ove nedelje, 27. februara od 15 \u010dasova, u emisiji U gostima razgovaramo sa Miroslavom Lazendi\u0107em,...","og_url":"https:\/\/www.klarairosa.com\/en\/radio-plac-u-gostima-miroslav-lazendic\/","og_site_name":"Klara i Rosa","article_publisher":"https:\/\/www.facebook.com\/klarairosa\/","article_published_time":"2022-03-06T01:14:00+00:00","article_modified_time":"2022-03-30T20:04:57+00:00","og_image":[{"width":751,"height":576,"url":"https:\/\/www.klarairosa.com\/wp-content\/uploads\/2022\/03\/miki-4-e1648371569634.jpg","type":"image\/jpeg"}],"author":"Klara i Rosa","twitter_card":"summary_large_image","twitter_misc":{"Written by":"Klara i Rosa","Estimated reading time":"1 minute"},"schema":{"@context":"https:\/\/schema.org","@graph":[{"@type":"Article","@id":"https:\/\/www.klarairosa.com\/radio-plac-u-gostima-miroslav-lazendic\/#article","isPartOf":{"@id":"https:\/\/www.klarairosa.com\/radio-plac-u-gostima-miroslav-lazendic\/"},"author":{"name":"Klara i Rosa","@id":"https:\/\/www.klarairosa.com\/en\/#\/schema\/person\/e4e7e9e5c8eeeddccf61e4532ae8e6ed"},"headline":"Radio Plac: U gostima \u2013 Miroslav Lazendi\u0107","datePublished":"2022-03-06T01:14:00+00:00","dateModified":"2022-03-30T20:04:57+00:00","mainEntityOfPage":{"@id":"https:\/\/www.klarairosa.com\/radio-plac-u-gostima-miroslav-lazendic\/"},"wordCount":248,"publisher":{"@id":"https:\/\/www.klarairosa.com\/en\/#organization"},"image":{"@id":"https:\/\/www.klarairosa.com\/radio-plac-u-gostima-miroslav-lazendic\/#primaryimage"},"thumbnailUrl":"https:\/\/www.klarairosa.com\/wp-content\/uploads\/2022\/03\/miki-4-e1648371569634.jpg","articleSection":["Radio Plac"],"inLanguage":"en-GB"},{"@type":"WebPage","@id":"https:\/\/www.klarairosa.com\/radio-plac-u-gostima-miroslav-lazendic\/","url":"https:\/\/www.klarairosa.com\/radio-plac-u-gostima-miroslav-lazendic\/","name":"Radio Plac: U gostima \u2013 Miroslav Lazendi\u0107 - Klara i Rosa","isPartOf":{"@id":"https:\/\/www.klarairosa.com\/en\/#website"},"primaryImageOfPage":{"@id":"https:\/\/www.klarairosa.com\/radio-plac-u-gostima-miroslav-lazendic\/#primaryimage"},"image":{"@id":"https:\/\/www.klarairosa.com\/radio-plac-u-gostima-miroslav-lazendic\/#primaryimage"},"thumbnailUrl":"https:\/\/www.klarairosa.com\/wp-content\/uploads\/2022\/03\/miki-4-e1648371569634.jpg","datePublished":"2022-03-06T01:14:00+00:00","dateModified":"2022-03-30T20:04:57+00:00","breadcrumb":{"@id":"https:\/\/www.klarairosa.com\/radio-plac-u-gostima-miroslav-lazendic\/#breadcrumb"},"inLanguage":"en-GB","potentialAction":[{"@type":"ReadAction","target":["https:\/\/www.klarairosa.com\/radio-plac-u-gostima-miroslav-lazendic\/"]}]},{"@type":"ImageObject","inLanguage":"en-GB","@id":"https:\/\/www.klarairosa.com\/radio-plac-u-gostima-miroslav-lazendic\/#primaryimage","url":"https:\/\/www.klarairosa.com\/wp-content\/uploads\/2022\/03\/miki-4-e1648371569634.jpg","contentUrl":"https:\/\/www.klarairosa.com\/wp-content\/uploads\/2022\/03\/miki-4-e1648371569634.jpg","width":751,"height":576},{"@type":"BreadcrumbList","@id":"https:\/\/www.klarairosa.com\/radio-plac-u-gostima-miroslav-lazendic\/#breadcrumb","itemListElement":[{"@type":"ListItem","position":1,"name":"Home","item":"https:\/\/www.klarairosa.com\/"},{"@type":"ListItem","position":2,"name":"Radio Plac: U gostima \u2013 Miroslav Lazendi\u0107"}]},{"@type":"WebSite","@id":"https:\/\/www.klarairosa.com\/en\/#website","url":"https:\/\/www.klarairosa.com\/en\/","name":"Klara i Rosa","description":"Klara i Rosa","publisher":{"@id":"https:\/\/www.klarairosa.com\/en\/#organization"},"potentialAction":[{"@type":"SearchAction","target":{"@type":"EntryPoint","urlTemplate":"https:\/\/www.klarairosa.com\/en\/?s={search_term_string}"},"query-input":{"@type":"PropertyValueSpecification","valueRequired":true,"valueName":"search_term_string"}}],"inLanguage":"en-GB"},{"@type":"Organization","@id":"https:\/\/www.klarairosa.com\/en\/#organization","name":"Klara i Rosa","url":"https:\/\/www.klarairosa.com\/en\/","logo":{"@type":"ImageObject","inLanguage":"en-GB","@id":"https:\/\/www.klarairosa.com\/en\/#\/schema\/logo\/image\/","url":"https:\/\/www.klarairosa.com\/wp-content\/uploads\/2022\/01\/logo.svg","contentUrl":"https:\/\/www.klarairosa.com\/wp-content\/uploads\/2022\/01\/logo.svg","width":110,"height":139,"caption":"Klara i Rosa"},"image":{"@id":"https:\/\/www.klarairosa.com\/en\/#\/schema\/logo\/image\/"},"sameAs":["https:\/\/www.facebook.com\/klarairosa\/","https:\/\/www.instagram.com\/ugklarairosa\/"]},{"@type":"Person","@id":"https:\/\/www.klarairosa.com\/en\/#\/schema\/person\/e4e7e9e5c8eeeddccf61e4532ae8e6ed","name":"Klara i Rosa","image":{"@type":"ImageObject","inLanguage":"en-GB","@id":"https:\/\/secure.gravatar.com\/avatar\/c83ee539a067b9f57ae5d8999ae286c4f98b5c4bd943b8cbb64f6b0fc1f29e40?s=96&d=mm&r=g","url":"https:\/\/secure.gravatar.com\/avatar\/c83ee539a067b9f57ae5d8999ae286c4f98b5c4bd943b8cbb64f6b0fc1f29e40?s=96&d=mm&r=g","contentUrl":"https:\/\/secure.gravatar.com\/avatar\/c83ee539a067b9f57ae5d8999ae286c4f98b5c4bd943b8cbb64f6b0fc1f29e40?s=96&d=mm&r=g","caption":"Klara i Rosa"},"sameAs":["https:\/\/klarairosa.com"],"url":"https:\/\/www.klarairosa.com\/en\/author\/rosaiklara\/"}]}},"_links":{"self":[{"href":"https:\/\/www.klarairosa.com\/en\/wp-json\/wp\/v2\/posts\/17359","targetHints":{"allow":["GET"]}}],"collection":[{"href":"https:\/\/www.klarairosa.com\/en\/wp-json\/wp\/v2\/posts"}],"about":[{"href":"https:\/\/www.klarairosa.com\/en\/wp-json\/wp\/v2\/types\/post"}],"author":[{"embeddable":true,"href":"https:\/\/www.klarairosa.com\/en\/wp-json\/wp\/v2\/users\/1"}],"replies":[{"embeddable":true,"href":"https:\/\/www.klarairosa.com\/en\/wp-json\/wp\/v2\/comments?post=17359"}],"version-history":[{"count":3,"href":"https:\/\/www.klarairosa.com\/en\/wp-json\/wp\/v2\/posts\/17359\/revisions"}],"predecessor-version":[{"id":17815,"href":"https:\/\/www.klarairosa.com\/en\/wp-json\/wp\/v2\/posts\/17359\/revisions\/17815"}],"wp:featuredmedia":[{"embeddable":true,"href":"https:\/\/www.klarairosa.com\/en\/wp-json\/wp\/v2\/media\/17381"}],"wp:attachment":[{"href":"https:\/\/www.klarairosa.com\/en\/wp-json\/wp\/v2\/media?parent=17359"}],"wp:term":[{"taxonomy":"category","embeddable":true,"href":"https:\/\/www.klarairosa.com\/en\/wp-json\/wp\/v2\/categories?post=17359"},{"taxonomy":"post_tag","embeddable":true,"href":"https:\/\/www.klarairosa.com\/en\/wp-json\/wp\/v2\/tags?post=17359"}],"curies":[{"name":"wp","href":"https:\/\/api.w.org\/{rel}","templated":true}]}}