{"id":17224,"date":"2021-12-20T23:18:00","date_gmt":"2021-12-20T23:18:00","guid":{"rendered":"https:\/\/www.klarairosa.com\/?p=17224"},"modified":"2022-04-17T15:24:27","modified_gmt":"2022-04-17T15:24:27","slug":"radio-plac-subotica-bosonoga-deca-hodanje-po-zemlji","status":"publish","type":"post","link":"https:\/\/www.klarairosa.com\/en\/radio-plac-subotica-bosonoga-deca-hodanje-po-zemlji\/","title":{"rendered":"Radio Plac Subotica \/ Bosonoga deca: Hodanje po zemlji"},"content":{"rendered":"<p>Na programu Radija Plac od 19 \u010dasova u emisiji Bosonoga deca slu\u0161amo kako \u017eivi peto\u010dlana porodica na obroncima Stare planine. Marija Crna, ispred udru\u017eenja Hodanje po zemlji, govori o \u00a0prelasku iz grada na selo, borbi za ekolo\u0161ka prava, \u00a0izgradnji samoodr\u017eive zajednice po holisti\u010dkim i permakulturnim principima, izazovima i lepotama sela\u2026<\/p>\r\n\r\n\r\n\r\n<p>Ovo je emisija o hodanju po zemlji.<\/p>\r\n<p>.<\/p>\r\n<blockquote class='' style='border-left-color: #aeccc5;'><h5 class='blockquote-text' style='color: #aeccc5; line-height: undefinedpx;'>Ponedeljak, 20. decembar 2021. \/ Radio Plac \/ 19:00<\/h5><\/blockquote>\r\n\r\n\r\n\r\n<p>.<\/p>\r\n\r\n\r\n\r\n<p>Razgovor vodi Gordana Vukov Ciganjik.\u00a0\u00a0<\/p>\r\n\r\n\r\n\r\n<p>.<\/p>\r\n\r\n\r\n\r\n<figure class=\"wp-block-embed is-type-rich is-provider-mixcloud wp-block-embed-mixcloud wp-embed-aspect-21-9 wp-has-aspect-ratio\">\r\n<div class=\"wp-block-embed__wrapper\">\r\n<p><iframe title=\"Bosonoga Deca - Epizoda 18 - Hodanje Po Zemlji\" width=\"100%\" height=\"120\" src=\"https:\/\/www.mixcloud.com\/widget\/iframe\/?feed=https%3A%2F%2Fwww.mixcloud.com%2Fradioplac%2Fbosonoga-deca-epizoda-18-hodanje-po-zemlji%2F&amp;hide_cover=1\" frameborder=\"0\"><\/iframe><\/p>\r\n<p>.<\/p>\r\n<p>Produkciju programa Radija Plac podr\u017eava\u00a0<a href=\"https:\/\/www.rwfund.org\/\">Rekonstrukcija \u017denski fond<\/a>\u00a0iz Beograda.\u00a0<\/p>\r\n<p>.<\/p>\r\n<p><img decoding=\"async\" class=\"alignnone  wp-image-17785\" src=\"https:\/\/www.klarairosa.com\/wp-content\/uploads\/2022\/03\/Rekonstrukcija.png\" alt=\"\" width=\"76\" height=\"76\" \/><\/p>\r\n<\/div>\r\n<\/figure>","protected":false},"excerpt":{"rendered":"<p>Na programu Radija Plac od 19 \u010dasova u emisiji Bosonoga deca slu\u0161amo kako \u017eivi peto\u010dlana&#8230;<\/p>","protected":false},"author":1,"featured_media":17225,"comment_status":"closed","ping_status":"closed","sticky":false,"template":"","format":"standard","meta":{"content-type":"","inline_featured_image":false,"footnotes":""},"categories":[120,98],"tags":[],"class_list":["post-17224","post","type-post","status-publish","format-standard","has-post-thumbnail","hentry","category-ekologija","category-radio-plac"],"yoast_head":"<!-- This site is optimized with the Yoast SEO plugin v27.5 - https:\/\/yoast.com\/product\/yoast-seo-wordpress\/ -->\n<title>Radio Plac Subotica \/ Bosonoga deca: Hodanje po zemlji - Klara i Rosa<\/title>\n<meta name=\"robots\" content=\"index, follow, max-snippet:-1, max-image-preview:large, max-video-preview:-1\" \/>\n<link rel=\"canonical\" href=\"https:\/\/www.klarairosa.com\/en\/radio-plac-subotica-bosonoga-deca-hodanje-po-zemlji\/\" \/>\n<meta property=\"og:locale\" content=\"en_GB\" \/>\n<meta property=\"og:type\" content=\"article\" \/>\n<meta property=\"og:title\" content=\"Radio Plac Subotica \/ Bosonoga deca: Hodanje po zemlji - Klara i Rosa\" \/>\n<meta property=\"og:description\" content=\"Na programu Radija Plac od 19 \u010dasova u emisiji Bosonoga deca slu\u0161amo kako \u017eivi peto\u010dlana...\" \/>\n<meta property=\"og:url\" content=\"https:\/\/www.klarairosa.com\/en\/radio-plac-subotica-bosonoga-deca-hodanje-po-zemlji\/\" \/>\n<meta property=\"og:site_name\" content=\"Klara i Rosa\" \/>\n<meta property=\"article:publisher\" content=\"https:\/\/www.facebook.com\/klarairosa\/\" \/>\n<meta property=\"article:published_time\" content=\"2021-12-20T23:18:00+00:00\" \/>\n<meta property=\"article:modified_time\" content=\"2022-04-17T15:24:27+00:00\" \/>\n<meta property=\"og:image\" content=\"https:\/\/www.klarairosa.com\/wp-content\/uploads\/2022\/03\/Hodanje-po-zemlji-e1648384678371.jpg\" \/>\n\t<meta property=\"og:image:width\" content=\"542\" \/>\n\t<meta property=\"og:image:height\" content=\"406\" \/>\n\t<meta property=\"og:image:type\" content=\"image\/jpeg\" \/>\n<meta name=\"author\" content=\"Klara i Rosa\" \/>\n<meta name=\"twitter:card\" content=\"summary_large_image\" \/>\n<meta name=\"twitter:label1\" content=\"Written by\" \/>\n\t<meta name=\"twitter:data1\" content=\"Klara i Rosa\" \/>\n\t<meta name=\"twitter:label2\" content=\"Estimated reading time\" \/>\n\t<meta name=\"twitter:data2\" content=\"1 minute\" \/>\n<script type=\"application\/ld+json\" class=\"yoast-schema-graph\">{\"@context\":\"https:\\\/\\\/schema.org\",\"@graph\":[{\"@type\":\"Article\",\"@id\":\"https:\\\/\\\/www.klarairosa.com\\\/radio-plac-subotica-bosonoga-deca-hodanje-po-zemlji\\\/#article\",\"isPartOf\":{\"@id\":\"https:\\\/\\\/www.klarairosa.com\\\/radio-plac-subotica-bosonoga-deca-hodanje-po-zemlji\\\/\"},\"author\":{\"name\":\"Klara i Rosa\",\"@id\":\"https:\\\/\\\/www.klarairosa.com\\\/en\\\/#\\\/schema\\\/person\\\/e4e7e9e5c8eeeddccf61e4532ae8e6ed\"},\"headline\":\"Radio Plac Subotica \\\/ Bosonoga deca: Hodanje po zemlji\",\"datePublished\":\"2021-12-20T23:18:00+00:00\",\"dateModified\":\"2022-04-17T15:24:27+00:00\",\"mainEntityOfPage\":{\"@id\":\"https:\\\/\\\/www.klarairosa.com\\\/radio-plac-subotica-bosonoga-deca-hodanje-po-zemlji\\\/\"},\"wordCount\":120,\"publisher\":{\"@id\":\"https:\\\/\\\/www.klarairosa.com\\\/en\\\/#organization\"},\"image\":{\"@id\":\"https:\\\/\\\/www.klarairosa.com\\\/radio-plac-subotica-bosonoga-deca-hodanje-po-zemlji\\\/#primaryimage\"},\"thumbnailUrl\":\"https:\\\/\\\/www.klarairosa.com\\\/wp-content\\\/uploads\\\/2022\\\/03\\\/Hodanje-po-zemlji-e1648384678371.jpg\",\"articleSection\":[\"Ekologija\",\"Radio Plac\"],\"inLanguage\":\"en-GB\"},{\"@type\":\"WebPage\",\"@id\":\"https:\\\/\\\/www.klarairosa.com\\\/radio-plac-subotica-bosonoga-deca-hodanje-po-zemlji\\\/\",\"url\":\"https:\\\/\\\/www.klarairosa.com\\\/radio-plac-subotica-bosonoga-deca-hodanje-po-zemlji\\\/\",\"name\":\"Radio Plac Subotica \\\/ Bosonoga deca: Hodanje po zemlji - Klara i Rosa\",\"isPartOf\":{\"@id\":\"https:\\\/\\\/www.klarairosa.com\\\/en\\\/#website\"},\"primaryImageOfPage\":{\"@id\":\"https:\\\/\\\/www.klarairosa.com\\\/radio-plac-subotica-bosonoga-deca-hodanje-po-zemlji\\\/#primaryimage\"},\"image\":{\"@id\":\"https:\\\/\\\/www.klarairosa.com\\\/radio-plac-subotica-bosonoga-deca-hodanje-po-zemlji\\\/#primaryimage\"},\"thumbnailUrl\":\"https:\\\/\\\/www.klarairosa.com\\\/wp-content\\\/uploads\\\/2022\\\/03\\\/Hodanje-po-zemlji-e1648384678371.jpg\",\"datePublished\":\"2021-12-20T23:18:00+00:00\",\"dateModified\":\"2022-04-17T15:24:27+00:00\",\"breadcrumb\":{\"@id\":\"https:\\\/\\\/www.klarairosa.com\\\/radio-plac-subotica-bosonoga-deca-hodanje-po-zemlji\\\/#breadcrumb\"},\"inLanguage\":\"en-GB\",\"potentialAction\":[{\"@type\":\"ReadAction\",\"target\":[\"https:\\\/\\\/www.klarairosa.com\\\/radio-plac-subotica-bosonoga-deca-hodanje-po-zemlji\\\/\"]}]},{\"@type\":\"ImageObject\",\"inLanguage\":\"en-GB\",\"@id\":\"https:\\\/\\\/www.klarairosa.com\\\/radio-plac-subotica-bosonoga-deca-hodanje-po-zemlji\\\/#primaryimage\",\"url\":\"https:\\\/\\\/www.klarairosa.com\\\/wp-content\\\/uploads\\\/2022\\\/03\\\/Hodanje-po-zemlji-e1648384678371.jpg\",\"contentUrl\":\"https:\\\/\\\/www.klarairosa.com\\\/wp-content\\\/uploads\\\/2022\\\/03\\\/Hodanje-po-zemlji-e1648384678371.jpg\",\"width\":542,\"height\":406},{\"@type\":\"BreadcrumbList\",\"@id\":\"https:\\\/\\\/www.klarairosa.com\\\/radio-plac-subotica-bosonoga-deca-hodanje-po-zemlji\\\/#breadcrumb\",\"itemListElement\":[{\"@type\":\"ListItem\",\"position\":1,\"name\":\"Home\",\"item\":\"https:\\\/\\\/www.klarairosa.com\\\/\"},{\"@type\":\"ListItem\",\"position\":2,\"name\":\"Radio Plac Subotica \\\/ Bosonoga deca: Hodanje po zemlji\"}]},{\"@type\":\"WebSite\",\"@id\":\"https:\\\/\\\/www.klarairosa.com\\\/en\\\/#website\",\"url\":\"https:\\\/\\\/www.klarairosa.com\\\/en\\\/\",\"name\":\"Klara i Rosa\",\"description\":\"Klara i Rosa\",\"publisher\":{\"@id\":\"https:\\\/\\\/www.klarairosa.com\\\/en\\\/#organization\"},\"potentialAction\":[{\"@type\":\"SearchAction\",\"target\":{\"@type\":\"EntryPoint\",\"urlTemplate\":\"https:\\\/\\\/www.klarairosa.com\\\/en\\\/?s={search_term_string}\"},\"query-input\":{\"@type\":\"PropertyValueSpecification\",\"valueRequired\":true,\"valueName\":\"search_term_string\"}}],\"inLanguage\":\"en-GB\"},{\"@type\":\"Organization\",\"@id\":\"https:\\\/\\\/www.klarairosa.com\\\/en\\\/#organization\",\"name\":\"Klara i Rosa\",\"url\":\"https:\\\/\\\/www.klarairosa.com\\\/en\\\/\",\"logo\":{\"@type\":\"ImageObject\",\"inLanguage\":\"en-GB\",\"@id\":\"https:\\\/\\\/www.klarairosa.com\\\/en\\\/#\\\/schema\\\/logo\\\/image\\\/\",\"url\":\"https:\\\/\\\/www.klarairosa.com\\\/wp-content\\\/uploads\\\/2022\\\/01\\\/logo.svg\",\"contentUrl\":\"https:\\\/\\\/www.klarairosa.com\\\/wp-content\\\/uploads\\\/2022\\\/01\\\/logo.svg\",\"width\":110,\"height\":139,\"caption\":\"Klara i Rosa\"},\"image\":{\"@id\":\"https:\\\/\\\/www.klarairosa.com\\\/en\\\/#\\\/schema\\\/logo\\\/image\\\/\"},\"sameAs\":[\"https:\\\/\\\/www.facebook.com\\\/klarairosa\\\/\",\"https:\\\/\\\/www.instagram.com\\\/ugklarairosa\\\/\"]},{\"@type\":\"Person\",\"@id\":\"https:\\\/\\\/www.klarairosa.com\\\/en\\\/#\\\/schema\\\/person\\\/e4e7e9e5c8eeeddccf61e4532ae8e6ed\",\"name\":\"Klara i Rosa\",\"image\":{\"@type\":\"ImageObject\",\"inLanguage\":\"en-GB\",\"@id\":\"https:\\\/\\\/secure.gravatar.com\\\/avatar\\\/c83ee539a067b9f57ae5d8999ae286c4f98b5c4bd943b8cbb64f6b0fc1f29e40?s=96&d=mm&r=g\",\"url\":\"https:\\\/\\\/secure.gravatar.com\\\/avatar\\\/c83ee539a067b9f57ae5d8999ae286c4f98b5c4bd943b8cbb64f6b0fc1f29e40?s=96&d=mm&r=g\",\"contentUrl\":\"https:\\\/\\\/secure.gravatar.com\\\/avatar\\\/c83ee539a067b9f57ae5d8999ae286c4f98b5c4bd943b8cbb64f6b0fc1f29e40?s=96&d=mm&r=g\",\"caption\":\"Klara i Rosa\"},\"sameAs\":[\"https:\\\/\\\/klarairosa.com\"],\"url\":\"https:\\\/\\\/www.klarairosa.com\\\/en\\\/author\\\/rosaiklara\\\/\"}]}<\/script>\n<!-- \/ Yoast SEO plugin. -->","yoast_head_json":{"title":"Radio Plac Subotica \/ Bosonoga deca: Hodanje po zemlji - Klara i Rosa","robots":{"index":"index","follow":"follow","max-snippet":"max-snippet:-1","max-image-preview":"max-image-preview:large","max-video-preview":"max-video-preview:-1"},"canonical":"https:\/\/www.klarairosa.com\/en\/radio-plac-subotica-bosonoga-deca-hodanje-po-zemlji\/","og_locale":"en_GB","og_type":"article","og_title":"Radio Plac Subotica \/ Bosonoga deca: Hodanje po zemlji - Klara i Rosa","og_description":"Na programu Radija Plac od 19 \u010dasova u emisiji Bosonoga deca slu\u0161amo kako \u017eivi peto\u010dlana...","og_url":"https:\/\/www.klarairosa.com\/en\/radio-plac-subotica-bosonoga-deca-hodanje-po-zemlji\/","og_site_name":"Klara i Rosa","article_publisher":"https:\/\/www.facebook.com\/klarairosa\/","article_published_time":"2021-12-20T23:18:00+00:00","article_modified_time":"2022-04-17T15:24:27+00:00","og_image":[{"width":542,"height":406,"url":"https:\/\/www.klarairosa.com\/wp-content\/uploads\/2022\/03\/Hodanje-po-zemlji-e1648384678371.jpg","type":"image\/jpeg"}],"author":"Klara i Rosa","twitter_card":"summary_large_image","twitter_misc":{"Written by":"Klara i Rosa","Estimated reading time":"1 minute"},"schema":{"@context":"https:\/\/schema.org","@graph":[{"@type":"Article","@id":"https:\/\/www.klarairosa.com\/radio-plac-subotica-bosonoga-deca-hodanje-po-zemlji\/#article","isPartOf":{"@id":"https:\/\/www.klarairosa.com\/radio-plac-subotica-bosonoga-deca-hodanje-po-zemlji\/"},"author":{"name":"Klara i Rosa","@id":"https:\/\/www.klarairosa.com\/en\/#\/schema\/person\/e4e7e9e5c8eeeddccf61e4532ae8e6ed"},"headline":"Radio Plac Subotica \/ Bosonoga deca: Hodanje po zemlji","datePublished":"2021-12-20T23:18:00+00:00","dateModified":"2022-04-17T15:24:27+00:00","mainEntityOfPage":{"@id":"https:\/\/www.klarairosa.com\/radio-plac-subotica-bosonoga-deca-hodanje-po-zemlji\/"},"wordCount":120,"publisher":{"@id":"https:\/\/www.klarairosa.com\/en\/#organization"},"image":{"@id":"https:\/\/www.klarairosa.com\/radio-plac-subotica-bosonoga-deca-hodanje-po-zemlji\/#primaryimage"},"thumbnailUrl":"https:\/\/www.klarairosa.com\/wp-content\/uploads\/2022\/03\/Hodanje-po-zemlji-e1648384678371.jpg","articleSection":["Ekologija","Radio Plac"],"inLanguage":"en-GB"},{"@type":"WebPage","@id":"https:\/\/www.klarairosa.com\/radio-plac-subotica-bosonoga-deca-hodanje-po-zemlji\/","url":"https:\/\/www.klarairosa.com\/radio-plac-subotica-bosonoga-deca-hodanje-po-zemlji\/","name":"Radio Plac Subotica \/ Bosonoga deca: Hodanje po zemlji - Klara i Rosa","isPartOf":{"@id":"https:\/\/www.klarairosa.com\/en\/#website"},"primaryImageOfPage":{"@id":"https:\/\/www.klarairosa.com\/radio-plac-subotica-bosonoga-deca-hodanje-po-zemlji\/#primaryimage"},"image":{"@id":"https:\/\/www.klarairosa.com\/radio-plac-subotica-bosonoga-deca-hodanje-po-zemlji\/#primaryimage"},"thumbnailUrl":"https:\/\/www.klarairosa.com\/wp-content\/uploads\/2022\/03\/Hodanje-po-zemlji-e1648384678371.jpg","datePublished":"2021-12-20T23:18:00+00:00","dateModified":"2022-04-17T15:24:27+00:00","breadcrumb":{"@id":"https:\/\/www.klarairosa.com\/radio-plac-subotica-bosonoga-deca-hodanje-po-zemlji\/#breadcrumb"},"inLanguage":"en-GB","potentialAction":[{"@type":"ReadAction","target":["https:\/\/www.klarairosa.com\/radio-plac-subotica-bosonoga-deca-hodanje-po-zemlji\/"]}]},{"@type":"ImageObject","inLanguage":"en-GB","@id":"https:\/\/www.klarairosa.com\/radio-plac-subotica-bosonoga-deca-hodanje-po-zemlji\/#primaryimage","url":"https:\/\/www.klarairosa.com\/wp-content\/uploads\/2022\/03\/Hodanje-po-zemlji-e1648384678371.jpg","contentUrl":"https:\/\/www.klarairosa.com\/wp-content\/uploads\/2022\/03\/Hodanje-po-zemlji-e1648384678371.jpg","width":542,"height":406},{"@type":"BreadcrumbList","@id":"https:\/\/www.klarairosa.com\/radio-plac-subotica-bosonoga-deca-hodanje-po-zemlji\/#breadcrumb","itemListElement":[{"@type":"ListItem","position":1,"name":"Home","item":"https:\/\/www.klarairosa.com\/"},{"@type":"ListItem","position":2,"name":"Radio Plac Subotica \/ Bosonoga deca: Hodanje po zemlji"}]},{"@type":"WebSite","@id":"https:\/\/www.klarairosa.com\/en\/#website","url":"https:\/\/www.klarairosa.com\/en\/","name":"Klara i Rosa","description":"Klara i Rosa","publisher":{"@id":"https:\/\/www.klarairosa.com\/en\/#organization"},"potentialAction":[{"@type":"SearchAction","target":{"@type":"EntryPoint","urlTemplate":"https:\/\/www.klarairosa.com\/en\/?s={search_term_string}"},"query-input":{"@type":"PropertyValueSpecification","valueRequired":true,"valueName":"search_term_string"}}],"inLanguage":"en-GB"},{"@type":"Organization","@id":"https:\/\/www.klarairosa.com\/en\/#organization","name":"Klara i Rosa","url":"https:\/\/www.klarairosa.com\/en\/","logo":{"@type":"ImageObject","inLanguage":"en-GB","@id":"https:\/\/www.klarairosa.com\/en\/#\/schema\/logo\/image\/","url":"https:\/\/www.klarairosa.com\/wp-content\/uploads\/2022\/01\/logo.svg","contentUrl":"https:\/\/www.klarairosa.com\/wp-content\/uploads\/2022\/01\/logo.svg","width":110,"height":139,"caption":"Klara i Rosa"},"image":{"@id":"https:\/\/www.klarairosa.com\/en\/#\/schema\/logo\/image\/"},"sameAs":["https:\/\/www.facebook.com\/klarairosa\/","https:\/\/www.instagram.com\/ugklarairosa\/"]},{"@type":"Person","@id":"https:\/\/www.klarairosa.com\/en\/#\/schema\/person\/e4e7e9e5c8eeeddccf61e4532ae8e6ed","name":"Klara i Rosa","image":{"@type":"ImageObject","inLanguage":"en-GB","@id":"https:\/\/secure.gravatar.com\/avatar\/c83ee539a067b9f57ae5d8999ae286c4f98b5c4bd943b8cbb64f6b0fc1f29e40?s=96&d=mm&r=g","url":"https:\/\/secure.gravatar.com\/avatar\/c83ee539a067b9f57ae5d8999ae286c4f98b5c4bd943b8cbb64f6b0fc1f29e40?s=96&d=mm&r=g","contentUrl":"https:\/\/secure.gravatar.com\/avatar\/c83ee539a067b9f57ae5d8999ae286c4f98b5c4bd943b8cbb64f6b0fc1f29e40?s=96&d=mm&r=g","caption":"Klara i Rosa"},"sameAs":["https:\/\/klarairosa.com"],"url":"https:\/\/www.klarairosa.com\/en\/author\/rosaiklara\/"}]}},"_links":{"self":[{"href":"https:\/\/www.klarairosa.com\/en\/wp-json\/wp\/v2\/posts\/17224","targetHints":{"allow":["GET"]}}],"collection":[{"href":"https:\/\/www.klarairosa.com\/en\/wp-json\/wp\/v2\/posts"}],"about":[{"href":"https:\/\/www.klarairosa.com\/en\/wp-json\/wp\/v2\/types\/post"}],"author":[{"embeddable":true,"href":"https:\/\/www.klarairosa.com\/en\/wp-json\/wp\/v2\/users\/1"}],"replies":[{"embeddable":true,"href":"https:\/\/www.klarairosa.com\/en\/wp-json\/wp\/v2\/comments?post=17224"}],"version-history":[{"count":4,"href":"https:\/\/www.klarairosa.com\/en\/wp-json\/wp\/v2\/posts\/17224\/revisions"}],"predecessor-version":[{"id":17864,"href":"https:\/\/www.klarairosa.com\/en\/wp-json\/wp\/v2\/posts\/17224\/revisions\/17864"}],"wp:featuredmedia":[{"embeddable":true,"href":"https:\/\/www.klarairosa.com\/en\/wp-json\/wp\/v2\/media\/17225"}],"wp:attachment":[{"href":"https:\/\/www.klarairosa.com\/en\/wp-json\/wp\/v2\/media?parent=17224"}],"wp:term":[{"taxonomy":"category","embeddable":true,"href":"https:\/\/www.klarairosa.com\/en\/wp-json\/wp\/v2\/categories?post=17224"},{"taxonomy":"post_tag","embeddable":true,"href":"https:\/\/www.klarairosa.com\/en\/wp-json\/wp\/v2\/tags?post=17224"}],"curies":[{"name":"wp","href":"https:\/\/api.w.org\/{rel}","templated":true}]}}