{"id":17194,"date":"2022-03-26T22:41:03","date_gmt":"2022-03-26T22:41:03","guid":{"rendered":"https:\/\/www.klarairosa.com\/?p=17194"},"modified":"2022-08-30T12:09:20","modified_gmt":"2022-08-30T12:09:20","slug":"radio-plac-subotica-ember","status":"publish","type":"post","link":"https:\/\/www.klarairosa.com\/en\/radio-plac-subotica-ember\/","title":{"rendered":"Radio Plac Subotica \/ EMBER"},"content":{"rendered":"<p>Emisija o nezavisnoj sceni iz okru\u017eenja koja predstavlja savremenike u \u0161irem smislu. Bez ograni\u010denja. Ko \u0161ta misli, ko \u0161ta voli, kako razmi\u0161lja, odakle je do\u0161ao i gde ide. Emisija Ember (\u010dovek) ne obra\u0107a se samo umetnicima, nego svakome, bilo gde.<\/p>\r\n<p>.<\/p>\r\n<blockquote class='' style='border-left-color: #aeccc5;'><h5 class='blockquote-text' style='color: #aeccc5; line-height: undefinedpx;'>Utorak, petak \/ Radio Plac \/ 17:00<\/h5><\/blockquote>\r\n<p>.<\/p>\r\n<p>Emisiju na ma\u0111arskom jeziku vodi i ure\u0111uje Sz\u00e1sz Csongor.<\/p>\r\n<p>\r\n\r\n<\/p>\r\n<p>.<\/p>\r\n<p>\r\n\r\n<\/p>\r\n<figure class=\"wp-block-embed is-type-rich is-provider-mixcloud wp-block-embed-mixcloud wp-embed-aspect-21-9 wp-has-aspect-ratio\">\r\n<div class=\"wp-block-embed__wrapper\">\r\n<p><iframe title=\"01. Ember - Csatich Ren\u00e1t\u00f3\" width=\"100%\" height=\"120\" src=\"https:\/\/www.mixcloud.com\/widget\/iframe\/?feed=https%3A%2F%2Fwww.mixcloud.com%2Fradioplac%2F01-ember-csatich-ren%25C3%25A1t%25C3%25B3%2F&amp;hide_cover=1\" frameborder=\"0\"><\/iframe><\/p>\r\n<p><iframe title=\"02. Ember - Tak\u00e1cs M\u00e1ria\" width=\"100%\" height=\"120\" src=\"https:\/\/www.mixcloud.com\/widget\/iframe\/?feed=https%3A%2F%2Fwww.mixcloud.com%2Fradioplac%2F2-ember%2F&amp;hide_cover=1\" frameborder=\"0\"><\/iframe><\/p>\r\n<p><iframe title=\"03. Ember - Duliskovich Leo\" width=\"100%\" height=\"120\" src=\"https:\/\/www.mixcloud.com\/widget\/iframe\/?feed=https%3A%2F%2Fwww.mixcloud.com%2Fradioplac%2F3-ember-leo%2F&amp;hide_cover=1\" frameborder=\"0\"><\/iframe><\/p>\r\n<p><iframe title=\"04. Ember - Kristovac Dijana\" width=\"100%\" height=\"120\" src=\"https:\/\/www.mixcloud.com\/widget\/iframe\/?feed=https%3A%2F%2Fwww.mixcloud.com%2Fradioplac%2F04-ember-kristovac-dijana%2F&amp;hide_cover=1\" frameborder=\"0\"><\/iframe><\/p>\r\n<\/div>\r\n<\/figure>\r\n<p>\r\n\r\n<\/p>\r\n<figure class=\"wp-block-embed is-type-rich is-provider-mixcloud wp-block-embed-mixcloud wp-embed-aspect-21-9 wp-has-aspect-ratio\">\r\n<div class=\"wp-block-embed__wrapper\">\r\n<p><iframe title=\"05. Ember - Salamon Csaba\" width=\"100%\" height=\"120\" src=\"https:\/\/www.mixcloud.com\/widget\/iframe\/?feed=https%3A%2F%2Fwww.mixcloud.com%2Fradioplac%2F05-ember-salamon-csaba%2F&amp;hide_cover=1\" frameborder=\"0\"><\/iframe><\/p>\r\n<p><iframe title=\"06. Ember - S\u00e1gi Attila\" width=\"100%\" height=\"120\" src=\"https:\/\/www.mixcloud.com\/widget\/iframe\/?feed=https%3A%2F%2Fwww.mixcloud.com%2Fradioplac%2F06-ember-s%25C3%25A1gi-attila%2F&amp;hide_cover=1\" frameborder=\"0\"><\/iframe><\/p>\r\n<p><iframe title=\"07. Ember - Bozsik P\u00e9ter\" width=\"100%\" height=\"120\" src=\"https:\/\/www.mixcloud.com\/widget\/iframe\/?feed=https%3A%2F%2Fwww.mixcloud.com%2Fradioplac%2F07-ember-bozsik-p%25C3%25A9ter%2F&amp;hide_cover=1\" frameborder=\"0\"><\/iframe><\/p>\r\n<p><iframe title=\"08. Ember - Sz\u00e1sz B\u00e1lint\" width=\"100%\" height=\"120\" src=\"https:\/\/www.mixcloud.com\/widget\/iframe\/?feed=https%3A%2F%2Fwww.mixcloud.com%2Fradioplac%2F08-ember-sz%25C3%25A1sz-b%25C3%25A1lint%2F&amp;hide_cover=1\" frameborder=\"0\"><\/iframe><\/p>\r\n<p><iframe title=\"09. Ember - M\u00e9sz\u00e1ros Armand\" width=\"100%\" height=\"120\" src=\"https:\/\/www.mixcloud.com\/widget\/iframe\/?feed=https%3A%2F%2Fwww.mixcloud.com%2Fradioplac%2F09-ember-m%25C3%25A9sz%25C3%25A1ros-armand%2F&amp;hide_cover=1\" frameborder=\"0\"><\/iframe><\/p>\r\n<p><iframe title=\"10. Ember - K\u00f6rm\u00f6ci Petronella\" width=\"100%\" height=\"120\" src=\"https:\/\/www.mixcloud.com\/widget\/iframe\/?feed=https%3A%2F%2Fwww.mixcloud.com%2Fradioplac%2F10-ember-k%25C3%25B6rm%25C3%25B6ci-petronella%2F&amp;hide_cover=1\" frameborder=\"0\"><\/iframe><\/p>\r\n<p><iframe title=\"11. Ember - Giricz Kriszti\u00e1n\" width=\"100%\" height=\"120\" src=\"https:\/\/www.mixcloud.com\/widget\/iframe\/?feed=https%3A%2F%2Fwww.mixcloud.com%2Fradioplac%2F11-ember-giricz-kriszti%25C3%25A1n%2F&amp;hide_cover=1\" frameborder=\"0\"><\/iframe><\/p>\r\n<\/div>\r\n<\/figure>\r\n<p>\r\n\r\n<\/p>\r\n<div>\r\n<p><iframe title=\"12. Ember \u2013 Garancz Borb\u00e1la\" width=\"100%\" height=\"120\" src=\"https:\/\/www.mixcloud.com\/widget\/iframe\/?feed=https%3A%2F%2Fwww.mixcloud.com%2Fradioplac%2F12-ember-garancz-borb%25C3%25A1la%2F&amp;hide_cover=1\" frameborder=\"0\"><\/iframe><\/p>\r\n<\/div>\r\n<p>\r\n\r\n<\/p>\r\n<p><iframe title=\"13. Ember \u2013 Bakos \u00c1rp\u00e1d\" width=\"100%\" height=\"120\" src=\"https:\/\/www.mixcloud.com\/widget\/iframe\/?feed=https%3A%2F%2Fwww.mixcloud.com%2Fradioplac%2F13-ember-bakos-%25C3%25A1rp%25C3%25A1d%2F&amp;hide_cover=1\" frameborder=\"0\"><\/iframe><\/p>\r\n<p><iframe title=\"14. Ember: Fejel T\u00f3th D\u00e1niel\" width=\"100%\" height=\"120\" src=\"https:\/\/www.mixcloud.com\/widget\/iframe\/?feed=https%3A%2F%2Fwww.mixcloud.com%2Fradioplac%2F14-ember-fejel-t%25C3%25B3th-d%25C3%25A1niel%2F&amp;hide_cover=1\" frameborder=\"0\"><\/iframe><\/p>\r\n<p><iframe title=\"15. Ember: Kov\u00e1cs P\u00e9cskai Emese\" width=\"100%\" height=\"120\" src=\"https:\/\/www.mixcloud.com\/widget\/iframe\/?feed=https%3A%2F%2Fwww.mixcloud.com%2Fradioplac%2F15-ember-kov%25C3%25A1cs-p%25C3%25A9cskai-emese%2F&amp;hide_cover=1\" frameborder=\"0\"><\/iframe><\/p>\r\n<p><iframe title=\"16. Ember - Ivanovi\u0107 Laura\" width=\"100%\" height=\"120\" src=\"https:\/\/www.mixcloud.com\/widget\/iframe\/?feed=https%3A%2F%2Fwww.mixcloud.com%2Fradioplac%2F16-ember-ivanovi%25C4%2587-laura%2F&amp;hide_cover=1\" frameborder=\"0\"><\/iframe><\/p>\r\n<p>.<\/p>\r\n<p>\r\n\r\n<\/p>\r\n<p>Emisija se realizuje u okviru projekta UG \u201cKlara i Rosa\u201d i Centar za savremenu kulturu i umetnost u okviru programa \u201eCentar za savremenu kulturu i umetnost kao pokreta\u010d dru\u0161tvene promene\u201c. Projekat je podr\u017ean od strane Nacionalne koalicije za decentralizaciju, Fondacije Jelena \u0160anti\u0107, Grupe 484 i Evropske unije&#8230;\u00a0<\/p>\r\n<p>\r\n\r\n<\/p>\r\n<p>#EUzaTebe<\/p>\r\n<p>\r\n\r\n<\/p>\r\n<p>.<\/p>\r\n<p>\r\n\r\n<\/p>\r\n<figure class=\"wp-block-image\"><img decoding=\"async\" class=\"wp-image-4957\" src=\"https:\/\/www.ckplac.org\/wp-content\/uploads\/2021\/11\/eu-300x79.png\" alt=\"\" \/><\/figure>\r\n<p>\r\n\r\n<\/p>\r\n<figure class=\"wp-block-image\"><img decoding=\"async\" class=\"wp-image-4959\" src=\"https:\/\/www.ckplac.org\/wp-content\/uploads\/2021\/11\/484-fjs-nkd-300x71.png\" alt=\"\" \/><\/figure>\r\n<p><\/p>","protected":false},"excerpt":{"rendered":"<p>Emisija o nezavisnoj sceni iz okru\u017eenja koja predstavlja savremenike u \u0161irem smislu. Bez ograni\u010denja. Ko&#8230;<\/p>","protected":false},"author":1,"featured_media":17195,"comment_status":"closed","ping_status":"closed","sticky":false,"template":"","format":"standard","meta":{"content-type":"","inline_featured_image":false,"footnotes":""},"categories":[53,98],"tags":[],"class_list":["post-17194","post","type-post","status-publish","format-standard","has-post-thumbnail","hentry","category-csku-kao-pokretac-drustvene-promene","category-radio-plac"],"yoast_head":"<!-- This site is optimized with the Yoast SEO plugin v27.5 - https:\/\/yoast.com\/product\/yoast-seo-wordpress\/ -->\n<title>Radio Plac Subotica \/ EMBER - Klara i Rosa<\/title>\n<meta name=\"robots\" content=\"index, follow, max-snippet:-1, max-image-preview:large, max-video-preview:-1\" \/>\n<link rel=\"canonical\" href=\"https:\/\/www.klarairosa.com\/en\/radio-plac-subotica-ember\/\" \/>\n<meta property=\"og:locale\" content=\"en_GB\" \/>\n<meta property=\"og:type\" content=\"article\" \/>\n<meta property=\"og:title\" content=\"Radio Plac Subotica \/ EMBER - Klara i Rosa\" \/>\n<meta property=\"og:description\" content=\"Emisija o nezavisnoj sceni iz okru\u017eenja koja predstavlja savremenike u \u0161irem smislu. Bez ograni\u010denja. Ko...\" \/>\n<meta property=\"og:url\" content=\"https:\/\/www.klarairosa.com\/en\/radio-plac-subotica-ember\/\" \/>\n<meta property=\"og:site_name\" content=\"Klara i Rosa\" \/>\n<meta property=\"article:publisher\" content=\"https:\/\/www.facebook.com\/klarairosa\/\" \/>\n<meta property=\"article:published_time\" content=\"2022-03-26T22:41:03+00:00\" \/>\n<meta property=\"article:modified_time\" content=\"2022-08-30T12:09:20+00:00\" \/>\n<meta property=\"og:image\" content=\"https:\/\/www.klarairosa.com\/wp-content\/uploads\/2022\/03\/csong.png\" \/>\n\t<meta property=\"og:image:width\" content=\"707\" \/>\n\t<meta property=\"og:image:height\" content=\"540\" \/>\n\t<meta property=\"og:image:type\" content=\"image\/png\" \/>\n<meta name=\"author\" content=\"Klara i Rosa\" \/>\n<meta name=\"twitter:card\" content=\"summary_large_image\" \/>\n<meta name=\"twitter:label1\" content=\"Written by\" \/>\n\t<meta name=\"twitter:data1\" content=\"Klara i Rosa\" \/>\n\t<meta name=\"twitter:label2\" content=\"Estimated reading time\" \/>\n\t<meta name=\"twitter:data2\" content=\"2 minutes\" \/>\n<script type=\"application\/ld+json\" class=\"yoast-schema-graph\">{\"@context\":\"https:\\\/\\\/schema.org\",\"@graph\":[{\"@type\":\"Article\",\"@id\":\"https:\\\/\\\/www.klarairosa.com\\\/radio-plac-subotica-ember\\\/#article\",\"isPartOf\":{\"@id\":\"https:\\\/\\\/www.klarairosa.com\\\/radio-plac-subotica-ember\\\/\"},\"author\":{\"name\":\"Klara i Rosa\",\"@id\":\"https:\\\/\\\/www.klarairosa.com\\\/en\\\/#\\\/schema\\\/person\\\/e4e7e9e5c8eeeddccf61e4532ae8e6ed\"},\"headline\":\"Radio Plac Subotica \\\/ EMBER\",\"datePublished\":\"2022-03-26T22:41:03+00:00\",\"dateModified\":\"2022-08-30T12:09:20+00:00\",\"mainEntityOfPage\":{\"@id\":\"https:\\\/\\\/www.klarairosa.com\\\/radio-plac-subotica-ember\\\/\"},\"wordCount\":318,\"publisher\":{\"@id\":\"https:\\\/\\\/www.klarairosa.com\\\/en\\\/#organization\"},\"image\":{\"@id\":\"https:\\\/\\\/www.klarairosa.com\\\/radio-plac-subotica-ember\\\/#primaryimage\"},\"thumbnailUrl\":\"https:\\\/\\\/www.klarairosa.com\\\/wp-content\\\/uploads\\\/2022\\\/03\\\/csong.png\",\"articleSection\":[\"CSKU\",\"Radio Plac\"],\"inLanguage\":\"en-GB\"},{\"@type\":\"WebPage\",\"@id\":\"https:\\\/\\\/www.klarairosa.com\\\/radio-plac-subotica-ember\\\/\",\"url\":\"https:\\\/\\\/www.klarairosa.com\\\/radio-plac-subotica-ember\\\/\",\"name\":\"Radio Plac Subotica \\\/ EMBER - Klara i Rosa\",\"isPartOf\":{\"@id\":\"https:\\\/\\\/www.klarairosa.com\\\/en\\\/#website\"},\"primaryImageOfPage\":{\"@id\":\"https:\\\/\\\/www.klarairosa.com\\\/radio-plac-subotica-ember\\\/#primaryimage\"},\"image\":{\"@id\":\"https:\\\/\\\/www.klarairosa.com\\\/radio-plac-subotica-ember\\\/#primaryimage\"},\"thumbnailUrl\":\"https:\\\/\\\/www.klarairosa.com\\\/wp-content\\\/uploads\\\/2022\\\/03\\\/csong.png\",\"datePublished\":\"2022-03-26T22:41:03+00:00\",\"dateModified\":\"2022-08-30T12:09:20+00:00\",\"breadcrumb\":{\"@id\":\"https:\\\/\\\/www.klarairosa.com\\\/radio-plac-subotica-ember\\\/#breadcrumb\"},\"inLanguage\":\"en-GB\",\"potentialAction\":[{\"@type\":\"ReadAction\",\"target\":[\"https:\\\/\\\/www.klarairosa.com\\\/radio-plac-subotica-ember\\\/\"]}]},{\"@type\":\"ImageObject\",\"inLanguage\":\"en-GB\",\"@id\":\"https:\\\/\\\/www.klarairosa.com\\\/radio-plac-subotica-ember\\\/#primaryimage\",\"url\":\"https:\\\/\\\/www.klarairosa.com\\\/wp-content\\\/uploads\\\/2022\\\/03\\\/csong.png\",\"contentUrl\":\"https:\\\/\\\/www.klarairosa.com\\\/wp-content\\\/uploads\\\/2022\\\/03\\\/csong.png\",\"width\":707,\"height\":540},{\"@type\":\"BreadcrumbList\",\"@id\":\"https:\\\/\\\/www.klarairosa.com\\\/radio-plac-subotica-ember\\\/#breadcrumb\",\"itemListElement\":[{\"@type\":\"ListItem\",\"position\":1,\"name\":\"Home\",\"item\":\"https:\\\/\\\/www.klarairosa.com\\\/\"},{\"@type\":\"ListItem\",\"position\":2,\"name\":\"Radio Plac Subotica \\\/ EMBER\"}]},{\"@type\":\"WebSite\",\"@id\":\"https:\\\/\\\/www.klarairosa.com\\\/en\\\/#website\",\"url\":\"https:\\\/\\\/www.klarairosa.com\\\/en\\\/\",\"name\":\"Klara i Rosa\",\"description\":\"Klara i Rosa\",\"publisher\":{\"@id\":\"https:\\\/\\\/www.klarairosa.com\\\/en\\\/#organization\"},\"potentialAction\":[{\"@type\":\"SearchAction\",\"target\":{\"@type\":\"EntryPoint\",\"urlTemplate\":\"https:\\\/\\\/www.klarairosa.com\\\/en\\\/?s={search_term_string}\"},\"query-input\":{\"@type\":\"PropertyValueSpecification\",\"valueRequired\":true,\"valueName\":\"search_term_string\"}}],\"inLanguage\":\"en-GB\"},{\"@type\":\"Organization\",\"@id\":\"https:\\\/\\\/www.klarairosa.com\\\/en\\\/#organization\",\"name\":\"Klara i Rosa\",\"url\":\"https:\\\/\\\/www.klarairosa.com\\\/en\\\/\",\"logo\":{\"@type\":\"ImageObject\",\"inLanguage\":\"en-GB\",\"@id\":\"https:\\\/\\\/www.klarairosa.com\\\/en\\\/#\\\/schema\\\/logo\\\/image\\\/\",\"url\":\"https:\\\/\\\/www.klarairosa.com\\\/wp-content\\\/uploads\\\/2022\\\/01\\\/logo.svg\",\"contentUrl\":\"https:\\\/\\\/www.klarairosa.com\\\/wp-content\\\/uploads\\\/2022\\\/01\\\/logo.svg\",\"width\":110,\"height\":139,\"caption\":\"Klara i Rosa\"},\"image\":{\"@id\":\"https:\\\/\\\/www.klarairosa.com\\\/en\\\/#\\\/schema\\\/logo\\\/image\\\/\"},\"sameAs\":[\"https:\\\/\\\/www.facebook.com\\\/klarairosa\\\/\",\"https:\\\/\\\/www.instagram.com\\\/ugklarairosa\\\/\"]},{\"@type\":\"Person\",\"@id\":\"https:\\\/\\\/www.klarairosa.com\\\/en\\\/#\\\/schema\\\/person\\\/e4e7e9e5c8eeeddccf61e4532ae8e6ed\",\"name\":\"Klara i Rosa\",\"image\":{\"@type\":\"ImageObject\",\"inLanguage\":\"en-GB\",\"@id\":\"https:\\\/\\\/secure.gravatar.com\\\/avatar\\\/c83ee539a067b9f57ae5d8999ae286c4f98b5c4bd943b8cbb64f6b0fc1f29e40?s=96&d=mm&r=g\",\"url\":\"https:\\\/\\\/secure.gravatar.com\\\/avatar\\\/c83ee539a067b9f57ae5d8999ae286c4f98b5c4bd943b8cbb64f6b0fc1f29e40?s=96&d=mm&r=g\",\"contentUrl\":\"https:\\\/\\\/secure.gravatar.com\\\/avatar\\\/c83ee539a067b9f57ae5d8999ae286c4f98b5c4bd943b8cbb64f6b0fc1f29e40?s=96&d=mm&r=g\",\"caption\":\"Klara i Rosa\"},\"sameAs\":[\"https:\\\/\\\/klarairosa.com\"],\"url\":\"https:\\\/\\\/www.klarairosa.com\\\/en\\\/author\\\/rosaiklara\\\/\"}]}<\/script>\n<!-- \/ Yoast SEO plugin. -->","yoast_head_json":{"title":"Radio Plac Subotica \/ EMBER - Klara i Rosa","robots":{"index":"index","follow":"follow","max-snippet":"max-snippet:-1","max-image-preview":"max-image-preview:large","max-video-preview":"max-video-preview:-1"},"canonical":"https:\/\/www.klarairosa.com\/en\/radio-plac-subotica-ember\/","og_locale":"en_GB","og_type":"article","og_title":"Radio Plac Subotica \/ EMBER - Klara i Rosa","og_description":"Emisija o nezavisnoj sceni iz okru\u017eenja koja predstavlja savremenike u \u0161irem smislu. Bez ograni\u010denja. Ko...","og_url":"https:\/\/www.klarairosa.com\/en\/radio-plac-subotica-ember\/","og_site_name":"Klara i Rosa","article_publisher":"https:\/\/www.facebook.com\/klarairosa\/","article_published_time":"2022-03-26T22:41:03+00:00","article_modified_time":"2022-08-30T12:09:20+00:00","og_image":[{"width":707,"height":540,"url":"https:\/\/www.klarairosa.com\/wp-content\/uploads\/2022\/03\/csong.png","type":"image\/png"}],"author":"Klara i Rosa","twitter_card":"summary_large_image","twitter_misc":{"Written by":"Klara i Rosa","Estimated reading time":"2 minutes"},"schema":{"@context":"https:\/\/schema.org","@graph":[{"@type":"Article","@id":"https:\/\/www.klarairosa.com\/radio-plac-subotica-ember\/#article","isPartOf":{"@id":"https:\/\/www.klarairosa.com\/radio-plac-subotica-ember\/"},"author":{"name":"Klara i Rosa","@id":"https:\/\/www.klarairosa.com\/en\/#\/schema\/person\/e4e7e9e5c8eeeddccf61e4532ae8e6ed"},"headline":"Radio Plac Subotica \/ EMBER","datePublished":"2022-03-26T22:41:03+00:00","dateModified":"2022-08-30T12:09:20+00:00","mainEntityOfPage":{"@id":"https:\/\/www.klarairosa.com\/radio-plac-subotica-ember\/"},"wordCount":318,"publisher":{"@id":"https:\/\/www.klarairosa.com\/en\/#organization"},"image":{"@id":"https:\/\/www.klarairosa.com\/radio-plac-subotica-ember\/#primaryimage"},"thumbnailUrl":"https:\/\/www.klarairosa.com\/wp-content\/uploads\/2022\/03\/csong.png","articleSection":["CSKU","Radio Plac"],"inLanguage":"en-GB"},{"@type":"WebPage","@id":"https:\/\/www.klarairosa.com\/radio-plac-subotica-ember\/","url":"https:\/\/www.klarairosa.com\/radio-plac-subotica-ember\/","name":"Radio Plac Subotica \/ EMBER - Klara i Rosa","isPartOf":{"@id":"https:\/\/www.klarairosa.com\/en\/#website"},"primaryImageOfPage":{"@id":"https:\/\/www.klarairosa.com\/radio-plac-subotica-ember\/#primaryimage"},"image":{"@id":"https:\/\/www.klarairosa.com\/radio-plac-subotica-ember\/#primaryimage"},"thumbnailUrl":"https:\/\/www.klarairosa.com\/wp-content\/uploads\/2022\/03\/csong.png","datePublished":"2022-03-26T22:41:03+00:00","dateModified":"2022-08-30T12:09:20+00:00","breadcrumb":{"@id":"https:\/\/www.klarairosa.com\/radio-plac-subotica-ember\/#breadcrumb"},"inLanguage":"en-GB","potentialAction":[{"@type":"ReadAction","target":["https:\/\/www.klarairosa.com\/radio-plac-subotica-ember\/"]}]},{"@type":"ImageObject","inLanguage":"en-GB","@id":"https:\/\/www.klarairosa.com\/radio-plac-subotica-ember\/#primaryimage","url":"https:\/\/www.klarairosa.com\/wp-content\/uploads\/2022\/03\/csong.png","contentUrl":"https:\/\/www.klarairosa.com\/wp-content\/uploads\/2022\/03\/csong.png","width":707,"height":540},{"@type":"BreadcrumbList","@id":"https:\/\/www.klarairosa.com\/radio-plac-subotica-ember\/#breadcrumb","itemListElement":[{"@type":"ListItem","position":1,"name":"Home","item":"https:\/\/www.klarairosa.com\/"},{"@type":"ListItem","position":2,"name":"Radio Plac Subotica \/ EMBER"}]},{"@type":"WebSite","@id":"https:\/\/www.klarairosa.com\/en\/#website","url":"https:\/\/www.klarairosa.com\/en\/","name":"Klara i Rosa","description":"Klara i Rosa","publisher":{"@id":"https:\/\/www.klarairosa.com\/en\/#organization"},"potentialAction":[{"@type":"SearchAction","target":{"@type":"EntryPoint","urlTemplate":"https:\/\/www.klarairosa.com\/en\/?s={search_term_string}"},"query-input":{"@type":"PropertyValueSpecification","valueRequired":true,"valueName":"search_term_string"}}],"inLanguage":"en-GB"},{"@type":"Organization","@id":"https:\/\/www.klarairosa.com\/en\/#organization","name":"Klara i Rosa","url":"https:\/\/www.klarairosa.com\/en\/","logo":{"@type":"ImageObject","inLanguage":"en-GB","@id":"https:\/\/www.klarairosa.com\/en\/#\/schema\/logo\/image\/","url":"https:\/\/www.klarairosa.com\/wp-content\/uploads\/2022\/01\/logo.svg","contentUrl":"https:\/\/www.klarairosa.com\/wp-content\/uploads\/2022\/01\/logo.svg","width":110,"height":139,"caption":"Klara i Rosa"},"image":{"@id":"https:\/\/www.klarairosa.com\/en\/#\/schema\/logo\/image\/"},"sameAs":["https:\/\/www.facebook.com\/klarairosa\/","https:\/\/www.instagram.com\/ugklarairosa\/"]},{"@type":"Person","@id":"https:\/\/www.klarairosa.com\/en\/#\/schema\/person\/e4e7e9e5c8eeeddccf61e4532ae8e6ed","name":"Klara i Rosa","image":{"@type":"ImageObject","inLanguage":"en-GB","@id":"https:\/\/secure.gravatar.com\/avatar\/c83ee539a067b9f57ae5d8999ae286c4f98b5c4bd943b8cbb64f6b0fc1f29e40?s=96&d=mm&r=g","url":"https:\/\/secure.gravatar.com\/avatar\/c83ee539a067b9f57ae5d8999ae286c4f98b5c4bd943b8cbb64f6b0fc1f29e40?s=96&d=mm&r=g","contentUrl":"https:\/\/secure.gravatar.com\/avatar\/c83ee539a067b9f57ae5d8999ae286c4f98b5c4bd943b8cbb64f6b0fc1f29e40?s=96&d=mm&r=g","caption":"Klara i Rosa"},"sameAs":["https:\/\/klarairosa.com"],"url":"https:\/\/www.klarairosa.com\/en\/author\/rosaiklara\/"}]}},"_links":{"self":[{"href":"https:\/\/www.klarairosa.com\/en\/wp-json\/wp\/v2\/posts\/17194","targetHints":{"allow":["GET"]}}],"collection":[{"href":"https:\/\/www.klarairosa.com\/en\/wp-json\/wp\/v2\/posts"}],"about":[{"href":"https:\/\/www.klarairosa.com\/en\/wp-json\/wp\/v2\/types\/post"}],"author":[{"embeddable":true,"href":"https:\/\/www.klarairosa.com\/en\/wp-json\/wp\/v2\/users\/1"}],"replies":[{"embeddable":true,"href":"https:\/\/www.klarairosa.com\/en\/wp-json\/wp\/v2\/comments?post=17194"}],"version-history":[{"count":17,"href":"https:\/\/www.klarairosa.com\/en\/wp-json\/wp\/v2\/posts\/17194\/revisions"}],"predecessor-version":[{"id":18825,"href":"https:\/\/www.klarairosa.com\/en\/wp-json\/wp\/v2\/posts\/17194\/revisions\/18825"}],"wp:featuredmedia":[{"embeddable":true,"href":"https:\/\/www.klarairosa.com\/en\/wp-json\/wp\/v2\/media\/17195"}],"wp:attachment":[{"href":"https:\/\/www.klarairosa.com\/en\/wp-json\/wp\/v2\/media?parent=17194"}],"wp:term":[{"taxonomy":"category","embeddable":true,"href":"https:\/\/www.klarairosa.com\/en\/wp-json\/wp\/v2\/categories?post=17194"},{"taxonomy":"post_tag","embeddable":true,"href":"https:\/\/www.klarairosa.com\/en\/wp-json\/wp\/v2\/tags?post=17194"}],"curies":[{"name":"wp","href":"https:\/\/api.w.org\/{rel}","templated":true}]}}