{"id":16902,"date":"2021-11-25T05:33:00","date_gmt":"2021-11-25T05:33:00","guid":{"rendered":"https:\/\/www.klarairosa.com\/?p=16902"},"modified":"2022-06-30T18:36:48","modified_gmt":"2022-06-30T18:36:48","slug":"radio-plac-subotica-polet-omladinska-emisija-1","status":"publish","type":"post","link":"https:\/\/www.klarairosa.com\/en\/radio-plac-subotica-polet-omladinska-emisija-1\/","title":{"rendered":"RADIO PLAC SUBOTICA \/ POLET, OMLADINSKA EMISIJA 1"},"content":{"rendered":"<p>Klara i Rosa istra\u017euju \u0161ta nedostaje mladima u Subotici ali i koje su mogu\u0107nosti za njihov razvoj i aktivno u\u010de\u0161\u0107e. Prvu zvu\u010dnu formu iz serijala \u201cPolet\u201d emitujemo na Radiju Plac.<\/p>\r\n\r\n\r\n\r\n<p>.<\/p>\r\n\r\n\r\n\r\n<p>Autorke emisije: Gordana Vukov Ciganjik i \u017dofia Hullo.<\/p>\r\n\r\n\r\n\r\n<p>.<\/p>\r\n\r\n\r\n\r\n<p>Emisija je nastala u okviru projekta Polet 21\/22 koji realizuju UG \u201cKlara i Rosa\u201d i Maglo\u010dista\u010d u okviru programa \u201eMladi i mediji za demokratski razvoj\u201c BO\u0160 (Beogradska otvorena \u0161kola ), uz podr\u0161ku Kraljevine \u0160vedske.<\/p>\r\n\r\n\r\n\r\n<p>.<\/p>\r\n\r\n\r\n\r\n<p>Stavovi i mi\u0161ljenja autora izneta u ovoj publikaciji ne predstavljaju nu\u017eno i mi\u0161ljenje partnera i donatora.<\/p>\r\n\r\n\r\n\r\n<p>.<\/p>\r\n\r\n\r\n\r\n<figure class=\"wp-block-embed is-type-rich is-provider-mixcloud wp-block-embed-mixcloud wp-embed-aspect-21-9 wp-has-aspect-ratio\">\r\n<div class=\"wp-block-embed__wrapper\">https:\/\/www.mixcloud.com\/radioplac\/polet-1-emisija\/<\/div>\r\n<div>.<\/div>\r\n<div>\u00a0<\/div>\r\n<\/figure>\r\n<div><strong>PLAC R\u00c1DI\u00d3, SZABADKA: IFJ\u00daS\u00c1GI M\u0170SOR 1<\/strong><\/div>\r\n<div>.<\/div>\r\n<div>Klara i Rosa azt kutatj\u00e1k, mi hi\u00e1nyzik a szabadkai fiatalokb\u00f3l, de azt is, hogy milyen lehet\u0151s\u00e9gei vannak a fejl\u0151d\u00e9s\u00fcknek, az akt\u00edv r\u00e9szv\u00e9tel\u00fcknek. A \u201eRep\u00fcl\u00e9s\u201d sorozat els\u0151 hangform\u00e1j\u00e1t adjuk a R\u00e1di\u00f3 Placon.<\/div>\r\n<div>.<\/div>\r\n<div>A m\u0171sor szerz\u0151i: Gordana Vukov Ciganjik \u00e9s Hull\u00f3 Zs\u00f3fia.<\/div>\r\n<div>.<\/div>\r\n<div>\r\n<p>A Polet 21\/22 projektet a Klara \u00e9s Rosa PE \u00e9s a Maglo\u010dista\u010d bonyol\u00edtja le a Belgr\u00e1di Nyitott Iskola (BO\u0160) \u2013 a Sv\u00e9d Kir\u00e1lys\u00e1g t\u00e1mogat\u00e1s\u00e1val megval\u00f3sul\u00f3 \u2013 Fiatalok \u00e9s a m\u00e9diumok a demokratikus fejl\u0151d\u00e9s\u00e9rt nevet visel\u0151 programj\u00e1n kereszt\u00fcl.\u00a0<\/p>\r\n<p>.<\/p>\r\n<p>E \u00edr\u00e1s szerz\u0151j\u00e9nek \u00e1ll\u00e1spontja \u00e9s v\u00e9lem\u00e9nye nem felt\u00e9tlen t\u00fckr\u00f6zi az egy\u00fcttm\u0171k\u00f6d\u0151 partner \u00e9s a don\u00e1tor v\u00e9lem\u00e9ny\u00e9t is.<\/p>\r\n<p>.<\/p>\r\n<\/div>\r\n<div><img decoding=\"async\" class=\"alignnone size-medium wp-image-18779\" src=\"https:\/\/www.klarairosa.com\/wp-content\/uploads\/2022\/05\/Sweden-300x103.png\" alt=\"\" width=\"300\" height=\"103\" srcset=\"https:\/\/www.klarairosa.com\/wp-content\/uploads\/2022\/05\/Sweden-300x103.png 300w, https:\/\/www.klarairosa.com\/wp-content\/uploads\/2022\/05\/Sweden.png 391w\" sizes=\"(max-width: 300px) 100vw, 300px\" \/><\/div>\r\n\r\n\r\n\r\n\r\n\r\n\r\n\r\n<p>&nbsp;<\/p>","protected":false},"excerpt":{"rendered":"<p>Klara i Rosa istra\u017euju \u0161ta nedostaje mladima u Subotici ali i koje su mogu\u0107nosti za&#8230;<\/p>","protected":false},"author":1,"featured_media":17893,"comment_status":"open","ping_status":"open","sticky":false,"template":"","format":"standard","meta":{"content-type":"","inline_featured_image":false,"footnotes":""},"categories":[52,98],"tags":[],"class_list":["post-16902","post","type-post","status-publish","format-standard","has-post-thumbnail","hentry","category-polet-21-22","category-radio-plac"],"yoast_head":"<!-- This site is optimized with the Yoast SEO plugin v27.5 - https:\/\/yoast.com\/product\/yoast-seo-wordpress\/ -->\n<title>RADIO PLAC SUBOTICA \/ POLET, OMLADINSKA EMISIJA 1 - Klara i Rosa<\/title>\n<meta name=\"robots\" content=\"index, follow, max-snippet:-1, max-image-preview:large, max-video-preview:-1\" \/>\n<link rel=\"canonical\" href=\"https:\/\/www.klarairosa.com\/en\/radio-plac-subotica-polet-omladinska-emisija-1\/\" \/>\n<meta property=\"og:locale\" content=\"en_GB\" \/>\n<meta property=\"og:type\" content=\"article\" \/>\n<meta property=\"og:title\" content=\"RADIO PLAC SUBOTICA \/ POLET, OMLADINSKA EMISIJA 1 - Klara i Rosa\" \/>\n<meta property=\"og:description\" content=\"Klara i Rosa istra\u017euju \u0161ta nedostaje mladima u Subotici ali i koje su mogu\u0107nosti za...\" \/>\n<meta property=\"og:url\" content=\"https:\/\/www.klarairosa.com\/en\/radio-plac-subotica-polet-omladinska-emisija-1\/\" \/>\n<meta property=\"og:site_name\" content=\"Klara i Rosa\" \/>\n<meta property=\"article:publisher\" content=\"https:\/\/www.facebook.com\/klarairosa\/\" \/>\n<meta property=\"article:published_time\" content=\"2021-11-25T05:33:00+00:00\" \/>\n<meta property=\"article:modified_time\" content=\"2022-06-30T18:36:48+00:00\" \/>\n<meta property=\"og:image\" content=\"https:\/\/www.klarairosa.com\/wp-content\/uploads\/2021\/11\/polet-za-KiR.jpg\" \/>\n\t<meta property=\"og:image:width\" content=\"673\" \/>\n\t<meta property=\"og:image:height\" content=\"517\" \/>\n\t<meta property=\"og:image:type\" content=\"image\/jpeg\" \/>\n<meta name=\"author\" content=\"Klara i Rosa\" \/>\n<meta name=\"twitter:card\" content=\"summary_large_image\" \/>\n<meta name=\"twitter:label1\" content=\"Written by\" \/>\n\t<meta name=\"twitter:data1\" content=\"Klara i Rosa\" \/>\n\t<meta name=\"twitter:label2\" content=\"Estimated reading time\" \/>\n\t<meta name=\"twitter:data2\" content=\"1 minute\" \/>\n<script type=\"application\/ld+json\" class=\"yoast-schema-graph\">{\"@context\":\"https:\\\/\\\/schema.org\",\"@graph\":[{\"@type\":\"Article\",\"@id\":\"https:\\\/\\\/www.klarairosa.com\\\/radio-plac-subotica-polet-omladinska-emisija-1\\\/#article\",\"isPartOf\":{\"@id\":\"https:\\\/\\\/www.klarairosa.com\\\/radio-plac-subotica-polet-omladinska-emisija-1\\\/\"},\"author\":{\"name\":\"Klara i Rosa\",\"@id\":\"https:\\\/\\\/www.klarairosa.com\\\/en\\\/#\\\/schema\\\/person\\\/e4e7e9e5c8eeeddccf61e4532ae8e6ed\"},\"headline\":\"RADIO PLAC SUBOTICA \\\/ POLET, OMLADINSKA EMISIJA 1\",\"datePublished\":\"2021-11-25T05:33:00+00:00\",\"dateModified\":\"2022-06-30T18:36:48+00:00\",\"mainEntityOfPage\":{\"@id\":\"https:\\\/\\\/www.klarairosa.com\\\/radio-plac-subotica-polet-omladinska-emisija-1\\\/\"},\"wordCount\":262,\"commentCount\":0,\"publisher\":{\"@id\":\"https:\\\/\\\/www.klarairosa.com\\\/en\\\/#organization\"},\"image\":{\"@id\":\"https:\\\/\\\/www.klarairosa.com\\\/radio-plac-subotica-polet-omladinska-emisija-1\\\/#primaryimage\"},\"thumbnailUrl\":\"https:\\\/\\\/www.klarairosa.com\\\/wp-content\\\/uploads\\\/2021\\\/11\\\/polet-za-KiR.jpg\",\"articleSection\":[\"Polet 21\\\/22\",\"Radio Plac\"],\"inLanguage\":\"en-GB\",\"potentialAction\":[{\"@type\":\"CommentAction\",\"name\":\"Comment\",\"target\":[\"https:\\\/\\\/www.klarairosa.com\\\/radio-plac-subotica-polet-omladinska-emisija-1\\\/#respond\"]}]},{\"@type\":\"WebPage\",\"@id\":\"https:\\\/\\\/www.klarairosa.com\\\/radio-plac-subotica-polet-omladinska-emisija-1\\\/\",\"url\":\"https:\\\/\\\/www.klarairosa.com\\\/radio-plac-subotica-polet-omladinska-emisija-1\\\/\",\"name\":\"RADIO PLAC SUBOTICA \\\/ POLET, OMLADINSKA EMISIJA 1 - Klara i Rosa\",\"isPartOf\":{\"@id\":\"https:\\\/\\\/www.klarairosa.com\\\/en\\\/#website\"},\"primaryImageOfPage\":{\"@id\":\"https:\\\/\\\/www.klarairosa.com\\\/radio-plac-subotica-polet-omladinska-emisija-1\\\/#primaryimage\"},\"image\":{\"@id\":\"https:\\\/\\\/www.klarairosa.com\\\/radio-plac-subotica-polet-omladinska-emisija-1\\\/#primaryimage\"},\"thumbnailUrl\":\"https:\\\/\\\/www.klarairosa.com\\\/wp-content\\\/uploads\\\/2021\\\/11\\\/polet-za-KiR.jpg\",\"datePublished\":\"2021-11-25T05:33:00+00:00\",\"dateModified\":\"2022-06-30T18:36:48+00:00\",\"breadcrumb\":{\"@id\":\"https:\\\/\\\/www.klarairosa.com\\\/radio-plac-subotica-polet-omladinska-emisija-1\\\/#breadcrumb\"},\"inLanguage\":\"en-GB\",\"potentialAction\":[{\"@type\":\"ReadAction\",\"target\":[\"https:\\\/\\\/www.klarairosa.com\\\/radio-plac-subotica-polet-omladinska-emisija-1\\\/\"]}]},{\"@type\":\"ImageObject\",\"inLanguage\":\"en-GB\",\"@id\":\"https:\\\/\\\/www.klarairosa.com\\\/radio-plac-subotica-polet-omladinska-emisija-1\\\/#primaryimage\",\"url\":\"https:\\\/\\\/www.klarairosa.com\\\/wp-content\\\/uploads\\\/2021\\\/11\\\/polet-za-KiR.jpg\",\"contentUrl\":\"https:\\\/\\\/www.klarairosa.com\\\/wp-content\\\/uploads\\\/2021\\\/11\\\/polet-za-KiR.jpg\",\"width\":673,\"height\":517},{\"@type\":\"BreadcrumbList\",\"@id\":\"https:\\\/\\\/www.klarairosa.com\\\/radio-plac-subotica-polet-omladinska-emisija-1\\\/#breadcrumb\",\"itemListElement\":[{\"@type\":\"ListItem\",\"position\":1,\"name\":\"Home\",\"item\":\"https:\\\/\\\/www.klarairosa.com\\\/\"},{\"@type\":\"ListItem\",\"position\":2,\"name\":\"RADIO PLAC SUBOTICA \\\/ POLET, OMLADINSKA EMISIJA 1\"}]},{\"@type\":\"WebSite\",\"@id\":\"https:\\\/\\\/www.klarairosa.com\\\/en\\\/#website\",\"url\":\"https:\\\/\\\/www.klarairosa.com\\\/en\\\/\",\"name\":\"Klara i Rosa\",\"description\":\"Klara i Rosa\",\"publisher\":{\"@id\":\"https:\\\/\\\/www.klarairosa.com\\\/en\\\/#organization\"},\"potentialAction\":[{\"@type\":\"SearchAction\",\"target\":{\"@type\":\"EntryPoint\",\"urlTemplate\":\"https:\\\/\\\/www.klarairosa.com\\\/en\\\/?s={search_term_string}\"},\"query-input\":{\"@type\":\"PropertyValueSpecification\",\"valueRequired\":true,\"valueName\":\"search_term_string\"}}],\"inLanguage\":\"en-GB\"},{\"@type\":\"Organization\",\"@id\":\"https:\\\/\\\/www.klarairosa.com\\\/en\\\/#organization\",\"name\":\"Klara i Rosa\",\"url\":\"https:\\\/\\\/www.klarairosa.com\\\/en\\\/\",\"logo\":{\"@type\":\"ImageObject\",\"inLanguage\":\"en-GB\",\"@id\":\"https:\\\/\\\/www.klarairosa.com\\\/en\\\/#\\\/schema\\\/logo\\\/image\\\/\",\"url\":\"https:\\\/\\\/www.klarairosa.com\\\/wp-content\\\/uploads\\\/2022\\\/01\\\/logo.svg\",\"contentUrl\":\"https:\\\/\\\/www.klarairosa.com\\\/wp-content\\\/uploads\\\/2022\\\/01\\\/logo.svg\",\"width\":110,\"height\":139,\"caption\":\"Klara i Rosa\"},\"image\":{\"@id\":\"https:\\\/\\\/www.klarairosa.com\\\/en\\\/#\\\/schema\\\/logo\\\/image\\\/\"},\"sameAs\":[\"https:\\\/\\\/www.facebook.com\\\/klarairosa\\\/\",\"https:\\\/\\\/www.instagram.com\\\/ugklarairosa\\\/\"]},{\"@type\":\"Person\",\"@id\":\"https:\\\/\\\/www.klarairosa.com\\\/en\\\/#\\\/schema\\\/person\\\/e4e7e9e5c8eeeddccf61e4532ae8e6ed\",\"name\":\"Klara i Rosa\",\"image\":{\"@type\":\"ImageObject\",\"inLanguage\":\"en-GB\",\"@id\":\"https:\\\/\\\/secure.gravatar.com\\\/avatar\\\/c83ee539a067b9f57ae5d8999ae286c4f98b5c4bd943b8cbb64f6b0fc1f29e40?s=96&d=mm&r=g\",\"url\":\"https:\\\/\\\/secure.gravatar.com\\\/avatar\\\/c83ee539a067b9f57ae5d8999ae286c4f98b5c4bd943b8cbb64f6b0fc1f29e40?s=96&d=mm&r=g\",\"contentUrl\":\"https:\\\/\\\/secure.gravatar.com\\\/avatar\\\/c83ee539a067b9f57ae5d8999ae286c4f98b5c4bd943b8cbb64f6b0fc1f29e40?s=96&d=mm&r=g\",\"caption\":\"Klara i Rosa\"},\"sameAs\":[\"https:\\\/\\\/klarairosa.com\"],\"url\":\"https:\\\/\\\/www.klarairosa.com\\\/en\\\/author\\\/rosaiklara\\\/\"}]}<\/script>\n<!-- \/ Yoast SEO plugin. -->","yoast_head_json":{"title":"RADIO PLAC SUBOTICA \/ POLET, OMLADINSKA EMISIJA 1 - Klara i Rosa","robots":{"index":"index","follow":"follow","max-snippet":"max-snippet:-1","max-image-preview":"max-image-preview:large","max-video-preview":"max-video-preview:-1"},"canonical":"https:\/\/www.klarairosa.com\/en\/radio-plac-subotica-polet-omladinska-emisija-1\/","og_locale":"en_GB","og_type":"article","og_title":"RADIO PLAC SUBOTICA \/ POLET, OMLADINSKA EMISIJA 1 - Klara i Rosa","og_description":"Klara i Rosa istra\u017euju \u0161ta nedostaje mladima u Subotici ali i koje su mogu\u0107nosti za...","og_url":"https:\/\/www.klarairosa.com\/en\/radio-plac-subotica-polet-omladinska-emisija-1\/","og_site_name":"Klara i Rosa","article_publisher":"https:\/\/www.facebook.com\/klarairosa\/","article_published_time":"2021-11-25T05:33:00+00:00","article_modified_time":"2022-06-30T18:36:48+00:00","og_image":[{"width":673,"height":517,"url":"https:\/\/www.klarairosa.com\/wp-content\/uploads\/2021\/11\/polet-za-KiR.jpg","type":"image\/jpeg"}],"author":"Klara i Rosa","twitter_card":"summary_large_image","twitter_misc":{"Written by":"Klara i Rosa","Estimated reading time":"1 minute"},"schema":{"@context":"https:\/\/schema.org","@graph":[{"@type":"Article","@id":"https:\/\/www.klarairosa.com\/radio-plac-subotica-polet-omladinska-emisija-1\/#article","isPartOf":{"@id":"https:\/\/www.klarairosa.com\/radio-plac-subotica-polet-omladinska-emisija-1\/"},"author":{"name":"Klara i Rosa","@id":"https:\/\/www.klarairosa.com\/en\/#\/schema\/person\/e4e7e9e5c8eeeddccf61e4532ae8e6ed"},"headline":"RADIO PLAC SUBOTICA \/ POLET, OMLADINSKA EMISIJA 1","datePublished":"2021-11-25T05:33:00+00:00","dateModified":"2022-06-30T18:36:48+00:00","mainEntityOfPage":{"@id":"https:\/\/www.klarairosa.com\/radio-plac-subotica-polet-omladinska-emisija-1\/"},"wordCount":262,"commentCount":0,"publisher":{"@id":"https:\/\/www.klarairosa.com\/en\/#organization"},"image":{"@id":"https:\/\/www.klarairosa.com\/radio-plac-subotica-polet-omladinska-emisija-1\/#primaryimage"},"thumbnailUrl":"https:\/\/www.klarairosa.com\/wp-content\/uploads\/2021\/11\/polet-za-KiR.jpg","articleSection":["Polet 21\/22","Radio Plac"],"inLanguage":"en-GB","potentialAction":[{"@type":"CommentAction","name":"Comment","target":["https:\/\/www.klarairosa.com\/radio-plac-subotica-polet-omladinska-emisija-1\/#respond"]}]},{"@type":"WebPage","@id":"https:\/\/www.klarairosa.com\/radio-plac-subotica-polet-omladinska-emisija-1\/","url":"https:\/\/www.klarairosa.com\/radio-plac-subotica-polet-omladinska-emisija-1\/","name":"RADIO PLAC SUBOTICA \/ POLET, OMLADINSKA EMISIJA 1 - Klara i Rosa","isPartOf":{"@id":"https:\/\/www.klarairosa.com\/en\/#website"},"primaryImageOfPage":{"@id":"https:\/\/www.klarairosa.com\/radio-plac-subotica-polet-omladinska-emisija-1\/#primaryimage"},"image":{"@id":"https:\/\/www.klarairosa.com\/radio-plac-subotica-polet-omladinska-emisija-1\/#primaryimage"},"thumbnailUrl":"https:\/\/www.klarairosa.com\/wp-content\/uploads\/2021\/11\/polet-za-KiR.jpg","datePublished":"2021-11-25T05:33:00+00:00","dateModified":"2022-06-30T18:36:48+00:00","breadcrumb":{"@id":"https:\/\/www.klarairosa.com\/radio-plac-subotica-polet-omladinska-emisija-1\/#breadcrumb"},"inLanguage":"en-GB","potentialAction":[{"@type":"ReadAction","target":["https:\/\/www.klarairosa.com\/radio-plac-subotica-polet-omladinska-emisija-1\/"]}]},{"@type":"ImageObject","inLanguage":"en-GB","@id":"https:\/\/www.klarairosa.com\/radio-plac-subotica-polet-omladinska-emisija-1\/#primaryimage","url":"https:\/\/www.klarairosa.com\/wp-content\/uploads\/2021\/11\/polet-za-KiR.jpg","contentUrl":"https:\/\/www.klarairosa.com\/wp-content\/uploads\/2021\/11\/polet-za-KiR.jpg","width":673,"height":517},{"@type":"BreadcrumbList","@id":"https:\/\/www.klarairosa.com\/radio-plac-subotica-polet-omladinska-emisija-1\/#breadcrumb","itemListElement":[{"@type":"ListItem","position":1,"name":"Home","item":"https:\/\/www.klarairosa.com\/"},{"@type":"ListItem","position":2,"name":"RADIO PLAC SUBOTICA \/ POLET, OMLADINSKA EMISIJA 1"}]},{"@type":"WebSite","@id":"https:\/\/www.klarairosa.com\/en\/#website","url":"https:\/\/www.klarairosa.com\/en\/","name":"Klara i Rosa","description":"Klara i Rosa","publisher":{"@id":"https:\/\/www.klarairosa.com\/en\/#organization"},"potentialAction":[{"@type":"SearchAction","target":{"@type":"EntryPoint","urlTemplate":"https:\/\/www.klarairosa.com\/en\/?s={search_term_string}"},"query-input":{"@type":"PropertyValueSpecification","valueRequired":true,"valueName":"search_term_string"}}],"inLanguage":"en-GB"},{"@type":"Organization","@id":"https:\/\/www.klarairosa.com\/en\/#organization","name":"Klara i Rosa","url":"https:\/\/www.klarairosa.com\/en\/","logo":{"@type":"ImageObject","inLanguage":"en-GB","@id":"https:\/\/www.klarairosa.com\/en\/#\/schema\/logo\/image\/","url":"https:\/\/www.klarairosa.com\/wp-content\/uploads\/2022\/01\/logo.svg","contentUrl":"https:\/\/www.klarairosa.com\/wp-content\/uploads\/2022\/01\/logo.svg","width":110,"height":139,"caption":"Klara i Rosa"},"image":{"@id":"https:\/\/www.klarairosa.com\/en\/#\/schema\/logo\/image\/"},"sameAs":["https:\/\/www.facebook.com\/klarairosa\/","https:\/\/www.instagram.com\/ugklarairosa\/"]},{"@type":"Person","@id":"https:\/\/www.klarairosa.com\/en\/#\/schema\/person\/e4e7e9e5c8eeeddccf61e4532ae8e6ed","name":"Klara i Rosa","image":{"@type":"ImageObject","inLanguage":"en-GB","@id":"https:\/\/secure.gravatar.com\/avatar\/c83ee539a067b9f57ae5d8999ae286c4f98b5c4bd943b8cbb64f6b0fc1f29e40?s=96&d=mm&r=g","url":"https:\/\/secure.gravatar.com\/avatar\/c83ee539a067b9f57ae5d8999ae286c4f98b5c4bd943b8cbb64f6b0fc1f29e40?s=96&d=mm&r=g","contentUrl":"https:\/\/secure.gravatar.com\/avatar\/c83ee539a067b9f57ae5d8999ae286c4f98b5c4bd943b8cbb64f6b0fc1f29e40?s=96&d=mm&r=g","caption":"Klara i Rosa"},"sameAs":["https:\/\/klarairosa.com"],"url":"https:\/\/www.klarairosa.com\/en\/author\/rosaiklara\/"}]}},"_links":{"self":[{"href":"https:\/\/www.klarairosa.com\/en\/wp-json\/wp\/v2\/posts\/16902","targetHints":{"allow":["GET"]}}],"collection":[{"href":"https:\/\/www.klarairosa.com\/en\/wp-json\/wp\/v2\/posts"}],"about":[{"href":"https:\/\/www.klarairosa.com\/en\/wp-json\/wp\/v2\/types\/post"}],"author":[{"embeddable":true,"href":"https:\/\/www.klarairosa.com\/en\/wp-json\/wp\/v2\/users\/1"}],"replies":[{"embeddable":true,"href":"https:\/\/www.klarairosa.com\/en\/wp-json\/wp\/v2\/comments?post=16902"}],"version-history":[{"count":5,"href":"https:\/\/www.klarairosa.com\/en\/wp-json\/wp\/v2\/posts\/16902\/revisions"}],"predecessor-version":[{"id":18800,"href":"https:\/\/www.klarairosa.com\/en\/wp-json\/wp\/v2\/posts\/16902\/revisions\/18800"}],"wp:featuredmedia":[{"embeddable":true,"href":"https:\/\/www.klarairosa.com\/en\/wp-json\/wp\/v2\/media\/17893"}],"wp:attachment":[{"href":"https:\/\/www.klarairosa.com\/en\/wp-json\/wp\/v2\/media?parent=16902"}],"wp:term":[{"taxonomy":"category","embeddable":true,"href":"https:\/\/www.klarairosa.com\/en\/wp-json\/wp\/v2\/categories?post=16902"},{"taxonomy":"post_tag","embeddable":true,"href":"https:\/\/www.klarairosa.com\/en\/wp-json\/wp\/v2\/tags?post=16902"}],"curies":[{"name":"wp","href":"https:\/\/api.w.org\/{rel}","templated":true}]}}