{"id":16430,"date":"2021-05-15T15:34:00","date_gmt":"2021-05-15T15:34:00","guid":{"rendered":"https:\/\/klarairosa.com\/?p=16430"},"modified":"2022-04-01T20:01:26","modified_gmt":"2022-04-01T20:01:26","slug":"u-gostima-balazs-kovacs","status":"publish","type":"post","link":"https:\/\/www.klarairosa.com\/en\/u-gostima-balazs-kovacs\/","title":{"rendered":"VISITING - Bal\u00e1zs Kov\u00e1cs"},"content":{"rendered":"<p>Svake subote u terminu od 19 \u010dasova na programu Radija Plac emitujemo emisiju U GOSTIMA u kojoj razgovaramo sa umetnicima, kulturnim radnicima, nau\u010dnicima i uop\u0161te ljudima \u0161irokog duha iz bli\u017eeg i daljeg okru\u017eenja. Ko kome dolazi u goste gotovo da je nemogu\u0107e precizno zaklju\u010diti \u0161to dodatno isklju\u010duje manire kurtoazije na koje smo navikli.<\/p>\r\n<p>.<\/p>\r\n<blockquote class='' style='border-left-color: #aeccc5;'><h5 class='blockquote-text' style='color: #aeccc5; line-height: undefinedpx;'>Subota, 15. maj 2021. \/ Radio Plac \/ 19:00<\/h5><\/blockquote>\r\n\r\n\r\n\r\n<p>.<\/p>\r\n\r\n\r\n\r\n<p>U subotu 15. maja 2021, od 19 \u010dasova na Radiju Plac emitujemo \u0161esnaestu epizodu emisije U GOSTIMA gde nam je gost Bal\u00e1zs Kov\u00e1cs, filozof, muzi\u010dar, radio urednik.\u00a0 Repriza emisije je na programu u ponedeljak od 17 \u010dasova.<\/p>\r\n\r\n\r\n\r\n<p>.<\/p>\r\n\r\n\r\n\r\n<p>Bala\u017e Kova\u010d ro\u0111en je 1980. godine u Seke\u0161fehervaru, a zatim se zbog univerziteta preselio u Pe\u010duj, i ostao tamo. Osim u\u010denja filozofije, estetike, kulturne antropologije i linuxa, pridru\u017eio se i kursevima studija elektronske muzike i radu Publikum (kasnije GFM) radija kao i aktivnostima udru\u017eenja K\u00f6zel\u00edt\u00e9s Egyes\u00fclet. Osniva\u010d je Periszkop Radija i Diobel-a Kiado-a. Vodi obuke za PTE-MK Electronic Music Media Art i organizuje izlo\u017ebeni prostor i kreativne kampove Hangfarm, od kako se izmestio u seosku zajednicu. Kao stvaralac pojavljuje se na raznim eksperimentalnim muzi\u010dkim i umetni\u010dkim doga\u0111ajima sa improvizacionim performansima (nazvanim Xrc ili meszel\u0151s), instalacijama i kao vodi\u010d kroz radionice. Njegova istra\u017eiva\u010dka interesovanja uklju\u010duju webaudio, re\u0161enja za obradu slike i zvuka (obrada ultrazvukom) i razvoj sopstvene ma\u0161ine za rezanje zapisa.<\/p>\r\n\r\n\r\n\r\n<p>.<\/p>\r\n\r\n\r\n\r\n<p>Sa Bal\u00e1zs Kov\u00e1csom razgovara Sz\u00e1sz Csongor. Emisija je na ma\u0111arskom jeziku.<\/p>\r\n\r\n\r\n\r\n<p>.<\/p>\r\n\r\n\r\n\r\n<p><a href=\"http:\/\/kbalazs.periszkopradio.hu\/\">http:\/\/kbalazs.periszkopradio.hu\/<\/a><\/p>\r\n\r\n\r\n\r\n<p><a href=\"https:\/\/www.eszemesz.hu\/\">https:\/\/www.eszemesz.hu\/<\/a>\u00a0\u2013 Eszel\u0151s meszel\u0151s projekt<\/p>\r\n\r\n\r\n\r\n<p><a href=\"https:\/\/diobelkiado.hu\/\">https:\/\/diobelkiado.hu\/<\/a>\u00a0\u2013 Di\u00f3b\u00e9l Kiad\u00f3<\/p>\r\n\r\n\r\n\r\n<p><a href=\"http:\/\/hangfarm.hu\/\">http:\/\/hangfarm.hu\/<\/a>\u00a0\u2013 Hangfarm szabadt\u00e9ri ki\u00e1ll\u00edt\u00f3t\u00e9r \u00e9s alkot\u00f3t\u00e1borok<\/p>\r\n\r\n\r\n\r\n<p><a href=\"https:\/\/www.art.pte.hu\/ezmba\">https:\/\/www.art.pte.hu\/ezmba<\/a>\u00a0\u2013 PTE-MK Elektronikus zenei m\u00e9diam\u0171v\u00e9szet BA k\u00e9pz\u00e9s\u00a0<a href=\"http:\/\/makker.hu\/\">http:\/\/makker.hu\/<\/a>\u00a0\u2013 webaudio projektek<\/p>\r\n<p>.<\/p>\r\n<p><iframe title=\"Vend\u00e9gs\u00e9gben - 16 Epiz\u00f3d - Kov\u00e1cs Bal\u00e1zs (Pecs)\" width=\"100%\" height=\"120\" src=\"https:\/\/www.mixcloud.com\/widget\/iframe\/?feed=https%3A%2F%2Fwww.mixcloud.com%2Fradioplac%2Fvend%25C3%25A9gs%25C3%25A9gben-16-epizod-kov%25C3%25A1cs-bal%25C3%25A1zs-pecs%2F&amp;hide_cover=1\" frameborder=\"0\"><\/iframe><\/p>\r\n<p>&nbsp;<\/p>\r\n\r\n\r\n\r\n<p>.<\/p>\r\n\r\n\r\n\r\n<p>Razgovor je nastao kao plod saradnje izme\u0111u Szabadkik\u00f6t\u0151 iz Pe\u010duja i Centra za savremenu kulturu i umetnost iz Subotice u okviru programa \u201eIzgradnja zajednice kroz kulturne prakse\u201c. Program je podr\u017ean od strane Fondacije za otvoreno dru\u0161tvo, Srbija po projektu UG \u201eKlara i Rosa\u201c iz Subotice.<\/p>\r\n\r\n\r\n\r\n<p>.<\/p>\r\n\r\n\r\n\r\n<figure class=\"wp-block-embed is-type-rich is-provider-mixcloud wp-block-embed-mixcloud wp-embed-aspect-21-9 wp-has-aspect-ratio\">\r\n<div class=\"wp-block-embed__wrapper\">\u00a0<\/div>\r\n<\/figure>\r\n\r\n\r\n\r\n<figure class=\"wp-block-gallery columns-0 is-cropped wp-block-gallery-1 is-layout-flex wp-block-gallery-is-layout-flex\"><\/figure>","protected":false},"excerpt":{"rendered":"<p>Svake subote u terminu od 19 \u010dasova na programu Radija Plac emitujemo emisiju U GOSTIMA&#8230;<\/p>","protected":false},"author":1,"featured_media":16431,"comment_status":"open","ping_status":"open","sticky":false,"template":"","format":"standard","meta":{"content-type":"","inline_featured_image":false,"footnotes":""},"categories":[99],"tags":[],"class_list":["post-16430","post","type-post","status-publish","format-standard","has-post-thumbnail","hentry","category-izgradnja-zajednice-kroz-kulturne-prakse"],"yoast_head":"<!-- This site is optimized with the Yoast SEO plugin v27.5 - https:\/\/yoast.com\/product\/yoast-seo-wordpress\/ -->\n<title>U gostima \u2013 Bal\u00e1zs Kov\u00e1cs - Klara i Rosa<\/title>\n<meta name=\"robots\" content=\"index, follow, max-snippet:-1, max-image-preview:large, max-video-preview:-1\" \/>\n<link rel=\"canonical\" href=\"https:\/\/www.klarairosa.com\/en\/u-gostima-balazs-kovacs\/\" \/>\n<meta property=\"og:locale\" content=\"en_GB\" \/>\n<meta property=\"og:type\" content=\"article\" \/>\n<meta property=\"og:title\" content=\"U gostima \u2013 Bal\u00e1zs Kov\u00e1cs - Klara i Rosa\" \/>\n<meta property=\"og:description\" content=\"Svake subote u terminu od 19 \u010dasova na programu Radija Plac emitujemo emisiju U GOSTIMA...\" \/>\n<meta property=\"og:url\" content=\"https:\/\/www.klarairosa.com\/en\/u-gostima-balazs-kovacs\/\" \/>\n<meta property=\"og:site_name\" content=\"Klara i Rosa\" \/>\n<meta property=\"article:publisher\" content=\"https:\/\/www.facebook.com\/klarairosa\/\" \/>\n<meta property=\"article:published_time\" content=\"2021-05-15T15:34:00+00:00\" \/>\n<meta property=\"article:modified_time\" content=\"2022-04-01T20:01:26+00:00\" \/>\n<meta property=\"og:image\" content=\"https:\/\/www.klarairosa.com\/wp-content\/uploads\/2022\/01\/Balazs-Kovacs.jpg\" \/>\n\t<meta property=\"og:image:width\" content=\"1200\" \/>\n\t<meta property=\"og:image:height\" content=\"763\" \/>\n\t<meta property=\"og:image:type\" content=\"image\/jpeg\" \/>\n<meta name=\"author\" content=\"Klara i Rosa\" \/>\n<meta name=\"twitter:card\" content=\"summary_large_image\" \/>\n<meta name=\"twitter:label1\" content=\"Written by\" \/>\n\t<meta name=\"twitter:data1\" content=\"Klara i Rosa\" \/>\n\t<meta name=\"twitter:label2\" content=\"Estimated reading time\" \/>\n\t<meta name=\"twitter:data2\" content=\"2 minutes\" \/>\n<script type=\"application\/ld+json\" class=\"yoast-schema-graph\">{\"@context\":\"https:\\\/\\\/schema.org\",\"@graph\":[{\"@type\":\"Article\",\"@id\":\"https:\\\/\\\/www.klarairosa.com\\\/u-gostima-balazs-kovacs\\\/#article\",\"isPartOf\":{\"@id\":\"https:\\\/\\\/www.klarairosa.com\\\/u-gostima-balazs-kovacs\\\/\"},\"author\":{\"name\":\"Klara i Rosa\",\"@id\":\"https:\\\/\\\/www.klarairosa.com\\\/en\\\/#\\\/schema\\\/person\\\/e4e7e9e5c8eeeddccf61e4532ae8e6ed\"},\"headline\":\"U gostima \u2013 Bal\u00e1zs Kov\u00e1cs\",\"datePublished\":\"2021-05-15T15:34:00+00:00\",\"dateModified\":\"2022-04-01T20:01:26+00:00\",\"mainEntityOfPage\":{\"@id\":\"https:\\\/\\\/www.klarairosa.com\\\/u-gostima-balazs-kovacs\\\/\"},\"wordCount\":409,\"commentCount\":0,\"publisher\":{\"@id\":\"https:\\\/\\\/www.klarairosa.com\\\/en\\\/#organization\"},\"image\":{\"@id\":\"https:\\\/\\\/www.klarairosa.com\\\/u-gostima-balazs-kovacs\\\/#primaryimage\"},\"thumbnailUrl\":\"https:\\\/\\\/www.klarairosa.com\\\/wp-content\\\/uploads\\\/2022\\\/01\\\/Balazs-Kovacs.jpg\",\"articleSection\":[\"Izgradnja zajednice kroz kulturne prakse\"],\"inLanguage\":\"en-GB\",\"potentialAction\":[{\"@type\":\"CommentAction\",\"name\":\"Comment\",\"target\":[\"https:\\\/\\\/www.klarairosa.com\\\/u-gostima-balazs-kovacs\\\/#respond\"]}]},{\"@type\":\"WebPage\",\"@id\":\"https:\\\/\\\/www.klarairosa.com\\\/u-gostima-balazs-kovacs\\\/\",\"url\":\"https:\\\/\\\/www.klarairosa.com\\\/u-gostima-balazs-kovacs\\\/\",\"name\":\"U gostima \u2013 Bal\u00e1zs Kov\u00e1cs - Klara i Rosa\",\"isPartOf\":{\"@id\":\"https:\\\/\\\/www.klarairosa.com\\\/en\\\/#website\"},\"primaryImageOfPage\":{\"@id\":\"https:\\\/\\\/www.klarairosa.com\\\/u-gostima-balazs-kovacs\\\/#primaryimage\"},\"image\":{\"@id\":\"https:\\\/\\\/www.klarairosa.com\\\/u-gostima-balazs-kovacs\\\/#primaryimage\"},\"thumbnailUrl\":\"https:\\\/\\\/www.klarairosa.com\\\/wp-content\\\/uploads\\\/2022\\\/01\\\/Balazs-Kovacs.jpg\",\"datePublished\":\"2021-05-15T15:34:00+00:00\",\"dateModified\":\"2022-04-01T20:01:26+00:00\",\"breadcrumb\":{\"@id\":\"https:\\\/\\\/www.klarairosa.com\\\/u-gostima-balazs-kovacs\\\/#breadcrumb\"},\"inLanguage\":\"en-GB\",\"potentialAction\":[{\"@type\":\"ReadAction\",\"target\":[\"https:\\\/\\\/www.klarairosa.com\\\/u-gostima-balazs-kovacs\\\/\"]}]},{\"@type\":\"ImageObject\",\"inLanguage\":\"en-GB\",\"@id\":\"https:\\\/\\\/www.klarairosa.com\\\/u-gostima-balazs-kovacs\\\/#primaryimage\",\"url\":\"https:\\\/\\\/www.klarairosa.com\\\/wp-content\\\/uploads\\\/2022\\\/01\\\/Balazs-Kovacs.jpg\",\"contentUrl\":\"https:\\\/\\\/www.klarairosa.com\\\/wp-content\\\/uploads\\\/2022\\\/01\\\/Balazs-Kovacs.jpg\",\"width\":1200,\"height\":763},{\"@type\":\"BreadcrumbList\",\"@id\":\"https:\\\/\\\/www.klarairosa.com\\\/u-gostima-balazs-kovacs\\\/#breadcrumb\",\"itemListElement\":[{\"@type\":\"ListItem\",\"position\":1,\"name\":\"Home\",\"item\":\"https:\\\/\\\/www.klarairosa.com\\\/\"},{\"@type\":\"ListItem\",\"position\":2,\"name\":\"U gostima \u2013 Bal\u00e1zs Kov\u00e1cs\"}]},{\"@type\":\"WebSite\",\"@id\":\"https:\\\/\\\/www.klarairosa.com\\\/en\\\/#website\",\"url\":\"https:\\\/\\\/www.klarairosa.com\\\/en\\\/\",\"name\":\"Klara i Rosa\",\"description\":\"Klara i Rosa\",\"publisher\":{\"@id\":\"https:\\\/\\\/www.klarairosa.com\\\/en\\\/#organization\"},\"potentialAction\":[{\"@type\":\"SearchAction\",\"target\":{\"@type\":\"EntryPoint\",\"urlTemplate\":\"https:\\\/\\\/www.klarairosa.com\\\/en\\\/?s={search_term_string}\"},\"query-input\":{\"@type\":\"PropertyValueSpecification\",\"valueRequired\":true,\"valueName\":\"search_term_string\"}}],\"inLanguage\":\"en-GB\"},{\"@type\":\"Organization\",\"@id\":\"https:\\\/\\\/www.klarairosa.com\\\/en\\\/#organization\",\"name\":\"Klara i Rosa\",\"url\":\"https:\\\/\\\/www.klarairosa.com\\\/en\\\/\",\"logo\":{\"@type\":\"ImageObject\",\"inLanguage\":\"en-GB\",\"@id\":\"https:\\\/\\\/www.klarairosa.com\\\/en\\\/#\\\/schema\\\/logo\\\/image\\\/\",\"url\":\"https:\\\/\\\/www.klarairosa.com\\\/wp-content\\\/uploads\\\/2022\\\/01\\\/logo.svg\",\"contentUrl\":\"https:\\\/\\\/www.klarairosa.com\\\/wp-content\\\/uploads\\\/2022\\\/01\\\/logo.svg\",\"width\":110,\"height\":139,\"caption\":\"Klara i Rosa\"},\"image\":{\"@id\":\"https:\\\/\\\/www.klarairosa.com\\\/en\\\/#\\\/schema\\\/logo\\\/image\\\/\"},\"sameAs\":[\"https:\\\/\\\/www.facebook.com\\\/klarairosa\\\/\",\"https:\\\/\\\/www.instagram.com\\\/ugklarairosa\\\/\"]},{\"@type\":\"Person\",\"@id\":\"https:\\\/\\\/www.klarairosa.com\\\/en\\\/#\\\/schema\\\/person\\\/e4e7e9e5c8eeeddccf61e4532ae8e6ed\",\"name\":\"Klara i Rosa\",\"image\":{\"@type\":\"ImageObject\",\"inLanguage\":\"en-GB\",\"@id\":\"https:\\\/\\\/secure.gravatar.com\\\/avatar\\\/c83ee539a067b9f57ae5d8999ae286c4f98b5c4bd943b8cbb64f6b0fc1f29e40?s=96&d=mm&r=g\",\"url\":\"https:\\\/\\\/secure.gravatar.com\\\/avatar\\\/c83ee539a067b9f57ae5d8999ae286c4f98b5c4bd943b8cbb64f6b0fc1f29e40?s=96&d=mm&r=g\",\"contentUrl\":\"https:\\\/\\\/secure.gravatar.com\\\/avatar\\\/c83ee539a067b9f57ae5d8999ae286c4f98b5c4bd943b8cbb64f6b0fc1f29e40?s=96&d=mm&r=g\",\"caption\":\"Klara i Rosa\"},\"sameAs\":[\"https:\\\/\\\/klarairosa.com\"],\"url\":\"https:\\\/\\\/www.klarairosa.com\\\/en\\\/author\\\/rosaiklara\\\/\"}]}<\/script>\n<!-- \/ Yoast SEO plugin. -->","yoast_head_json":{"title":"U gostima \u2013 Bal\u00e1zs Kov\u00e1cs - Klara i Rosa","robots":{"index":"index","follow":"follow","max-snippet":"max-snippet:-1","max-image-preview":"max-image-preview:large","max-video-preview":"max-video-preview:-1"},"canonical":"https:\/\/www.klarairosa.com\/en\/u-gostima-balazs-kovacs\/","og_locale":"en_GB","og_type":"article","og_title":"U gostima \u2013 Bal\u00e1zs Kov\u00e1cs - Klara i Rosa","og_description":"Svake subote u terminu od 19 \u010dasova na programu Radija Plac emitujemo emisiju U GOSTIMA...","og_url":"https:\/\/www.klarairosa.com\/en\/u-gostima-balazs-kovacs\/","og_site_name":"Klara i Rosa","article_publisher":"https:\/\/www.facebook.com\/klarairosa\/","article_published_time":"2021-05-15T15:34:00+00:00","article_modified_time":"2022-04-01T20:01:26+00:00","og_image":[{"width":1200,"height":763,"url":"https:\/\/www.klarairosa.com\/wp-content\/uploads\/2022\/01\/Balazs-Kovacs.jpg","type":"image\/jpeg"}],"author":"Klara i Rosa","twitter_card":"summary_large_image","twitter_misc":{"Written by":"Klara i Rosa","Estimated reading time":"2 minutes"},"schema":{"@context":"https:\/\/schema.org","@graph":[{"@type":"Article","@id":"https:\/\/www.klarairosa.com\/u-gostima-balazs-kovacs\/#article","isPartOf":{"@id":"https:\/\/www.klarairosa.com\/u-gostima-balazs-kovacs\/"},"author":{"name":"Klara i Rosa","@id":"https:\/\/www.klarairosa.com\/en\/#\/schema\/person\/e4e7e9e5c8eeeddccf61e4532ae8e6ed"},"headline":"U gostima \u2013 Bal\u00e1zs Kov\u00e1cs","datePublished":"2021-05-15T15:34:00+00:00","dateModified":"2022-04-01T20:01:26+00:00","mainEntityOfPage":{"@id":"https:\/\/www.klarairosa.com\/u-gostima-balazs-kovacs\/"},"wordCount":409,"commentCount":0,"publisher":{"@id":"https:\/\/www.klarairosa.com\/en\/#organization"},"image":{"@id":"https:\/\/www.klarairosa.com\/u-gostima-balazs-kovacs\/#primaryimage"},"thumbnailUrl":"https:\/\/www.klarairosa.com\/wp-content\/uploads\/2022\/01\/Balazs-Kovacs.jpg","articleSection":["Izgradnja zajednice kroz kulturne prakse"],"inLanguage":"en-GB","potentialAction":[{"@type":"CommentAction","name":"Comment","target":["https:\/\/www.klarairosa.com\/u-gostima-balazs-kovacs\/#respond"]}]},{"@type":"WebPage","@id":"https:\/\/www.klarairosa.com\/u-gostima-balazs-kovacs\/","url":"https:\/\/www.klarairosa.com\/u-gostima-balazs-kovacs\/","name":"U gostima \u2013 Bal\u00e1zs Kov\u00e1cs - Klara i Rosa","isPartOf":{"@id":"https:\/\/www.klarairosa.com\/en\/#website"},"primaryImageOfPage":{"@id":"https:\/\/www.klarairosa.com\/u-gostima-balazs-kovacs\/#primaryimage"},"image":{"@id":"https:\/\/www.klarairosa.com\/u-gostima-balazs-kovacs\/#primaryimage"},"thumbnailUrl":"https:\/\/www.klarairosa.com\/wp-content\/uploads\/2022\/01\/Balazs-Kovacs.jpg","datePublished":"2021-05-15T15:34:00+00:00","dateModified":"2022-04-01T20:01:26+00:00","breadcrumb":{"@id":"https:\/\/www.klarairosa.com\/u-gostima-balazs-kovacs\/#breadcrumb"},"inLanguage":"en-GB","potentialAction":[{"@type":"ReadAction","target":["https:\/\/www.klarairosa.com\/u-gostima-balazs-kovacs\/"]}]},{"@type":"ImageObject","inLanguage":"en-GB","@id":"https:\/\/www.klarairosa.com\/u-gostima-balazs-kovacs\/#primaryimage","url":"https:\/\/www.klarairosa.com\/wp-content\/uploads\/2022\/01\/Balazs-Kovacs.jpg","contentUrl":"https:\/\/www.klarairosa.com\/wp-content\/uploads\/2022\/01\/Balazs-Kovacs.jpg","width":1200,"height":763},{"@type":"BreadcrumbList","@id":"https:\/\/www.klarairosa.com\/u-gostima-balazs-kovacs\/#breadcrumb","itemListElement":[{"@type":"ListItem","position":1,"name":"Home","item":"https:\/\/www.klarairosa.com\/"},{"@type":"ListItem","position":2,"name":"U gostima \u2013 Bal\u00e1zs Kov\u00e1cs"}]},{"@type":"WebSite","@id":"https:\/\/www.klarairosa.com\/en\/#website","url":"https:\/\/www.klarairosa.com\/en\/","name":"Klara i Rosa","description":"Klara i Rosa","publisher":{"@id":"https:\/\/www.klarairosa.com\/en\/#organization"},"potentialAction":[{"@type":"SearchAction","target":{"@type":"EntryPoint","urlTemplate":"https:\/\/www.klarairosa.com\/en\/?s={search_term_string}"},"query-input":{"@type":"PropertyValueSpecification","valueRequired":true,"valueName":"search_term_string"}}],"inLanguage":"en-GB"},{"@type":"Organization","@id":"https:\/\/www.klarairosa.com\/en\/#organization","name":"Klara i Rosa","url":"https:\/\/www.klarairosa.com\/en\/","logo":{"@type":"ImageObject","inLanguage":"en-GB","@id":"https:\/\/www.klarairosa.com\/en\/#\/schema\/logo\/image\/","url":"https:\/\/www.klarairosa.com\/wp-content\/uploads\/2022\/01\/logo.svg","contentUrl":"https:\/\/www.klarairosa.com\/wp-content\/uploads\/2022\/01\/logo.svg","width":110,"height":139,"caption":"Klara i Rosa"},"image":{"@id":"https:\/\/www.klarairosa.com\/en\/#\/schema\/logo\/image\/"},"sameAs":["https:\/\/www.facebook.com\/klarairosa\/","https:\/\/www.instagram.com\/ugklarairosa\/"]},{"@type":"Person","@id":"https:\/\/www.klarairosa.com\/en\/#\/schema\/person\/e4e7e9e5c8eeeddccf61e4532ae8e6ed","name":"Klara i Rosa","image":{"@type":"ImageObject","inLanguage":"en-GB","@id":"https:\/\/secure.gravatar.com\/avatar\/c83ee539a067b9f57ae5d8999ae286c4f98b5c4bd943b8cbb64f6b0fc1f29e40?s=96&d=mm&r=g","url":"https:\/\/secure.gravatar.com\/avatar\/c83ee539a067b9f57ae5d8999ae286c4f98b5c4bd943b8cbb64f6b0fc1f29e40?s=96&d=mm&r=g","contentUrl":"https:\/\/secure.gravatar.com\/avatar\/c83ee539a067b9f57ae5d8999ae286c4f98b5c4bd943b8cbb64f6b0fc1f29e40?s=96&d=mm&r=g","caption":"Klara i Rosa"},"sameAs":["https:\/\/klarairosa.com"],"url":"https:\/\/www.klarairosa.com\/en\/author\/rosaiklara\/"}]}},"_links":{"self":[{"href":"https:\/\/www.klarairosa.com\/en\/wp-json\/wp\/v2\/posts\/16430","targetHints":{"allow":["GET"]}}],"collection":[{"href":"https:\/\/www.klarairosa.com\/en\/wp-json\/wp\/v2\/posts"}],"about":[{"href":"https:\/\/www.klarairosa.com\/en\/wp-json\/wp\/v2\/types\/post"}],"author":[{"embeddable":true,"href":"https:\/\/www.klarairosa.com\/en\/wp-json\/wp\/v2\/users\/1"}],"replies":[{"embeddable":true,"href":"https:\/\/www.klarairosa.com\/en\/wp-json\/wp\/v2\/comments?post=16430"}],"version-history":[{"count":3,"href":"https:\/\/www.klarairosa.com\/en\/wp-json\/wp\/v2\/posts\/16430\/revisions"}],"predecessor-version":[{"id":17961,"href":"https:\/\/www.klarairosa.com\/en\/wp-json\/wp\/v2\/posts\/16430\/revisions\/17961"}],"wp:featuredmedia":[{"embeddable":true,"href":"https:\/\/www.klarairosa.com\/en\/wp-json\/wp\/v2\/media\/16431"}],"wp:attachment":[{"href":"https:\/\/www.klarairosa.com\/en\/wp-json\/wp\/v2\/media?parent=16430"}],"wp:term":[{"taxonomy":"category","embeddable":true,"href":"https:\/\/www.klarairosa.com\/en\/wp-json\/wp\/v2\/categories?post=16430"},{"taxonomy":"post_tag","embeddable":true,"href":"https:\/\/www.klarairosa.com\/en\/wp-json\/wp\/v2\/tags?post=16430"}],"curies":[{"name":"wp","href":"https:\/\/api.w.org\/{rel}","templated":true}]}}