{"id":16373,"date":"2021-04-03T15:06:00","date_gmt":"2021-04-03T15:06:00","guid":{"rendered":"https:\/\/klarairosa.com\/?p=16373"},"modified":"2022-04-01T20:34:48","modified_gmt":"2022-04-01T20:34:48","slug":"u-gostima-nina-dragicevic","status":"publish","type":"post","link":"https:\/\/www.klarairosa.com\/en\/u-gostima-nina-dragicevic\/","title":{"rendered":"U gostima \u2013 Nina Dragi\u010devi\u0107"},"content":{"rendered":"\r\n<p>Svake subote u terminu od 19 \u010dasova na programu Radija Plac emitujemo emisiju U GOSTIMA u kojoj razgovaramo sa umetnicima, kulturnim radnicima, nau\u010dnicima i uop\u0161te ljudima \u0161irokog duha iz bli\u017eeg i daljeg okru\u017eenja. Ko kome dolazi u goste gotovo da je nemogu\u0107e precizno zaklju\u010diti \u0161to dodatno isklju\u010duje manire kurtoazije na koje smo navikli.<\/p>\r\n\r\n\r\n\r\n<p>.<\/p>\r\n<blockquote class='' style='border-left-color: #aeccc5;'><h5 class='blockquote-text' style='color: #aeccc5; line-height: undefinedpx;'>Subota, 13. april 2021. \/ Radio Plac \/ 19:00<\/h5><\/blockquote>\r\n<p>.<\/p>\r\n\r\n\r\n\r\n<p>U subotu 3. aprila 2021, od 19 \u010dasova na Radiju Plac emitujemo desetu epizodu emisije U GOSTIMA gde razgovaramo sa Ninom Dragi\u010devi\u0107, kni\u017eevnicom i kompozitorkom, \u010dlanicom kolektiva Zavod Sploh iz Ljubljane.\u00a0 Repriza emisije je na programu u ponedeljak od 17 \u010dasova.<\/p>\r\n\r\n\r\n\r\n<p>.<\/p>\r\n\r\n\r\n\r\n<p>Ova svestrana umetnica doktor je iz oblasti sociololo\u0161kih nauka i autorka romana\u00a0\u201c<a href=\"http:\/\/ninadragicevic.com\/writing\/kdo-ima-druge-skrbi\/\">Kdo ima druge skrbi<\/a>\u201d\u00a0 (Ko ima druge brige), dve monografije esejisti\u010dkog karaktera:\u00a0\u201c<a href=\"http:\/\/ninadragicevic.com\/slavne-neznane-skuc-2016\/\">Slavne neznane<\/a>\u201d\u00a0i\u00a0\u201c<a href=\"http:\/\/ninadragicevic.com\/med-njima-je-glasba-glasba-v-konstrukciji-lezbicne-scene\/\">Med njima je glasba<\/a>\u201d\u00a0kao i vi\u0161estruko nagra\u0111ivane zbirke pesama\u00a0\u201c<a href=\"http:\/\/ninadragicevic.com\/ljubav-rece-greva-skuc-lambda-2019\/\">Ljubav re\u010de greva<\/a>\u201d\u00a0 ( Ljubav je rekla idemo). Njeni su tekstovi prevedeni na engleski, nema\u010dki,\u00a0 \u010de\u0161ki, \u0161panski jezik. Nina je umetni\u010dka direktorka Me\u0111unarodnog simpozijum festivala Topografija zvuka.<\/p>\r\n\r\n\r\n\r\n<p>.<\/p>\r\n<p>U emisiji progovara o anga\u017eovanoj umetnosti, aktivizmu, Lgbt sceni u Sloveniji, o tome kako zvuk kreira identitet te o svojim umetni\u010dkim projektima i tendencijama.<\/p>\r\n\r\n\r\n\r\n<p>.<\/p>\r\n<p>Sa Ninom Dragi\u010devi\u0107 razgovara Gordana Vukov Ciganjik.<\/p>\r\n\r\n\r\n\r\n<p>.<\/p>\r\n\r\n\r\n\r\n<p><a href=\"http:\/\/ninadragicevic.com\/\">http:\/\/ninadragicevic.com\/<\/a><\/p>\r\n\r\n\r\n\r\n<p>.<\/p>\r\n\r\n\r\n\r\n<p>Nakon emisije emitujemo radio dramu \u201cLjubi me brzo\u201d nastalu po istoimenom knji\u017eevnom tekstu Nine Dragi\u010devi\u0107 (Idiot, 2016). Ova radio drama uvla\u010di nas u efekte ubrzanja na misao savremenog ljubavnika,\u00a0 \u017eelje i ve\u010dnog leta. Zvu\u010dni tok misli, koji ne prenosi slu\u0161aocu ni\u0161ta preko radija, ve\u0107 sam aparat predstavlja kostur u kome misao prolazi i zvu\u010di. \u00a0<\/p>\r\n<p>.<\/p>\r\n<p><iframe title=\"U Gostima - Epizoda 10 - Nina Dragi\u010devi\u0107 (Ljubljana) + Radio Igra &quot;Ljubi Me Brzo&quot;\" width=\"100%\" height=\"120\" src=\"https:\/\/www.mixcloud.com\/widget\/iframe\/?feed=https%3A%2F%2Fwww.mixcloud.com%2Fradioplac%2Fu-gostima-epizoda-10-nina-dragi%25C4%258Devi%25C4%2587-ljubljana-radio-igra-ljubi-me-brzo%2F&amp;hide_cover=1\" frameborder=\"0\"><\/iframe><\/p>\r\n\r\n\r\n\r\n<p>.<\/p>\r\n\r\n\r\n\r\n<p>Razgovor je nastao kao plod saradnje izme\u0111u Zavoda Sploh iz Ljubljane i Centra za savremenu kulturu i umetnost iz Subotice u okviru programa \u201eIzgradnja zajednice kroz kulturne prakse\u201c. Program je podr\u017ean od strane Fondacije za otvoreno dru\u0161tvo, Srbija po projektu UG \u201eKlara i Rosa\u201c iz Subotice.<\/p>\r\n<p>.<\/p>\r\n<div  id=\"jtg-17984\" class=\"modula modula-gallery modula-creative-gallery\" data-config=\"{&quot;height&quot;:800,&quot;tabletHeight&quot;:800,&quot;mobileHeight&quot;:800,&quot;desktopHeight&quot;:800,&quot;enableTwitter&quot;:false,&quot;enableWhatsapp&quot;:false,&quot;enableFacebook&quot;:false,&quot;enablePinterest&quot;:false,&quot;enableLinkedin&quot;:false,&quot;enableEmail&quot;:false,&quot;randomFactor&quot;:0.5,&quot;type&quot;:&quot;creative-gallery&quot;,&quot;columns&quot;:12,&quot;gutter&quot;:10,&quot;mobileGutter&quot;:10,&quot;tabletGutter&quot;:10,&quot;desktopGutter&quot;:10,&quot;enableResponsive&quot;:&quot;0&quot;,&quot;tabletColumns&quot;:&quot;2&quot;,&quot;mobileColumns&quot;:&quot;1&quot;,&quot;lazyLoad&quot;:0,&quot;lightboxOpts&quot;:{&quot;animated&quot;:true,&quot;Thumbs&quot;:{&quot;type&quot;:&quot;modern&quot;,&quot;showOnStart&quot;:false},&quot;Toolbar&quot;:{&quot;display&quot;:{&quot;right&quot;:[&quot;close&quot;]},&quot;enabled&quot;:true},&quot;Carousel&quot;:{&quot;Panzoom&quot;:{&quot;touch&quot;:true},&quot;infinite&quot;:false},&quot;keyboard&quot;:{&quot;Escape&quot;:&quot;close&quot;,&quot;Delete&quot;:&quot;close&quot;,&quot;Backspace&quot;:&quot;close&quot;,&quot;PageUp&quot;:false,&quot;PageDown&quot;:false,&quot;ArrowUp&quot;:false,&quot;ArrowDown&quot;:false,&quot;ArrowRight&quot;:false,&quot;ArrowLeft&quot;:false},&quot;touch&quot;:false,&quot;backdropClick&quot;:false,&quot;l10n&quot;:{&quot;CLOSE&quot;:&quot;Close&quot;,&quot;NEXT&quot;:&quot;Next&quot;,&quot;PREV&quot;:&quot;Previous&quot;,&quot;Error&quot;:&quot;The requested content cannot be loaded. Please try again later.&quot;,&quot;PLAY_START&quot;:&quot;Start slideshow&quot;,&quot;PLAY_STOP&quot;:&quot;Pause slideshow&quot;,&quot;FULL_SCREEN&quot;:&quot;Full screen&quot;,&quot;THUMBS&quot;:&quot;Thumbnails&quot;,&quot;DOWNLOAD&quot;:&quot;Download&quot;,&quot;SHARE&quot;:&quot;Share&quot;,&quot;ZOOM&quot;:&quot;Zoom&quot;,&quot;EMAIL&quot;:&quot;Here is the link to the image : %%image_link%% and this is the link to the gallery : %%gallery_link%%&quot;,&quot;MODAL&quot;:&quot;You can close this modal content with the ESC key&quot;,&quot;ERROR&quot;:&quot;Something Went Wrong, Please Try Again Later&quot;,&quot;IMAGE_ERROR&quot;:&quot;Image Not Found&quot;,&quot;ELEMENT_NOT_FOUND&quot;:&quot;HTML Element Not Found&quot;,&quot;AJAX_NOT_FOUND&quot;:&quot;Error Loading AJAX : Not Found&quot;,&quot;AJAX_FORBIDDEN&quot;:&quot;Error Loading AJAX : Forbidden&quot;,&quot;IFRAME_ERROR&quot;:&quot;Error Loading Page&quot;,&quot;TOGGLE_ZOOM&quot;:&quot;Toggle zoom level&quot;,&quot;TOGGLE_THUMBS&quot;:&quot;Toggle thumbnails&quot;,&quot;TOGGLE_SLIDESHOW&quot;:&quot;Toggle slideshow&quot;,&quot;TOGGLE_FULLSCREEN&quot;:&quot;Toggle full-screen mode&quot;},&quot;Images&quot;:{&quot;Panzoom&quot;:{&quot;maxScale&quot;:2}},&quot;mainClass&quot;:&quot;modula-fancybox-container modula-lightbox-jtg-17984&quot;,&quot;Html&quot;:{&quot;videoAutoplay&quot;:0,&quot;videoTpl&quot;:&quot;&lt;video class=\\&quot;fancybox__html5video\\&quot; controls muted playsinline controlsList controlsList=\\&quot;nodownload\\&quot; poster=\\&quot;{{poster}}\\&quot; src=\\&quot;{{src}}\\&quot; type=\\&quot;{{format}}\\&quot; &gt;  Sorry, your browser doesn&#039;t support embedded videos, &lt;a href=\\&quot;{{src}}\\&quot;&gt; download &lt;\\\/a&gt; and watch with your favorite video player! &lt;\\\/video&gt;&quot;}},&quot;inView&quot;:false,&quot;email_subject&quot;:&quot;Check out this awesome image !!&quot;,&quot;email_message&quot;:&quot;Here is the link to the image : %%image_link%% and this is the link to the gallery : %%gallery_link%%&quot;,&quot;lightbox&quot;:&quot;fancybox&quot;}\">\n\n\t\n\t<div  class=\"modula-items\">\n\t\t<div class=\"modula-item effect-pufrobo\" >\n\t<div class=\"modula-item-overlay\"><\/div>\n\n\t<div class=\"modula-item-content\">\n\n\t\t<a data-image-id=\"16381\" role=\"button\" data-elementor-open-lightbox=\"no\" tabindex=\"0\" rel=\"jtg-17984\" data-caption=\"\" aria-label=\"Open image in lightbox\" class=\"tile-inner modula-item-link\"><\/a><img fetchpriority=\"high\" decoding=\"async\" class=\"pic wp-image-16381\"  data-valign=\"middle\" data-halign=\"center\" alt=\"\" data-full=\"https:\/\/www.klarairosa.com\/wp-content\/uploads\/2022\/01\/Nina-R02.jpg\" title=\"Nina-R02\" crop=\"\" width=\"300\" height=\"300\" src=\"https:\/\/www.klarairosa.com\/wp-content\/uploads\/2022\/01\/Nina-R02-300x300.jpg\" data-src=\"https:\/\/www.klarairosa.com\/wp-content\/uploads\/2022\/01\/Nina-R02-300x300.jpg\" data-caption=\"\" srcset=\"https:\/\/www.klarairosa.com\/wp-content\/uploads\/2022\/01\/Nina-R02.jpg 600w, https:\/\/www.klarairosa.com\/wp-content\/uploads\/2022\/01\/Nina-R02-300x300.jpg 300w, https:\/\/www.klarairosa.com\/wp-content\/uploads\/2022\/01\/Nina-R02-150x150.jpg 150w, https:\/\/www.klarairosa.com\/wp-content\/uploads\/2022\/01\/Nina-R02-570x570.jpg 570w, https:\/\/www.klarairosa.com\/wp-content\/uploads\/2022\/01\/Nina-R02-500x500.jpg 500w\" sizes=\"(max-width: 300px) 100vw, 300px\" \/>\n\t\t<div class=\"figc no-description\">\n\t\t\t<div class=\"figc-inner\">\n\t\t\t\t\t\t\t\t\t\t\t\t\t\t\t<\/div>\n\t\t<\/div>\n\n\t<\/div>\n\n<\/div><div class=\"modula-item effect-pufrobo\" >\n\t<div class=\"modula-item-overlay\"><\/div>\n\n\t<div class=\"modula-item-content\">\n\n\t\t<a data-image-id=\"16380\" role=\"button\" data-elementor-open-lightbox=\"no\" tabindex=\"0\" rel=\"jtg-17984\" data-caption=\"Nina Dragi\u010devi\u0107: Ekstenzije u\u017eitka, premiera zvo\u010dne instalacije \/ Extensions of Pleasure, sound installation premier, Stara elektrarna, 5.10.2019 25. Mednarodni festival sodobnih umetnosti - Mesto \u017eensk \/25th International Festival of Contemporary Arts - City of Women foto \u00a9 nada zgank\" aria-label=\"Open image in lightbox\" class=\"tile-inner modula-item-link\"><\/a><img decoding=\"async\" class=\"pic wp-image-16380\"  data-valign=\"middle\" data-halign=\"center\" alt=\"\" data-full=\"https:\/\/www.klarairosa.com\/wp-content\/uploads\/2022\/01\/Nina-R09.jpg\" title=\"Nina-R09\" crop=\"\" width=\"300\" height=\"200\" src=\"https:\/\/www.klarairosa.com\/wp-content\/uploads\/2022\/01\/Nina-R09-300x200.jpg\" data-src=\"https:\/\/www.klarairosa.com\/wp-content\/uploads\/2022\/01\/Nina-R09-300x200.jpg\" data-caption=\"Nina Dragi\u010devi\u0107: Ekstenzije u\u017eitka, premiera zvo\u010dne instalacije \/ Extensions of Pleasure, sound installation premier, Stara elektrarna, 5.10.2019 25. Mednarodni festival sodobnih umetnosti - Mesto \u017eensk \/25th International Festival of Contemporary Arts - City of Women foto \u00a9 nada zgank\" srcset=\"https:\/\/www.klarairosa.com\/wp-content\/uploads\/2022\/01\/Nina-R09.jpg 898w, https:\/\/www.klarairosa.com\/wp-content\/uploads\/2022\/01\/Nina-R09-300x200.jpg 300w, https:\/\/www.klarairosa.com\/wp-content\/uploads\/2022\/01\/Nina-R09-768x513.jpg 768w, https:\/\/www.klarairosa.com\/wp-content\/uploads\/2022\/01\/Nina-R09-700x468.jpg 700w\" sizes=\"(max-width: 300px) 100vw, 300px\" \/>\n\t\t<div class=\"figc\">\n\t\t\t<div class=\"figc-inner\">\n\t\t\t\t\t\t\t\t\t\t\t\t\t<div class=\"jtg-description\">Nina Dragi\u010devi\u0107: Ekstenzije u\u017eitka, premiera zvo\u010dne instalacije \/ Extensions of Pleasure, sound installation premier, Stara elektrarna, 5.10.2019 25. Mednarodni festival sodobnih umetnosti - Mesto \u017eensk \/25th International Festival of Contemporary Arts - City of Women foto \u00a9 nada zgank<\/div>\n\t\t\t\t\t\t\t\t\t\t\t<\/div>\n\t\t<\/div>\n\n\t<\/div>\n\n<\/div><div class=\"modula-item effect-pufrobo\" >\n\t<div class=\"modula-item-overlay\"><\/div>\n\n\t<div class=\"modula-item-content\">\n\n\t\t<a data-image-id=\"16379\" role=\"button\" data-elementor-open-lightbox=\"no\" tabindex=\"0\" rel=\"jtg-17984\" data-caption=\"Nina Dragi\u010devi\u0107: Ljubav re\u010de greva, koncertna izvedba knjige (Nina Dragi\u010devi\u0107, Anja Novak, \u017diga Jenko), Stara elektrarna, 7.10.2019 25. Mednarodni festival sodobnih umetnosti - Mesto \u017eensk \/25th International Festival of Contemporary Arts - City of Women\" aria-label=\"Open image in lightbox\" class=\"tile-inner modula-item-link\"><\/a><img decoding=\"async\" class=\"pic wp-image-16379\"  data-valign=\"middle\" data-halign=\"center\" alt=\"\" data-full=\"https:\/\/www.klarairosa.com\/wp-content\/uploads\/2022\/01\/Nina-R08.jpg\" title=\"Nina-R08\" crop=\"\" width=\"201\" height=\"300\" src=\"https:\/\/www.klarairosa.com\/wp-content\/uploads\/2022\/01\/Nina-R08-201x300.jpg\" data-src=\"https:\/\/www.klarairosa.com\/wp-content\/uploads\/2022\/01\/Nina-R08-201x300.jpg\" data-caption=\"Nina Dragi\u010devi\u0107: Ljubav re\u010de greva, koncertna izvedba knjige (Nina Dragi\u010devi\u0107, Anja Novak, \u017diga Jenko), Stara elektrarna, 7.10.2019 25. Mednarodni festival sodobnih umetnosti - Mesto \u017eensk \/25th International Festival of Contemporary Arts - City of Women\" srcset=\"https:\/\/www.klarairosa.com\/wp-content\/uploads\/2022\/01\/Nina-R08.jpg 401w, https:\/\/www.klarairosa.com\/wp-content\/uploads\/2022\/01\/Nina-R08-201x300.jpg 201w\" sizes=\"(max-width: 201px) 100vw, 201px\" \/>\n\t\t<div class=\"figc\">\n\t\t\t<div class=\"figc-inner\">\n\t\t\t\t\t\t\t\t\t\t\t\t\t<div class=\"jtg-description\">Nina Dragi\u010devi\u0107: Ljubav re\u010de greva, koncertna izvedba knjige (Nina Dragi\u010devi\u0107, Anja Novak, \u017diga Jenko), Stara elektrarna, 7.10.2019 25. Mednarodni festival sodobnih umetnosti - Mesto \u017eensk \/25th International Festival of Contemporary Arts - City of Women<\/div>\n\t\t\t\t\t\t\t\t\t\t\t<\/div>\n\t\t<\/div>\n\n\t<\/div>\n\n<\/div><div class=\"modula-item effect-pufrobo\" >\n\t<div class=\"modula-item-overlay\"><\/div>\n\n\t<div class=\"modula-item-content\">\n\n\t\t<a data-image-id=\"16378\" role=\"button\" data-elementor-open-lightbox=\"no\" tabindex=\"0\" rel=\"jtg-17984\" data-caption=\"Fokus Nina Dragi\u010devi\u0107, omizje (Nata\u0161a Velikonja, Gabriela Babnik, Miha Zadnikar,  Nina Dragi\u010devi\u0107 in Marko Karlov\u010dec)Stara elektrarna, 7.10.2019 25. Mednarodni festival sodobnih umetnosti - Mesto \u017eensk \/25th International Festival of Contemporary Arts - City of Women\" aria-label=\"Open image in lightbox\" class=\"tile-inner modula-item-link\"><\/a><img loading=\"lazy\" decoding=\"async\" class=\"pic wp-image-16378\"  data-valign=\"middle\" data-halign=\"center\" alt=\"\" data-full=\"https:\/\/www.klarairosa.com\/wp-content\/uploads\/2022\/01\/Nina-R07.jpg\" title=\"Nina-R07\" crop=\"\" width=\"300\" height=\"200\" src=\"https:\/\/www.klarairosa.com\/wp-content\/uploads\/2022\/01\/Nina-R07-300x200.jpg\" data-src=\"https:\/\/www.klarairosa.com\/wp-content\/uploads\/2022\/01\/Nina-R07-300x200.jpg\" data-caption=\"Fokus Nina Dragi\u010devi\u0107, omizje (Nata\u0161a Velikonja, Gabriela Babnik, Miha Zadnikar,  Nina Dragi\u010devi\u0107 in Marko Karlov\u010dec)Stara elektrarna, 7.10.2019 25. Mednarodni festival sodobnih umetnosti - Mesto \u017eensk \/25th International Festival of Contemporary Arts - City of Women\" srcset=\"https:\/\/www.klarairosa.com\/wp-content\/uploads\/2022\/01\/Nina-R07.jpg 898w, https:\/\/www.klarairosa.com\/wp-content\/uploads\/2022\/01\/Nina-R07-300x200.jpg 300w, https:\/\/www.klarairosa.com\/wp-content\/uploads\/2022\/01\/Nina-R07-768x513.jpg 768w, https:\/\/www.klarairosa.com\/wp-content\/uploads\/2022\/01\/Nina-R07-700x468.jpg 700w\" sizes=\"(max-width: 300px) 100vw, 300px\" \/>\n\t\t<div class=\"figc\">\n\t\t\t<div class=\"figc-inner\">\n\t\t\t\t\t\t\t\t\t\t\t\t\t<div class=\"jtg-description\">Fokus Nina Dragi\u010devi\u0107, omizje (Nata\u0161a Velikonja, Gabriela Babnik, Miha Zadnikar,  Nina Dragi\u010devi\u0107 in Marko Karlov\u010dec)Stara elektrarna, 7.10.2019 25. Mednarodni festival sodobnih umetnosti - Mesto \u017eensk \/25th International Festival of Contemporary Arts - City of Women<\/div>\n\t\t\t\t\t\t\t\t\t\t\t<\/div>\n\t\t<\/div>\n\n\t<\/div>\n\n<\/div><div class=\"modula-item effect-pufrobo\" >\n\t<div class=\"modula-item-overlay\"><\/div>\n\n\t<div class=\"modula-item-content\">\n\n\t\t<a data-image-id=\"16377\" role=\"button\" data-elementor-open-lightbox=\"no\" tabindex=\"0\" rel=\"jtg-17984\" data-caption=\"\" aria-label=\"Open image in lightbox\" class=\"tile-inner modula-item-link\"><\/a><img loading=\"lazy\" decoding=\"async\" class=\"pic wp-image-16377\"  data-valign=\"middle\" data-halign=\"center\" alt=\"\" data-full=\"https:\/\/www.klarairosa.com\/wp-content\/uploads\/2022\/01\/Nina-R06.jpg\" title=\"Nina-R06\" crop=\"\" width=\"300\" height=\"169\" src=\"https:\/\/www.klarairosa.com\/wp-content\/uploads\/2022\/01\/Nina-R06-300x169.jpg\" data-src=\"https:\/\/www.klarairosa.com\/wp-content\/uploads\/2022\/01\/Nina-R06-300x169.jpg\" data-caption=\"\" srcset=\"https:\/\/www.klarairosa.com\/wp-content\/uploads\/2022\/01\/Nina-R06.jpg 1024w, https:\/\/www.klarairosa.com\/wp-content\/uploads\/2022\/01\/Nina-R06-300x169.jpg 300w, https:\/\/www.klarairosa.com\/wp-content\/uploads\/2022\/01\/Nina-R06-768x432.jpg 768w, https:\/\/www.klarairosa.com\/wp-content\/uploads\/2022\/01\/Nina-R06-700x394.jpg 700w, https:\/\/www.klarairosa.com\/wp-content\/uploads\/2022\/01\/Nina-R06-539x303.jpg 539w\" sizes=\"(max-width: 300px) 100vw, 300px\" \/>\n\t\t<div class=\"figc no-description\">\n\t\t\t<div class=\"figc-inner\">\n\t\t\t\t\t\t\t\t\t\t\t\t\t\t\t<\/div>\n\t\t<\/div>\n\n\t<\/div>\n\n<\/div><div class=\"modula-item effect-pufrobo\" >\n\t<div class=\"modula-item-overlay\"><\/div>\n\n\t<div class=\"modula-item-content\">\n\n\t\t<a data-image-id=\"16376\" role=\"button\" data-elementor-open-lightbox=\"no\" tabindex=\"0\" rel=\"jtg-17984\" data-caption=\"\" aria-label=\"Open image in lightbox\" class=\"tile-inner modula-item-link\"><\/a><img loading=\"lazy\" decoding=\"async\" class=\"pic wp-image-16376\"  data-valign=\"middle\" data-halign=\"center\" alt=\"\" data-full=\"https:\/\/www.klarairosa.com\/wp-content\/uploads\/2022\/01\/Nina-R05.jpg\" title=\"Nina-R05\" crop=\"\" width=\"300\" height=\"165\" src=\"https:\/\/www.klarairosa.com\/wp-content\/uploads\/2022\/01\/Nina-R05-300x165.jpg\" data-src=\"https:\/\/www.klarairosa.com\/wp-content\/uploads\/2022\/01\/Nina-R05-300x165.jpg\" data-caption=\"\" srcset=\"https:\/\/www.klarairosa.com\/wp-content\/uploads\/2022\/01\/Nina-R05.jpg 1024w, https:\/\/www.klarairosa.com\/wp-content\/uploads\/2022\/01\/Nina-R05-300x165.jpg 300w, https:\/\/www.klarairosa.com\/wp-content\/uploads\/2022\/01\/Nina-R05-768x422.jpg 768w, https:\/\/www.klarairosa.com\/wp-content\/uploads\/2022\/01\/Nina-R05-700x384.jpg 700w\" sizes=\"(max-width: 300px) 100vw, 300px\" \/>\n\t\t<div class=\"figc no-description\">\n\t\t\t<div class=\"figc-inner\">\n\t\t\t\t\t\t\t\t\t\t\t\t\t\t\t<\/div>\n\t\t<\/div>\n\n\t<\/div>\n\n<\/div><div class=\"modula-item effect-pufrobo\" >\n\t<div class=\"modula-item-overlay\"><\/div>\n\n\t<div class=\"modula-item-content\">\n\n\t\t<a data-image-id=\"16375\" role=\"button\" data-elementor-open-lightbox=\"no\" tabindex=\"0\" rel=\"jtg-17984\" data-caption=\"\" aria-label=\"Open image in lightbox\" class=\"tile-inner modula-item-link\"><\/a><img loading=\"lazy\" decoding=\"async\" class=\"pic wp-image-16375\"  data-valign=\"middle\" data-halign=\"center\" alt=\"\" data-full=\"https:\/\/www.klarairosa.com\/wp-content\/uploads\/2022\/01\/Nina-R03.jpg\" title=\"Nina-R03\" crop=\"\" width=\"200\" height=\"300\" src=\"https:\/\/www.klarairosa.com\/wp-content\/uploads\/2022\/01\/Nina-R03-200x300.jpg\" data-src=\"https:\/\/www.klarairosa.com\/wp-content\/uploads\/2022\/01\/Nina-R03-200x300.jpg\" data-caption=\"\" srcset=\"https:\/\/www.klarairosa.com\/wp-content\/uploads\/2022\/01\/Nina-R03.jpg 400w, https:\/\/www.klarairosa.com\/wp-content\/uploads\/2022\/01\/Nina-R03-200x300.jpg 200w\" sizes=\"(max-width: 200px) 100vw, 200px\" \/>\n\t\t<div class=\"figc no-description\">\n\t\t\t<div class=\"figc-inner\">\n\t\t\t\t\t\t\t\t\t\t\t\t\t\t\t<\/div>\n\t\t<\/div>\n\n\t<\/div>\n\n<\/div><div class=\"modula-item effect-pufrobo\" >\n\t<div class=\"modula-item-overlay\"><\/div>\n\n\t<div class=\"modula-item-content\">\n\n\t\t<a data-image-id=\"16374\" role=\"button\" data-elementor-open-lightbox=\"no\" tabindex=\"0\" rel=\"jtg-17984\" data-caption=\"\" aria-label=\"Open image in lightbox\" class=\"tile-inner modula-item-link\"><\/a><img loading=\"lazy\" decoding=\"async\" class=\"pic wp-image-16374\"  data-valign=\"middle\" data-halign=\"center\" alt=\"\" data-full=\"https:\/\/www.klarairosa.com\/wp-content\/uploads\/2022\/01\/Nina-R01.jpg\" title=\"Nina-R01\" crop=\"\" width=\"300\" height=\"169\" src=\"https:\/\/www.klarairosa.com\/wp-content\/uploads\/2022\/01\/Nina-R01-300x169.jpg\" data-src=\"https:\/\/www.klarairosa.com\/wp-content\/uploads\/2022\/01\/Nina-R01-300x169.jpg\" data-caption=\"\" srcset=\"https:\/\/www.klarairosa.com\/wp-content\/uploads\/2022\/01\/Nina-R01.jpg 1024w, https:\/\/www.klarairosa.com\/wp-content\/uploads\/2022\/01\/Nina-R01-300x169.jpg 300w, https:\/\/www.klarairosa.com\/wp-content\/uploads\/2022\/01\/Nina-R01-768x432.jpg 768w, https:\/\/www.klarairosa.com\/wp-content\/uploads\/2022\/01\/Nina-R01-700x394.jpg 700w, https:\/\/www.klarairosa.com\/wp-content\/uploads\/2022\/01\/Nina-R01-539x303.jpg 539w\" sizes=\"(max-width: 300px) 100vw, 300px\" \/>\n\t\t<div class=\"figc no-description\">\n\t\t\t<div class=\"figc-inner\">\n\t\t\t\t\t\t\t\t\t\t\t\t\t\t\t<\/div>\n\t\t<\/div>\n\n\t<\/div>\n\n<\/div>\t\t\n\t<\/div>\n\n\t\n\t\n\t<script type=\"application\/ld+json\">\n\t{\n\t\t\"@context\": \"http:\/\/schema.org\",\n\t\t\"@type\"   : \"ImageGallery\",\n\t\t\"id\"      : \"https:\/\/www.klarairosa.com\/en\/u-gostima-nina-dragicevic\/\",\n\t\t\"url\"     : \"https:\/\/www.klarairosa.com\/en\/u-gostima-nina-dragicevic\/\"\n\t}\n\n\t<\/script>\n\n\t\n<\/div>\n\r\n\r\n\r\n\r\n<figure class=\"wp-block-embed is-type-rich is-provider-mixcloud wp-block-embed-mixcloud wp-embed-aspect-21-9 wp-has-aspect-ratio\">\r\n<div class=\"wp-block-embed__wrapper\">.<\/div>\r\n<div>\u00a0<\/div>\r\n<\/figure>\r\n","protected":false},"excerpt":{"rendered":"<p>Svake subote u terminu od 19 \u010dasova na programu Radija Plac emitujemo emisiju U GOSTIMA&#8230;<\/p>","protected":false},"author":1,"featured_media":16382,"comment_status":"open","ping_status":"open","sticky":false,"template":"","format":"standard","meta":{"content-type":"","inline_featured_image":false,"footnotes":""},"categories":[99],"tags":[],"class_list":["post-16373","post","type-post","status-publish","format-standard","has-post-thumbnail","hentry","category-izgradnja-zajednice-kroz-kulturne-prakse"],"yoast_head":"<!-- This site is optimized with the Yoast SEO plugin v27.5 - https:\/\/yoast.com\/product\/yoast-seo-wordpress\/ -->\n<title>U gostima \u2013 Nina Dragi\u010devi\u0107 - Klara i Rosa<\/title>\n<meta name=\"robots\" content=\"index, follow, max-snippet:-1, max-image-preview:large, max-video-preview:-1\" \/>\n<link rel=\"canonical\" href=\"https:\/\/www.klarairosa.com\/en\/u-gostima-nina-dragicevic\/\" \/>\n<meta property=\"og:locale\" content=\"en_GB\" \/>\n<meta property=\"og:type\" content=\"article\" \/>\n<meta property=\"og:title\" content=\"U gostima \u2013 Nina Dragi\u010devi\u0107 - Klara i Rosa\" \/>\n<meta property=\"og:description\" content=\"Svake subote u terminu od 19 \u010dasova na programu Radija Plac emitujemo emisiju U GOSTIMA...\" \/>\n<meta property=\"og:url\" content=\"https:\/\/www.klarairosa.com\/en\/u-gostima-nina-dragicevic\/\" \/>\n<meta property=\"og:site_name\" content=\"Klara i Rosa\" \/>\n<meta property=\"article:publisher\" content=\"https:\/\/www.facebook.com\/klarairosa\/\" \/>\n<meta property=\"article:published_time\" content=\"2021-04-03T15:06:00+00:00\" \/>\n<meta property=\"article:modified_time\" content=\"2022-04-01T20:34:48+00:00\" \/>\n<meta property=\"og:image\" content=\"https:\/\/www.klarairosa.com\/wp-content\/uploads\/2022\/01\/Nina-R.jpg\" \/>\n\t<meta property=\"og:image:width\" content=\"1471\" \/>\n\t<meta property=\"og:image:height\" content=\"1210\" \/>\n\t<meta property=\"og:image:type\" content=\"image\/jpeg\" \/>\n<meta name=\"author\" content=\"Klara i Rosa\" \/>\n<meta name=\"twitter:card\" content=\"summary_large_image\" \/>\n<meta name=\"twitter:label1\" content=\"Written by\" \/>\n\t<meta name=\"twitter:data1\" content=\"Klara i Rosa\" \/>\n\t<meta name=\"twitter:label2\" content=\"Estimated reading time\" \/>\n\t<meta name=\"twitter:data2\" content=\"2 minutes\" \/>\n<script type=\"application\/ld+json\" class=\"yoast-schema-graph\">{\"@context\":\"https:\\\/\\\/schema.org\",\"@graph\":[{\"@type\":\"Article\",\"@id\":\"https:\\\/\\\/www.klarairosa.com\\\/u-gostima-nina-dragicevic\\\/#article\",\"isPartOf\":{\"@id\":\"https:\\\/\\\/www.klarairosa.com\\\/u-gostima-nina-dragicevic\\\/\"},\"author\":{\"name\":\"Klara i Rosa\",\"@id\":\"https:\\\/\\\/www.klarairosa.com\\\/en\\\/#\\\/schema\\\/person\\\/e4e7e9e5c8eeeddccf61e4532ae8e6ed\"},\"headline\":\"U gostima \u2013 Nina Dragi\u010devi\u0107\",\"datePublished\":\"2021-04-03T15:06:00+00:00\",\"dateModified\":\"2022-04-01T20:34:48+00:00\",\"mainEntityOfPage\":{\"@id\":\"https:\\\/\\\/www.klarairosa.com\\\/u-gostima-nina-dragicevic\\\/\"},\"wordCount\":362,\"commentCount\":0,\"publisher\":{\"@id\":\"https:\\\/\\\/www.klarairosa.com\\\/en\\\/#organization\"},\"image\":{\"@id\":\"https:\\\/\\\/www.klarairosa.com\\\/u-gostima-nina-dragicevic\\\/#primaryimage\"},\"thumbnailUrl\":\"https:\\\/\\\/www.klarairosa.com\\\/wp-content\\\/uploads\\\/2022\\\/01\\\/Nina-R.jpg\",\"articleSection\":[\"Izgradnja zajednice kroz kulturne prakse\"],\"inLanguage\":\"en-GB\",\"potentialAction\":[{\"@type\":\"CommentAction\",\"name\":\"Comment\",\"target\":[\"https:\\\/\\\/www.klarairosa.com\\\/u-gostima-nina-dragicevic\\\/#respond\"]}]},{\"@type\":\"WebPage\",\"@id\":\"https:\\\/\\\/www.klarairosa.com\\\/u-gostima-nina-dragicevic\\\/\",\"url\":\"https:\\\/\\\/www.klarairosa.com\\\/u-gostima-nina-dragicevic\\\/\",\"name\":\"U gostima \u2013 Nina Dragi\u010devi\u0107 - Klara i Rosa\",\"isPartOf\":{\"@id\":\"https:\\\/\\\/www.klarairosa.com\\\/en\\\/#website\"},\"primaryImageOfPage\":{\"@id\":\"https:\\\/\\\/www.klarairosa.com\\\/u-gostima-nina-dragicevic\\\/#primaryimage\"},\"image\":{\"@id\":\"https:\\\/\\\/www.klarairosa.com\\\/u-gostima-nina-dragicevic\\\/#primaryimage\"},\"thumbnailUrl\":\"https:\\\/\\\/www.klarairosa.com\\\/wp-content\\\/uploads\\\/2022\\\/01\\\/Nina-R.jpg\",\"datePublished\":\"2021-04-03T15:06:00+00:00\",\"dateModified\":\"2022-04-01T20:34:48+00:00\",\"breadcrumb\":{\"@id\":\"https:\\\/\\\/www.klarairosa.com\\\/u-gostima-nina-dragicevic\\\/#breadcrumb\"},\"inLanguage\":\"en-GB\",\"potentialAction\":[{\"@type\":\"ReadAction\",\"target\":[\"https:\\\/\\\/www.klarairosa.com\\\/u-gostima-nina-dragicevic\\\/\"]}]},{\"@type\":\"ImageObject\",\"inLanguage\":\"en-GB\",\"@id\":\"https:\\\/\\\/www.klarairosa.com\\\/u-gostima-nina-dragicevic\\\/#primaryimage\",\"url\":\"https:\\\/\\\/www.klarairosa.com\\\/wp-content\\\/uploads\\\/2022\\\/01\\\/Nina-R.jpg\",\"contentUrl\":\"https:\\\/\\\/www.klarairosa.com\\\/wp-content\\\/uploads\\\/2022\\\/01\\\/Nina-R.jpg\",\"width\":1471,\"height\":1210},{\"@type\":\"BreadcrumbList\",\"@id\":\"https:\\\/\\\/www.klarairosa.com\\\/u-gostima-nina-dragicevic\\\/#breadcrumb\",\"itemListElement\":[{\"@type\":\"ListItem\",\"position\":1,\"name\":\"Home\",\"item\":\"https:\\\/\\\/www.klarairosa.com\\\/\"},{\"@type\":\"ListItem\",\"position\":2,\"name\":\"U gostima \u2013 Nina Dragi\u010devi\u0107\"}]},{\"@type\":\"WebSite\",\"@id\":\"https:\\\/\\\/www.klarairosa.com\\\/en\\\/#website\",\"url\":\"https:\\\/\\\/www.klarairosa.com\\\/en\\\/\",\"name\":\"Klara i Rosa\",\"description\":\"Klara i Rosa\",\"publisher\":{\"@id\":\"https:\\\/\\\/www.klarairosa.com\\\/en\\\/#organization\"},\"potentialAction\":[{\"@type\":\"SearchAction\",\"target\":{\"@type\":\"EntryPoint\",\"urlTemplate\":\"https:\\\/\\\/www.klarairosa.com\\\/en\\\/?s={search_term_string}\"},\"query-input\":{\"@type\":\"PropertyValueSpecification\",\"valueRequired\":true,\"valueName\":\"search_term_string\"}}],\"inLanguage\":\"en-GB\"},{\"@type\":\"Organization\",\"@id\":\"https:\\\/\\\/www.klarairosa.com\\\/en\\\/#organization\",\"name\":\"Klara i Rosa\",\"url\":\"https:\\\/\\\/www.klarairosa.com\\\/en\\\/\",\"logo\":{\"@type\":\"ImageObject\",\"inLanguage\":\"en-GB\",\"@id\":\"https:\\\/\\\/www.klarairosa.com\\\/en\\\/#\\\/schema\\\/logo\\\/image\\\/\",\"url\":\"https:\\\/\\\/www.klarairosa.com\\\/wp-content\\\/uploads\\\/2022\\\/01\\\/logo.svg\",\"contentUrl\":\"https:\\\/\\\/www.klarairosa.com\\\/wp-content\\\/uploads\\\/2022\\\/01\\\/logo.svg\",\"width\":110,\"height\":139,\"caption\":\"Klara i Rosa\"},\"image\":{\"@id\":\"https:\\\/\\\/www.klarairosa.com\\\/en\\\/#\\\/schema\\\/logo\\\/image\\\/\"},\"sameAs\":[\"https:\\\/\\\/www.facebook.com\\\/klarairosa\\\/\",\"https:\\\/\\\/www.instagram.com\\\/ugklarairosa\\\/\"]},{\"@type\":\"Person\",\"@id\":\"https:\\\/\\\/www.klarairosa.com\\\/en\\\/#\\\/schema\\\/person\\\/e4e7e9e5c8eeeddccf61e4532ae8e6ed\",\"name\":\"Klara i Rosa\",\"image\":{\"@type\":\"ImageObject\",\"inLanguage\":\"en-GB\",\"@id\":\"https:\\\/\\\/secure.gravatar.com\\\/avatar\\\/c83ee539a067b9f57ae5d8999ae286c4f98b5c4bd943b8cbb64f6b0fc1f29e40?s=96&d=mm&r=g\",\"url\":\"https:\\\/\\\/secure.gravatar.com\\\/avatar\\\/c83ee539a067b9f57ae5d8999ae286c4f98b5c4bd943b8cbb64f6b0fc1f29e40?s=96&d=mm&r=g\",\"contentUrl\":\"https:\\\/\\\/secure.gravatar.com\\\/avatar\\\/c83ee539a067b9f57ae5d8999ae286c4f98b5c4bd943b8cbb64f6b0fc1f29e40?s=96&d=mm&r=g\",\"caption\":\"Klara i Rosa\"},\"sameAs\":[\"https:\\\/\\\/klarairosa.com\"],\"url\":\"https:\\\/\\\/www.klarairosa.com\\\/en\\\/author\\\/rosaiklara\\\/\"}]}<\/script>\n<!-- \/ Yoast SEO plugin. -->","yoast_head_json":{"title":"U gostima \u2013 Nina Dragi\u010devi\u0107 - Klara i Rosa","robots":{"index":"index","follow":"follow","max-snippet":"max-snippet:-1","max-image-preview":"max-image-preview:large","max-video-preview":"max-video-preview:-1"},"canonical":"https:\/\/www.klarairosa.com\/en\/u-gostima-nina-dragicevic\/","og_locale":"en_GB","og_type":"article","og_title":"U gostima \u2013 Nina Dragi\u010devi\u0107 - Klara i Rosa","og_description":"Svake subote u terminu od 19 \u010dasova na programu Radija Plac emitujemo emisiju U GOSTIMA...","og_url":"https:\/\/www.klarairosa.com\/en\/u-gostima-nina-dragicevic\/","og_site_name":"Klara i Rosa","article_publisher":"https:\/\/www.facebook.com\/klarairosa\/","article_published_time":"2021-04-03T15:06:00+00:00","article_modified_time":"2022-04-01T20:34:48+00:00","og_image":[{"width":1471,"height":1210,"url":"https:\/\/www.klarairosa.com\/wp-content\/uploads\/2022\/01\/Nina-R.jpg","type":"image\/jpeg"}],"author":"Klara i Rosa","twitter_card":"summary_large_image","twitter_misc":{"Written by":"Klara i Rosa","Estimated reading time":"2 minutes"},"schema":{"@context":"https:\/\/schema.org","@graph":[{"@type":"Article","@id":"https:\/\/www.klarairosa.com\/u-gostima-nina-dragicevic\/#article","isPartOf":{"@id":"https:\/\/www.klarairosa.com\/u-gostima-nina-dragicevic\/"},"author":{"name":"Klara i Rosa","@id":"https:\/\/www.klarairosa.com\/en\/#\/schema\/person\/e4e7e9e5c8eeeddccf61e4532ae8e6ed"},"headline":"U gostima \u2013 Nina Dragi\u010devi\u0107","datePublished":"2021-04-03T15:06:00+00:00","dateModified":"2022-04-01T20:34:48+00:00","mainEntityOfPage":{"@id":"https:\/\/www.klarairosa.com\/u-gostima-nina-dragicevic\/"},"wordCount":362,"commentCount":0,"publisher":{"@id":"https:\/\/www.klarairosa.com\/en\/#organization"},"image":{"@id":"https:\/\/www.klarairosa.com\/u-gostima-nina-dragicevic\/#primaryimage"},"thumbnailUrl":"https:\/\/www.klarairosa.com\/wp-content\/uploads\/2022\/01\/Nina-R.jpg","articleSection":["Izgradnja zajednice kroz kulturne prakse"],"inLanguage":"en-GB","potentialAction":[{"@type":"CommentAction","name":"Comment","target":["https:\/\/www.klarairosa.com\/u-gostima-nina-dragicevic\/#respond"]}]},{"@type":"WebPage","@id":"https:\/\/www.klarairosa.com\/u-gostima-nina-dragicevic\/","url":"https:\/\/www.klarairosa.com\/u-gostima-nina-dragicevic\/","name":"U gostima \u2013 Nina Dragi\u010devi\u0107 - Klara i Rosa","isPartOf":{"@id":"https:\/\/www.klarairosa.com\/en\/#website"},"primaryImageOfPage":{"@id":"https:\/\/www.klarairosa.com\/u-gostima-nina-dragicevic\/#primaryimage"},"image":{"@id":"https:\/\/www.klarairosa.com\/u-gostima-nina-dragicevic\/#primaryimage"},"thumbnailUrl":"https:\/\/www.klarairosa.com\/wp-content\/uploads\/2022\/01\/Nina-R.jpg","datePublished":"2021-04-03T15:06:00+00:00","dateModified":"2022-04-01T20:34:48+00:00","breadcrumb":{"@id":"https:\/\/www.klarairosa.com\/u-gostima-nina-dragicevic\/#breadcrumb"},"inLanguage":"en-GB","potentialAction":[{"@type":"ReadAction","target":["https:\/\/www.klarairosa.com\/u-gostima-nina-dragicevic\/"]}]},{"@type":"ImageObject","inLanguage":"en-GB","@id":"https:\/\/www.klarairosa.com\/u-gostima-nina-dragicevic\/#primaryimage","url":"https:\/\/www.klarairosa.com\/wp-content\/uploads\/2022\/01\/Nina-R.jpg","contentUrl":"https:\/\/www.klarairosa.com\/wp-content\/uploads\/2022\/01\/Nina-R.jpg","width":1471,"height":1210},{"@type":"BreadcrumbList","@id":"https:\/\/www.klarairosa.com\/u-gostima-nina-dragicevic\/#breadcrumb","itemListElement":[{"@type":"ListItem","position":1,"name":"Home","item":"https:\/\/www.klarairosa.com\/"},{"@type":"ListItem","position":2,"name":"U gostima \u2013 Nina Dragi\u010devi\u0107"}]},{"@type":"WebSite","@id":"https:\/\/www.klarairosa.com\/en\/#website","url":"https:\/\/www.klarairosa.com\/en\/","name":"Klara i Rosa","description":"Klara i Rosa","publisher":{"@id":"https:\/\/www.klarairosa.com\/en\/#organization"},"potentialAction":[{"@type":"SearchAction","target":{"@type":"EntryPoint","urlTemplate":"https:\/\/www.klarairosa.com\/en\/?s={search_term_string}"},"query-input":{"@type":"PropertyValueSpecification","valueRequired":true,"valueName":"search_term_string"}}],"inLanguage":"en-GB"},{"@type":"Organization","@id":"https:\/\/www.klarairosa.com\/en\/#organization","name":"Klara i Rosa","url":"https:\/\/www.klarairosa.com\/en\/","logo":{"@type":"ImageObject","inLanguage":"en-GB","@id":"https:\/\/www.klarairosa.com\/en\/#\/schema\/logo\/image\/","url":"https:\/\/www.klarairosa.com\/wp-content\/uploads\/2022\/01\/logo.svg","contentUrl":"https:\/\/www.klarairosa.com\/wp-content\/uploads\/2022\/01\/logo.svg","width":110,"height":139,"caption":"Klara i Rosa"},"image":{"@id":"https:\/\/www.klarairosa.com\/en\/#\/schema\/logo\/image\/"},"sameAs":["https:\/\/www.facebook.com\/klarairosa\/","https:\/\/www.instagram.com\/ugklarairosa\/"]},{"@type":"Person","@id":"https:\/\/www.klarairosa.com\/en\/#\/schema\/person\/e4e7e9e5c8eeeddccf61e4532ae8e6ed","name":"Klara i Rosa","image":{"@type":"ImageObject","inLanguage":"en-GB","@id":"https:\/\/secure.gravatar.com\/avatar\/c83ee539a067b9f57ae5d8999ae286c4f98b5c4bd943b8cbb64f6b0fc1f29e40?s=96&d=mm&r=g","url":"https:\/\/secure.gravatar.com\/avatar\/c83ee539a067b9f57ae5d8999ae286c4f98b5c4bd943b8cbb64f6b0fc1f29e40?s=96&d=mm&r=g","contentUrl":"https:\/\/secure.gravatar.com\/avatar\/c83ee539a067b9f57ae5d8999ae286c4f98b5c4bd943b8cbb64f6b0fc1f29e40?s=96&d=mm&r=g","caption":"Klara i Rosa"},"sameAs":["https:\/\/klarairosa.com"],"url":"https:\/\/www.klarairosa.com\/en\/author\/rosaiklara\/"}]}},"_links":{"self":[{"href":"https:\/\/www.klarairosa.com\/en\/wp-json\/wp\/v2\/posts\/16373","targetHints":{"allow":["GET"]}}],"collection":[{"href":"https:\/\/www.klarairosa.com\/en\/wp-json\/wp\/v2\/posts"}],"about":[{"href":"https:\/\/www.klarairosa.com\/en\/wp-json\/wp\/v2\/types\/post"}],"author":[{"embeddable":true,"href":"https:\/\/www.klarairosa.com\/en\/wp-json\/wp\/v2\/users\/1"}],"replies":[{"embeddable":true,"href":"https:\/\/www.klarairosa.com\/en\/wp-json\/wp\/v2\/comments?post=16373"}],"version-history":[{"count":3,"href":"https:\/\/www.klarairosa.com\/en\/wp-json\/wp\/v2\/posts\/16373\/revisions"}],"predecessor-version":[{"id":17987,"href":"https:\/\/www.klarairosa.com\/en\/wp-json\/wp\/v2\/posts\/16373\/revisions\/17987"}],"wp:featuredmedia":[{"embeddable":true,"href":"https:\/\/www.klarairosa.com\/en\/wp-json\/wp\/v2\/media\/16382"}],"wp:attachment":[{"href":"https:\/\/www.klarairosa.com\/en\/wp-json\/wp\/v2\/media?parent=16373"}],"wp:term":[{"taxonomy":"category","embeddable":true,"href":"https:\/\/www.klarairosa.com\/en\/wp-json\/wp\/v2\/categories?post=16373"},{"taxonomy":"post_tag","embeddable":true,"href":"https:\/\/www.klarairosa.com\/en\/wp-json\/wp\/v2\/tags?post=16373"}],"curies":[{"name":"wp","href":"https:\/\/api.w.org\/{rel}","templated":true}]}}