{"id":15951,"date":"2020-09-25T10:43:00","date_gmt":"2020-09-25T10:43:00","guid":{"rendered":"https:\/\/klarairosa.com\/?p=15951"},"modified":"2022-04-02T14:31:57","modified_gmt":"2022-04-02T14:31:57","slug":"pact-projekat-odrzan-u-okviru-erasmus-programa","status":"publish","type":"post","link":"https:\/\/www.klarairosa.com\/en\/pact-projekat-odrzan-u-okviru-erasmus-programa\/","title":{"rendered":"PACT -Projekat odr\u017ean u okviru Erasmus programa"},"content":{"rendered":"<p>Jedan od najve\u0107ih problema sa kojim se ljudi u Evropi suo\u010davaju poslednjih godina je radikalizacija, koja je rezultat sve manjeg u\u010de\u0161\u0107a Evropljana u politi\u010dkom \u017eivotu, medijske manipulacije i nepostojanja kriti\u010dkog mi\u0161ljenja.<\/p>\n\n\n\n<p>.<\/p>\n\n\n\n<p>Ovi trendovi postaju jo\u0161 izra\u017eeniji u kriznim vremenima kada su ljudima ograni\u010dene li\u010dne slobode i kretanje. Fenomen radikalizacije \u010desto se danas poistove\u0107uje sa terorizmom i nasilnim ekstremizmom.<\/p>\n\n\n\n<p>.<\/p>\n\n\n\n<p>Koji su razlozi radikalizacije i kako funkcioni\u0161u procesi radikalizacije? Ko su akteri i kako se propagira radikalizacija? Kako se mogu preneti i ostvariti demokratske vrednosti? Koja su demokratska sredstva dostupna za sprovo\u0111enje inicijativa? Kako funkcioni\u0161e politi\u010dko u\u010de\u0161\u0107e? Koje ve\u0161tine treba ste\u0107i da bi se moglo u\u010destvovati u dru\u0161tveno-relevantnim temama? Kako pove\u0107ati kriti\u010dko mi\u0161ljenje kod gra\u0111ana i smanjiti medijsku manipulaciju? Cilj ovog projekta je otkriti kako metodi\u010dki osna\u017eiti gra\u0111ane da u\u010destvuju u dru\u0161tveno relevantnim pitanjima. Kao rezultat projekta nasta\u0107e \u010dlanci kao i vodi\u010d i metodolo\u0161ki set alatki kako bi se pove\u0107ale mogu\u0107nosti za u\u010de\u0161\u0107e Evropljana u dru\u0161tvenom \u017eivotu.<\/p>\n\n\n\n<p>.<\/p>\n\n\n\n<p>Nosilac projekta je Akademie f\u00fcr Poltische Bildung und demokratief\u00f6rdernde Ma\u00dfnahmen (Austrija).<\/p>\n\n\n\n<p>Partneri na projektu: Mosaic politismos &amp; dimiourgikotita (Gr\u010dka), LUETEC (Italija), Within Europe EV (Nema\u010dka) i UG Klara i Rosa (Srbija).<\/p>","protected":false},"excerpt":{"rendered":"<p>Jedan od najve\u0107ih problema sa kojim se ljudi u Evropi suo\u010davaju poslednjih godina je radikalizacija,&#8230;<\/p>","protected":false},"author":1,"featured_media":15952,"comment_status":"open","ping_status":"open","sticky":false,"template":"","format":"standard","meta":{"content-type":"","inline_featured_image":false,"footnotes":""},"categories":[95],"tags":[96],"class_list":["post-15951","post","type-post","status-publish","format-standard","has-post-thumbnail","hentry","category-erasmus","tag-erasmus"],"yoast_head":"<!-- This site is optimized with the Yoast SEO plugin v27.5 - https:\/\/yoast.com\/product\/yoast-seo-wordpress\/ -->\n<title>PACT -Projekat odr\u017ean u okviru Erasmus programa - Klara i Rosa<\/title>\n<meta name=\"robots\" content=\"index, follow, max-snippet:-1, max-image-preview:large, max-video-preview:-1\" \/>\n<link rel=\"canonical\" href=\"https:\/\/www.klarairosa.com\/en\/pact-projekat-odrzan-u-okviru-erasmus-programa\/\" \/>\n<meta property=\"og:locale\" content=\"en_GB\" \/>\n<meta property=\"og:type\" content=\"article\" \/>\n<meta property=\"og:title\" content=\"PACT -Projekat odr\u017ean u okviru Erasmus programa - Klara i Rosa\" \/>\n<meta property=\"og:description\" content=\"Jedan od najve\u0107ih problema sa kojim se ljudi u Evropi suo\u010davaju poslednjih godina je radikalizacija,...\" \/>\n<meta property=\"og:url\" content=\"https:\/\/www.klarairosa.com\/en\/pact-projekat-odrzan-u-okviru-erasmus-programa\/\" \/>\n<meta property=\"og:site_name\" content=\"Klara i Rosa\" \/>\n<meta property=\"article:publisher\" content=\"https:\/\/www.facebook.com\/klarairosa\/\" \/>\n<meta property=\"article:published_time\" content=\"2020-09-25T10:43:00+00:00\" \/>\n<meta property=\"article:modified_time\" content=\"2022-04-02T14:31:57+00:00\" \/>\n<meta property=\"og:image\" content=\"https:\/\/www.klarairosa.com\/wp-content\/uploads\/2022\/01\/pact.png\" \/>\n\t<meta property=\"og:image:width\" content=\"1200\" \/>\n\t<meta property=\"og:image:height\" content=\"1200\" \/>\n\t<meta property=\"og:image:type\" content=\"image\/png\" \/>\n<meta name=\"author\" content=\"Klara i Rosa\" \/>\n<meta name=\"twitter:card\" content=\"summary_large_image\" \/>\n<meta name=\"twitter:label1\" content=\"Written by\" \/>\n\t<meta name=\"twitter:data1\" content=\"Klara i Rosa\" \/>\n\t<meta name=\"twitter:label2\" content=\"Estimated reading time\" \/>\n\t<meta name=\"twitter:data2\" content=\"1 minute\" \/>\n<script type=\"application\/ld+json\" class=\"yoast-schema-graph\">{\"@context\":\"https:\\\/\\\/schema.org\",\"@graph\":[{\"@type\":\"Article\",\"@id\":\"https:\\\/\\\/www.klarairosa.com\\\/pact-projekat-odrzan-u-okviru-erasmus-programa\\\/#article\",\"isPartOf\":{\"@id\":\"https:\\\/\\\/www.klarairosa.com\\\/pact-projekat-odrzan-u-okviru-erasmus-programa\\\/\"},\"author\":{\"name\":\"Klara i Rosa\",\"@id\":\"https:\\\/\\\/www.klarairosa.com\\\/en\\\/#\\\/schema\\\/person\\\/e4e7e9e5c8eeeddccf61e4532ae8e6ed\"},\"headline\":\"PACT -Projekat odr\u017ean u okviru Erasmus programa\",\"datePublished\":\"2020-09-25T10:43:00+00:00\",\"dateModified\":\"2022-04-02T14:31:57+00:00\",\"mainEntityOfPage\":{\"@id\":\"https:\\\/\\\/www.klarairosa.com\\\/pact-projekat-odrzan-u-okviru-erasmus-programa\\\/\"},\"wordCount\":236,\"commentCount\":0,\"publisher\":{\"@id\":\"https:\\\/\\\/www.klarairosa.com\\\/en\\\/#organization\"},\"image\":{\"@id\":\"https:\\\/\\\/www.klarairosa.com\\\/pact-projekat-odrzan-u-okviru-erasmus-programa\\\/#primaryimage\"},\"thumbnailUrl\":\"https:\\\/\\\/www.klarairosa.com\\\/wp-content\\\/uploads\\\/2022\\\/01\\\/pact.png\",\"keywords\":[\"Erasmus\"],\"articleSection\":[\"Erasmus\"],\"inLanguage\":\"en-GB\",\"potentialAction\":[{\"@type\":\"CommentAction\",\"name\":\"Comment\",\"target\":[\"https:\\\/\\\/www.klarairosa.com\\\/pact-projekat-odrzan-u-okviru-erasmus-programa\\\/#respond\"]}]},{\"@type\":\"WebPage\",\"@id\":\"https:\\\/\\\/www.klarairosa.com\\\/pact-projekat-odrzan-u-okviru-erasmus-programa\\\/\",\"url\":\"https:\\\/\\\/www.klarairosa.com\\\/pact-projekat-odrzan-u-okviru-erasmus-programa\\\/\",\"name\":\"PACT -Projekat odr\u017ean u okviru Erasmus programa - Klara i Rosa\",\"isPartOf\":{\"@id\":\"https:\\\/\\\/www.klarairosa.com\\\/en\\\/#website\"},\"primaryImageOfPage\":{\"@id\":\"https:\\\/\\\/www.klarairosa.com\\\/pact-projekat-odrzan-u-okviru-erasmus-programa\\\/#primaryimage\"},\"image\":{\"@id\":\"https:\\\/\\\/www.klarairosa.com\\\/pact-projekat-odrzan-u-okviru-erasmus-programa\\\/#primaryimage\"},\"thumbnailUrl\":\"https:\\\/\\\/www.klarairosa.com\\\/wp-content\\\/uploads\\\/2022\\\/01\\\/pact.png\",\"datePublished\":\"2020-09-25T10:43:00+00:00\",\"dateModified\":\"2022-04-02T14:31:57+00:00\",\"breadcrumb\":{\"@id\":\"https:\\\/\\\/www.klarairosa.com\\\/pact-projekat-odrzan-u-okviru-erasmus-programa\\\/#breadcrumb\"},\"inLanguage\":\"en-GB\",\"potentialAction\":[{\"@type\":\"ReadAction\",\"target\":[\"https:\\\/\\\/www.klarairosa.com\\\/pact-projekat-odrzan-u-okviru-erasmus-programa\\\/\"]}]},{\"@type\":\"ImageObject\",\"inLanguage\":\"en-GB\",\"@id\":\"https:\\\/\\\/www.klarairosa.com\\\/pact-projekat-odrzan-u-okviru-erasmus-programa\\\/#primaryimage\",\"url\":\"https:\\\/\\\/www.klarairosa.com\\\/wp-content\\\/uploads\\\/2022\\\/01\\\/pact.png\",\"contentUrl\":\"https:\\\/\\\/www.klarairosa.com\\\/wp-content\\\/uploads\\\/2022\\\/01\\\/pact.png\",\"width\":1200,\"height\":1200},{\"@type\":\"BreadcrumbList\",\"@id\":\"https:\\\/\\\/www.klarairosa.com\\\/pact-projekat-odrzan-u-okviru-erasmus-programa\\\/#breadcrumb\",\"itemListElement\":[{\"@type\":\"ListItem\",\"position\":1,\"name\":\"Home\",\"item\":\"https:\\\/\\\/www.klarairosa.com\\\/\"},{\"@type\":\"ListItem\",\"position\":2,\"name\":\"PACT -Projekat odr\u017ean u okviru Erasmus programa\"}]},{\"@type\":\"WebSite\",\"@id\":\"https:\\\/\\\/www.klarairosa.com\\\/en\\\/#website\",\"url\":\"https:\\\/\\\/www.klarairosa.com\\\/en\\\/\",\"name\":\"Klara i Rosa\",\"description\":\"Klara i Rosa\",\"publisher\":{\"@id\":\"https:\\\/\\\/www.klarairosa.com\\\/en\\\/#organization\"},\"potentialAction\":[{\"@type\":\"SearchAction\",\"target\":{\"@type\":\"EntryPoint\",\"urlTemplate\":\"https:\\\/\\\/www.klarairosa.com\\\/en\\\/?s={search_term_string}\"},\"query-input\":{\"@type\":\"PropertyValueSpecification\",\"valueRequired\":true,\"valueName\":\"search_term_string\"}}],\"inLanguage\":\"en-GB\"},{\"@type\":\"Organization\",\"@id\":\"https:\\\/\\\/www.klarairosa.com\\\/en\\\/#organization\",\"name\":\"Klara i Rosa\",\"url\":\"https:\\\/\\\/www.klarairosa.com\\\/en\\\/\",\"logo\":{\"@type\":\"ImageObject\",\"inLanguage\":\"en-GB\",\"@id\":\"https:\\\/\\\/www.klarairosa.com\\\/en\\\/#\\\/schema\\\/logo\\\/image\\\/\",\"url\":\"https:\\\/\\\/www.klarairosa.com\\\/wp-content\\\/uploads\\\/2022\\\/01\\\/logo.svg\",\"contentUrl\":\"https:\\\/\\\/www.klarairosa.com\\\/wp-content\\\/uploads\\\/2022\\\/01\\\/logo.svg\",\"width\":110,\"height\":139,\"caption\":\"Klara i Rosa\"},\"image\":{\"@id\":\"https:\\\/\\\/www.klarairosa.com\\\/en\\\/#\\\/schema\\\/logo\\\/image\\\/\"},\"sameAs\":[\"https:\\\/\\\/www.facebook.com\\\/klarairosa\\\/\",\"https:\\\/\\\/www.instagram.com\\\/ugklarairosa\\\/\"]},{\"@type\":\"Person\",\"@id\":\"https:\\\/\\\/www.klarairosa.com\\\/en\\\/#\\\/schema\\\/person\\\/e4e7e9e5c8eeeddccf61e4532ae8e6ed\",\"name\":\"Klara i Rosa\",\"image\":{\"@type\":\"ImageObject\",\"inLanguage\":\"en-GB\",\"@id\":\"https:\\\/\\\/secure.gravatar.com\\\/avatar\\\/c83ee539a067b9f57ae5d8999ae286c4f98b5c4bd943b8cbb64f6b0fc1f29e40?s=96&d=mm&r=g\",\"url\":\"https:\\\/\\\/secure.gravatar.com\\\/avatar\\\/c83ee539a067b9f57ae5d8999ae286c4f98b5c4bd943b8cbb64f6b0fc1f29e40?s=96&d=mm&r=g\",\"contentUrl\":\"https:\\\/\\\/secure.gravatar.com\\\/avatar\\\/c83ee539a067b9f57ae5d8999ae286c4f98b5c4bd943b8cbb64f6b0fc1f29e40?s=96&d=mm&r=g\",\"caption\":\"Klara i Rosa\"},\"sameAs\":[\"https:\\\/\\\/klarairosa.com\"],\"url\":\"https:\\\/\\\/www.klarairosa.com\\\/en\\\/author\\\/rosaiklara\\\/\"}]}<\/script>\n<!-- \/ Yoast SEO plugin. -->","yoast_head_json":{"title":"PACT -Projekat odr\u017ean u okviru Erasmus programa - Klara i Rosa","robots":{"index":"index","follow":"follow","max-snippet":"max-snippet:-1","max-image-preview":"max-image-preview:large","max-video-preview":"max-video-preview:-1"},"canonical":"https:\/\/www.klarairosa.com\/en\/pact-projekat-odrzan-u-okviru-erasmus-programa\/","og_locale":"en_GB","og_type":"article","og_title":"PACT -Projekat odr\u017ean u okviru Erasmus programa - Klara i Rosa","og_description":"Jedan od najve\u0107ih problema sa kojim se ljudi u Evropi suo\u010davaju poslednjih godina je radikalizacija,...","og_url":"https:\/\/www.klarairosa.com\/en\/pact-projekat-odrzan-u-okviru-erasmus-programa\/","og_site_name":"Klara i Rosa","article_publisher":"https:\/\/www.facebook.com\/klarairosa\/","article_published_time":"2020-09-25T10:43:00+00:00","article_modified_time":"2022-04-02T14:31:57+00:00","og_image":[{"width":1200,"height":1200,"url":"https:\/\/www.klarairosa.com\/wp-content\/uploads\/2022\/01\/pact.png","type":"image\/png"}],"author":"Klara i Rosa","twitter_card":"summary_large_image","twitter_misc":{"Written by":"Klara i Rosa","Estimated reading time":"1 minute"},"schema":{"@context":"https:\/\/schema.org","@graph":[{"@type":"Article","@id":"https:\/\/www.klarairosa.com\/pact-projekat-odrzan-u-okviru-erasmus-programa\/#article","isPartOf":{"@id":"https:\/\/www.klarairosa.com\/pact-projekat-odrzan-u-okviru-erasmus-programa\/"},"author":{"name":"Klara i Rosa","@id":"https:\/\/www.klarairosa.com\/en\/#\/schema\/person\/e4e7e9e5c8eeeddccf61e4532ae8e6ed"},"headline":"PACT -Projekat odr\u017ean u okviru Erasmus programa","datePublished":"2020-09-25T10:43:00+00:00","dateModified":"2022-04-02T14:31:57+00:00","mainEntityOfPage":{"@id":"https:\/\/www.klarairosa.com\/pact-projekat-odrzan-u-okviru-erasmus-programa\/"},"wordCount":236,"commentCount":0,"publisher":{"@id":"https:\/\/www.klarairosa.com\/en\/#organization"},"image":{"@id":"https:\/\/www.klarairosa.com\/pact-projekat-odrzan-u-okviru-erasmus-programa\/#primaryimage"},"thumbnailUrl":"https:\/\/www.klarairosa.com\/wp-content\/uploads\/2022\/01\/pact.png","keywords":["Erasmus"],"articleSection":["Erasmus"],"inLanguage":"en-GB","potentialAction":[{"@type":"CommentAction","name":"Comment","target":["https:\/\/www.klarairosa.com\/pact-projekat-odrzan-u-okviru-erasmus-programa\/#respond"]}]},{"@type":"WebPage","@id":"https:\/\/www.klarairosa.com\/pact-projekat-odrzan-u-okviru-erasmus-programa\/","url":"https:\/\/www.klarairosa.com\/pact-projekat-odrzan-u-okviru-erasmus-programa\/","name":"PACT -Projekat odr\u017ean u okviru Erasmus programa - Klara i Rosa","isPartOf":{"@id":"https:\/\/www.klarairosa.com\/en\/#website"},"primaryImageOfPage":{"@id":"https:\/\/www.klarairosa.com\/pact-projekat-odrzan-u-okviru-erasmus-programa\/#primaryimage"},"image":{"@id":"https:\/\/www.klarairosa.com\/pact-projekat-odrzan-u-okviru-erasmus-programa\/#primaryimage"},"thumbnailUrl":"https:\/\/www.klarairosa.com\/wp-content\/uploads\/2022\/01\/pact.png","datePublished":"2020-09-25T10:43:00+00:00","dateModified":"2022-04-02T14:31:57+00:00","breadcrumb":{"@id":"https:\/\/www.klarairosa.com\/pact-projekat-odrzan-u-okviru-erasmus-programa\/#breadcrumb"},"inLanguage":"en-GB","potentialAction":[{"@type":"ReadAction","target":["https:\/\/www.klarairosa.com\/pact-projekat-odrzan-u-okviru-erasmus-programa\/"]}]},{"@type":"ImageObject","inLanguage":"en-GB","@id":"https:\/\/www.klarairosa.com\/pact-projekat-odrzan-u-okviru-erasmus-programa\/#primaryimage","url":"https:\/\/www.klarairosa.com\/wp-content\/uploads\/2022\/01\/pact.png","contentUrl":"https:\/\/www.klarairosa.com\/wp-content\/uploads\/2022\/01\/pact.png","width":1200,"height":1200},{"@type":"BreadcrumbList","@id":"https:\/\/www.klarairosa.com\/pact-projekat-odrzan-u-okviru-erasmus-programa\/#breadcrumb","itemListElement":[{"@type":"ListItem","position":1,"name":"Home","item":"https:\/\/www.klarairosa.com\/"},{"@type":"ListItem","position":2,"name":"PACT -Projekat odr\u017ean u okviru Erasmus programa"}]},{"@type":"WebSite","@id":"https:\/\/www.klarairosa.com\/en\/#website","url":"https:\/\/www.klarairosa.com\/en\/","name":"Klara i Rosa","description":"Klara i Rosa","publisher":{"@id":"https:\/\/www.klarairosa.com\/en\/#organization"},"potentialAction":[{"@type":"SearchAction","target":{"@type":"EntryPoint","urlTemplate":"https:\/\/www.klarairosa.com\/en\/?s={search_term_string}"},"query-input":{"@type":"PropertyValueSpecification","valueRequired":true,"valueName":"search_term_string"}}],"inLanguage":"en-GB"},{"@type":"Organization","@id":"https:\/\/www.klarairosa.com\/en\/#organization","name":"Klara i Rosa","url":"https:\/\/www.klarairosa.com\/en\/","logo":{"@type":"ImageObject","inLanguage":"en-GB","@id":"https:\/\/www.klarairosa.com\/en\/#\/schema\/logo\/image\/","url":"https:\/\/www.klarairosa.com\/wp-content\/uploads\/2022\/01\/logo.svg","contentUrl":"https:\/\/www.klarairosa.com\/wp-content\/uploads\/2022\/01\/logo.svg","width":110,"height":139,"caption":"Klara i Rosa"},"image":{"@id":"https:\/\/www.klarairosa.com\/en\/#\/schema\/logo\/image\/"},"sameAs":["https:\/\/www.facebook.com\/klarairosa\/","https:\/\/www.instagram.com\/ugklarairosa\/"]},{"@type":"Person","@id":"https:\/\/www.klarairosa.com\/en\/#\/schema\/person\/e4e7e9e5c8eeeddccf61e4532ae8e6ed","name":"Klara i Rosa","image":{"@type":"ImageObject","inLanguage":"en-GB","@id":"https:\/\/secure.gravatar.com\/avatar\/c83ee539a067b9f57ae5d8999ae286c4f98b5c4bd943b8cbb64f6b0fc1f29e40?s=96&d=mm&r=g","url":"https:\/\/secure.gravatar.com\/avatar\/c83ee539a067b9f57ae5d8999ae286c4f98b5c4bd943b8cbb64f6b0fc1f29e40?s=96&d=mm&r=g","contentUrl":"https:\/\/secure.gravatar.com\/avatar\/c83ee539a067b9f57ae5d8999ae286c4f98b5c4bd943b8cbb64f6b0fc1f29e40?s=96&d=mm&r=g","caption":"Klara i Rosa"},"sameAs":["https:\/\/klarairosa.com"],"url":"https:\/\/www.klarairosa.com\/en\/author\/rosaiklara\/"}]}},"_links":{"self":[{"href":"https:\/\/www.klarairosa.com\/en\/wp-json\/wp\/v2\/posts\/15951","targetHints":{"allow":["GET"]}}],"collection":[{"href":"https:\/\/www.klarairosa.com\/en\/wp-json\/wp\/v2\/posts"}],"about":[{"href":"https:\/\/www.klarairosa.com\/en\/wp-json\/wp\/v2\/types\/post"}],"author":[{"embeddable":true,"href":"https:\/\/www.klarairosa.com\/en\/wp-json\/wp\/v2\/users\/1"}],"replies":[{"embeddable":true,"href":"https:\/\/www.klarairosa.com\/en\/wp-json\/wp\/v2\/comments?post=15951"}],"version-history":[{"count":2,"href":"https:\/\/www.klarairosa.com\/en\/wp-json\/wp\/v2\/posts\/15951\/revisions"}],"predecessor-version":[{"id":18025,"href":"https:\/\/www.klarairosa.com\/en\/wp-json\/wp\/v2\/posts\/15951\/revisions\/18025"}],"wp:featuredmedia":[{"embeddable":true,"href":"https:\/\/www.klarairosa.com\/en\/wp-json\/wp\/v2\/media\/15952"}],"wp:attachment":[{"href":"https:\/\/www.klarairosa.com\/en\/wp-json\/wp\/v2\/media?parent=15951"}],"wp:term":[{"taxonomy":"category","embeddable":true,"href":"https:\/\/www.klarairosa.com\/en\/wp-json\/wp\/v2\/categories?post=15951"},{"taxonomy":"post_tag","embeddable":true,"href":"https:\/\/www.klarairosa.com\/en\/wp-json\/wp\/v2\/tags?post=15951"}],"curies":[{"name":"wp","href":"https:\/\/api.w.org\/{rel}","templated":true}]}}